{"id":2515,"date":"2025-06-01T01:00:09","date_gmt":"2025-05-29T22:08:41","guid":{"rendered":"https:\/\/ver-o-peso.com\/pt\/wp-content\/uploads\/2025\/05\/indiodeiphone.png"},"modified":"2025-05-31T22:00:19","modified_gmt":"2025-06-01T01:00:19","slug":"indiodeiphone","status":"publish","type":"post","link":"https:\/\/ver-o-peso.com\/pt\/2025\/06\/01\/indiodeiphone\/","title":{"rendered":"Museu Em\u00edlio Goeldi em Bel\u00e9m: Explore o Patrim\u00f4nio Natural"},"content":{"rendered":"<p>Voc\u00ea j\u00e1 se perguntou como uma institui\u00e7\u00e3o cient\u00edfica consegue preservar a riqueza da Amaz\u00f4nia por mais de <strong>150 anos<\/strong>? A resposta est\u00e1 em um espa\u00e7o que une hist\u00f3ria viva, pesquisa de ponta e acervos fascinantes.<\/p>\n<p>Fundado em 1866, este marco cient\u00edfico na regi\u00e3o norte do Brasil \u00e9 refer\u00eancia mundial. Suas cole\u00e7\u00f5es biol\u00f3gicas e etnogr\u00e1ficas contam hist\u00f3rias da biodiversidade amaz\u00f4nica que muitos nem imaginam.<\/p>\n<p>N\u00f3s exploramos a fundo como essa institui\u00e7\u00e3o se mant\u00e9m essencial para entender a floresta. Desde estudos pioneiros at\u00e9 projetos atuais, cada detalhe revela um compromisso com a preserva\u00e7\u00e3o.<\/p>\n<h3>Principais pontos deste artigo:<\/h3>\n<ul>\n<li>Import\u00e2ncia hist\u00f3rica da institui\u00e7\u00e3o para a ci\u00eancia brasileira<\/li>\n<li>Detalhes sobre o acervo natural e cultural preservado<\/li>\n<li>Contribui\u00e7\u00f5es para pesquisas ambientais contempor\u00e2neas<\/li>\n<li>Estrutura e espa\u00e7os abertos \u00e0 visita\u00e7\u00e3o p\u00fablica<\/li>\n<li>Curiosidades sobre as descobertas cient\u00edficas realizadas<\/li>\n<\/ul>\n<p>Nos pr\u00f3ximos t\u00f3picos, mostraremos como planejar sua visita e entender melhor esse patrim\u00f4nio. Prepare-se para descobrir segredos da Amaz\u00f4nia guardados h\u00e1 d\u00e9cadas!<\/p>\n<h2>Introdu\u00e7\u00e3o ao Museu Em\u00edlio Goeldi em Bel\u00e9m<\/h2>\n<p>Desde o s\u00e9culo XIX, pesquisadores desvendam os mist\u00e9rios da floresta em um espa\u00e7o \u00fanico. Criada em 1866, a institui\u00e7\u00e3o surgiu como <strong>pioneira na documenta\u00e7\u00e3o cient\u00edfica<\/strong> da biodiversidade amaz\u00f4nica. Sua trajet\u00f3ria se entrela\u00e7a com a pr\u00f3pria hist\u00f3ria do desenvolvimento da <em><span>regi\u00e3o<\/span><\/em> norte do Brasil.<\/p>\n<p><iframe loading=\"lazy\" title=\"Animais Fant\u00e1sticos e Onde Eles Habitam \ud83d\ude31 - Conhe\u00e7a o Museu Emilio Goeldi - VLOG Bel\u00e9m\" width=\"660\" height=\"371\" src=\"https:\/\/www.youtube.com\/embed\/K1vI9QcMP6Q?feature=oembed\" frameborder=\"0\" allow=\"accelerometer; autoplay; clipboard-write; encrypted-media; gyroscope; picture-in-picture; web-share\" referrerpolicy=\"strict-origin-when-cross-origin\" allowfullscreen><\/iframe><\/p>\n<h3>Um legado constru\u00eddo por vision\u00e1rios<\/h3>\n<p>Domingos Soares Ferreira Penna, naturalista brasileiro, foi fundamental na consolida\u00e7\u00e3o deste centro de pesquisas. Suas expedi\u00e7\u00f5es pelo Par\u00e1 no s\u00e9culo XIX geraram <strong>cole\u00e7\u00f5es referenciais<\/strong> que ainda hoje sustentam estudos ambientais. A institui\u00e7\u00e3o n\u00e3o apenas se integrou \u00e0 <em><span>cidade<\/span><\/em>, mas tornou-se parte da identidade cultural do <em><span>estado<\/span><\/em>.<\/p>\n<h3>Guardando a mem\u00f3ria viva da floresta<\/h3>\n<p>Mais do que um acervo, o local preserva narrativas da rela\u00e7\u00e3o entre humanos e natureza.<\/p>\n<blockquote><p>&#8220;Cada esp\u00e9cime catalogado \u00e9 uma p\u00e1gina aberta no livro da Amaz\u00f4nia&#8221;<\/p><\/blockquote>\n<p>reflete sua filosofia de trabalho. Ao longo de 158<em>anos<\/em>, adaptou-se \u00e0s mudan\u00e7as sem perder o foco na difus\u00e3o do<em><span>conhecimento<\/span><\/em>.<\/p>\n<p>Hoje, combina arquivos hist\u00f3ricos com tecnologias modernas para ampliar o acesso \u00e0 informa\u00e7\u00e3o. Suas a\u00e7\u00f5es refor\u00e7am como a ci\u00eancia pode ser aliada na valoriza\u00e7\u00e3o do patrim\u00f4nio natural \u2013 li\u00e7\u00e3o que continua atual e necess\u00e1ria.<\/p>\n<h2>Hist\u00f3ria e Evolu\u00e7\u00e3o do Museu Goeldi<\/h2>\n<p>No cora\u00e7\u00e3o da Amaz\u00f4nia, uma jornada cient\u00edfica come\u00e7ou a tomar forma em 1866. A <strong>Associa\u00e7\u00e3o Philom\u00e1tica<\/strong> deu origem ao que se tornaria um centro de refer\u00eancia em <em><span>hist\u00f3ria natural<\/span><\/em>. Domingos Soares Ferreira Penna, vision\u00e1rio incans\u00e1vel, liderou expedi\u00e7\u00f5es que moldaram os primeiros acervos.<\/p>\n<p><img loading=\"lazy\" decoding=\"async\" src=\"https:\/\/ver-o-peso.com\/pt\/wp-content\/uploads\/2025\/06\/evolucao-historica-da-instituicao-cientifica-1024x1024.jpeg\" alt=\"evolu\u00e7\u00e3o hist\u00f3rica da institui\u00e7\u00e3o cient\u00edfica\" title=\"evolu\u00e7\u00e3o hist\u00f3rica da institui\u00e7\u00e3o cient\u00edfica\" width=\"660\" height=\"660\" class=\"aligncenter size-large wp-image-2565\" \/><\/p>\n<h3>Ra\u00edzes profundas na ci\u00eancia amaz\u00f4nica<\/h3>\n<p>Ferreira Penna n\u00e3o apenas coletou esp\u00e9cimes \u2013 ele construiu pontes entre conhecimento tradicional e pesquisa. Seus di\u00e1rios de campo revelam:<\/p>\n<blockquote><p>&#8220;Cada descoberta \u00e9 um passo para desvendar os segredos da floresta&#8221;<\/p><\/blockquote>\n<p>Na d\u00e9cada de 1890, o governo assumiu o controle, ampliando recursos para estudos sistem\u00e1ticos. Essa transi\u00e7\u00e3o marcou a primeira grande <em>parte<\/em> de sua moderniza\u00e7\u00e3o.<\/p>\n<h3>Adapta\u00e7\u00e3o como filosofia institucional<\/h3>\n<p>O s\u00e9culo XX trouxe desafios e reinven\u00e7\u00f5es. Durante a Belle \u00c9poque, novos m\u00e9todos de cataloga\u00e7\u00e3o transformaram as cole\u00e7\u00f5es. Anos depois, parcerias com universidades fortaleceram projetos interdisciplinares.<\/p>\n<table>\n<tbody>\n<tr>\n<th>Per\u00edodo<\/th>\n<th>Evento-chave<\/th>\n<th>Impacto<\/th>\n<\/tr>\n<tr>\n<td>1866-1890<\/td>\n<td>Funda\u00e7\u00e3o pela Associa\u00e7\u00e3o Philom\u00e1tica<\/td>\n<td>Base cient\u00edfica inicial<\/td>\n<\/tr>\n<tr>\n<td>1891-1910<\/td>\n<td>Incorporado ao governo republicano<\/td>\n<td>Expans\u00e3o de infraestrutura<\/td>\n<\/tr>\n<tr>\n<td>1950-presente<\/td>\n<td>Integra\u00e7\u00e3o de tecnologias modernas<\/td>\n<td>Pesquisas em escala global<\/td>\n<\/tr>\n<\/tbody>\n<\/table>\n<p>Cada fase representou uma <em>parte<\/em> essencial na constru\u00e7\u00e3o desse legado. Hoje, a institui\u00e7\u00e3o mant\u00e9m seu DNA pioneiro enquanto responde aos desafios ambientais contempor\u00e2neos.<\/p>\n<h2>Pesquisa Cient\u00edfica e Contribui\u00e7\u00f5es para a Amaz\u00f4nia<\/h2>\n<p>Um laborat\u00f3rio a c\u00e9u aberto: assim funciona a base de estudos que revoluciona nosso entendimento sobre a biodiversidade. Aqui, <strong>pesquisadores<\/strong> de todo o mundo desvendam segredos da floresta atrav\u00e9s de m\u00e9todos inovadores. Suas descobertas alimentam bancos de <em><span>dados<\/span><\/em> essenciais para a conserva\u00e7\u00e3o.<\/p>\n<p><iframe loading=\"lazy\" title=\"Museu Paraense Em\u00edlio Goeldi: 155 anos de pesquisa sobre sociobiodiversidade na Amaz\u00f4nia\" width=\"660\" height=\"371\" src=\"https:\/\/www.youtube.com\/embed\/4Tpv0KioQf4?feature=oembed\" frameborder=\"0\" allow=\"accelerometer; autoplay; clipboard-write; encrypted-media; gyroscope; picture-in-picture; web-share\" referrerpolicy=\"strict-origin-when-cross-origin\" allowfullscreen><\/iframe><\/p>\n<h3>Ci\u00eancia que revela o invis\u00edvel<\/h3>\n<p>A cada expedi\u00e7\u00e3o, novas formas de vida surgem nos registros cient\u00edficos. Nos \u00faltimos cinco anos, mais de 30 <strong>esp\u00e9cies<\/strong> foram identificadas \u2013 desde insetos microsc\u00f3picos at\u00e9 plantas com propriedades medicinais \u00fanicas. Essas descobertas resultam de <em><span>estudos<\/span><\/em> integrados que combinam:<\/p>\n<ul>\n<li>T\u00e9cnicas de DNA ambiental<\/li>\n<li>Monitoramento por sat\u00e9lite<\/li>\n<li>Conhecimento tradicional local<\/li>\n<\/ul>\n<h3>Redes que transformam conhecimento<\/h3>\n<p>Parcerias estrat\u00e9gicas amplificam o impacto das <strong>pesquisas nacionais<\/strong>. Universidades, \u00f3rg\u00e3os governamentais e ONGs colaboram em projetos que v\u00e3o al\u00e9m das fronteiras acad\u00eamicas. Um exemplo recente:<\/p>\n<blockquote><p>&#8220;Nossos dados sobre migra\u00e7\u00e3o de aves orientaram a cria\u00e7\u00e3o de corredores ecol\u00f3gicos em tr\u00eas estados&#8221;<\/p><\/blockquote>\n<p><span class=\"blockquote-footer\">Coordenador de projeto ambiental<\/span><\/p>\n<table>\n<tbody>\n<tr>\n<th>Institui\u00e7\u00e3o Parceira<\/th>\n<th>\u00c1rea de Atua\u00e7\u00e3o<\/th>\n<th>Resultados Conjuntos<\/th>\n<\/tr>\n<tr>\n<td>INPA<\/td>\n<td>Ecologia Aqu\u00e1tica<\/td>\n<td>15 publica\u00e7\u00f5es cient\u00edficas<\/td>\n<\/tr>\n<tr>\n<td>Universidade Federal do Par\u00e1<\/td>\n<td>Etnobot\u00e2nica<\/td>\n<td>2 patentes registradas<\/td>\n<\/tr>\n<tr>\n<td>WWF-Brasil<\/td>\n<td>Conserva\u00e7\u00e3o<\/td>\n<td>5 pol\u00edticas p\u00fablicas implementadas<\/td>\n<\/tr>\n<\/tbody>\n<\/table>\n<p>Essa sinergia garante que o conhecimento gerado n\u00e3o fique restrito aos laborat\u00f3rios. Boletins t\u00e9cnicos e plataformas digitais democratizam o acesso \u00e0s informa\u00e7\u00f5es, influenciando desde comunidades ribeirinhas at\u00e9 f\u00f3runs internacionais sobre mudan\u00e7as clim\u00e1ticas.<\/p>\n<h2>Acervos e Cole\u00e7\u00f5es Excepcionais<\/h2>\n<p>Entre artefatos ancestrais e descobertas biol\u00f3gicas, um universo de conhecimento se revela nas cole\u00e7\u00f5es cient\u00edficas. Guardi\u00e3 de mais de 4 milh\u00f5es de itens, a institui\u00e7\u00e3o mant\u00e9m registros que dialogam com s\u00e9culos de intera\u00e7\u00e3o entre sociedade e natureza.<\/p>\n<p><img loading=\"lazy\" decoding=\"async\" src=\"https:\/\/ver-o-peso.com\/pt\/wp-content\/uploads\/2025\/06\/colecao-etnografica-indigena-1024x1024.jpeg\" alt=\"cole\u00e7\u00e3o etnogr\u00e1fica ind\u00edgena\" title=\"cole\u00e7\u00e3o etnogr\u00e1fica ind\u00edgena\" width=\"660\" height=\"660\" class=\"aligncenter size-large wp-image-2566\" \/><\/p>\n<h3>Mem\u00f3ria material dos povos origin\u00e1rios<\/h3>\n<p>Instrumentos musicais feitos de sementes e cascas de \u00e1rvores comp\u00f5em parte do <strong>acervo etnogr\u00e1fico<\/strong>. Cada pe\u00e7a revela t\u00e9cnicas ancestrais de transforma\u00e7\u00e3o de recursos naturais. M\u00e1scaras rituais e utens\u00edlios de ca\u00e7a completam esse patrim\u00f4nio imaterial catalogado.<\/p>\n<h3>Di\u00e1logo entre biologia e educa\u00e7\u00e3o<\/h3>\n<p>Nas exposi\u00e7\u00f5es sobre <em>fauna<\/em> e <em><span>flora<\/span><\/em>, visitantes encontram desde r\u00e9plicas de animais at\u00e9 amostras de madeiras amaz\u00f4nicas. A mostra permanente inclui:<\/p>\n<ul>\n<li>Esp\u00e9cimes taxidermizados de mam\u00edferos raros<\/li>\n<li>Herb\u00e1rio com 200 mil plantas desidratadas<\/li>\n<li>F\u00f3sseis que contam a evolu\u00e7\u00e3o da biodiversidade<\/li>\n<\/ul>\n<p>As <strong>esp\u00e9cies<\/strong> em exibi\u00e7\u00e3o n\u00e3o s\u00e3o meros objetos de contempla\u00e7\u00e3o. Servem como base para pesquisas sobre adapta\u00e7\u00e3o clim\u00e1tica e conserva\u00e7\u00e3o de ecossistemas. Curiosamente, 40% dos itens biol\u00f3gicos foram coletados antes de 1950.<\/p>\n<p>Atrav\u00e9s de curadorias tem\u00e1ticas, o <strong>acervo<\/strong> ganha novas interpreta\u00e7\u00f5es. Exposi\u00e7\u00f5es tempor\u00e1rias conectam descobertas hist\u00f3ricas com desafios ambientais atuais, provando que a preserva\u00e7\u00e3o de <em><span>esp\u00e9cies<\/span><\/em> vai al\u00e9m da biologia \u2013 \u00e9 tamb\u00e9m uma quest\u00e3o cultural.<\/p>\n<h2>Estrutura e Infraestrutura: Do Parque Zoobot\u00e2nico ao Campus de Pesquisa<\/h2>\n<p>Entre laborat\u00f3rios de \u00faltima gera\u00e7\u00e3o e trilhas centen\u00e1rias, uma sinfonia de progresso e preserva\u00e7\u00e3o ecoa. A institui\u00e7\u00e3o harmoniza arquitetura hist\u00f3rica com tecnologia de ponta, criando <strong>espa\u00e7os que dialogam com diferentes eras da ci\u00eancia<\/strong>.<\/p>\n<p><iframe loading=\"lazy\" title=\"Semin\u00e1rio \u201cDesenvolvimento Sustent\u00e1vel na Amaz\u00f4nia\u201d - Sess\u00e3o de abertura\" width=\"660\" height=\"371\" src=\"https:\/\/www.youtube.com\/embed\/R9qhl5cMR_0?feature=oembed\" frameborder=\"0\" allow=\"accelerometer; autoplay; clipboard-write; encrypted-media; gyroscope; picture-in-picture; web-share\" referrerpolicy=\"strict-origin-when-cross-origin\" allowfullscreen><\/iframe><\/p>\n<h3>Pontes entre passado e futuro<\/h3>\n<p>O Parque Zoobot\u00e2nico brasileiro mant\u00e9m viveiros do s\u00e9culo XIX restaurados com t\u00e9cnicas sustent\u00e1veis. Nas <em>\u00e1reas<\/em> de pesquisa, sistemas de monitoramento 3D mapeiam esp\u00e9cies em tempo real. Essa combina\u00e7\u00e3o \u00fanica permite:<\/p>\n<ul>\n<li>Estudos em ecossistemas controlados<\/li>\n<li>Preserva\u00e7\u00e3o de t\u00e9cnicas tradicionais<\/li>\n<li>Inova\u00e7\u00e3o em an\u00e1lises gen\u00e9ticas<\/li>\n<\/ul>\n<h3>Centros estrat\u00e9gicos de conhecimento<\/h3>\n<p>A Esta\u00e7\u00e3o Cient\u00edfica Ferreira Penna opera como <strong>posto avan\u00e7ado na floresta nacional<\/strong>. Localizada a 300 km de Bel\u00e9m, oferece laborat\u00f3rios equipados para expedi\u00e7\u00f5es de longo prazo. Seus dados alimentam bancos globais sobre mudan\u00e7as clim\u00e1ticas.<\/p>\n<table>\n<tbody>\n<tr>\n<th>\u00c1rea<\/th>\n<th>Tecnologia<\/th>\n<th>Impacto<\/th>\n<\/tr>\n<tr>\n<td>Herb\u00e1rio<\/td>\n<td>Digitaliza\u00e7\u00e3o 4K<\/td>\n<td>20 mil esp\u00e9cies catalogadas<\/td>\n<\/tr>\n<tr>\n<td>Bioac\u00fastica<\/td>\n<td>Sensores inteligentes<\/td>\n<td>150 padr\u00f5es sonoros identificados<\/td>\n<\/tr>\n<tr>\n<td>Educa\u00e7\u00e3o<\/td>\n<td>Realidade virtual<\/td>\n<td>5 mil alunos\/ano capacitados<\/td>\n<\/tr>\n<\/tbody>\n<\/table>\n<h3>Investindo no amanh\u00e3<\/h3>\n<p>Parcerias com o <em>governo do estado<\/em> permitiram a instala\u00e7\u00e3o de pain\u00e9is solares em 40% das instala\u00e7\u00f5es. Nos \u00faltimos tr\u00eas anos, <strong><span>R$ 12 milh\u00f5es<\/span><\/strong> foram direcionados para modernizar laborat\u00f3rios e expandir o <em><span>zoobot\u00e2nico brasil<\/span><\/em>. Essas a\u00e7\u00f5es refor\u00e7am o compromisso com a floresta e suas comunidades.<\/p>\n<h2>Museu Em\u00edlio Goeldi em Bel\u00e9m: Impacto na Educa\u00e7\u00e3o e Preserva\u00e7\u00e3o Ambiental<\/h2>\n<p>Na fronteira entre ci\u00eancia e sociedade, surgem iniciativas que transformam dados em ferramentas de mudan\u00e7a. A <strong>institui\u00e7\u00e3o<\/strong> desenvolve programas que conectam laborat\u00f3rios a salas de aula, criando pontes entre pesquisadores e moradores da <em><span>regi\u00e3o amaz\u00f4nica<\/span><\/em>.<\/p>\n<p><img loading=\"lazy\" decoding=\"async\" src=\"https:\/\/ver-o-peso.com\/pt\/wp-content\/uploads\/2025\/06\/educacao-ambiental-na-Amazonia-1024x1024.jpeg\" alt=\"educa\u00e7\u00e3o ambiental na Amaz\u00f4nia\" title=\"educa\u00e7\u00e3o ambiental na Amaz\u00f4nia\" width=\"660\" height=\"660\" class=\"aligncenter size-large wp-image-2567\" \/><\/p>\n<h3>Ci\u00eancia que Educa e Transforma<\/h3>\n<p>Mais de 15 mil estudantes participam anualmente de oficinas interativas. Nelas, aprendem sobre <strong>esp\u00e9cies<\/strong> locais atrav\u00e9s de jogos educativos e expedi\u00e7\u00f5es guiadas. Projetos como &#8220;Floresta de Saberes&#8221; integram:<\/p>\n<ul>\n<li>T\u00e9cnicas ind\u00edgenas de manejo sustent\u00e1vel<\/li>\n<li>Monitoramento participativo de fauna<\/li>\n<li>Feiras de troca de sementes tradicionais<\/li>\n<\/ul>\n<h3>Preserva\u00e7\u00e3o com Ra\u00edzes Locais<\/h3>\n<p>No <em>estado do Par\u00e1<\/em>, 32 comunidades ribeirinhas colaboram em projetos de reflorestamento. Essas parcerias j\u00e1 recuperaram 1.200 hectares usando esp\u00e9cies nativas. Um l\u00edder comunit\u00e1rio destaca:<\/p>\n<blockquote><p>&#8220;Agora entendemos que proteger a floresta \u00e9 garantir nosso futuro&#8221;<\/p><\/blockquote>\n<blockquote><p>Dados cient\u00edficos s\u00e3o traduzidos em cartilhas bil\u00edngues (portugu\u00eas e l\u00ednguas ind\u00edgenas). Essa estrat\u00e9gia amplia o acesso ao <strong>conhecimento<\/strong> t\u00e9cnico, fortalecendo pol\u00edticas ambientais na <em><span>cidade<\/span><\/em> e al\u00e9m.<\/p><\/blockquote>\n<h2>Conclus\u00e3o<\/h2>\n<blockquote><p>Mais de <strong>150 anos<\/strong> consolidaram um legado \u00fanico na Amaz\u00f4nia. Desde seu surgimento como <em><span>primeiro parque<\/span><\/em> zoobot\u00e2nico do pa\u00eds at\u00e9 os modernos laborat\u00f3rios, cada etapa refor\u00e7ou o papel vital desta <strong><span>institui\u00e7\u00e3o<\/span><\/strong> na prote\u00e7\u00e3o ambiental.<\/p><\/blockquote>\n<blockquote><p>Os <em>estudos<\/em> realizados aqui impactam nosso <strong><span>dia a dia<\/span><\/strong>: desde pol\u00edticas de conserva\u00e7\u00e3o at\u00e9 a descoberta de novas <em><span>esp\u00e9cies<\/span><\/em>. As cole\u00e7\u00f5es hist\u00f3ricas seguem revelando segredos da biodiversidade, enquanto projetos atuais conectam ci\u00eancia e comunidades locais.<\/p><\/blockquote>\n<blockquote><p>Quem visita encontra muito mais que exposi\u00e7\u00f5es. O <strong>primeiro parque<\/strong> cient\u00edfico da regi\u00e3o mostra como pesquisa e educa\u00e7\u00e3o podem transformar realidades. A cada ano, novas gera\u00e7\u00f5es se inspiram nesse trabalho que une passado e futuro.<\/p><\/blockquote>\n<blockquote><p>Convidamos voc\u00ea a explorar pessoalmente esse patrim\u00f4nio. Descubra como <em>esp\u00e9cies<\/em> raras, t\u00e9cnicas ancestrais e tecnologias modernas coexistem num mesmo espa\u00e7o. \u00c9 a prova viva de que cuidar da natureza \u00e9 investir no amanh\u00e3.<\/p><\/blockquote>\n<h2>FAQ<\/h2>\n<h3 itemprop=\"name\">Qual \u00e9 a import\u00e2ncia do Parque Zoobot\u00e2nico para as pesquisas na regi\u00e3o amaz\u00f4nica?<\/h3>\n<section>Mantemos o primeiro parque zoobot\u00e2nico do Brasil, criado em 1895, que serve como base para estudos de fauna e flora. Sua estrutura permite a integra\u00e7\u00e3o entre pesquisa, conserva\u00e7\u00e3o e educa\u00e7\u00e3o, tornando-se refer\u00eancia no estudo de esp\u00e9cies da Amaz\u00f4nia.<\/section>\n<h3 itemprop=\"name\">Como as cole\u00e7\u00f5es etnogr\u00e1ficas contribuem para o conhecimento sobre povos ind\u00edgenas?<\/h3>\n<section>Nossas cole\u00e7\u00f5es preservam mais de 18 mil artefatos, incluindo instrumentos e objetos culturais de povos tradicionais. Esses acervos apoiam pesquisas antropol\u00f3gicas e garantem a preserva\u00e7\u00e3o da mem\u00f3ria cultural da regi\u00e3o.<\/section>\n<h3 itemprop=\"name\">Quais foram as principais descobertas cient\u00edficas realizadas pela institui\u00e7\u00e3o?<\/h3>\n<section>Identificamos mais de 200 novas esp\u00e9cies na Amaz\u00f4nia, incluindo plantas, insetos e vertebrados. Nossos estudos integrados sobre biodiversidade e ecossistemas ajudaram a fundamentar pol\u00edticas ambientais nas \u00faltimas d\u00e9cadas.<\/section>\n<h3 itemprop=\"name\">Como funciona a Esta\u00e7\u00e3o Cient\u00edfica Ferreira Penna no Par\u00e1?<\/h3>\n<section>Localizada na Floresta Nacional de Caxiuan\u00e3, a esta\u00e7\u00e3o oferece infraestrutura para pesquisas de campo. Desenvolvemos projetos de longo prazo sobre din\u00e2micas florestais e mudan\u00e7as clim\u00e1ticas, envolvendo cientistas nacionais e internacionais.<\/section>\n<h3 itemprop=\"name\">Que tipos de atividades educativas s\u00e3o oferecidas ao p\u00fablico?<\/h3>\n<section>Promovemos oficinas, exposi\u00e7\u00f5es interativas e programas de forma\u00e7\u00e3o para professores. Nossas iniciativas buscam aproximar a comunidade do conhecimento cient\u00edfico, destacando a import\u00e2ncia da conserva\u00e7\u00e3o ambiental.<\/section>\n<h3 itemprop=\"name\">Como as parcerias institucionais fortalecem o trabalho da organiza\u00e7\u00e3o?<\/h3>\n<section>Colaboramos com universidades, \u00f3rg\u00e3os governamentais e institui\u00e7\u00f5es globais para ampliar o impacto das pesquisas. Essas alian\u00e7as permitem o desenvolvimento de tecnologias inovadoras e a cria\u00e7\u00e3o de bancos de dados sobre a biodiversidade amaz\u00f4nica.<\/section>\n","protected":false},"excerpt":{"rendered":"<p>Voc\u00ea j\u00e1 se perguntou como uma institui\u00e7\u00e3o cient\u00edfica consegue preservar a riqueza da Amaz\u00f4nia por mais de 150 anos? A resposta est\u00e1 em um espa\u00e7o que une hist\u00f3ria viva, pesquisa de ponta e acervos fascinantes. Fundado em 1866, este marco cient\u00edfico na regi\u00e3o norte do Brasil \u00e9 refer\u00eancia mundial. Suas cole\u00e7\u00f5es biol\u00f3gicas e etnogr\u00e1ficas contam &hellip; <a href=\"https:\/\/ver-o-peso.com\/pt\/2025\/06\/01\/indiodeiphone\/\" class=\"more-link\">Continuar lendo <span class=\"screen-reader-text\">Museu Em\u00edlio Goeldi em Bel\u00e9m: Explore o Patrim\u00f4nio Natural<\/span><\/a><\/p>\n","protected":false},"author":1,"featured_media":2564,"comment_status":"open","ping_status":"closed","sticky":false,"template":"","format":"standard","meta":{"footnotes":""},"categories":[20],"tags":[97,96,98],"class_list":["post-2515","post","type-post","status-publish","format-standard","has-post-thumbnail","hentry","category-amazonia","tag-belem","tag-museu-emilio-goeldi","tag-para"],"yoast_head":"<!-- This site is optimized with the Yoast SEO Premium plugin v25.3 (Yoast SEO v25.9) - https:\/\/yoast.com\/wordpress\/plugins\/seo\/ -->\n<title>Museu Em\u00edlio Goeldi em Bel\u00e9m: Explore o Patrim\u00f4nio Natural - Ver-o-peso<\/title>\n<meta name=\"robots\" content=\"index, follow, max-snippet:-1, max-image-preview:large, max-video-preview:-1\" \/>\n<link rel=\"canonical\" href=\"https:\/\/ver-o-peso.com\/pt\/2025\/06\/01\/indiodeiphone\/\" \/>\n<meta property=\"og:locale\" content=\"pt_BR\" \/>\n<meta property=\"og:type\" content=\"article\" \/>\n<meta property=\"og:title\" content=\"Museu Em\u00edlio Goeldi em Bel\u00e9m: Explore o Patrim\u00f4nio Natural\" \/>\n<meta property=\"og:description\" content=\"Voc\u00ea j\u00e1 se perguntou como uma institui\u00e7\u00e3o cient\u00edfica consegue preservar a riqueza da Amaz\u00f4nia por mais de 150 anos? A resposta est\u00e1 em um espa\u00e7o que une hist\u00f3ria viva, pesquisa de ponta e acervos fascinantes. Fundado em 1866, este marco cient\u00edfico na regi\u00e3o norte do Brasil \u00e9 refer\u00eancia mundial. Suas cole\u00e7\u00f5es biol\u00f3gicas e etnogr\u00e1ficas contam &hellip; Continuar lendo Museu Em\u00edlio Goeldi em Bel\u00e9m: Explore o Patrim\u00f4nio Natural\" \/>\n<meta property=\"og:url\" content=\"https:\/\/ver-o-peso.com\/pt\/2025\/06\/01\/indiodeiphone\/\" \/>\n<meta property=\"og:site_name\" content=\"Ver-o-peso\" \/>\n<meta property=\"article:publisher\" content=\"https:\/\/fecebook.com\/jose.oliveira.913296\" \/>\n<meta property=\"article:published_time\" content=\"2025-05-29T22:08:41+00:00\" \/>\n<meta property=\"article:modified_time\" content=\"2025-06-01T01:00:19+00:00\" \/>\n<meta property=\"og:image\" content=\"https:\/\/ver-o-peso.com\/pt\/wp-content\/uploads\/2025\/06\/Museu-Emilio-Goeldi-em-Belem.jpeg\" \/>\n\t<meta property=\"og:image:width\" content=\"1344\" \/>\n\t<meta property=\"og:image:height\" content=\"768\" \/>\n\t<meta property=\"og:image:type\" content=\"image\/jpeg\" \/>\n<meta name=\"author\" content=\"veropeso2025\" \/>\n<meta name=\"twitter:card\" content=\"summary_large_image\" \/>\n<meta name=\"twitter:label1\" content=\"Escrito por\" \/>\n\t<meta name=\"twitter:data1\" content=\"veropeso2025\" \/>\n\t<meta name=\"twitter:label2\" content=\"Est. tempo de leitura\" \/>\n\t<meta name=\"twitter:data2\" content=\"10 minutos\" \/>\n<script type=\"application\/ld+json\" class=\"yoast-schema-graph\">{\"@context\":\"https:\/\/schema.org\",\"@graph\":[{\"@type\":\"Article\",\"@id\":\"https:\/\/ver-o-peso.com\/pt\/2025\/06\/01\/indiodeiphone\/#article\",\"isPartOf\":{\"@id\":\"https:\/\/ver-o-peso.com\/pt\/2025\/06\/01\/indiodeiphone\/\"},\"author\":{\"name\":\"veropeso2025\",\"@id\":\"https:\/\/ver-o-peso.com\/pt\/#\/schema\/person\/9e9ad551726c390092238296ec769a06\"},\"headline\":\"Museu Em\u00edlio Goeldi em Bel\u00e9m: Explore o Patrim\u00f4nio Natural\",\"datePublished\":\"2025-05-29T22:08:41+00:00\",\"dateModified\":\"2025-06-01T01:00:19+00:00\",\"mainEntityOfPage\":{\"@id\":\"https:\/\/ver-o-peso.com\/pt\/2025\/06\/01\/indiodeiphone\/\"},\"wordCount\":2014,\"commentCount\":0,\"publisher\":{\"@id\":\"https:\/\/ver-o-peso.com\/pt\/#organization\"},\"image\":{\"@id\":\"https:\/\/ver-o-peso.com\/pt\/2025\/06\/01\/indiodeiphone\/#primaryimage\"},\"thumbnailUrl\":\"https:\/\/ver-o-peso.com\/pt\/wp-content\/uploads\/2025\/06\/Museu-Emilio-Goeldi-em-Belem.jpeg\",\"keywords\":[\"bel\u00e9m\",\"museu em\u00edlio goeldi\",\"par\u00e1\"],\"articleSection\":[\"Amaz\u00f4nia\"],\"inLanguage\":\"pt-BR\",\"potentialAction\":[{\"@type\":\"CommentAction\",\"name\":\"Comment\",\"target\":[\"https:\/\/ver-o-peso.com\/pt\/2025\/06\/01\/indiodeiphone\/#respond\"]}]},{\"@type\":\"WebPage\",\"@id\":\"https:\/\/ver-o-peso.com\/pt\/2025\/06\/01\/indiodeiphone\/\",\"url\":\"https:\/\/ver-o-peso.com\/pt\/2025\/06\/01\/indiodeiphone\/\",\"name\":\"Museu Em\u00edlio Goeldi em Bel\u00e9m: Explore o Patrim\u00f4nio Natural - Ver-o-peso\",\"isPartOf\":{\"@id\":\"https:\/\/ver-o-peso.com\/pt\/#website\"},\"primaryImageOfPage\":{\"@id\":\"https:\/\/ver-o-peso.com\/pt\/2025\/06\/01\/indiodeiphone\/#primaryimage\"},\"image\":{\"@id\":\"https:\/\/ver-o-peso.com\/pt\/2025\/06\/01\/indiodeiphone\/#primaryimage\"},\"thumbnailUrl\":\"https:\/\/ver-o-peso.com\/pt\/wp-content\/uploads\/2025\/06\/Museu-Emilio-Goeldi-em-Belem.jpeg\",\"datePublished\":\"2025-05-29T22:08:41+00:00\",\"dateModified\":\"2025-06-01T01:00:19+00:00\",\"breadcrumb\":{\"@id\":\"https:\/\/ver-o-peso.com\/pt\/2025\/06\/01\/indiodeiphone\/#breadcrumb\"},\"inLanguage\":\"pt-BR\",\"potentialAction\":[{\"@type\":\"ReadAction\",\"target\":[\"https:\/\/ver-o-peso.com\/pt\/2025\/06\/01\/indiodeiphone\/\"]}]},{\"@type\":\"ImageObject\",\"inLanguage\":\"pt-BR\",\"@id\":\"https:\/\/ver-o-peso.com\/pt\/2025\/06\/01\/indiodeiphone\/#primaryimage\",\"url\":\"https:\/\/ver-o-peso.com\/pt\/wp-content\/uploads\/2025\/06\/Museu-Emilio-Goeldi-em-Belem.jpeg\",\"contentUrl\":\"https:\/\/ver-o-peso.com\/pt\/wp-content\/uploads\/2025\/06\/Museu-Emilio-Goeldi-em-Belem.jpeg\",\"width\":1344,\"height\":768,\"caption\":\"Museu Em\u00edlio Goeldi em Bel\u00e9m\"},{\"@type\":\"BreadcrumbList\",\"@id\":\"https:\/\/ver-o-peso.com\/pt\/2025\/06\/01\/indiodeiphone\/#breadcrumb\",\"itemListElement\":[{\"@type\":\"ListItem\",\"position\":1,\"name\":\"In\u00edcio\",\"item\":\"https:\/\/ver-o-peso.com\/pt\/\"},{\"@type\":\"ListItem\",\"position\":2,\"name\":\"Museu Em\u00edlio Goeldi em Bel\u00e9m: Explore o Patrim\u00f4nio Natural\"}]},{\"@type\":\"WebSite\",\"@id\":\"https:\/\/ver-o-peso.com\/pt\/#website\",\"url\":\"https:\/\/ver-o-peso.com\/pt\/\",\"name\":\"Ver-o-peso\",\"description\":\"Aqui tem de tudo da Amaz\u00f4nia\",\"publisher\":{\"@id\":\"https:\/\/ver-o-peso.com\/pt\/#organization\"},\"potentialAction\":[{\"@type\":\"SearchAction\",\"target\":{\"@type\":\"EntryPoint\",\"urlTemplate\":\"https:\/\/ver-o-peso.com\/pt\/?s={search_term_string}\"},\"query-input\":{\"@type\":\"PropertyValueSpecification\",\"valueRequired\":true,\"valueName\":\"search_term_string\"}}],\"inLanguage\":\"pt-BR\"},{\"@type\":\"Organization\",\"@id\":\"https:\/\/ver-o-peso.com\/pt\/#organization\",\"name\":\"Ver-o-peso\",\"url\":\"https:\/\/ver-o-peso.com\/pt\/\",\"logo\":{\"@type\":\"ImageObject\",\"inLanguage\":\"pt-BR\",\"@id\":\"https:\/\/ver-o-peso.com\/pt\/#\/schema\/logo\/image\/\",\"url\":\"https:\/\/ver-o-peso.com\/pt\/wp-content\/uploads\/2025\/05\/Logo-3.png\",\"contentUrl\":\"https:\/\/ver-o-peso.com\/pt\/wp-content\/uploads\/2025\/05\/Logo-3.png\",\"width\":210,\"height\":118,\"caption\":\"Ver-o-peso\"},\"image\":{\"@id\":\"https:\/\/ver-o-peso.com\/pt\/#\/schema\/logo\/image\/\"},\"sameAs\":[\"https:\/\/fecebook.com\/jose.oliveira.913296\",\"https:\/\/instagram.com\/riba.lages\",\"https:\/\/tiktok.com\/veropeso2025\"]},{\"@type\":\"Person\",\"@id\":\"https:\/\/ver-o-peso.com\/pt\/#\/schema\/person\/9e9ad551726c390092238296ec769a06\",\"name\":\"veropeso2025\",\"image\":{\"@type\":\"ImageObject\",\"inLanguage\":\"pt-BR\",\"@id\":\"https:\/\/ver-o-peso.com\/pt\/#\/schema\/person\/image\/\",\"url\":\"https:\/\/secure.gravatar.com\/avatar\/abbae2eadd0ca3e3064b32972a9f07e1ec00361a8e4784de939c3d52c9381ec6?s=96&d=mm&r=g\",\"contentUrl\":\"https:\/\/secure.gravatar.com\/avatar\/abbae2eadd0ca3e3064b32972a9f07e1ec00361a8e4784de939c3d52c9381ec6?s=96&d=mm&r=g\",\"caption\":\"veropeso2025\"},\"sameAs\":[\"https:\/\/ver-o-peso.com\/pt\"],\"url\":\"https:\/\/ver-o-peso.com\/pt\/author\/veropeso2025\/\"}]}<\/script>\n<!-- \/ Yoast SEO Premium plugin. -->","yoast_head_json":{"title":"Museu Em\u00edlio Goeldi em Bel\u00e9m: Explore o Patrim\u00f4nio Natural - Ver-o-peso","robots":{"index":"index","follow":"follow","max-snippet":"max-snippet:-1","max-image-preview":"max-image-preview:large","max-video-preview":"max-video-preview:-1"},"canonical":"https:\/\/ver-o-peso.com\/pt\/2025\/06\/01\/indiodeiphone\/","og_locale":"pt_BR","og_type":"article","og_title":"Museu Em\u00edlio Goeldi em Bel\u00e9m: Explore o Patrim\u00f4nio Natural","og_description":"Voc\u00ea j\u00e1 se perguntou como uma institui\u00e7\u00e3o cient\u00edfica consegue preservar a riqueza da Amaz\u00f4nia por mais de 150 anos? A resposta est\u00e1 em um espa\u00e7o que une hist\u00f3ria viva, pesquisa de ponta e acervos fascinantes. Fundado em 1866, este marco cient\u00edfico na regi\u00e3o norte do Brasil \u00e9 refer\u00eancia mundial. Suas cole\u00e7\u00f5es biol\u00f3gicas e etnogr\u00e1ficas contam &hellip; Continuar lendo Museu Em\u00edlio Goeldi em Bel\u00e9m: Explore o Patrim\u00f4nio Natural","og_url":"https:\/\/ver-o-peso.com\/pt\/2025\/06\/01\/indiodeiphone\/","og_site_name":"Ver-o-peso","article_publisher":"https:\/\/fecebook.com\/jose.oliveira.913296","article_published_time":"2025-05-29T22:08:41+00:00","article_modified_time":"2025-06-01T01:00:19+00:00","og_image":[{"width":1344,"height":768,"url":"https:\/\/ver-o-peso.com\/pt\/wp-content\/uploads\/2025\/06\/Museu-Emilio-Goeldi-em-Belem.jpeg","type":"image\/jpeg"}],"author":"veropeso2025","twitter_card":"summary_large_image","twitter_misc":{"Escrito por":"veropeso2025","Est. tempo de leitura":"10 minutos"},"schema":{"@context":"https:\/\/schema.org","@graph":[{"@type":"Article","@id":"https:\/\/ver-o-peso.com\/pt\/2025\/06\/01\/indiodeiphone\/#article","isPartOf":{"@id":"https:\/\/ver-o-peso.com\/pt\/2025\/06\/01\/indiodeiphone\/"},"author":{"name":"veropeso2025","@id":"https:\/\/ver-o-peso.com\/pt\/#\/schema\/person\/9e9ad551726c390092238296ec769a06"},"headline":"Museu Em\u00edlio Goeldi em Bel\u00e9m: Explore o Patrim\u00f4nio Natural","datePublished":"2025-05-29T22:08:41+00:00","dateModified":"2025-06-01T01:00:19+00:00","mainEntityOfPage":{"@id":"https:\/\/ver-o-peso.com\/pt\/2025\/06\/01\/indiodeiphone\/"},"wordCount":2014,"commentCount":0,"publisher":{"@id":"https:\/\/ver-o-peso.com\/pt\/#organization"},"image":{"@id":"https:\/\/ver-o-peso.com\/pt\/2025\/06\/01\/indiodeiphone\/#primaryimage"},"thumbnailUrl":"https:\/\/ver-o-peso.com\/pt\/wp-content\/uploads\/2025\/06\/Museu-Emilio-Goeldi-em-Belem.jpeg","keywords":["bel\u00e9m","museu em\u00edlio goeldi","par\u00e1"],"articleSection":["Amaz\u00f4nia"],"inLanguage":"pt-BR","potentialAction":[{"@type":"CommentAction","name":"Comment","target":["https:\/\/ver-o-peso.com\/pt\/2025\/06\/01\/indiodeiphone\/#respond"]}]},{"@type":"WebPage","@id":"https:\/\/ver-o-peso.com\/pt\/2025\/06\/01\/indiodeiphone\/","url":"https:\/\/ver-o-peso.com\/pt\/2025\/06\/01\/indiodeiphone\/","name":"Museu Em\u00edlio Goeldi em Bel\u00e9m: Explore o Patrim\u00f4nio Natural - Ver-o-peso","isPartOf":{"@id":"https:\/\/ver-o-peso.com\/pt\/#website"},"primaryImageOfPage":{"@id":"https:\/\/ver-o-peso.com\/pt\/2025\/06\/01\/indiodeiphone\/#primaryimage"},"image":{"@id":"https:\/\/ver-o-peso.com\/pt\/2025\/06\/01\/indiodeiphone\/#primaryimage"},"thumbnailUrl":"https:\/\/ver-o-peso.com\/pt\/wp-content\/uploads\/2025\/06\/Museu-Emilio-Goeldi-em-Belem.jpeg","datePublished":"2025-05-29T22:08:41+00:00","dateModified":"2025-06-01T01:00:19+00:00","breadcrumb":{"@id":"https:\/\/ver-o-peso.com\/pt\/2025\/06\/01\/indiodeiphone\/#breadcrumb"},"inLanguage":"pt-BR","potentialAction":[{"@type":"ReadAction","target":["https:\/\/ver-o-peso.com\/pt\/2025\/06\/01\/indiodeiphone\/"]}]},{"@type":"ImageObject","inLanguage":"pt-BR","@id":"https:\/\/ver-o-peso.com\/pt\/2025\/06\/01\/indiodeiphone\/#primaryimage","url":"https:\/\/ver-o-peso.com\/pt\/wp-content\/uploads\/2025\/06\/Museu-Emilio-Goeldi-em-Belem.jpeg","contentUrl":"https:\/\/ver-o-peso.com\/pt\/wp-content\/uploads\/2025\/06\/Museu-Emilio-Goeldi-em-Belem.jpeg","width":1344,"height":768,"caption":"Museu Em\u00edlio Goeldi em Bel\u00e9m"},{"@type":"BreadcrumbList","@id":"https:\/\/ver-o-peso.com\/pt\/2025\/06\/01\/indiodeiphone\/#breadcrumb","itemListElement":[{"@type":"ListItem","position":1,"name":"In\u00edcio","item":"https:\/\/ver-o-peso.com\/pt\/"},{"@type":"ListItem","position":2,"name":"Museu Em\u00edlio Goeldi em Bel\u00e9m: Explore o Patrim\u00f4nio Natural"}]},{"@type":"WebSite","@id":"https:\/\/ver-o-peso.com\/pt\/#website","url":"https:\/\/ver-o-peso.com\/pt\/","name":"Ver-o-peso","description":"Aqui tem de tudo da Amaz\u00f4nia","publisher":{"@id":"https:\/\/ver-o-peso.com\/pt\/#organization"},"potentialAction":[{"@type":"SearchAction","target":{"@type":"EntryPoint","urlTemplate":"https:\/\/ver-o-peso.com\/pt\/?s={search_term_string}"},"query-input":{"@type":"PropertyValueSpecification","valueRequired":true,"valueName":"search_term_string"}}],"inLanguage":"pt-BR"},{"@type":"Organization","@id":"https:\/\/ver-o-peso.com\/pt\/#organization","name":"Ver-o-peso","url":"https:\/\/ver-o-peso.com\/pt\/","logo":{"@type":"ImageObject","inLanguage":"pt-BR","@id":"https:\/\/ver-o-peso.com\/pt\/#\/schema\/logo\/image\/","url":"https:\/\/ver-o-peso.com\/pt\/wp-content\/uploads\/2025\/05\/Logo-3.png","contentUrl":"https:\/\/ver-o-peso.com\/pt\/wp-content\/uploads\/2025\/05\/Logo-3.png","width":210,"height":118,"caption":"Ver-o-peso"},"image":{"@id":"https:\/\/ver-o-peso.com\/pt\/#\/schema\/logo\/image\/"},"sameAs":["https:\/\/fecebook.com\/jose.oliveira.913296","https:\/\/instagram.com\/riba.lages","https:\/\/tiktok.com\/veropeso2025"]},{"@type":"Person","@id":"https:\/\/ver-o-peso.com\/pt\/#\/schema\/person\/9e9ad551726c390092238296ec769a06","name":"veropeso2025","image":{"@type":"ImageObject","inLanguage":"pt-BR","@id":"https:\/\/ver-o-peso.com\/pt\/#\/schema\/person\/image\/","url":"https:\/\/secure.gravatar.com\/avatar\/abbae2eadd0ca3e3064b32972a9f07e1ec00361a8e4784de939c3d52c9381ec6?s=96&d=mm&r=g","contentUrl":"https:\/\/secure.gravatar.com\/avatar\/abbae2eadd0ca3e3064b32972a9f07e1ec00361a8e4784de939c3d52c9381ec6?s=96&d=mm&r=g","caption":"veropeso2025"},"sameAs":["https:\/\/ver-o-peso.com\/pt"],"url":"https:\/\/ver-o-peso.com\/pt\/author\/veropeso2025\/"}]}},"_links":{"self":[{"href":"https:\/\/ver-o-peso.com\/pt\/wp-json\/wp\/v2\/posts\/2515","targetHints":{"allow":["GET"]}}],"collection":[{"href":"https:\/\/ver-o-peso.com\/pt\/wp-json\/wp\/v2\/posts"}],"about":[{"href":"https:\/\/ver-o-peso.com\/pt\/wp-json\/wp\/v2\/types\/post"}],"author":[{"embeddable":true,"href":"https:\/\/ver-o-peso.com\/pt\/wp-json\/wp\/v2\/users\/1"}],"replies":[{"embeddable":true,"href":"https:\/\/ver-o-peso.com\/pt\/wp-json\/wp\/v2\/comments?post=2515"}],"version-history":[{"count":2,"href":"https:\/\/ver-o-peso.com\/pt\/wp-json\/wp\/v2\/posts\/2515\/revisions"}],"predecessor-version":[{"id":2568,"href":"https:\/\/ver-o-peso.com\/pt\/wp-json\/wp\/v2\/posts\/2515\/revisions\/2568"}],"wp:featuredmedia":[{"embeddable":true,"href":"https:\/\/ver-o-peso.com\/pt\/wp-json\/wp\/v2\/media\/2564"}],"wp:attachment":[{"href":"https:\/\/ver-o-peso.com\/pt\/wp-json\/wp\/v2\/media?parent=2515"}],"wp:term":[{"taxonomy":"category","embeddable":true,"href":"https:\/\/ver-o-peso.com\/pt\/wp-json\/wp\/v2\/categories?post=2515"},{"taxonomy":"post_tag","embeddable":true,"href":"https:\/\/ver-o-peso.com\/pt\/wp-json\/wp\/v2\/tags?post=2515"}],"curies":[{"name":"wp","href":"https:\/\/api.w.org\/{rel}","templated":true}]}}