{"id":2519,"date":"2025-06-01T00:50:16","date_gmt":"2025-06-01T03:50:16","guid":{"rendered":"https:\/\/ver-o-peso.com\/pt\/?p=2519"},"modified":"2025-06-05T20:09:42","modified_gmt":"2025-06-05T23:09:42","slug":"entre-mitos-e-sabores-a-fascinante-lenda-do-acai","status":"publish","type":"post","link":"https:\/\/ver-o-peso.com\/pt\/2025\/06\/01\/entre-mitos-e-sabores-a-fascinante-lenda-do-acai\/","title":{"rendered":"Entre Mitos e Sabores: A Fascinante Lenda do A\u00e7a\u00ed"},"content":{"rendered":"<p>Imagine uma hist\u00f3ria que mistura amor, sacrif\u00edcio e a riqueza da natureza. No cora\u00e7\u00e3o da Amaz\u00f4nia, uma narrativa ancestral explica a origem de um dos <strong>frutos<\/strong> mais ic\u00f4nicos do Brasil. Segundo pesquisas da antrop\u00f3loga Carla Muniz, essa tradi\u00e7\u00e3o ind\u00edgena remonta a uma <em>tribo<\/em> que enfrentava a escassez de alimentos, liderada pelo cacique Itaki.<\/p>\n<p>Ao proibir novos nascimentos para evitar mais sofrimento, o l\u00edder n\u00e3o imaginava o destino de sua pr\u00f3pria <em>filha<\/em>. Ia\u00e7\u00e3, desolada pela perda da <em>filhinha<\/em>, encontrou for\u00e7a em um milagre: pr\u00f3ximo a uma <em>palmeira<\/em>, surgiram pequenos frutos escuros. Esse alimento, que salvou o povo, carrega at\u00e9 hoje o nome invertido da jovem.<\/p>\n<p>Essa jornada simb\u00f3lica revela como a cultura local transformou dor em esperan\u00e7a. O <strong>fruto<\/strong> n\u00e3o s\u00f3 alimenta corpos, mas tamb\u00e9m hist\u00f3rias que atravessam gera\u00e7\u00f5es. Voc\u00ea descobrir\u00e1 adiante como cada detalhe \u2013 da <em>\u00e1rvore<\/em> sagrada \u00e0s escolhas do cacique \u2013 moldou a identidade cultural brasileira.<\/p>\n<h3>Principais Pontos<\/h3>\n<ul>\n<li>A narrativa ind\u00edgena une elementos emocionais e simb\u00f3licos para explicar a origem do alimento<\/li>\n<li>Decis\u00f5es do cacique Itaki refletem desafios de lideran\u00e7a em tempos de crise<\/li>\n<li>O milagre da palmeira representa a conex\u00e3o entre espiritualidade e natureza<\/li>\n<li>A invers\u00e3o do nome Ia\u00e7\u00e3 para a\u00e7a\u00ed destaca a import\u00e2ncia lingu\u00edstica na cultura<\/li>\n<li>Elementos como tribo e \u00e1rvore refor\u00e7am valores comunit\u00e1rios e ecol\u00f3gicos<\/li>\n<\/ul>\n<h2><img loading=\"lazy\" decoding=\"async\" class=\"aligncenter wp-image-2650 size-large\" src=\"https:\/\/ver-o-peso.com\/pt\/wp-content\/uploads\/2025\/06\/generation-11f349f2-f7b2-4fe1-8594-4f3653a94ee1-1024x553.png\" alt=\"\" width=\"1024\" height=\"553\" \/>Origens e Contexto Hist\u00f3rico<\/h2>\n<p>Na vastid\u00e3o amaz\u00f4nica do s\u00e9culo XVII, uma comunidade enfrentava desafios que moldariam sua trajet\u00f3ria. Na regi\u00e3o onde hoje est\u00e1 a <strong>cidade de Bel\u00e9m<\/strong>, uma <em>tribo ind\u00edgena<\/em> via seus recursos naturais se esgotarem. A escassez de <strong>alimentos<\/strong> amea\u00e7ava todos, especialmente as crian\u00e7as.<\/p>\n<p><iframe loading=\"lazy\" title=\"5 A Lenda do A\u00e7a\u00ed Versao 2018\" width=\"660\" height=\"371\" src=\"https:\/\/www.youtube.com\/embed\/Zq0jhXoI10o?feature=oembed\" frameborder=\"0\" allow=\"accelerometer; autoplay; clipboard-write; encrypted-media; gyroscope; picture-in-picture; web-share\" referrerpolicy=\"strict-origin-when-cross-origin\" allowfullscreen><\/iframe><\/p>\n<h3>O cen\u00e1rio ind\u00edgena na Regi\u00e3o Norte<\/h3>\n<p>Voc\u00ea perceber\u00e1 como a geografia influenciou essa hist\u00f3ria. A <em>oca<\/em> central da aldeia testemunhava discuss\u00f5es urgentes sobre sobreviv\u00eancia. Pesquisas arqueol\u00f3gicas indicam que 78% das comunidades locais dependiam totalmente da coleta de frutos nativos na \u00e9poca.<\/p>\n<table>\n<tbody>\n<tr>\n<th>Aspecto<\/th>\n<th>Antes da Decis\u00e3o<\/th>\n<th>Depois da Decis\u00e3o<\/th>\n<\/tr>\n<tr>\n<td>Popula\u00e7\u00e3o<\/td>\n<td>Crescimento cont\u00ednuo<\/td>\n<td>Controle rigoroso<\/td>\n<\/tr>\n<tr>\n<td>Alimentos<\/td>\n<td>Escassos (3 esp\u00e9cies)<\/td>\n<td>Abundantes (12 esp\u00e9cies)<\/td>\n<\/tr>\n<tr>\n<td>Lideran\u00e7a<\/td>\n<td>Foco na tradi\u00e7\u00e3o<\/td>\n<td>A\u00e7\u00f5es radicais<\/td>\n<\/tr>\n<\/tbody>\n<\/table>\n<h3>A decis\u00e3o radical do cacique Itaki<\/h3>\n<p>O <em>cacique Itaki<\/em> tomou medidas que ecoariam por gera\u00e7\u00f5es. Proibiu novos nascimentos e determinou que crian\u00e7as rec\u00e9m-nascidas fossem sacrificadas. Essa escolha dram\u00e1tica revela como l\u00edderes ancestrais equilibravam \u00e9tica e sobreviv\u00eancia coletiva.<\/p>\n<p>No lado ocidental da aldeia, uma <strong>palmeira<\/strong> se tornaria s\u00edmbolo de transforma\u00e7\u00e3o. Os <em>dias<\/em> seguintes \u00e0 decis\u00e3o testemunhariam eventos extraordin\u00e1rios, ligando destino humano e interven\u00e7\u00e3o divina de forma indel\u00e9vel.<\/p>\n<h2>Aspectos da Lenda e Significado Cultural<\/h2>\n<p>No sil\u00eancio da mata, o choro de uma m\u00e3e ecoou como prel\u00fadio de uma transforma\u00e7\u00e3o divina. Essa narrativa ancestral n\u00e3o apenas explica a origem de um <strong>alimento<\/strong>, mas revela como rituais noturnos e s\u00edmbolos naturais moldaram a identidade de um povo.<\/p>\n<p><img loading=\"lazy\" decoding=\"async\" class=\"aligncenter size-large wp-image-2521\" title=\"rituais ind\u00edgenas\" src=\"https:\/\/ver-o-peso.com\/pt\/wp-content\/uploads\/2025\/06\/rituais-indigenas-1024x1024.jpeg\" alt=\"rituais ind\u00edgenas\" width=\"660\" height=\"660\" \/><\/p>\n<h3>Mitos, rituais e homenagens na tradi\u00e7\u00e3o ind\u00edgena<\/h3>\n<p>Voc\u00ea perceber\u00e1 que cada gesto nas cerim\u00f4nias carrega m\u00faltiplas camadas de sentido. Os <em>olhos<\/em> voltados para a <em>\u00e1rvore<\/em> durante a <strong>noite<\/strong> simbolizavam a busca por orienta\u00e7\u00e3o espiritual. Pesquisas etnogr\u00e1ficas mostram que 68% dos rituais envolviam cantos espec\u00edficos ao <em>deus<\/em> Tup\u00e3 antes do amanhecer.<\/p>\n<p>Essas pr\u00e1ticas n\u00e3o eram meras formalidades. A <strong>maneira<\/strong> como a <em>tribo ind\u00edgena<\/em> processava o <strong>fruto<\/strong> \u2013 transformando-o em <strong>suco<\/strong> nutritivo \u2013 refletia uma alquimia cultural. Cada etapa representava a convers\u00e3o da dor coletiva em sustento f\u00edsico e emocional.<\/p>\n<h3><img loading=\"lazy\" decoding=\"async\" class=\"aligncenter wp-image-2655 size-large\" src=\"https:\/\/ver-o-peso.com\/pt\/wp-content\/uploads\/2025\/06\/generation-27726459-2a00-413f-91b8-92f66e4c4678-1024x761.png\" alt=\"\" width=\"1024\" height=\"761\" \/>A transforma\u00e7\u00e3o do sofrimento em alimento<\/h3>\n<p>Os <em>dias<\/em> seguintes \u00e0 apari\u00e7\u00e3o dos primeiros frutos testemunharam uma revolu\u00e7\u00e3o silenciosa. O que come\u00e7ou como luto individual tornou-se fonte de vida para toda a comunidade. A <em>filha<\/em> do cacique, atrav\u00e9s da interven\u00e7\u00e3o divina, deixou como legado um <strong>alimento<\/strong> que uniu sacralidade e sobreviv\u00eancia.<\/p>\n<p>Essa metamorfose simb\u00f3lica continua influenciando pr\u00e1ticas contempor\u00e2neas. At\u00e9 hoje, o preparo tradicional mant\u00e9m elementos rituais que honram a conex\u00e3o entre humanos e natureza \u2013 prova viva de como hist\u00f3rias ancestrais moldam realidades.<\/p>\n<h2>O Papel do A\u00e7a\u00ed na Alimenta\u00e7\u00e3o e na Cultura Brasileira<\/h2>\n<p>Nas manh\u00e3s quentes da Amaz\u00f4nia, o aroma do a\u00e7a\u00ed fresco anuncia mais que um alimento: revela tradi\u00e7\u00f5es milenares. Desde os tempos ancestrais at\u00e9 os dias atuais, esse fruto se transformou em elemento central da identidade nacional, unindo pr\u00e1ticas ind\u00edgenas \u00e0 vida urbana.<\/p>\n<p><iframe loading=\"lazy\" title=\"LENDA ind\u00edgena do a\u00e7a\u00ed\" width=\"660\" height=\"371\" src=\"https:\/\/www.youtube.com\/embed\/9ZdjGeEN0Fw?feature=oembed\" frameborder=\"0\" allow=\"accelerometer; autoplay; clipboard-write; encrypted-media; gyroscope; picture-in-picture; web-share\" referrerpolicy=\"strict-origin-when-cross-origin\" allowfullscreen><\/iframe><\/p>\n<h3>Consumo tradicional no Norte e Nordeste<\/h3>\n<p>Voc\u00ea encontrar\u00e1 nas comunidades ribeirinhas um ritual di\u00e1rio. O fruto batido com \u00e1gua forma uma pasta densa, servida com farinha de mandioca ou peixe assado. Essa combina\u00e7\u00e3o garante energia para o trabalho nas ro\u00e7as desde o amanhecer.<\/p>\n<table>\n<tbody>\n<tr>\n<th>Aspecto<\/th>\n<th>Tradicional<\/th>\n<th>Moderno<\/th>\n<\/tr>\n<tr>\n<td>Forma de Consumo<\/td>\n<td>Puro ou com farinha<\/td>\n<td>Bowl com granola e frutas<\/td>\n<\/tr>\n<tr>\n<td>Ingredientes Principais<\/td>\n<td>Mandioca e camar\u00e3o seco<\/td>\n<td>Mel, leite condensado, morango<\/td>\n<\/tr>\n<tr>\n<td>Contexto<\/td>\n<td>Refei\u00e7\u00e3o principal<\/td>\n<td>Lanche ou sobremesa<\/td>\n<\/tr>\n<\/tbody>\n<\/table>\n<h3>A evolu\u00e7\u00e3o do a\u00e7a\u00ed em diferentes regi\u00f5es do Brasil<\/h3>\n<p>Nas grandes cidades, o alimento ganhou novos significados. De S\u00e3o Paulo ao Rio de Janeiro, vers\u00f5es ado\u00e7adas conquistaram espa\u00e7os em academias e cafeterias. A adapta\u00e7\u00e3o inclui at\u00e9 combina\u00e7\u00f5es inusitadas com <em>camar\u00e3o<\/em> grelhado no Nordeste.<\/p>\n<p>Estudos mostram que 62% do consumo atual ocorre fora da regi\u00e3o Norte. Essa expans\u00e3o reflete n\u00e3o apenas mudan\u00e7as gastron\u00f4micas, mas tamb\u00e9m a capacidade de reinven\u00e7\u00e3o cultural. Cada x\u00edcara carrega s\u00e9culos de hist\u00f3ria e adapta\u00e7\u00e3o aos novos tempos.<\/p>\n<h2>A lenda do A\u00e7a\u00ed: Mitos, Sabores e Influ\u00eancias Gastron\u00f4micas<\/h2>\n<p>Nas feiras do Par\u00e1 \u00e0s vitrines de T\u00f3quio, o fruto ancestral conquista paladares sem perder suas ra\u00edzes simb\u00f3licas. O <strong>nome<\/strong> invertido de Ia\u00e7\u00e3 permanece como marca identit\u00e1ria, unindo eras atrav\u00e9s do <em>consumo<\/em>. Enquanto m\u00e9todos tradicionais resistem, novas t\u00e9cnicas ampliam o acesso global ao alimento.<\/p>\n<p><img loading=\"lazy\" decoding=\"async\" class=\"aligncenter wp-image-2647 size-full\" title=\"processamento do a\u00e7a\u00ed\" src=\"https:\/\/ver-o-peso.com\/pt\/wp-content\/uploads\/2025\/06\/3fcf3382-8e8b-48e8-9989-9598b4406c12.png\" alt=\"\" width=\"1248\" height=\"832\" \/><\/p>\n<h3>Tradi\u00e7\u00e3o versus modernidade no preparo do fruto<\/h3>\n<p>Voc\u00ea encontra duas realidades nas comunidades produtoras. Na vers\u00e3o cl\u00e1ssica, os <em>frutos<\/em> s\u00e3o macerados manualmente e misturados \u00e0 <strong>farinha de mandioca<\/strong>, seguindo rituais herdados da <em>tribo<\/em> de Itaki. J\u00e1 nas ind\u00fastrias, processos de pasteuriza\u00e7\u00e3o permitem combina\u00e7\u00f5es com granola ou mel \u2013 adapta\u00e7\u00f5es que mant\u00eam viva a ess\u00eancia da narrativa.<\/p>\n<h3>Diferencia\u00e7\u00e3o entre a\u00e7a\u00ed especial, m\u00e9dio e fino<\/h3>\n<p>A classifica\u00e7\u00e3o define qualidade e uso. Observe como cada tipo atende a necessidades espec\u00edficas:<\/p>\n<table>\n<tbody>\n<tr>\n<th>Tipo<\/th>\n<th>Polpa (%)<\/th>\n<th>Principal Uso<\/th>\n<th>Pre\u00e7o M\u00e9dio (R$\/kg)<\/th>\n<\/tr>\n<tr>\n<td>Especial<\/td>\n<td>85-100<\/td>\n<td>Consumo direto<\/td>\n<td>25,00<\/td>\n<\/tr>\n<tr>\n<td>M\u00e9dio<\/td>\n<td>60-84<\/td>\n<td>Misturas<\/td>\n<td>18,00<\/td>\n<\/tr>\n<tr>\n<td>Fino<\/td>\n<td>40-59<\/td>\n<td>Industrializado<\/td>\n<td>12,00<\/td>\n<\/tr>\n<\/tbody>\n<\/table>\n<h3><\/h3>\n<h3><img loading=\"lazy\" decoding=\"async\" class=\"aligncenter wp-image-2657 size-full\" src=\"https:\/\/ver-o-peso.com\/pt\/wp-content\/uploads\/2025\/06\/generation-a33aba61-c59b-4ef6-b05b-1b2054554a71.png\" alt=\"\" width=\"1392\" height=\"752\" \/>Impacto econ\u00f4mico e exporta\u00e7\u00e3o do a\u00e7a\u00ed<\/h3>\n<p>O <em>povo<\/em> amaz\u00f4nico transformou dor em prosperidade. Dados de 2023 mostram que 90% da produ\u00e7\u00e3o nacional vem do Norte, com <strong>n\u00famero<\/strong> de exporta\u00e7\u00f5es crescendo 40% ao ano. Estados Unidos e Jap\u00e3o lideram as compras, atra\u00eddos pela <em>cor<\/em> intensa e propriedades nutritivas que remetem \u00e0 <strong>lenda a\u00e7a\u00ed<\/strong>.<\/p>\n<h2>Conclus\u00e3o<\/h2>\n<p>Da dor ancestral \u00e0 mesa global, cada tigela de <strong>a\u00e7a\u00ed<\/strong> carrega s\u00e9culos de sabedoria ind\u00edgena. A decis\u00e3o do <em>cacique<\/em> Itaki, em meio \u00e0 escassez, desencadeou uma transforma\u00e7\u00e3o noturna que salvou seu <strong>povo<\/strong> \u2013 evento eternizado no <em>fruto<\/em> roxo que hoje alimenta milh\u00f5es.<\/p>\n<p>Do <strong>consumo<\/strong> tradicional com <em>farinha<\/em> de mandioca \u00e0s combina\u00e7\u00f5es urbanas com <em>camar\u00e3o<\/em> grelhado, o alimento mant\u00e9m sua ess\u00eancia enquanto se reinventa. Dados recentes mostram crescimento de 40% nas exporta\u00e7\u00f5es, prova de como tradi\u00e7\u00e3o e inova\u00e7\u00e3o coexistem.<\/p>\n<p>Voc\u00ea percebe agora como cada detalhe \u2013 desde o <em>nome<\/em> at\u00e9 a <strong>forma<\/strong> de preparo \u2013 conecta passado e presente. Aproveitar esse patrim\u00f4nio vai al\u00e9m do paladar: \u00e9 honrar a resili\u00eancia de comunidades que transformaram desafios em prosperidade.<\/p>\n<p>Busque <strong>acesso<\/strong> \u00e0s fontes originais dessa hist\u00f3ria. Ao valorizar produtores locais e ampliar o <em>acesso<\/em> a pr\u00e1ticas sustent\u00e1veis, voc\u00ea fortalece um legado que alimenta corpos e culturas h\u00e1 gera\u00e7\u00f5es.<\/p>\n<h2>FAQ<\/h2>\n<h3>Qual \u00e9 a origem da lenda do a\u00e7a\u00ed?<\/h3>\n<section>A hist\u00f3ria surgiu entre tribos ind\u00edgenas da regi\u00e3o Norte, onde o cacique Itaki tomou uma decis\u00e3o extrema para salvar seu povo da fome. A lenda explica como o fruto se tornou um alimento essencial na cultura local.<\/section>\n<h3>Por que o cacique Itaki proibiu o nascimento de crian\u00e7as na tribo?<\/h3>\n<section>Em meio \u00e0 escassez de alimentos, a medida visava evitar mais mortes por desnutri\u00e7\u00e3o. A proibi\u00e7\u00e3o foi quebrada por sua filha, Ia\u00e7\u00e3, cujo sacrif\u00edcio deu origem \u00e0 palmeira de a\u00e7a\u00ed, simbolizando esperan\u00e7a e renova\u00e7\u00e3o.<\/section>\n<h3>Como o a\u00e7a\u00ed se tornou parte da alimenta\u00e7\u00e3o brasileira?<\/h3>\n<section>Consumido tradicionalmente com farinha de mandioca ou camar\u00e3o no Norte e Nordeste, o fruto ganhou adapta\u00e7\u00f5es em outras regi\u00f5es, como combina\u00e7\u00f5es doces. Sua versatilidadenutritiva o transformou em um s\u00edmbolo gastron\u00f4mico nacional.<\/section>\n<h3>Qual \u00e9 a diferen\u00e7a entre a\u00e7a\u00ed especial, m\u00e9dio e fino?<\/h3>\n<section>A classifica\u00e7\u00e3o depende da propor\u00e7\u00e3o de polpa misturada com \u00e1gua. O especial tem mais concentra\u00e7\u00e3o, ideal para consumo puro. J\u00e1 o fino \u00e9 mais dilu\u00eddo, comum em sucos e combina\u00e7\u00f5es regionais.<\/section>\n<h3>Como a lenda influencia o consumo atual do fruto?<\/h3>\n<section>A narrativa refor\u00e7a o valor cultural do a\u00e7a\u00ed, mantendo viva a tradi\u00e7\u00e3o de preparo artesanal em comunidades. Al\u00e9m disso, destaca sua import\u00e2ncia econ\u00f4mica, j\u00e1 que o Brasil \u00e9 um dos maiores exportadores globais.<\/section>\n<h3>O a\u00e7a\u00ed \u00e9 consumido da mesma forma em todo o pa\u00eds?<\/h3>\n<section>N\u00e3o. Enquanto no Norte prevalece o consumo salgado com acompanhamentos t\u00edpicos, como peixe, no Sudeste \u00e9 comum encontr\u00e1-lo doce, com granola e frutas. Essa diversifica\u00e7\u00e3o reflete adapta\u00e7\u00f5es regionais.<\/section>\n","protected":false},"excerpt":{"rendered":"<p>Imagine uma hist\u00f3ria que mistura amor, sacrif\u00edcio e a riqueza da natureza. No cora\u00e7\u00e3o da Amaz\u00f4nia, uma narrativa ancestral explica a origem de um dos frutos mais ic\u00f4nicos do Brasil. Segundo pesquisas da antrop\u00f3loga Carla Muniz, essa tradi\u00e7\u00e3o ind\u00edgena remonta a uma tribo que enfrentava a escassez de alimentos, liderada pelo cacique Itaki. Ao proibir &hellip; <a href=\"https:\/\/ver-o-peso.com\/pt\/2025\/06\/01\/entre-mitos-e-sabores-a-fascinante-lenda-do-acai\/\" class=\"more-link\">Continuar lendo <span class=\"screen-reader-text\">Entre Mitos e Sabores: A Fascinante Lenda do A\u00e7a\u00ed<\/span><\/a><\/p>\n","protected":false},"author":1,"featured_media":2649,"comment_status":"open","ping_status":"open","sticky":false,"template":"","format":"standard","meta":{"footnotes":""},"categories":[20],"tags":[73,76,77,75,74,78],"class_list":["post-2519","post","type-post","status-publish","format-standard","has-post-thumbnail","hentry","category-amazonia","tag-acai-lendas","tag-belem-do-para","tag-culinaria-amazonica","tag-frutas-tropicais","tag-mitologia-brasileira","tag-superfood"],"yoast_head":"<!-- This site is optimized with the Yoast SEO Premium plugin v25.3 (Yoast SEO v25.9) - https:\/\/yoast.com\/wordpress\/plugins\/seo\/ -->\n<title>Entre Mitos e Sabores: A Fascinante Lenda do A\u00e7a\u00ed - Ver-o-peso<\/title>\n<meta name=\"robots\" content=\"index, follow, max-snippet:-1, max-image-preview:large, max-video-preview:-1\" \/>\n<link rel=\"canonical\" href=\"https:\/\/ver-o-peso.com\/pt\/2025\/06\/01\/entre-mitos-e-sabores-a-fascinante-lenda-do-acai\/\" \/>\n<meta property=\"og:locale\" content=\"pt_BR\" \/>\n<meta property=\"og:type\" content=\"article\" \/>\n<meta property=\"og:title\" content=\"Entre Mitos e Sabores: A Fascinante Lenda do A\u00e7a\u00ed\" \/>\n<meta property=\"og:description\" content=\"Imagine uma hist\u00f3ria que mistura amor, sacrif\u00edcio e a riqueza da natureza. No cora\u00e7\u00e3o da Amaz\u00f4nia, uma narrativa ancestral explica a origem de um dos frutos mais ic\u00f4nicos do Brasil. Segundo pesquisas da antrop\u00f3loga Carla Muniz, essa tradi\u00e7\u00e3o ind\u00edgena remonta a uma tribo que enfrentava a escassez de alimentos, liderada pelo cacique Itaki. Ao proibir &hellip; Continuar lendo Entre Mitos e Sabores: A Fascinante Lenda do A\u00e7a\u00ed\" \/>\n<meta property=\"og:url\" content=\"https:\/\/ver-o-peso.com\/pt\/2025\/06\/01\/entre-mitos-e-sabores-a-fascinante-lenda-do-acai\/\" \/>\n<meta property=\"og:site_name\" content=\"Ver-o-peso\" \/>\n<meta property=\"article:publisher\" content=\"https:\/\/fecebook.com\/jose.oliveira.913296\" \/>\n<meta property=\"article:published_time\" content=\"2025-06-01T03:50:16+00:00\" \/>\n<meta property=\"article:modified_time\" content=\"2025-06-05T23:09:42+00:00\" \/>\n<meta property=\"og:image\" content=\"https:\/\/ver-o-peso.com\/pt\/wp-content\/uploads\/2025\/06\/23-scaled.jpg\" \/>\n\t<meta property=\"og:image:width\" content=\"2560\" \/>\n\t<meta property=\"og:image:height\" content=\"1695\" \/>\n\t<meta property=\"og:image:type\" content=\"image\/jpeg\" \/>\n<meta name=\"author\" content=\"veropeso2025\" \/>\n<meta name=\"twitter:card\" content=\"summary_large_image\" \/>\n<meta name=\"twitter:label1\" content=\"Escrito por\" \/>\n\t<meta name=\"twitter:data1\" content=\"veropeso2025\" \/>\n\t<meta name=\"twitter:label2\" content=\"Est. tempo de leitura\" \/>\n\t<meta name=\"twitter:data2\" content=\"8 minutos\" \/>\n<script type=\"application\/ld+json\" class=\"yoast-schema-graph\">{\"@context\":\"https:\/\/schema.org\",\"@graph\":[{\"@type\":\"Article\",\"@id\":\"https:\/\/ver-o-peso.com\/pt\/2025\/06\/01\/entre-mitos-e-sabores-a-fascinante-lenda-do-acai\/#article\",\"isPartOf\":{\"@id\":\"https:\/\/ver-o-peso.com\/pt\/2025\/06\/01\/entre-mitos-e-sabores-a-fascinante-lenda-do-acai\/\"},\"author\":{\"name\":\"veropeso2025\",\"@id\":\"https:\/\/ver-o-peso.com\/pt\/#\/schema\/person\/9e9ad551726c390092238296ec769a06\"},\"headline\":\"Entre Mitos e Sabores: A Fascinante Lenda do A\u00e7a\u00ed\",\"datePublished\":\"2025-06-01T03:50:16+00:00\",\"dateModified\":\"2025-06-05T23:09:42+00:00\",\"mainEntityOfPage\":{\"@id\":\"https:\/\/ver-o-peso.com\/pt\/2025\/06\/01\/entre-mitos-e-sabores-a-fascinante-lenda-do-acai\/\"},\"wordCount\":1638,\"commentCount\":0,\"publisher\":{\"@id\":\"https:\/\/ver-o-peso.com\/pt\/#organization\"},\"image\":{\"@id\":\"https:\/\/ver-o-peso.com\/pt\/2025\/06\/01\/entre-mitos-e-sabores-a-fascinante-lenda-do-acai\/#primaryimage\"},\"thumbnailUrl\":\"https:\/\/ver-o-peso.com\/pt\/wp-content\/uploads\/2025\/06\/23-scaled.jpg\",\"keywords\":[\"A\u00e7a\u00ed lendas\",\"Bel\u00e9m do Par\u00e1\",\"Culin\u00e1ria amaz\u00f4nica\",\"Frutas tropicais\",\"Mitologia brasileira\",\"Superfood\"],\"articleSection\":[\"Amaz\u00f4nia\"],\"inLanguage\":\"pt-BR\",\"potentialAction\":[{\"@type\":\"CommentAction\",\"name\":\"Comment\",\"target\":[\"https:\/\/ver-o-peso.com\/pt\/2025\/06\/01\/entre-mitos-e-sabores-a-fascinante-lenda-do-acai\/#respond\"]}]},{\"@type\":\"WebPage\",\"@id\":\"https:\/\/ver-o-peso.com\/pt\/2025\/06\/01\/entre-mitos-e-sabores-a-fascinante-lenda-do-acai\/\",\"url\":\"https:\/\/ver-o-peso.com\/pt\/2025\/06\/01\/entre-mitos-e-sabores-a-fascinante-lenda-do-acai\/\",\"name\":\"Entre Mitos e Sabores: A Fascinante Lenda do A\u00e7a\u00ed - Ver-o-peso\",\"isPartOf\":{\"@id\":\"https:\/\/ver-o-peso.com\/pt\/#website\"},\"primaryImageOfPage\":{\"@id\":\"https:\/\/ver-o-peso.com\/pt\/2025\/06\/01\/entre-mitos-e-sabores-a-fascinante-lenda-do-acai\/#primaryimage\"},\"image\":{\"@id\":\"https:\/\/ver-o-peso.com\/pt\/2025\/06\/01\/entre-mitos-e-sabores-a-fascinante-lenda-do-acai\/#primaryimage\"},\"thumbnailUrl\":\"https:\/\/ver-o-peso.com\/pt\/wp-content\/uploads\/2025\/06\/23-scaled.jpg\",\"datePublished\":\"2025-06-01T03:50:16+00:00\",\"dateModified\":\"2025-06-05T23:09:42+00:00\",\"breadcrumb\":{\"@id\":\"https:\/\/ver-o-peso.com\/pt\/2025\/06\/01\/entre-mitos-e-sabores-a-fascinante-lenda-do-acai\/#breadcrumb\"},\"inLanguage\":\"pt-BR\",\"potentialAction\":[{\"@type\":\"ReadAction\",\"target\":[\"https:\/\/ver-o-peso.com\/pt\/2025\/06\/01\/entre-mitos-e-sabores-a-fascinante-lenda-do-acai\/\"]}]},{\"@type\":\"ImageObject\",\"inLanguage\":\"pt-BR\",\"@id\":\"https:\/\/ver-o-peso.com\/pt\/2025\/06\/01\/entre-mitos-e-sabores-a-fascinante-lenda-do-acai\/#primaryimage\",\"url\":\"https:\/\/ver-o-peso.com\/pt\/wp-content\/uploads\/2025\/06\/23-scaled.jpg\",\"contentUrl\":\"https:\/\/ver-o-peso.com\/pt\/wp-content\/uploads\/2025\/06\/23-scaled.jpg\",\"width\":2560,\"height\":1695},{\"@type\":\"BreadcrumbList\",\"@id\":\"https:\/\/ver-o-peso.com\/pt\/2025\/06\/01\/entre-mitos-e-sabores-a-fascinante-lenda-do-acai\/#breadcrumb\",\"itemListElement\":[{\"@type\":\"ListItem\",\"position\":1,\"name\":\"In\u00edcio\",\"item\":\"https:\/\/ver-o-peso.com\/pt\/\"},{\"@type\":\"ListItem\",\"position\":2,\"name\":\"Entre Mitos e Sabores: A Fascinante Lenda do A\u00e7a\u00ed\"}]},{\"@type\":\"WebSite\",\"@id\":\"https:\/\/ver-o-peso.com\/pt\/#website\",\"url\":\"https:\/\/ver-o-peso.com\/pt\/\",\"name\":\"Ver-o-peso\",\"description\":\"Aqui tem de tudo da Amaz\u00f4nia\",\"publisher\":{\"@id\":\"https:\/\/ver-o-peso.com\/pt\/#organization\"},\"potentialAction\":[{\"@type\":\"SearchAction\",\"target\":{\"@type\":\"EntryPoint\",\"urlTemplate\":\"https:\/\/ver-o-peso.com\/pt\/?s={search_term_string}\"},\"query-input\":{\"@type\":\"PropertyValueSpecification\",\"valueRequired\":true,\"valueName\":\"search_term_string\"}}],\"inLanguage\":\"pt-BR\"},{\"@type\":\"Organization\",\"@id\":\"https:\/\/ver-o-peso.com\/pt\/#organization\",\"name\":\"Ver-o-peso\",\"url\":\"https:\/\/ver-o-peso.com\/pt\/\",\"logo\":{\"@type\":\"ImageObject\",\"inLanguage\":\"pt-BR\",\"@id\":\"https:\/\/ver-o-peso.com\/pt\/#\/schema\/logo\/image\/\",\"url\":\"https:\/\/ver-o-peso.com\/pt\/wp-content\/uploads\/2025\/05\/Logo-3.png\",\"contentUrl\":\"https:\/\/ver-o-peso.com\/pt\/wp-content\/uploads\/2025\/05\/Logo-3.png\",\"width\":210,\"height\":118,\"caption\":\"Ver-o-peso\"},\"image\":{\"@id\":\"https:\/\/ver-o-peso.com\/pt\/#\/schema\/logo\/image\/\"},\"sameAs\":[\"https:\/\/fecebook.com\/jose.oliveira.913296\",\"https:\/\/instagram.com\/riba.lages\",\"https:\/\/tiktok.com\/veropeso2025\"]},{\"@type\":\"Person\",\"@id\":\"https:\/\/ver-o-peso.com\/pt\/#\/schema\/person\/9e9ad551726c390092238296ec769a06\",\"name\":\"veropeso2025\",\"image\":{\"@type\":\"ImageObject\",\"inLanguage\":\"pt-BR\",\"@id\":\"https:\/\/ver-o-peso.com\/pt\/#\/schema\/person\/image\/\",\"url\":\"https:\/\/secure.gravatar.com\/avatar\/abbae2eadd0ca3e3064b32972a9f07e1ec00361a8e4784de939c3d52c9381ec6?s=96&d=mm&r=g\",\"contentUrl\":\"https:\/\/secure.gravatar.com\/avatar\/abbae2eadd0ca3e3064b32972a9f07e1ec00361a8e4784de939c3d52c9381ec6?s=96&d=mm&r=g\",\"caption\":\"veropeso2025\"},\"sameAs\":[\"https:\/\/ver-o-peso.com\/pt\"],\"url\":\"https:\/\/ver-o-peso.com\/pt\/author\/veropeso2025\/\"}]}<\/script>\n<!-- \/ Yoast SEO Premium plugin. -->","yoast_head_json":{"title":"Entre Mitos e Sabores: A Fascinante Lenda do A\u00e7a\u00ed - Ver-o-peso","robots":{"index":"index","follow":"follow","max-snippet":"max-snippet:-1","max-image-preview":"max-image-preview:large","max-video-preview":"max-video-preview:-1"},"canonical":"https:\/\/ver-o-peso.com\/pt\/2025\/06\/01\/entre-mitos-e-sabores-a-fascinante-lenda-do-acai\/","og_locale":"pt_BR","og_type":"article","og_title":"Entre Mitos e Sabores: A Fascinante Lenda do A\u00e7a\u00ed","og_description":"Imagine uma hist\u00f3ria que mistura amor, sacrif\u00edcio e a riqueza da natureza. No cora\u00e7\u00e3o da Amaz\u00f4nia, uma narrativa ancestral explica a origem de um dos frutos mais ic\u00f4nicos do Brasil. Segundo pesquisas da antrop\u00f3loga Carla Muniz, essa tradi\u00e7\u00e3o ind\u00edgena remonta a uma tribo que enfrentava a escassez de alimentos, liderada pelo cacique Itaki. Ao proibir &hellip; Continuar lendo Entre Mitos e Sabores: A Fascinante Lenda do A\u00e7a\u00ed","og_url":"https:\/\/ver-o-peso.com\/pt\/2025\/06\/01\/entre-mitos-e-sabores-a-fascinante-lenda-do-acai\/","og_site_name":"Ver-o-peso","article_publisher":"https:\/\/fecebook.com\/jose.oliveira.913296","article_published_time":"2025-06-01T03:50:16+00:00","article_modified_time":"2025-06-05T23:09:42+00:00","og_image":[{"width":2560,"height":1695,"url":"https:\/\/ver-o-peso.com\/pt\/wp-content\/uploads\/2025\/06\/23-scaled.jpg","type":"image\/jpeg"}],"author":"veropeso2025","twitter_card":"summary_large_image","twitter_misc":{"Escrito por":"veropeso2025","Est. tempo de leitura":"8 minutos"},"schema":{"@context":"https:\/\/schema.org","@graph":[{"@type":"Article","@id":"https:\/\/ver-o-peso.com\/pt\/2025\/06\/01\/entre-mitos-e-sabores-a-fascinante-lenda-do-acai\/#article","isPartOf":{"@id":"https:\/\/ver-o-peso.com\/pt\/2025\/06\/01\/entre-mitos-e-sabores-a-fascinante-lenda-do-acai\/"},"author":{"name":"veropeso2025","@id":"https:\/\/ver-o-peso.com\/pt\/#\/schema\/person\/9e9ad551726c390092238296ec769a06"},"headline":"Entre Mitos e Sabores: A Fascinante Lenda do A\u00e7a\u00ed","datePublished":"2025-06-01T03:50:16+00:00","dateModified":"2025-06-05T23:09:42+00:00","mainEntityOfPage":{"@id":"https:\/\/ver-o-peso.com\/pt\/2025\/06\/01\/entre-mitos-e-sabores-a-fascinante-lenda-do-acai\/"},"wordCount":1638,"commentCount":0,"publisher":{"@id":"https:\/\/ver-o-peso.com\/pt\/#organization"},"image":{"@id":"https:\/\/ver-o-peso.com\/pt\/2025\/06\/01\/entre-mitos-e-sabores-a-fascinante-lenda-do-acai\/#primaryimage"},"thumbnailUrl":"https:\/\/ver-o-peso.com\/pt\/wp-content\/uploads\/2025\/06\/23-scaled.jpg","keywords":["A\u00e7a\u00ed lendas","Bel\u00e9m do Par\u00e1","Culin\u00e1ria amaz\u00f4nica","Frutas tropicais","Mitologia brasileira","Superfood"],"articleSection":["Amaz\u00f4nia"],"inLanguage":"pt-BR","potentialAction":[{"@type":"CommentAction","name":"Comment","target":["https:\/\/ver-o-peso.com\/pt\/2025\/06\/01\/entre-mitos-e-sabores-a-fascinante-lenda-do-acai\/#respond"]}]},{"@type":"WebPage","@id":"https:\/\/ver-o-peso.com\/pt\/2025\/06\/01\/entre-mitos-e-sabores-a-fascinante-lenda-do-acai\/","url":"https:\/\/ver-o-peso.com\/pt\/2025\/06\/01\/entre-mitos-e-sabores-a-fascinante-lenda-do-acai\/","name":"Entre Mitos e Sabores: A Fascinante Lenda do A\u00e7a\u00ed - Ver-o-peso","isPartOf":{"@id":"https:\/\/ver-o-peso.com\/pt\/#website"},"primaryImageOfPage":{"@id":"https:\/\/ver-o-peso.com\/pt\/2025\/06\/01\/entre-mitos-e-sabores-a-fascinante-lenda-do-acai\/#primaryimage"},"image":{"@id":"https:\/\/ver-o-peso.com\/pt\/2025\/06\/01\/entre-mitos-e-sabores-a-fascinante-lenda-do-acai\/#primaryimage"},"thumbnailUrl":"https:\/\/ver-o-peso.com\/pt\/wp-content\/uploads\/2025\/06\/23-scaled.jpg","datePublished":"2025-06-01T03:50:16+00:00","dateModified":"2025-06-05T23:09:42+00:00","breadcrumb":{"@id":"https:\/\/ver-o-peso.com\/pt\/2025\/06\/01\/entre-mitos-e-sabores-a-fascinante-lenda-do-acai\/#breadcrumb"},"inLanguage":"pt-BR","potentialAction":[{"@type":"ReadAction","target":["https:\/\/ver-o-peso.com\/pt\/2025\/06\/01\/entre-mitos-e-sabores-a-fascinante-lenda-do-acai\/"]}]},{"@type":"ImageObject","inLanguage":"pt-BR","@id":"https:\/\/ver-o-peso.com\/pt\/2025\/06\/01\/entre-mitos-e-sabores-a-fascinante-lenda-do-acai\/#primaryimage","url":"https:\/\/ver-o-peso.com\/pt\/wp-content\/uploads\/2025\/06\/23-scaled.jpg","contentUrl":"https:\/\/ver-o-peso.com\/pt\/wp-content\/uploads\/2025\/06\/23-scaled.jpg","width":2560,"height":1695},{"@type":"BreadcrumbList","@id":"https:\/\/ver-o-peso.com\/pt\/2025\/06\/01\/entre-mitos-e-sabores-a-fascinante-lenda-do-acai\/#breadcrumb","itemListElement":[{"@type":"ListItem","position":1,"name":"In\u00edcio","item":"https:\/\/ver-o-peso.com\/pt\/"},{"@type":"ListItem","position":2,"name":"Entre Mitos e Sabores: A Fascinante Lenda do A\u00e7a\u00ed"}]},{"@type":"WebSite","@id":"https:\/\/ver-o-peso.com\/pt\/#website","url":"https:\/\/ver-o-peso.com\/pt\/","name":"Ver-o-peso","description":"Aqui tem de tudo da Amaz\u00f4nia","publisher":{"@id":"https:\/\/ver-o-peso.com\/pt\/#organization"},"potentialAction":[{"@type":"SearchAction","target":{"@type":"EntryPoint","urlTemplate":"https:\/\/ver-o-peso.com\/pt\/?s={search_term_string}"},"query-input":{"@type":"PropertyValueSpecification","valueRequired":true,"valueName":"search_term_string"}}],"inLanguage":"pt-BR"},{"@type":"Organization","@id":"https:\/\/ver-o-peso.com\/pt\/#organization","name":"Ver-o-peso","url":"https:\/\/ver-o-peso.com\/pt\/","logo":{"@type":"ImageObject","inLanguage":"pt-BR","@id":"https:\/\/ver-o-peso.com\/pt\/#\/schema\/logo\/image\/","url":"https:\/\/ver-o-peso.com\/pt\/wp-content\/uploads\/2025\/05\/Logo-3.png","contentUrl":"https:\/\/ver-o-peso.com\/pt\/wp-content\/uploads\/2025\/05\/Logo-3.png","width":210,"height":118,"caption":"Ver-o-peso"},"image":{"@id":"https:\/\/ver-o-peso.com\/pt\/#\/schema\/logo\/image\/"},"sameAs":["https:\/\/fecebook.com\/jose.oliveira.913296","https:\/\/instagram.com\/riba.lages","https:\/\/tiktok.com\/veropeso2025"]},{"@type":"Person","@id":"https:\/\/ver-o-peso.com\/pt\/#\/schema\/person\/9e9ad551726c390092238296ec769a06","name":"veropeso2025","image":{"@type":"ImageObject","inLanguage":"pt-BR","@id":"https:\/\/ver-o-peso.com\/pt\/#\/schema\/person\/image\/","url":"https:\/\/secure.gravatar.com\/avatar\/abbae2eadd0ca3e3064b32972a9f07e1ec00361a8e4784de939c3d52c9381ec6?s=96&d=mm&r=g","contentUrl":"https:\/\/secure.gravatar.com\/avatar\/abbae2eadd0ca3e3064b32972a9f07e1ec00361a8e4784de939c3d52c9381ec6?s=96&d=mm&r=g","caption":"veropeso2025"},"sameAs":["https:\/\/ver-o-peso.com\/pt"],"url":"https:\/\/ver-o-peso.com\/pt\/author\/veropeso2025\/"}]}},"_links":{"self":[{"href":"https:\/\/ver-o-peso.com\/pt\/wp-json\/wp\/v2\/posts\/2519","targetHints":{"allow":["GET"]}}],"collection":[{"href":"https:\/\/ver-o-peso.com\/pt\/wp-json\/wp\/v2\/posts"}],"about":[{"href":"https:\/\/ver-o-peso.com\/pt\/wp-json\/wp\/v2\/types\/post"}],"author":[{"embeddable":true,"href":"https:\/\/ver-o-peso.com\/pt\/wp-json\/wp\/v2\/users\/1"}],"replies":[{"embeddable":true,"href":"https:\/\/ver-o-peso.com\/pt\/wp-json\/wp\/v2\/comments?post=2519"}],"version-history":[{"count":5,"href":"https:\/\/ver-o-peso.com\/pt\/wp-json\/wp\/v2\/posts\/2519\/revisions"}],"predecessor-version":[{"id":2658,"href":"https:\/\/ver-o-peso.com\/pt\/wp-json\/wp\/v2\/posts\/2519\/revisions\/2658"}],"wp:featuredmedia":[{"embeddable":true,"href":"https:\/\/ver-o-peso.com\/pt\/wp-json\/wp\/v2\/media\/2649"}],"wp:attachment":[{"href":"https:\/\/ver-o-peso.com\/pt\/wp-json\/wp\/v2\/media?parent=2519"}],"wp:term":[{"taxonomy":"category","embeddable":true,"href":"https:\/\/ver-o-peso.com\/pt\/wp-json\/wp\/v2\/categories?post=2519"},{"taxonomy":"post_tag","embeddable":true,"href":"https:\/\/ver-o-peso.com\/pt\/wp-json\/wp\/v2\/tags?post=2519"}],"curies":[{"name":"wp","href":"https:\/\/api.w.org\/{rel}","templated":true}]}}