{"id":2521,"date":"2025-06-01T00:55:13","date_gmt":"2025-06-01T00:50:18","guid":{"rendered":"https:\/\/ver-o-peso.com\/pt\/wp-content\/uploads\/2025\/06\/rituais-indigenas.jpeg"},"modified":"2025-05-31T21:55:33","modified_gmt":"2025-06-01T00:55:33","slug":"rituais-indigenas","status":"publish","type":"post","link":"https:\/\/ver-o-peso.com\/pt\/2025\/06\/01\/rituais-indigenas\/","title":{"rendered":"Desmatamento e Extra\u00e7\u00e3o de Madeira na Amaz\u00f4nia: Uma Crise Ambiental e Social"},"content":{"rendered":"<div class=\"styled-container\">\n<section id=\"introduction\">\n<p>A Amaz\u00f4nia, maior floresta tropical do mundo, enfrenta uma amea\u00e7a crescente com o avan\u00e7o do desmatamento e da extra\u00e7\u00e3o ilegal de madeira. Com uma \u00e1rea equivalente ao tamanho de Bel\u00e9m sendo devastada em apenas um ano, a situa\u00e7\u00e3o exige aten\u00e7\u00e3o urgente. Este artigo explora as causas, impactos e poss\u00edveis solu\u00e7\u00f5es para este problema que afeta n\u00e3o apenas o Brasil, mas todo o planeta.<\/p>\n<\/section>\n<section id=\"importance\">\n<div class=\"img-container\">\n<p class=\"img-caption\">Vista a\u00e9rea mostrando o contraste entre floresta preservada e \u00e1reas de desmatamento na Amaz\u00f4nia. Foto: Document\u00e1rio ambiental.<\/p>\n<\/p><\/div>\n<h2>A Import\u00e2ncia da Amaz\u00f4nia e a Gravidade do Desmatamento<\/h2>\n<p>A floresta amaz\u00f4nica abrange nove pa\u00edses na Am\u00e9rica Latina, com 60% de sua extens\u00e3o localizada no Brasil. Este bioma \u00fanico abriga cerca de 26% da flora conhecida do pa\u00eds, com mais de 13 mil esp\u00e9cies vegetais catalogadas. Al\u00e9m de sua biodiversidade incompar\u00e1vel, a Amaz\u00f4nia desempenha papel crucial na regula\u00e7\u00e3o do clima global e no ciclo hidrol\u00f3gico da Am\u00e9rica do Sul.<\/p>\n<p>Segundo dados do Instituto Nacional de Pesquisas Espaciais (INPE), o desmatamento na Amaz\u00f4nia Legal Brasileira atingiu n\u00edveis alarmantes nos \u00faltimos anos. Em 2022, a \u00e1rea degradada pela extra\u00e7\u00e3o de madeira e queimadas chegou a quase 1.000 km\u00b2 apenas em agosto, representando um aumento de 5.322% em rela\u00e7\u00e3o ao mesmo m\u00eas do ano anterior.<\/p>\n<p>Esta devasta\u00e7\u00e3o n\u00e3o apenas compromete a biodiversidade, mas tamb\u00e9m afeta diretamente comunidades ind\u00edgenas e tradicionais que dependem da floresta para sua sobreviv\u00eancia f\u00edsica e cultural. Como afirmou uma lideran\u00e7a ind\u00edgena da Terra Ind\u00edgena Ararib\u00f3ia: &#8220;A cultura ind\u00edgena pode ser extinta quando n\u00e3o houver mais floresta e os animais, a\u00ed a nossa cultura morre.&#8221;<\/p>\n<\/section>\n<section id=\"causes\">\n<h2>Causas do Desmatamento e Extra\u00e7\u00e3o Ilegal de Madeira<\/h2>\n<div class=\"img-container\">\n    <img loading=\"lazy\" decoding=\"async\" src=\"https:\/\/ver-o-peso.com\/pt\/wp-content\/uploads\/2025\/06\/Caminhao-transportando-madeira-ilegal-apreendido-durante-operacao-do-IBAMA-na-Amazonia-1024x1024.jpeg\" alt=\"Caminh\u00e3o transportando madeira ilegal apreendido durante opera\u00e7\u00e3o do IBAMA na Amaz\u00f4nia\" title=\"Caminh\u00e3o transportando madeira ilegal apreendido durante opera\u00e7\u00e3o do IBAMA na Amaz\u00f4nia\" width=\"660\" height=\"660\" class=\"aligncenter size-large wp-image-2553\" \/><\/p>\n<p class=\"img-caption\">Caminh\u00e3o transportando madeira ilegal detido em opera\u00e7\u00e3o do IBAMA na rodovia Transamaz\u00f4nica. Foto: Lalo de Almeida\/Folhapress.<\/p>\n<\/p><\/div>\n<p>O desmatamento e a extra\u00e7\u00e3o ilegal de madeira na Amaz\u00f4nia s\u00e3o impulsionados por diversos fatores econ\u00f4micos, sociais e pol\u00edticos. Entre as principais causas est\u00e3o:<\/p>\n<div class=\"two-columns\">\n<div>\n<h3>Fatores Econ\u00f4micos<\/h3>\n<ul class=\"custom-list\">\n<li>Demanda global por madeira de alto valor comercial<\/li>\n<li>Expans\u00e3o da fronteira agropecu\u00e1ria para cria\u00e7\u00e3o de gado e plantio de soja<\/li>\n<li>Especula\u00e7\u00e3o imobili\u00e1ria e grilagem de terras p\u00fablicas<\/li>\n<li>Lucratividade da extra\u00e7\u00e3o ilegal comparada \u00e0 legal<\/li>\n<\/ul><\/div>\n<div>\n<h3>Fatores Institucionais<\/h3>\n<ul class=\"custom-list\">\n<li>Fiscaliza\u00e7\u00e3o insuficiente por \u00f3rg\u00e3os ambientais<\/li>\n<li>Fraudes em sistemas de controle da cadeia madeireira<\/li>\n<li>Corrup\u00e7\u00e3o e impunidade para crimes ambientais<\/li>\n<li>Fragilidade na demarca\u00e7\u00e3o e prote\u00e7\u00e3o de \u00e1reas protegidas<\/li>\n<\/ul><\/div><\/div>\n<p>Segundo o IBAMA, diversos grupos criminosos est\u00e3o envolvidos em fraudes na cadeia florestal, comprando madeiras de origem ilegal e financiando o corte ilegal. Estes grupos frequentemente acobertam a origem il\u00edcita por meio de cr\u00e9ditos virtuais fraudulentos no sistema de controle florestal.<\/p>\n<p>A Pol\u00edcia Rodovi\u00e1ria Federal do Maranh\u00e3o (PRF-MA) reporta que as apreens\u00f5es de madeira ilegal chegaram a 6.208 m\u00b3 em 2021, 4.847 m\u00b3 em 2022, e j\u00e1 somavam 3.204 m\u00b3 apenas no primeiro semestre de 2023. As maiores apreens\u00f5es ocorrem nas cidades de Imperatriz e Santa In\u00eas, rotas conhecidas de escoamento da madeira ilegal.<\/p>\n<\/section>\n<section id=\"impacts\">\n<h2>Impactos Ambientais e Sociais<\/h2>\n<div class=\"img-container\">\n    <img loading=\"lazy\" decoding=\"async\" src=\"https:\/\/ver-o-peso.com\/pt\/wp-content\/uploads\/2025\/06\/Area-de-floresta-amazonica-degradada-apos-extracao-seletiva-de-madeira-mostrando-clareiras-e-1024x1024.jpeg\" alt=\"\u00c1rea de floresta amaz\u00f4nica degradada ap\u00f3s extra\u00e7\u00e3o seletiva de madeira mostrando clareiras e estradas de acesso\" title=\"\u00c1rea de floresta amaz\u00f4nica degradada ap\u00f3s extra\u00e7\u00e3o seletiva de madeira mostrando clareiras e estradas de acesso\" width=\"660\" height=\"660\" class=\"aligncenter size-large wp-image-2554\" \/><\/p>\n<p class=\"img-caption\">\u00c1rea degradada por extra\u00e7\u00e3o seletiva de madeira na Amaz\u00f4nia, mostrando o impacto na estrutura da floresta. Foto: Christian Braga\/Greenpeace.<\/p>\n<\/p><\/div>\n<p>A extra\u00e7\u00e3o ilegal de madeira e o desmatamento na Amaz\u00f4nia geram impactos devastadores tanto para o meio ambiente quanto para as comunidades locais:<\/p>\n<h3>Impactos Ambientais<\/h3>\n<div class=\"pros-cons\">\n<div class=\"cons\">\n<h4 class=\"cons-title\">Consequ\u00eancias Ambientais<\/h4>\n<ul>\n<li>Perda de biodiversidade e extin\u00e7\u00e3o de esp\u00e9cies<\/li>\n<li>Degrada\u00e7\u00e3o florestal que torna a \u00e1rea mais suscet\u00edvel a inc\u00eandios<\/li>\n<li>Emiss\u00e3o de gases de efeito estufa contribuindo para mudan\u00e7as clim\u00e1ticas<\/li>\n<li>Altera\u00e7\u00e3o no regime de chuvas regional e continental<\/li>\n<li>Assoreamento de rios e impacto em nascentes<\/li>\n<\/ul><\/div>\n<div class=\"cons\">\n<h4 class=\"cons-title\">Consequ\u00eancias Sociais<\/h4>\n<ul>\n<li>Amea\u00e7as \u00e0 sobreviv\u00eancia f\u00edsica e cultural de povos ind\u00edgenas<\/li>\n<li>Conflitos fundi\u00e1rios e viol\u00eancia no campo<\/li>\n<li>Perda de servi\u00e7os ecossist\u00eamicos essenciais para comunidades locais<\/li>\n<li>Impacto na soberania alimentar de popula\u00e7\u00f5es tradicionais<\/li>\n<li>Aumento da vulnerabilidade social e econ\u00f4mica<\/li>\n<\/ul><\/div><\/div>\n<p>A degrada\u00e7\u00e3o florestal \u00e9 considerada o primeiro est\u00e1gio para a destrui\u00e7\u00e3o total da vegeta\u00e7\u00e3o nativa. Ela ocorre quando parte da mata \u00e9 retirada pela explora\u00e7\u00e3o madeireira ou afetada pelo fogo. \u00c9 comum que uma \u00e1rea classificada como degradada seja posteriormente desmatada completamente para outros usos, como agropecu\u00e1ria ou especula\u00e7\u00e3o imobili\u00e1ria.<\/p>\n<p>Como explica Marcilene Guajajara, da Coordena\u00e7\u00e3o das Organiza\u00e7\u00f5es e Articula\u00e7\u00f5es dos Povos Ind\u00edgenas do Maranh\u00e3o (Coapima): &#8220;Hoje, a maior parte desse povo vive amea\u00e7ado dentro dos territ\u00f3rios. Isso causa muito medo. As pessoas j\u00e1 n\u00e3o t\u00eam tanta liberdade de viver, como antes.&#8221;<\/p>\n<\/section>\n<section id=\"statistics\">\n<h2>Estat\u00edsticas Recentes do Desmatamento na Amaz\u00f4nia<\/h2>\n<div class=\"img-container\">\n    <img loading=\"lazy\" decoding=\"async\" src=\"https:\/\/ver-o-peso.com\/pt\/wp-content\/uploads\/2025\/06\/Grafico-mostrando-o-aumento-do-desmatamento-e-extracao-de-madeira-na-Amazonia-nos-ultimos-anos-1024x1024.jpeg\" alt=\"Gr\u00e1fico mostrando o aumento do desmatamento e extra\u00e7\u00e3o de madeira na Amaz\u00f4nia nos \u00faltimos anos\" title=\"Gr\u00e1fico mostrando o aumento do desmatamento e extra\u00e7\u00e3o de madeira na Amaz\u00f4nia nos \u00faltimos anos\" width=\"660\" height=\"660\" class=\"aligncenter size-large wp-image-2555\" \/><\/p>\n<p class=\"img-caption\">Gr\u00e1fico mostrando a evolu\u00e7\u00e3o do desmatamento na Amaz\u00f4nia Legal entre 2018 e 2022. Fonte: Sistema de Alertas de Desmatamento (SAD)\/Imazon.<\/p>\n<\/p><\/div>\n<p>Os dados recentes sobre o desmatamento e a extra\u00e7\u00e3o de madeira na Amaz\u00f4nia revelam um cen\u00e1rio preocupante:<\/p>\n<div class=\"table-container\">\n<table class=\"responsive-table responsive-table-striped\">\n<thead>\n<tr>\n<td data-row=\"head\">Per\u00edodo<\/td>\n<td data-row=\"head\">\u00c1rea Desmatada<\/td>\n<td data-row=\"head\">Varia\u00e7\u00e3o<\/td>\n<td data-row=\"head\">Estados Mais Afetados<\/td>\n<\/tr>\n<\/thead>\n<tbody>\n<tr>\n<td data-label=\"Per\u00edodo\">Agosto 2021-2022<\/td>\n<td data-label=\"\u00c1rea Desmatada\">394 mil hectares<\/td>\n<td data-label=\"Varia\u00e7\u00e3o\">+4,5% em rela\u00e7\u00e3o ao per\u00edodo anterior<\/td>\n<td data-label=\"Estados Mais Afetados\">Mato Grosso (65,8%), Par\u00e1, Amazonas<\/td>\n<\/tr>\n<tr>\n<td data-label=\"Per\u00edodo\">Agosto 2022<\/td>\n<td data-label=\"\u00c1rea Desmatada\">1.000 km\u00b2 (degrada\u00e7\u00e3o)<\/td>\n<td data-label=\"Varia\u00e7\u00e3o\">+5.322% em rela\u00e7\u00e3o a agosto 2021<\/td>\n<td data-label=\"Estados Mais Afetados\">Mato Grosso (67%), Par\u00e1 (25%)<\/td>\n<\/tr>\n<tr>\n<td data-label=\"Per\u00edodo\">2022 (acumulado)<\/td>\n<td data-label=\"\u00c1rea Desmatada\">8.000 km\u00b2<\/td>\n<td data-label=\"Varia\u00e7\u00e3o\">Maior dos \u00faltimos 15 anos<\/td>\n<td data-label=\"Estados Mais Afetados\">Par\u00e1, Amazonas, Acre<\/td>\n<\/tr>\n<tr>\n<td data-label=\"Per\u00edodo\">2021-2022 (ilegal)<\/td>\n<td data-label=\"\u00c1rea Desmatada\">106 mil hectares<\/td>\n<td data-label=\"Varia\u00e7\u00e3o\">-25% em rela\u00e7\u00e3o ao per\u00edodo anterior<\/td>\n<td data-label=\"Estados Mais Afetados\">Mato Grosso, Par\u00e1<\/td>\n<\/tr>\n<\/tbody>\n<\/table><\/div>\n<p>Segundo o mapeamento realizado pelo Sistema de Monitoramento da Explora\u00e7\u00e3o Madeireira (Simex), 106 mil hectares de floresta foram explorados ilegalmente entre 2021 e 2022, uma \u00e1rea equivalente ao tamanho da cidade de Bel\u00e9m. Deste total, 19,5% ocorreu em terras ind\u00edgenas.<\/p>\n<p>O estado do Amazonas registrou o aumento mais dram\u00e1tico na explora\u00e7\u00e3o madeireira, com um crescimento de 236,9% entre 2021 e 2022. O Acre tamb\u00e9m apresentou aumento significativo, mais que dobrando sua \u00e1rea explorada de 10 mil para 25 mil hectares.<\/p>\n<\/section>\n<section id=\"conservation\">\n<h2>Esfor\u00e7os de Conserva\u00e7\u00e3o e Monitoramento<\/h2>\n<div class=\"img-container\">\n    <img loading=\"lazy\" decoding=\"async\" src=\"https:\/\/ver-o-peso.com\/pt\/wp-content\/uploads\/2025\/06\/Guardioes-da-floresta-indigenas-monitorando-territorio-na-Amazonia-para-proteger-contra-1024x1024.jpeg\" alt=\"Guardi\u00f5es da floresta ind\u00edgenas monitorando territ\u00f3rio na Amaz\u00f4nia para proteger contra extra\u00e7\u00e3o ilegal de madeira\" title=\"Guardi\u00f5es da floresta ind\u00edgenas monitorando territ\u00f3rio na Amaz\u00f4nia para proteger contra extra\u00e7\u00e3o ilegal de madeira\" width=\"660\" height=\"660\" class=\"aligncenter size-large wp-image-2556\" \/><\/p>\n<p class=\"img-caption\">Guardi\u00f5es da floresta em monitoramento de territ\u00f3rio ind\u00edgena Ararib\u00f3ia. Foto: Edivan Guajajara.<\/p>\n<\/p><\/div>\n<p>Diante do avan\u00e7o do desmatamento e da extra\u00e7\u00e3o ilegal de madeira, diversas iniciativas de conserva\u00e7\u00e3o e monitoramento t\u00eam sido implementadas:<\/p>\n<h3>Iniciativas Governamentais<\/h3>\n<ul class=\"custom-list\">\n<li><strong>Projeto de Monitoramento do Desmatamento na Amaz\u00f4nia Legal por Sat\u00e9lite (Prodes)<\/strong> &#8211; Desenvolvido pelo INPE, monitora o desmatamento por imagens de sat\u00e9lite desde 1988<\/li>\n<li><strong>Opera\u00e7\u00f5es de fiscaliza\u00e7\u00e3o do IBAMA<\/strong> &#8211; Combate direto \u00e0s atividades ilegais com apreens\u00e3o de madeira e equipamentos<\/li>\n<li><strong>For\u00e7a Nacional de Seguran\u00e7a P\u00fablica<\/strong> &#8211; Apoio \u00e0s opera\u00e7\u00f5es em \u00e1reas de conflito e alto risco<\/li>\n<li><strong>Plano de A\u00e7\u00e3o para Preven\u00e7\u00e3o e Controle do Desmatamento na Amaz\u00f4nia Legal (PPCDAm)<\/strong> &#8211; Estrat\u00e9gia integrada de combate ao desmatamento<\/li>\n<\/ul>\n<h3>Iniciativas da Sociedade Civil<\/h3>\n<div class=\"img-container\">\n    <img loading=\"lazy\" decoding=\"async\" src=\"https:\/\/ver-o-peso.com\/pt\/wp-content\/uploads\/2025\/06\/Operacao-de-fiscalizacao-ambiental-com-agentes-do-IBAMA-apreendendo-madeira-ilegal-na-Amazonia-1024x1024.jpeg\" alt=\"Opera\u00e7\u00e3o de fiscaliza\u00e7\u00e3o ambiental com agentes do IBAMA apreendendo madeira ilegal na Amaz\u00f4nia\" title=\"Opera\u00e7\u00e3o de fiscaliza\u00e7\u00e3o ambiental com agentes do IBAMA apreendendo madeira ilegal na Amaz\u00f4nia\" width=\"660\" height=\"660\" class=\"aligncenter size-large wp-image-2557\" \/><\/p>\n<p class=\"img-caption\">Opera\u00e7\u00e3o de fiscaliza\u00e7\u00e3o ambiental com apreens\u00e3o de madeira ilegal na Amaz\u00f4nia. Foto: IBAMA.<\/p>\n<\/p><\/div>\n<ul class=\"custom-list\">\n<li><strong>Guardi\u00f5es da Floresta<\/strong> &#8211; Grupos ind\u00edgenas que monitoram e protegem seus territ\u00f3rios contra invasores<\/li>\n<li><strong>Sistema de Alertas de Desmatamento (SAD)<\/strong> &#8211; Desenvolvido pelo Imazon, emite alertas mensais sobre desmatamento<\/li>\n<li><strong>MapBiomas Alerta<\/strong> &#8211; Sistema que detecta e valida alertas de desmatamento com imagens de alta resolu\u00e7\u00e3o<\/li>\n<li><strong>Rede Simex<\/strong> &#8211; Composta por ONGs como Imazon, Idesam, Imaflora e Instituto Centro de Vida, monitora a explora\u00e7\u00e3o madeireira<\/li>\n<\/ul>\n<p>Apesar desses esfor\u00e7os, as lideran\u00e7as ind\u00edgenas relatam que a resposta \u00e0s den\u00fancias de invas\u00e3o e extra\u00e7\u00e3o ilegal de madeira ainda \u00e9 lenta e insuficiente. Como afirmou Gilderlan Rodrigues, coordenador do Conselho Indigenista Mission\u00e1rio (Cimi): &#8220;O desafio \u00e9 fazer as institui\u00e7\u00f5es respons\u00e1veis pela prote\u00e7\u00e3o dos territ\u00f3rios, pela vida dos povos, funcionarem, estarem fortalecidas para poder cumprir com o seu papel.&#8221;<\/p>\n<\/section>\n<section id=\"solutions\">\n<h2>Solu\u00e7\u00f5es e Alternativas Sustent\u00e1veis<\/h2>\n<div class=\"img-container\">\n    <img loading=\"lazy\" decoding=\"async\" src=\"https:\/\/ver-o-peso.com\/pt\/wp-content\/uploads\/2025\/06\/Projeto-de-manejo-florestal-sustentavel-na-Amazonia-com-extracao-seletiva-e-baixo-impacto-1024x1024.jpeg\" alt=\"Projeto de manejo florestal sustent\u00e1vel na Amaz\u00f4nia com extra\u00e7\u00e3o seletiva e baixo impacto\" title=\"Projeto de manejo florestal sustent\u00e1vel na Amaz\u00f4nia com extra\u00e7\u00e3o seletiva e baixo impacto\" width=\"660\" height=\"660\" class=\"aligncenter size-large wp-image-2558\" \/><\/p>\n<p class=\"img-caption\">Projeto de manejo florestal sustent\u00e1vel com t\u00e9cnicas de baixo impacto na Amaz\u00f4nia. Foto: Servi\u00e7o Florestal Brasileiro.<\/p>\n<\/p><\/div>\n<p>Para enfrentar o desafio do desmatamento e da extra\u00e7\u00e3o ilegal de madeira na Amaz\u00f4nia, \u00e9 necess\u00e1rio um conjunto integrado de solu\u00e7\u00f5es:<\/p>\n<div class=\"three-columns\">\n<div class=\"column-card\">\n<h3>Fortalecimento da Fiscaliza\u00e7\u00e3o<\/h3>\n<ul class=\"custom-list\">\n<li>Aumento de recursos para \u00f3rg\u00e3os ambientais<\/li>\n<li>Tecnologias avan\u00e7adas de monitoramento<\/li>\n<li>Puni\u00e7\u00f5es efetivas para crimes ambientais<\/li>\n<li>Coopera\u00e7\u00e3o entre \u00f3rg\u00e3os federais e estaduais<\/li>\n<\/ul><\/div>\n<div class=\"column-card\">\n<h3>Alternativas Econ\u00f4micas<\/h3>\n<ul class=\"custom-list\">\n<li>Manejo florestal sustent\u00e1vel certificado<\/li>\n<li>Pagamento por servi\u00e7os ambientais<\/li>\n<li>Bioeconomia e produtos florestais n\u00e3o-madeireiros<\/li>\n<li>Turismo ecol\u00f3gico e comunit\u00e1rio<\/li>\n<\/ul><\/div>\n<div class=\"column-card\">\n<h3>Governan\u00e7a e Pol\u00edticas<\/h3>\n<ul class=\"custom-list\">\n<li>Demarca\u00e7\u00e3o e prote\u00e7\u00e3o de terras ind\u00edgenas<\/li>\n<li>Rastreabilidade da cadeia produtiva da madeira<\/li>\n<li>Incentivos para pr\u00e1ticas sustent\u00e1veis<\/li>\n<li>Regulariza\u00e7\u00e3o fundi\u00e1ria respons\u00e1vel<\/li>\n<\/ul><\/div><\/div>\n<p>O manejo florestal sustent\u00e1vel representa uma alternativa vi\u00e1vel \u00e0 extra\u00e7\u00e3o ilegal. Quando bem implementado, permite a explora\u00e7\u00e3o econ\u00f4mica da floresta com impactos ambientais reduzidos e benef\u00edcios sociais para as comunidades locais. Segundo o relat\u00f3rio do Simex, &#8220;sem o manejo florestal sustent\u00e1vel, a extra\u00e7\u00e3o ilegal de madeira pode levar a floresta \u00e0 degrada\u00e7\u00e3o, tornando-a mais suscet\u00edvel a inc\u00eandios e perda de biodiversidade, al\u00e9m de representar maior risco de conflitos fundi\u00e1rios e deixar de gerar empregos formais e renda.&#8221;<\/p>\n<div class=\"img-container\">\n    <img loading=\"lazy\" decoding=\"async\" src=\"https:\/\/ver-o-peso.com\/pt\/wp-content\/uploads\/2025\/06\/Comunidade-indigena-participando-de-projeto-de-bioeconomia-com-produtos-florestais-1024x1024.jpeg\" alt=\"Comunidade ind\u00edgena participando de projeto de bioeconomia com produtos florestais n\u00e3o-madeireiros na Amaz\u00f4nia\" title=\"Comunidade ind\u00edgena participando de projeto de bioeconomia com produtos florestais n\u00e3o-madeireiros na Amaz\u00f4nia\" width=\"660\" height=\"660\" class=\"aligncenter size-large wp-image-2559\" \/><\/p>\n<p class=\"img-caption\">Comunidade ind\u00edgena trabalhando com produtos florestais n\u00e3o-madeireiros como alternativa econ\u00f4mica sustent\u00e1vel. Foto: ISA.<\/p>\n<\/p><\/div>\n<p>A conscientiza\u00e7\u00e3o dos consumidores tamb\u00e9m desempenha papel fundamental. Ao exigir certifica\u00e7\u00e3o de origem para produtos madeireiros, os consumidores podem influenciar toda a cadeia produtiva e desestimular pr\u00e1ticas ilegais. Iniciativas como o FSC (Forest Stewardship Council) e o CERFLOR (Programa Brasileiro de Certifica\u00e7\u00e3o Florestal) ajudam a identificar produtos provenientes de manejo respons\u00e1vel.<\/p>\n<\/section>\n<section id=\"conclusion\">\n<h2>Conclus\u00e3o: Um Chamado \u00e0 A\u00e7\u00e3o<\/h2>\n<div class=\"img-container\">\n    <img loading=\"lazy\" decoding=\"async\" src=\"https:\/\/ver-o-peso.com\/pt\/wp-content\/uploads\/2025\/06\/Floresta-amazonica-preservada-mostrando-sua-biodiversidade-e-importancia-para-o-equilibrio-1024x1024.jpeg\" alt=\"Floresta amaz\u00f4nica preservada mostrando sua biodiversidade e import\u00e2ncia para o equil\u00edbrio clim\u00e1tico global\" title=\"Floresta amaz\u00f4nica preservada mostrando sua biodiversidade e import\u00e2ncia para o equil\u00edbrio clim\u00e1tico global\" width=\"660\" height=\"660\" class=\"aligncenter size-large wp-image-2560\" \/><\/p>\n<p class=\"img-caption\">Floresta amaz\u00f4nica preservada em toda sua biodiversidade e exuber\u00e2ncia. Foto: Document\u00e1rio ambiental.<\/p>\n<\/p><\/div>\n<p>O desmatamento e a extra\u00e7\u00e3o ilegal de madeira na Amaz\u00f4nia representam uma amea\u00e7a n\u00e3o apenas para a maior floresta tropical do mundo, mas para o equil\u00edbrio clim\u00e1tico global e para a sobreviv\u00eancia cultural de diversos povos ind\u00edgenas e comunidades tradicionais. Os dados alarmantes de degrada\u00e7\u00e3o florestal e as hist\u00f3rias de resist\u00eancia dos guardi\u00f5es da floresta evidenciam a urg\u00eancia de a\u00e7\u00f5es efetivas.<\/p>\n<p>Como afirmou uma lideran\u00e7a ind\u00edgena da Terra Ind\u00edgena Ararib\u00f3ia: &#8220;Ningu\u00e9m vai nos intimidar, n\u00f3s n\u00e3o vamos recuar, vamos lutar at\u00e9 o fim.&#8221; Esta determina\u00e7\u00e3o precisa ser acompanhada por pol\u00edticas p\u00fablicas eficientes, coopera\u00e7\u00e3o internacional, alternativas econ\u00f4micas sustent\u00e1veis e uma mudan\u00e7a de consci\u00eancia coletiva sobre o valor inestim\u00e1vel da Amaz\u00f4nia em p\u00e9.<\/p>\n<p>A prote\u00e7\u00e3o da Amaz\u00f4nia contra o desmatamento e a extra\u00e7\u00e3o ilegal de madeira \u00e9 uma responsabilidade compartilhada que exige o engajamento de governos, empresas, sociedade civil e cidad\u00e3os comuns. Cada escolha de consumo, cada pol\u00edtica implementada e cada iniciativa de conserva\u00e7\u00e3o contribui para definir o futuro deste patrim\u00f4nio natural insubstitu\u00edvel.<\/p>\n<div class=\"cta-block\">\n<h3 class=\"cta-block-title\">Mantenha-se Informado sobre a Prote\u00e7\u00e3o da Amaz\u00f4nia<\/h3>\n<p class=\"cta-block-text\">Receba atualiza\u00e7\u00f5es sobre conserva\u00e7\u00e3o da Amaz\u00f4nia, iniciativas sustent\u00e1veis e formas de contribuir para a prote\u00e7\u00e3o da floresta. Inscreva-se em nossa newsletter mensal.<\/p>\n<form>\n<div class=\"form-container\">\n<div class=\"form-group\">\n        <label class=\"form-label\">Seu Email<\/label><br \/>\n        <input type=\"email\" class=\"form-input\" placeholder=\"seuemail@exemplo.com\">\n      <\/div>\n<p>      <button class=\"cta-btn\">Inscrever-se<\/button>\n    <\/div>\n<\/form><\/div>\n<div class=\"img-container\">\n    <img loading=\"lazy\" decoding=\"async\" src=\"https:\/\/ver-o-peso.com\/pt\/wp-content\/uploads\/2025\/06\/Indigenas-e-agentes-ambientais-trabalhando-juntos-no-monitoramento-e-protecao-contra-1024x1024.jpeg\" alt=\"Ind\u00edgenas e agentes ambientais trabalhando juntos no monitoramento e prote\u00e7\u00e3o contra desmatamento e extra\u00e7\u00e3o ilegal de madeira na Amaz\u00f4nia\" title=\"Ind\u00edgenas e agentes ambientais trabalhando juntos no monitoramento e prote\u00e7\u00e3o contra desmatamento e extra\u00e7\u00e3o ilegal de madeira na Amaz\u00f4nia\" width=\"660\" height=\"660\" class=\"aligncenter size-large wp-image-2561\" \/><\/p>\n<p class=\"img-caption\">Colabora\u00e7\u00e3o entre comunidades ind\u00edgenas e \u00f3rg\u00e3os ambientais no monitoramento e prote\u00e7\u00e3o da floresta amaz\u00f4nica. Foto: CIMI\/MA.<\/p>\n<\/p><\/div>\n<\/section>\n<\/div>\n","protected":false},"excerpt":{"rendered":"<p>A Amaz\u00f4nia, maior floresta tropical do mundo, enfrenta uma amea\u00e7a crescente com o avan\u00e7o do desmatamento e da extra\u00e7\u00e3o ilegal de madeira. Com uma \u00e1rea equivalente ao tamanho de Bel\u00e9m sendo devastada em apenas um ano, a situa\u00e7\u00e3o exige aten\u00e7\u00e3o urgente. Este artigo explora as causas, impactos e poss\u00edveis solu\u00e7\u00f5es para este problema que afeta &hellip; <a href=\"https:\/\/ver-o-peso.com\/pt\/2025\/06\/01\/rituais-indigenas\/\" class=\"more-link\">Continuar lendo <span class=\"screen-reader-text\">Desmatamento e Extra\u00e7\u00e3o de Madeira na Amaz\u00f4nia: Uma Crise Ambiental e Social<\/span><\/a><\/p>\n","protected":false},"author":1,"featured_media":2552,"comment_status":"open","ping_status":"closed","sticky":false,"template":"","format":"standard","meta":{"footnotes":""},"categories":[20],"tags":[95,91,94,92,93],"class_list":["post-2521","post","type-post","status-publish","format-standard","has-post-thumbnail","hentry","category-amazonia","tag-biodiversidade-ameacada-na-amazonia","tag-desmatamento-na-amazonia","tag-exploracao-sustentavel-de-recursos-naturais","tag-extracao-ilegal-de-madeira","tag-impactos-ambientais-na-amazonia"],"yoast_head":"<!-- This site is optimized with the Yoast SEO Premium plugin v25.3 (Yoast SEO v25.9) - https:\/\/yoast.com\/wordpress\/plugins\/seo\/ -->\n<title>Desmatamento e Extra\u00e7\u00e3o de Madeira na Amaz\u00f4nia: Uma Crise Ambiental e Social - Ver-o-peso<\/title>\n<meta name=\"robots\" content=\"index, follow, max-snippet:-1, max-image-preview:large, max-video-preview:-1\" \/>\n<link rel=\"canonical\" href=\"https:\/\/ver-o-peso.com\/pt\/2025\/06\/01\/rituais-indigenas\/\" \/>\n<meta property=\"og:locale\" content=\"pt_BR\" \/>\n<meta property=\"og:type\" content=\"article\" \/>\n<meta property=\"og:title\" content=\"Desmatamento e Extra\u00e7\u00e3o de Madeira na Amaz\u00f4nia: Uma Crise Ambiental e Social\" \/>\n<meta property=\"og:description\" content=\"A Amaz\u00f4nia, maior floresta tropical do mundo, enfrenta uma amea\u00e7a crescente com o avan\u00e7o do desmatamento e da extra\u00e7\u00e3o ilegal de madeira. Com uma \u00e1rea equivalente ao tamanho de Bel\u00e9m sendo devastada em apenas um ano, a situa\u00e7\u00e3o exige aten\u00e7\u00e3o urgente. Este artigo explora as causas, impactos e poss\u00edveis solu\u00e7\u00f5es para este problema que afeta &hellip; Continuar lendo Desmatamento e Extra\u00e7\u00e3o de Madeira na Amaz\u00f4nia: Uma Crise Ambiental e Social\" \/>\n<meta property=\"og:url\" content=\"https:\/\/ver-o-peso.com\/pt\/2025\/06\/01\/rituais-indigenas\/\" \/>\n<meta property=\"og:site_name\" content=\"Ver-o-peso\" \/>\n<meta property=\"article:publisher\" content=\"https:\/\/fecebook.com\/jose.oliveira.913296\" \/>\n<meta property=\"article:published_time\" content=\"2025-06-01T00:50:18+00:00\" \/>\n<meta property=\"article:modified_time\" content=\"2025-06-01T00:55:33+00:00\" \/>\n<meta property=\"og:image\" content=\"https:\/\/ver-o-peso.com\/pt\/wp-content\/uploads\/2025\/06\/Vista-aerea-do-desmatamento-e-extracao-de-madeira-na-Amazonia-mostrando-contraste-entre.jpeg\" \/>\n\t<meta property=\"og:image:width\" content=\"1344\" \/>\n\t<meta property=\"og:image:height\" content=\"768\" \/>\n\t<meta property=\"og:image:type\" content=\"image\/jpeg\" \/>\n<meta name=\"author\" content=\"veropeso2025\" \/>\n<meta name=\"twitter:card\" content=\"summary_large_image\" \/>\n<meta name=\"twitter:label1\" content=\"Escrito por\" \/>\n\t<meta name=\"twitter:data1\" content=\"veropeso2025\" \/>\n\t<meta name=\"twitter:label2\" content=\"Est. tempo de leitura\" \/>\n\t<meta name=\"twitter:data2\" content=\"9 minutos\" \/>\n<script type=\"application\/ld+json\" class=\"yoast-schema-graph\">{\"@context\":\"https:\/\/schema.org\",\"@graph\":[{\"@type\":\"Article\",\"@id\":\"https:\/\/ver-o-peso.com\/pt\/2025\/06\/01\/rituais-indigenas\/#article\",\"isPartOf\":{\"@id\":\"https:\/\/ver-o-peso.com\/pt\/2025\/06\/01\/rituais-indigenas\/\"},\"author\":{\"name\":\"veropeso2025\",\"@id\":\"https:\/\/ver-o-peso.com\/pt\/#\/schema\/person\/9e9ad551726c390092238296ec769a06\"},\"headline\":\"Desmatamento e Extra\u00e7\u00e3o de Madeira na Amaz\u00f4nia: Uma Crise Ambiental e Social\",\"datePublished\":\"2025-06-01T00:50:18+00:00\",\"dateModified\":\"2025-06-01T00:55:33+00:00\",\"mainEntityOfPage\":{\"@id\":\"https:\/\/ver-o-peso.com\/pt\/2025\/06\/01\/rituais-indigenas\/\"},\"wordCount\":1866,\"commentCount\":0,\"publisher\":{\"@id\":\"https:\/\/ver-o-peso.com\/pt\/#organization\"},\"image\":{\"@id\":\"https:\/\/ver-o-peso.com\/pt\/2025\/06\/01\/rituais-indigenas\/#primaryimage\"},\"thumbnailUrl\":\"https:\/\/ver-o-peso.com\/pt\/wp-content\/uploads\/2025\/06\/Vista-aerea-do-desmatamento-e-extracao-de-madeira-na-Amazonia-mostrando-contraste-entre.jpeg\",\"keywords\":[\"biodiversidade amea\u00e7ada na amaz\u00f4nia\",\"desmatamento na amaz\u00f4nia\",\"explora\u00e7\u00e3o sustent\u00e1vel de recursos naturais\",\"extra\u00e7\u00e3o ilegal de madeira\",\"impactos ambientais na amaz\u00f4nia\"],\"articleSection\":[\"Amaz\u00f4nia\"],\"inLanguage\":\"pt-BR\",\"potentialAction\":[{\"@type\":\"CommentAction\",\"name\":\"Comment\",\"target\":[\"https:\/\/ver-o-peso.com\/pt\/2025\/06\/01\/rituais-indigenas\/#respond\"]}]},{\"@type\":\"WebPage\",\"@id\":\"https:\/\/ver-o-peso.com\/pt\/2025\/06\/01\/rituais-indigenas\/\",\"url\":\"https:\/\/ver-o-peso.com\/pt\/2025\/06\/01\/rituais-indigenas\/\",\"name\":\"Desmatamento e Extra\u00e7\u00e3o de Madeira na Amaz\u00f4nia: Uma Crise Ambiental e Social - Ver-o-peso\",\"isPartOf\":{\"@id\":\"https:\/\/ver-o-peso.com\/pt\/#website\"},\"primaryImageOfPage\":{\"@id\":\"https:\/\/ver-o-peso.com\/pt\/2025\/06\/01\/rituais-indigenas\/#primaryimage\"},\"image\":{\"@id\":\"https:\/\/ver-o-peso.com\/pt\/2025\/06\/01\/rituais-indigenas\/#primaryimage\"},\"thumbnailUrl\":\"https:\/\/ver-o-peso.com\/pt\/wp-content\/uploads\/2025\/06\/Vista-aerea-do-desmatamento-e-extracao-de-madeira-na-Amazonia-mostrando-contraste-entre.jpeg\",\"datePublished\":\"2025-06-01T00:50:18+00:00\",\"dateModified\":\"2025-06-01T00:55:33+00:00\",\"breadcrumb\":{\"@id\":\"https:\/\/ver-o-peso.com\/pt\/2025\/06\/01\/rituais-indigenas\/#breadcrumb\"},\"inLanguage\":\"pt-BR\",\"potentialAction\":[{\"@type\":\"ReadAction\",\"target\":[\"https:\/\/ver-o-peso.com\/pt\/2025\/06\/01\/rituais-indigenas\/\"]}]},{\"@type\":\"ImageObject\",\"inLanguage\":\"pt-BR\",\"@id\":\"https:\/\/ver-o-peso.com\/pt\/2025\/06\/01\/rituais-indigenas\/#primaryimage\",\"url\":\"https:\/\/ver-o-peso.com\/pt\/wp-content\/uploads\/2025\/06\/Vista-aerea-do-desmatamento-e-extracao-de-madeira-na-Amazonia-mostrando-contraste-entre.jpeg\",\"contentUrl\":\"https:\/\/ver-o-peso.com\/pt\/wp-content\/uploads\/2025\/06\/Vista-aerea-do-desmatamento-e-extracao-de-madeira-na-Amazonia-mostrando-contraste-entre.jpeg\",\"width\":1344,\"height\":768,\"caption\":\"Vista a\u00e9rea do desmatamento e extra\u00e7\u00e3o de madeira na Amaz\u00f4nia mostrando contraste entre floresta intacta e \u00e1reas desmatadas\"},{\"@type\":\"BreadcrumbList\",\"@id\":\"https:\/\/ver-o-peso.com\/pt\/2025\/06\/01\/rituais-indigenas\/#breadcrumb\",\"itemListElement\":[{\"@type\":\"ListItem\",\"position\":1,\"name\":\"In\u00edcio\",\"item\":\"https:\/\/ver-o-peso.com\/pt\/\"},{\"@type\":\"ListItem\",\"position\":2,\"name\":\"Entre Mitos e Sabores: A Fascinante Lenda do A\u00e7a\u00ed\",\"item\":\"https:\/\/ver-o-peso.com\/pt\/2025\/06\/01\/entre-mitos-e-sabores-a-fascinante-lenda-do-acai\/\"},{\"@type\":\"ListItem\",\"position\":3,\"name\":\"Desmatamento e Extra\u00e7\u00e3o de Madeira na Amaz\u00f4nia: Uma Crise Ambiental e Social\"}]},{\"@type\":\"WebSite\",\"@id\":\"https:\/\/ver-o-peso.com\/pt\/#website\",\"url\":\"https:\/\/ver-o-peso.com\/pt\/\",\"name\":\"Ver-o-peso\",\"description\":\"Aqui tem de tudo da Amaz\u00f4nia\",\"publisher\":{\"@id\":\"https:\/\/ver-o-peso.com\/pt\/#organization\"},\"potentialAction\":[{\"@type\":\"SearchAction\",\"target\":{\"@type\":\"EntryPoint\",\"urlTemplate\":\"https:\/\/ver-o-peso.com\/pt\/?s={search_term_string}\"},\"query-input\":{\"@type\":\"PropertyValueSpecification\",\"valueRequired\":true,\"valueName\":\"search_term_string\"}}],\"inLanguage\":\"pt-BR\"},{\"@type\":\"Organization\",\"@id\":\"https:\/\/ver-o-peso.com\/pt\/#organization\",\"name\":\"Ver-o-peso\",\"url\":\"https:\/\/ver-o-peso.com\/pt\/\",\"logo\":{\"@type\":\"ImageObject\",\"inLanguage\":\"pt-BR\",\"@id\":\"https:\/\/ver-o-peso.com\/pt\/#\/schema\/logo\/image\/\",\"url\":\"https:\/\/ver-o-peso.com\/pt\/wp-content\/uploads\/2025\/05\/Logo-3.png\",\"contentUrl\":\"https:\/\/ver-o-peso.com\/pt\/wp-content\/uploads\/2025\/05\/Logo-3.png\",\"width\":210,\"height\":118,\"caption\":\"Ver-o-peso\"},\"image\":{\"@id\":\"https:\/\/ver-o-peso.com\/pt\/#\/schema\/logo\/image\/\"},\"sameAs\":[\"https:\/\/fecebook.com\/jose.oliveira.913296\",\"https:\/\/instagram.com\/riba.lages\",\"https:\/\/tiktok.com\/veropeso2025\"]},{\"@type\":\"Person\",\"@id\":\"https:\/\/ver-o-peso.com\/pt\/#\/schema\/person\/9e9ad551726c390092238296ec769a06\",\"name\":\"veropeso2025\",\"image\":{\"@type\":\"ImageObject\",\"inLanguage\":\"pt-BR\",\"@id\":\"https:\/\/ver-o-peso.com\/pt\/#\/schema\/person\/image\/\",\"url\":\"https:\/\/secure.gravatar.com\/avatar\/abbae2eadd0ca3e3064b32972a9f07e1ec00361a8e4784de939c3d52c9381ec6?s=96&d=mm&r=g\",\"contentUrl\":\"https:\/\/secure.gravatar.com\/avatar\/abbae2eadd0ca3e3064b32972a9f07e1ec00361a8e4784de939c3d52c9381ec6?s=96&d=mm&r=g\",\"caption\":\"veropeso2025\"},\"sameAs\":[\"https:\/\/ver-o-peso.com\/pt\"],\"url\":\"https:\/\/ver-o-peso.com\/pt\/author\/veropeso2025\/\"}]}<\/script>\n<!-- \/ Yoast SEO Premium plugin. -->","yoast_head_json":{"title":"Desmatamento e Extra\u00e7\u00e3o de Madeira na Amaz\u00f4nia: Uma Crise Ambiental e Social - Ver-o-peso","robots":{"index":"index","follow":"follow","max-snippet":"max-snippet:-1","max-image-preview":"max-image-preview:large","max-video-preview":"max-video-preview:-1"},"canonical":"https:\/\/ver-o-peso.com\/pt\/2025\/06\/01\/rituais-indigenas\/","og_locale":"pt_BR","og_type":"article","og_title":"Desmatamento e Extra\u00e7\u00e3o de Madeira na Amaz\u00f4nia: Uma Crise Ambiental e Social","og_description":"A Amaz\u00f4nia, maior floresta tropical do mundo, enfrenta uma amea\u00e7a crescente com o avan\u00e7o do desmatamento e da extra\u00e7\u00e3o ilegal de madeira. Com uma \u00e1rea equivalente ao tamanho de Bel\u00e9m sendo devastada em apenas um ano, a situa\u00e7\u00e3o exige aten\u00e7\u00e3o urgente. Este artigo explora as causas, impactos e poss\u00edveis solu\u00e7\u00f5es para este problema que afeta &hellip; Continuar lendo Desmatamento e Extra\u00e7\u00e3o de Madeira na Amaz\u00f4nia: Uma Crise Ambiental e Social","og_url":"https:\/\/ver-o-peso.com\/pt\/2025\/06\/01\/rituais-indigenas\/","og_site_name":"Ver-o-peso","article_publisher":"https:\/\/fecebook.com\/jose.oliveira.913296","article_published_time":"2025-06-01T00:50:18+00:00","article_modified_time":"2025-06-01T00:55:33+00:00","og_image":[{"width":1344,"height":768,"url":"https:\/\/ver-o-peso.com\/pt\/wp-content\/uploads\/2025\/06\/Vista-aerea-do-desmatamento-e-extracao-de-madeira-na-Amazonia-mostrando-contraste-entre.jpeg","type":"image\/jpeg"}],"author":"veropeso2025","twitter_card":"summary_large_image","twitter_misc":{"Escrito por":"veropeso2025","Est. tempo de leitura":"9 minutos"},"schema":{"@context":"https:\/\/schema.org","@graph":[{"@type":"Article","@id":"https:\/\/ver-o-peso.com\/pt\/2025\/06\/01\/rituais-indigenas\/#article","isPartOf":{"@id":"https:\/\/ver-o-peso.com\/pt\/2025\/06\/01\/rituais-indigenas\/"},"author":{"name":"veropeso2025","@id":"https:\/\/ver-o-peso.com\/pt\/#\/schema\/person\/9e9ad551726c390092238296ec769a06"},"headline":"Desmatamento e Extra\u00e7\u00e3o de Madeira na Amaz\u00f4nia: Uma Crise Ambiental e Social","datePublished":"2025-06-01T00:50:18+00:00","dateModified":"2025-06-01T00:55:33+00:00","mainEntityOfPage":{"@id":"https:\/\/ver-o-peso.com\/pt\/2025\/06\/01\/rituais-indigenas\/"},"wordCount":1866,"commentCount":0,"publisher":{"@id":"https:\/\/ver-o-peso.com\/pt\/#organization"},"image":{"@id":"https:\/\/ver-o-peso.com\/pt\/2025\/06\/01\/rituais-indigenas\/#primaryimage"},"thumbnailUrl":"https:\/\/ver-o-peso.com\/pt\/wp-content\/uploads\/2025\/06\/Vista-aerea-do-desmatamento-e-extracao-de-madeira-na-Amazonia-mostrando-contraste-entre.jpeg","keywords":["biodiversidade amea\u00e7ada na amaz\u00f4nia","desmatamento na amaz\u00f4nia","explora\u00e7\u00e3o sustent\u00e1vel de recursos naturais","extra\u00e7\u00e3o ilegal de madeira","impactos ambientais na amaz\u00f4nia"],"articleSection":["Amaz\u00f4nia"],"inLanguage":"pt-BR","potentialAction":[{"@type":"CommentAction","name":"Comment","target":["https:\/\/ver-o-peso.com\/pt\/2025\/06\/01\/rituais-indigenas\/#respond"]}]},{"@type":"WebPage","@id":"https:\/\/ver-o-peso.com\/pt\/2025\/06\/01\/rituais-indigenas\/","url":"https:\/\/ver-o-peso.com\/pt\/2025\/06\/01\/rituais-indigenas\/","name":"Desmatamento e Extra\u00e7\u00e3o de Madeira na Amaz\u00f4nia: Uma Crise Ambiental e Social - Ver-o-peso","isPartOf":{"@id":"https:\/\/ver-o-peso.com\/pt\/#website"},"primaryImageOfPage":{"@id":"https:\/\/ver-o-peso.com\/pt\/2025\/06\/01\/rituais-indigenas\/#primaryimage"},"image":{"@id":"https:\/\/ver-o-peso.com\/pt\/2025\/06\/01\/rituais-indigenas\/#primaryimage"},"thumbnailUrl":"https:\/\/ver-o-peso.com\/pt\/wp-content\/uploads\/2025\/06\/Vista-aerea-do-desmatamento-e-extracao-de-madeira-na-Amazonia-mostrando-contraste-entre.jpeg","datePublished":"2025-06-01T00:50:18+00:00","dateModified":"2025-06-01T00:55:33+00:00","breadcrumb":{"@id":"https:\/\/ver-o-peso.com\/pt\/2025\/06\/01\/rituais-indigenas\/#breadcrumb"},"inLanguage":"pt-BR","potentialAction":[{"@type":"ReadAction","target":["https:\/\/ver-o-peso.com\/pt\/2025\/06\/01\/rituais-indigenas\/"]}]},{"@type":"ImageObject","inLanguage":"pt-BR","@id":"https:\/\/ver-o-peso.com\/pt\/2025\/06\/01\/rituais-indigenas\/#primaryimage","url":"https:\/\/ver-o-peso.com\/pt\/wp-content\/uploads\/2025\/06\/Vista-aerea-do-desmatamento-e-extracao-de-madeira-na-Amazonia-mostrando-contraste-entre.jpeg","contentUrl":"https:\/\/ver-o-peso.com\/pt\/wp-content\/uploads\/2025\/06\/Vista-aerea-do-desmatamento-e-extracao-de-madeira-na-Amazonia-mostrando-contraste-entre.jpeg","width":1344,"height":768,"caption":"Vista a\u00e9rea do desmatamento e extra\u00e7\u00e3o de madeira na Amaz\u00f4nia mostrando contraste entre floresta intacta e \u00e1reas desmatadas"},{"@type":"BreadcrumbList","@id":"https:\/\/ver-o-peso.com\/pt\/2025\/06\/01\/rituais-indigenas\/#breadcrumb","itemListElement":[{"@type":"ListItem","position":1,"name":"In\u00edcio","item":"https:\/\/ver-o-peso.com\/pt\/"},{"@type":"ListItem","position":2,"name":"Entre Mitos e Sabores: A Fascinante Lenda do A\u00e7a\u00ed","item":"https:\/\/ver-o-peso.com\/pt\/2025\/06\/01\/entre-mitos-e-sabores-a-fascinante-lenda-do-acai\/"},{"@type":"ListItem","position":3,"name":"Desmatamento e Extra\u00e7\u00e3o de Madeira na Amaz\u00f4nia: Uma Crise Ambiental e Social"}]},{"@type":"WebSite","@id":"https:\/\/ver-o-peso.com\/pt\/#website","url":"https:\/\/ver-o-peso.com\/pt\/","name":"Ver-o-peso","description":"Aqui tem de tudo da Amaz\u00f4nia","publisher":{"@id":"https:\/\/ver-o-peso.com\/pt\/#organization"},"potentialAction":[{"@type":"SearchAction","target":{"@type":"EntryPoint","urlTemplate":"https:\/\/ver-o-peso.com\/pt\/?s={search_term_string}"},"query-input":{"@type":"PropertyValueSpecification","valueRequired":true,"valueName":"search_term_string"}}],"inLanguage":"pt-BR"},{"@type":"Organization","@id":"https:\/\/ver-o-peso.com\/pt\/#organization","name":"Ver-o-peso","url":"https:\/\/ver-o-peso.com\/pt\/","logo":{"@type":"ImageObject","inLanguage":"pt-BR","@id":"https:\/\/ver-o-peso.com\/pt\/#\/schema\/logo\/image\/","url":"https:\/\/ver-o-peso.com\/pt\/wp-content\/uploads\/2025\/05\/Logo-3.png","contentUrl":"https:\/\/ver-o-peso.com\/pt\/wp-content\/uploads\/2025\/05\/Logo-3.png","width":210,"height":118,"caption":"Ver-o-peso"},"image":{"@id":"https:\/\/ver-o-peso.com\/pt\/#\/schema\/logo\/image\/"},"sameAs":["https:\/\/fecebook.com\/jose.oliveira.913296","https:\/\/instagram.com\/riba.lages","https:\/\/tiktok.com\/veropeso2025"]},{"@type":"Person","@id":"https:\/\/ver-o-peso.com\/pt\/#\/schema\/person\/9e9ad551726c390092238296ec769a06","name":"veropeso2025","image":{"@type":"ImageObject","inLanguage":"pt-BR","@id":"https:\/\/ver-o-peso.com\/pt\/#\/schema\/person\/image\/","url":"https:\/\/secure.gravatar.com\/avatar\/abbae2eadd0ca3e3064b32972a9f07e1ec00361a8e4784de939c3d52c9381ec6?s=96&d=mm&r=g","contentUrl":"https:\/\/secure.gravatar.com\/avatar\/abbae2eadd0ca3e3064b32972a9f07e1ec00361a8e4784de939c3d52c9381ec6?s=96&d=mm&r=g","caption":"veropeso2025"},"sameAs":["https:\/\/ver-o-peso.com\/pt"],"url":"https:\/\/ver-o-peso.com\/pt\/author\/veropeso2025\/"}]}},"_links":{"self":[{"href":"https:\/\/ver-o-peso.com\/pt\/wp-json\/wp\/v2\/posts\/2521","targetHints":{"allow":["GET"]}}],"collection":[{"href":"https:\/\/ver-o-peso.com\/pt\/wp-json\/wp\/v2\/posts"}],"about":[{"href":"https:\/\/ver-o-peso.com\/pt\/wp-json\/wp\/v2\/types\/post"}],"author":[{"embeddable":true,"href":"https:\/\/ver-o-peso.com\/pt\/wp-json\/wp\/v2\/users\/1"}],"replies":[{"embeddable":true,"href":"https:\/\/ver-o-peso.com\/pt\/wp-json\/wp\/v2\/comments?post=2521"}],"version-history":[{"count":2,"href":"https:\/\/ver-o-peso.com\/pt\/wp-json\/wp\/v2\/posts\/2521\/revisions"}],"predecessor-version":[{"id":2562,"href":"https:\/\/ver-o-peso.com\/pt\/wp-json\/wp\/v2\/posts\/2521\/revisions\/2562"}],"wp:featuredmedia":[{"embeddable":true,"href":"https:\/\/ver-o-peso.com\/pt\/wp-json\/wp\/v2\/media\/2552"}],"wp:attachment":[{"href":"https:\/\/ver-o-peso.com\/pt\/wp-json\/wp\/v2\/media?parent=2521"}],"wp:term":[{"taxonomy":"category","embeddable":true,"href":"https:\/\/ver-o-peso.com\/pt\/wp-json\/wp\/v2\/categories?post=2521"},{"taxonomy":"post_tag","embeddable":true,"href":"https:\/\/ver-o-peso.com\/pt\/wp-json\/wp\/v2\/tags?post=2521"}],"curies":[{"name":"wp","href":"https:\/\/api.w.org\/{rel}","templated":true}]}}