{"id":2537,"date":"2025-06-01T00:54:24","date_gmt":"2025-06-01T03:54:24","guid":{"rendered":"https:\/\/ver-o-peso.com\/pt\/?p=2537"},"modified":"2025-06-01T08:28:21","modified_gmt":"2025-06-01T11:28:21","slug":"mercado-do-ver-o-peso-um-guia-completo-da-joia-historica-da-amazonia","status":"publish","type":"post","link":"https:\/\/ver-o-peso.com\/pt\/2025\/06\/01\/mercado-do-ver-o-peso-um-guia-completo-da-joia-historica-da-amazonia\/","title":{"rendered":"Mercado do Ver-o-peso: Um Guia Completo da Joia Hist\u00f3rica da Amaz\u00f4nia"},"content":{"rendered":"<div class=\"styled-container\">\n<section id=\"introduction\">No cora\u00e7\u00e3o de Bel\u00e9m do Par\u00e1, \u00e0s margens do rio Guam\u00e1, encontra-se um tesouro vivo da cultura amaz\u00f4nica: o <strong>Mercado do Ver-o-peso<\/strong>. Considerado a maior feira a c\u00e9u aberto da Am\u00e9rica Latina, este complexo hist\u00f3rico n\u00e3o \u00e9 apenas um local de com\u00e9rcio, mas um verdadeiro museu vivo que conta a hist\u00f3ria do Brasil desde o per\u00edodo colonial. Com seus 35 mil metros quadrados, o Ver-o-peso \u00e9 um espet\u00e1culo de cores, aromas e sabores que encanta visitantes h\u00e1 s\u00e9culos, sendo reconhecido como patrim\u00f4nio hist\u00f3rico pelo IPHAN e um dos s\u00edmbolos mais importantes da identidade paraense.<\/p>\n<div class=\"img-container\">\n<p class=\"img-caption\">Vista panor\u00e2mica do Mercado do Ver-o-peso, a maior feira livre da Am\u00e9rica Latina<\/p>\n<\/div>\n<\/section>\n<section id=\"history\">\n<h2>Hist\u00f3ria do Mercado do Ver-o-peso<\/h2>\n<p>A hist\u00f3ria do <strong>Mercado do Ver-o-peso<\/strong> remonta ao s\u00e9culo XVII, mais precisamente a 1625, quando foi estabelecida a &#8220;Casa do Haver-o-Peso&#8221; pela Coroa Portuguesa. O nome original, que posteriormente evoluiu para &#8220;Ver-o-peso&#8221;, tem origem na fun\u00e7\u00e3o prim\u00e1ria do local: um posto fiscal onde se verificava (ou &#8220;via-se&#8221;) o peso das mercadorias para calcular os impostos devidos \u00e0 Coroa.<\/p>\n<p>Durante o per\u00edodo colonial, o mercado funcionava como um entreposto comercial estrat\u00e9gico, onde produtos vindos do interior da Amaz\u00f4nia eram pesados, taxados e comercializados. Com o passar dos s\u00e9culos, o que come\u00e7ou como um simples posto fiscal transformou-se em um vibrante centro comercial e cultural.<\/p>\n<div class=\"img-container\">\n<p><img loading=\"lazy\" decoding=\"async\" class=\"aligncenter size-large wp-image-2539\" title=\"Imagem hist\u00f3rica do Mercado do Ver-o-peso no in\u00edcio do s\u00e9culo XX, mostrando a estrutura original do Mercado de Ferro\" src=\"https:\/\/ver-o-peso.com\/pt\/wp-content\/uploads\/2025\/06\/Imagem-historica-do-Mercado-do-Ver-o-peso-no-inicio-do-seculo-XX-mostrando-a-estrutura-1024x1024.jpeg\" alt=\"Imagem hist\u00f3rica do Mercado do Ver-o-peso no in\u00edcio do s\u00e9culo XX, mostrando a estrutura original do Mercado de Ferro\" width=\"660\" height=\"660\" \/><\/p>\n<p class=\"img-caption\">Registro hist\u00f3rico do Ver-o-peso durante o per\u00edodo \u00e1ureo da borracha<\/p>\n<\/div>\n<p>O grande salto na estrutura do mercado ocorreu durante o Ciclo da Borracha (1879-1912), per\u00edodo de grande prosperidade econ\u00f4mica na Amaz\u00f4nia. Foi nessa \u00e9poca que foram constru\u00eddos os emblem\u00e1ticos pr\u00e9dios de ferro em estilo art nouveau, importados diretamente da Europa, que hoje s\u00e3o cart\u00f5es-postais de Bel\u00e9m. O Mercado de Ferro, inaugurado em 1901, e o Mercado de Carne Francisco Bolonha, de 1908, s\u00e3o testemunhos desse per\u00edodo de opul\u00eancia.<\/p>\n<p>Em 1977, o Instituto do Patrim\u00f4nio Hist\u00f3rico e Art\u00edstico Nacional (IPHAN) reconheceu o valor cultural do complexo, tombando-o como patrim\u00f4nio hist\u00f3rico. Mais recentemente, em 2012, o Ver-o-peso foi elevado \u00e0 categoria de patrim\u00f4nio cultural brasileiro, consolidando sua import\u00e2ncia como s\u00edmbolo da identidade nacional.<\/p>\n<\/section>\n<section id=\"architecture\">\n<h2>Arquitetura e Estrutura do Mercado<\/h2>\n<p>O complexo do <strong>Mercado do Ver-o-peso<\/strong> \u00e9 um impressionante conjunto arquitet\u00f4nico que combina diferentes estilos e \u00e9pocas. Sua estrutura principal \u00e9 composta por edif\u00edcios hist\u00f3ricos em estilo neocl\u00e1ssico e art nouveau, que se destacam pela beleza e impon\u00eancia.<\/p>\n<div class=\"img-container\">\n<p><img loading=\"lazy\" decoding=\"async\" class=\"aligncenter size-large wp-image-2540\" title=\"Detalhe da arquitetura em ferro do Mercado do Ver-o-peso, mostrando o estilo art nouveau e as cores vibrantes da estrutura\" src=\"https:\/\/ver-o-peso.com\/pt\/wp-content\/uploads\/2025\/06\/Detalhe-da-arquitetura-em-ferro-do-Mercado-do-Ver-o-peso-mostrando-o-estilo-art-nouveau-e-as-1024x1024.jpeg\" alt=\"Detalhe da arquitetura em ferro do Mercado do Ver-o-peso, mostrando o estilo art nouveau e as cores vibrantes da estrutura\" width=\"660\" height=\"660\" \/><\/p>\n<p class=\"img-caption\">Detalhes da arquitetura em ferro do mercado, exemplo do estilo art nouveau<\/p>\n<\/div>\n<p>O complexo pode ser dividido em v\u00e1rias \u00e1reas distintas, cada uma com sua fun\u00e7\u00e3o espec\u00edfica:<\/p>\n<div class=\"two-columns\">\n<div>\n<h3>Mercado de Ferro<\/h3>\n<p>Tamb\u00e9m conhecido como Mercado de Peixe, \u00e9 uma estrutura met\u00e1lica azul importada da Europa durante o Ciclo da Borracha. Com sua arquitetura em ferro fundido, \u00e9 um dos mais belos exemplos do estilo art nouveau na Am\u00e9rica Latina. Aqui, encontra-se uma impressionante variedade de peixes amaz\u00f4nicos, desde o famoso pirarucu at\u00e9 esp\u00e9cies menos conhecidas como o filhote e o tambaqui.<\/p>\n<\/div>\n<div>\n<h3>Mercado Municipal de Carne<\/h3>\n<p>O Mercado Francisco Bolonha, como tamb\u00e9m \u00e9 conhecido, \u00e9 outro edif\u00edcio hist\u00f3rico do complexo. Constru\u00eddo em 1908, possui uma bela estrutura em ferro com escada em caracol que permite uma vista panor\u00e2mica do interior. Al\u00e9m de carnes, abriga pequenos restaurantes onde se pode provar a aut\u00eantica culin\u00e1ria paraense.<\/p>\n<\/div>\n<\/div>\n<div class=\"img-container\">\n<p><img loading=\"lazy\" decoding=\"async\" class=\"aligncenter size-large wp-image-2541\" title=\"Vista interna do Mercado de Ferro do Ver-o-peso, mostrando as bancas de peixe e a estrutura met\u00e1lica do teto\" src=\"https:\/\/ver-o-peso.com\/pt\/wp-content\/uploads\/2025\/06\/Vista-interna-do-Mercado-de-Ferro-do-Ver-o-peso-mostrando-as-bancas-de-peixe-e-a-estrutura-1024x1024.jpeg\" alt=\"Vista interna do Mercado de Ferro do Ver-o-peso, mostrando as bancas de peixe e a estrutura met\u00e1lica do teto\" width=\"660\" height=\"660\" \/><\/p>\n<p class=\"img-caption\">Interior do Mercado de Ferro, com suas bancas de peixe e estrutura met\u00e1lica caracter\u00edstica<\/p>\n<\/div>\n<div class=\"two-columns\">\n<div>\n<h3>Feira do A\u00e7a\u00ed<\/h3>\n<p>Uma \u00e1rea espec\u00edfica onde, nas primeiras horas da madrugada, ocorre o intenso com\u00e9rcio do a\u00e7a\u00ed, fruto s\u00edmbolo da regi\u00e3o. \u00c9 um espet\u00e1culo \u00e0 parte ver os barcos chegando carregados com os cachos do fruto e a movimenta\u00e7\u00e3o dos vendedores e compradores.<\/p>\n<\/div>\n<div>\n<h3>Docas do Ver-o-peso<\/h3>\n<p>\u00c9 o porto onde atracam as embarca\u00e7\u00f5es que trazem produtos das ilhas e do interior. A chegada dos barcos carregados de frutas, ervas, peixes e outros produtos da floresta \u00e9 um dos momentos mais aut\u00eanticos para se vivenciar a din\u00e2mica do mercado.<\/p>\n<\/div>\n<\/div>\n<p>Al\u00e9m dessas \u00e1reas principais, o complexo inclui a feira livre, com centenas de barracas organizadas por setores (frutas, ervas medicinais, artesanato, farinhas, entre outros), formando um labirinto colorido e arom\u00e1tico que convida \u00e0 explora\u00e7\u00e3o.<\/p>\n<\/section>\n<section id=\"sensory-experience\">\n<h2>Experi\u00eancia Sensorial no Ver-o-peso<\/h2>\n<p>Visitar o <strong>Mercado do Ver-o-peso<\/strong> \u00e9 uma experi\u00eancia que desperta todos os sentidos. \u00c9 um verdadeiro festival de cores, aromas, sabores, sons e texturas que representa a ess\u00eancia da Amaz\u00f4nia em sua forma mais aut\u00eantica.<\/p>\n<div class=\"img-container\">\n<p><img loading=\"lazy\" decoding=\"async\" class=\"aligncenter size-large wp-image-2542\" title=\"Barracas coloridas de frutas amaz\u00f4nicas no Mercado do Ver-o-peso, mostrando a diversidade de produtos regionais\" src=\"https:\/\/ver-o-peso.com\/pt\/wp-content\/uploads\/2025\/06\/Barracas-coloridas-de-frutas-amazonicas-no-Mercado-do-Ver-o-peso-mostrando-a-diversidade-de-1024x1024.jpeg\" alt=\"Barracas coloridas de frutas amaz\u00f4nicas no Mercado do Ver-o-peso, mostrando a diversidade de produtos regionais\" width=\"660\" height=\"660\" \/><\/p>\n<p class=\"img-caption\">Barracas de frutas ex\u00f3ticas da Amaz\u00f4nia, com suas cores vibrantes e variedades \u00fanicas<\/p>\n<\/div>\n<h3>Sabores \u00danicos da Culin\u00e1ria Paraense<\/h3>\n<p>A gastronomia \u00e9 um dos grandes destaques do mercado. Entre os pratos t\u00edpicos que podem ser encontrados est\u00e3o:<\/p>\n<div class=\"two-columns\">\n<div>\n<ul class=\"custom-list\">\n<li><strong>Tacac\u00e1<\/strong> &#8211; Sopa quente servida em cuias, feita com tucupi (caldo extra\u00eddo da mandioca), jambu (erva que causa dorm\u00eancia nos l\u00e1bios), camar\u00e3o seco e goma de tapioca.<\/li>\n<li><strong>Mani\u00e7oba<\/strong> &#8211; Considerada a &#8220;feijoada paraense&#8221;, \u00e9 preparada com folhas de mandioca mo\u00eddas (maniva) e cozidas por sete dias, acompanhadas de carnes variadas.<\/li>\n<li><strong>Peixe Frito com A\u00e7a\u00ed<\/strong> &#8211; Combina\u00e7\u00e3o tradicional que surpreende os visitantes: peixe frito servido com a\u00e7a\u00ed puro (sem adi\u00e7\u00e3o de a\u00e7\u00facar) e farinha d&#8217;\u00e1gua.<\/li>\n<\/ul>\n<\/div>\n<div>\n<ul class=\"custom-list\">\n<li><strong>Vatap\u00e1 Paraense<\/strong> &#8211; Diferente da vers\u00e3o baiana, \u00e9 feito com camar\u00e3o seco, p\u00e3o, castanha-do-par\u00e1 e dend\u00ea.<\/li>\n<li><strong>Pato no Tucupi<\/strong> &#8211; Prato emblem\u00e1tico da culin\u00e1ria paraense, especialmente popular durante o C\u00edrio de Nazar\u00e9.<\/li>\n<li><strong>Mingau de Tapioca<\/strong> &#8211; Servido em copos ou cuias de coco, \u00e9 um caf\u00e9 da manh\u00e3 tradicional dos trabalhadores locais.<\/li>\n<\/ul>\n<\/div>\n<\/div>\n<div class=\"img-container\">\n<p><img loading=\"lazy\" decoding=\"async\" class=\"aligncenter size-large wp-image-2543\" title=\"Prato tradicional de peixe frito com a\u00e7a\u00ed e farinha, servido em uma barraca do Mercado do Ver-o-peso\" src=\"https:\/\/ver-o-peso.com\/pt\/wp-content\/uploads\/2025\/06\/Prato-tradicional-de-peixe-frito-com-acai-e-farinha-servido-em-uma-barraca-do-Mercado-do-1024x1024.jpeg\" alt=\"Prato tradicional de peixe frito com a\u00e7a\u00ed e farinha, servido em uma barraca do Mercado do Ver-o-peso\" width=\"660\" height=\"660\" \/><\/p>\n<p class=\"img-caption\">Prato tradicional: peixe frito servido com a\u00e7a\u00ed e farinha d&#8217;\u00e1gua<\/p>\n<\/div>\n<h3>Aromas e Cores das Ervas e Especiarias<\/h3>\n<p>O setor de ervas medicinais e m\u00edsticas, conhecido como &#8220;ervas cheirosas&#8221;, \u00e9 um dos mais fascinantes do mercado. Ali, as erveiras \u2013 mulheres que det\u00eam o conhecimento tradicional sobre as propriedades das plantas \u2013 oferecem uma infinidade de rem\u00e9dios naturais, banhos de cheiro, amuletos e po\u00e7\u00f5es para todos os fins.<\/p>\n<div class=\"blockquote\">\n<p>&#8220;Aqui no Ver-o-peso voc\u00ea encontra o verdadeiro sabor da Amaz\u00f4nia! Cada erva, cada fruta, cada peixe conta uma hist\u00f3ria da nossa floresta. Quem vem aqui leva um pedacinho da Amaz\u00f4nia no cora\u00e7\u00e3o.&#8221;<\/p>\n<p class=\"blockquote-author\">Dona Maria, erveira do mercado h\u00e1 40 anos<\/p>\n<\/div>\n<p>Entre os produtos mais procurados est\u00e3o os \u00f3leos essenciais, as garrafadas medicinais, os perfumes regionais como a famosa &#8220;\u00e1gua de cheiro&#8221;, e os amuletos para atrair amor, dinheiro e prote\u00e7\u00e3o. A diversidade de cores e aromas neste setor cria uma atmosfera quase m\u00edstica.<\/p>\n<h3>Artesanato em Miriti e Outros Materiais Regionais<\/h3>\n<p>O artesanato local tamb\u00e9m merece destaque, com pe\u00e7as que refletem a rica cultura amaz\u00f4nica. Os brinquedos de miriti (feitos da palmeira de mesmo nome), as cer\u00e2micas marajoara e tapaj\u00f4nica, as biojoias feitas com sementes da floresta e os tran\u00e7ados em fibras naturais s\u00e3o exemplos da criatividade e habilidade dos artes\u00e3os paraenses.<\/p>\n<div class=\"img-container\">\n<p><img loading=\"lazy\" decoding=\"async\" class=\"aligncenter size-large wp-image-2544\" title=\"Artesanato colorido em miriti no Mercado do Ver-o-peso, mostrando brinquedos e figuras t\u00edpicas da cultura paraense\" src=\"https:\/\/ver-o-peso.com\/pt\/wp-content\/uploads\/2025\/06\/Artesanato-colorido-em-miriti-no-Mercado-do-Ver-o-peso-mostrando-brinquedos-e-figuras-tipicas--1024x1024.jpeg\" alt=\"Artesanato colorido em miriti no Mercado do Ver-o-peso, mostrando brinquedos e figuras t\u00edpicas da cultura paraense\" width=\"660\" height=\"660\" \/><\/p>\n<p class=\"img-caption\">Artesanato em miriti: brinquedos e figuras coloridas que representam a cultura local<\/p>\n<\/div>\n<\/section>\n<section id=\"cultural-role\">\n<h2>Papel Cultural do Mercado do Ver-o-peso<\/h2>\n<p>Mais do que um centro comercial, o <strong>Mercado do Ver-o-peso<\/strong> \u00e9 um espa\u00e7o de manifesta\u00e7\u00f5es culturais e tradi\u00e7\u00f5es que permeiam a identidade paraense. \u00c9 um local onde o sagrado e o profano se encontram, onde as lendas amaz\u00f4nicas ganham vida e onde as celebra\u00e7\u00f5es populares t\u00eam seu ponto de partida.<\/p>\n<h3>O Ver-o-peso e o C\u00edrio de Nazar\u00e9<\/h3>\n<p>Durante o C\u00edrio de Nazar\u00e9, uma das maiores manifesta\u00e7\u00f5es religiosas do Brasil, o mercado ganha uma import\u00e2ncia ainda maior. \u00c9 no Ver-o-peso que muitos dos ingredientes para os banquetes tradicionais da festa s\u00e3o adquiridos, especialmente para o preparo do pato no tucupi e da mani\u00e7oba, pratos t\u00edpicos da celebra\u00e7\u00e3o.<\/p>\n<div class=\"img-container\">\n<p><img loading=\"lazy\" decoding=\"async\" class=\"aligncenter size-large wp-image-2545\" title=\"Movimenta\u00e7\u00e3o no Mercado do Ver-o-peso durante o per\u00edodo do C\u00edrio de Nazar\u00e9, com decora\u00e7\u00f5es festivas e grande fluxo de pessoas\" src=\"https:\/\/ver-o-peso.com\/pt\/wp-content\/uploads\/2025\/06\/Movimentacao-no-Mercado-do-Ver-o-peso-durante-o-periodo-do-Cirio-de-Nazare-com-decoracoes-1024x1024.jpeg\" alt=\"Movimenta\u00e7\u00e3o no Mercado do Ver-o-peso durante o per\u00edodo do C\u00edrio de Nazar\u00e9, com decora\u00e7\u00f5es festivas e grande fluxo de pessoas\" width=\"660\" height=\"660\" \/><\/p>\n<p class=\"img-caption\">O mercado ganha decora\u00e7\u00e3o e movimento especiais durante o C\u00edrio de Nazar\u00e9<\/p>\n<\/div>\n<h3>Lendas e Tradi\u00e7\u00f5es Amaz\u00f4nicas<\/h3>\n<p>O mercado \u00e9 tamb\u00e9m um reposit\u00f3rio vivo de lendas e tradi\u00e7\u00f5es amaz\u00f4nicas. As hist\u00f3rias do Boto, da Iara, do Curupira e de outras entidades do folclore regional s\u00e3o contadas e recontadas entre as barracas. As erveiras, com seus conhecimentos ancestrais, s\u00e3o guardi\u00e3s de saberes que misturam influ\u00eancias ind\u00edgenas, africanas e europeias.<\/p>\n<div class=\"highlight-box\">\n<h4>Curiosidades sobre o Mercado do Ver-o-peso<\/h4>\n<ul class=\"custom-list\">\n<li>O nome &#8220;Ver-o-peso&#8221; vem de &#8220;Haver-o-peso&#8221;, posto fiscal onde se pesavam mercadorias para cobrar impostos \u00e0 Coroa Portuguesa.<\/li>\n<li>O mercado recebe diariamente cerca de 50 mil visitantes, entre moradores locais e turistas.<\/li>\n<li>Durante a madrugada, ocorre a tradicional &#8220;Feira do A\u00e7a\u00ed&#8221;, quando os barcos chegam carregados com o fruto fresco das ilhas pr\u00f3ximas.<\/li>\n<\/ul>\n<\/div>\n<p>As manifesta\u00e7\u00f5es culturais no Ver-o-peso n\u00e3o se limitam \u00e0s grandes celebra\u00e7\u00f5es. No dia a dia, \u00e9 poss\u00edvel presenciar rodas de carimb\u00f3 (dan\u00e7a t\u00edpica paraense), apresenta\u00e7\u00f5es de grupos folcl\u00f3ricos e outras express\u00f5es art\u00edsticas que mant\u00eam viva a cultura local.<\/p>\n<\/section>\n<section id=\"visitor-tips\">\n<h2>Dicas para Visitantes do Mercado do Ver-o-peso<\/h2>\n<p>Para aproveitar ao m\u00e1ximo a experi\u00eancia no <strong>Mercado do Ver-o-peso<\/strong>, algumas dicas s\u00e3o essenciais. O mercado pode ser um lugar intenso e, para os n\u00e3o iniciados, at\u00e9 um pouco ca\u00f3tico, mas com as orienta\u00e7\u00f5es certas, a visita se torna muito mais proveitosa.<\/p>\n<div class=\"img-container\">\n<p><img loading=\"lazy\" decoding=\"async\" class=\"aligncenter size-large wp-image-2546\" title=\"Visitantes explorando as barracas do Mercado do Ver-o-peso, interagindo com vendedores locais\" src=\"https:\/\/ver-o-peso.com\/pt\/wp-content\/uploads\/2025\/06\/Visitantes-explorando-as-barracas-do-Mercado-do-Ver-o-peso-interagindo-com-vendedores-locais-1024x1024.jpeg\" alt=\"Visitantes explorando as barracas do Mercado do Ver-o-peso, interagindo com vendedores locais\" width=\"660\" height=\"660\" \/><\/p>\n<p class=\"img-caption\">Turistas explorando as barracas e interagindo com os vendedores locais<\/p>\n<\/div>\n<h3>Melhor Hor\u00e1rio para Visita<\/h3>\n<p>O mercado funciona em diferentes hor\u00e1rios, dependendo do setor:<\/p>\n<ul class=\"custom-list\">\n<li><strong>Feira do A\u00e7a\u00ed<\/strong>: Das 3h \u00e0s 8h da manh\u00e3 &#8211; ideal para quem quer ver a chegada dos barcos carregados de a\u00e7a\u00ed.<\/li>\n<li><strong>Mercado de Peixe<\/strong>: Das 5h \u00e0s 14h &#8211; as primeiras horas da manh\u00e3 oferecem os produtos mais frescos.<\/li>\n<li><strong>Feira Livre<\/strong>: Das 6h \u00e0s 17h &#8211; o movimento \u00e9 mais intenso pela manh\u00e3.<\/li>\n<li><strong>Mercado de Carne<\/strong>: Das 6h \u00e0s 16h.<\/li>\n<\/ul>\n<p>Para uma experi\u00eancia mais tranquila, recomenda-se visitar durante a semana, evitando os s\u00e1bados, quando o movimento \u00e9 mais intenso. As primeiras horas da manh\u00e3 s\u00e3o ideais para ver o mercado em plena atividade e encontrar produtos mais frescos.<\/p>\n<h3>Como Negociar Pre\u00e7os<\/h3>\n<p>A negocia\u00e7\u00e3o faz parte da cultura do mercado, mas deve ser feita com respeito:<\/p>\n<ul class=\"custom-list\">\n<li>Observe os pre\u00e7os em diferentes barracas antes de comprar.<\/li>\n<li>Pergunte o pre\u00e7o sem demonstrar muito interesse inicial.<\/li>\n<li>Negocie de forma educada, sugerindo um valor um pouco menor.<\/li>\n<li>Comprar em maior quantidade geralmente resulta em melhores pre\u00e7os.<\/li>\n<li>Valorize o trabalho dos feirantes &#8211; muitos produtos t\u00eam pre\u00e7os justos que sustentam fam\u00edlias locais.<\/li>\n<\/ul>\n<h3>Cuidados com Itens Pessoais<\/h3>\n<p>Como em qualquer mercado movimentado do mundo, alguns cuidados s\u00e3o necess\u00e1rios:<\/p>\n<div class=\"info-box\">\n<h4>Dicas de Seguran\u00e7a<\/h4>\n<ul class=\"custom-list\">\n<li>Mantenha bolsas e mochilas sempre \u00e0 frente do corpo.<\/li>\n<li>Leve apenas o dinheiro necess\u00e1rio e guarde-o em diferentes bolsos.<\/li>\n<li>Evite exibir c\u00e2meras caras, joias ou celulares de forma ostensiva.<\/li>\n<li>Se poss\u00edvel, visite o mercado acompanhado ou contrate um guia local.<\/li>\n<li>Tenha cuidado ao provar alimentos se voc\u00ea tem restri\u00e7\u00f5es alimentares.<\/li>\n<\/ul>\n<\/div>\n<div class=\"img-container\">\n<p><img loading=\"lazy\" decoding=\"async\" class=\"aligncenter size-large wp-image-2547\" title=\"Guia local explicando sobre produtos t\u00edpicos para turistas no Mercado do Ver-o-peso\" src=\"https:\/\/ver-o-peso.com\/pt\/wp-content\/uploads\/2025\/06\/Guia-local-explicando-sobre-produtos-tipicos-para-turistas-no-Mercado-do-Ver-o-peso-1024x1024.jpeg\" alt=\"Guia local explicando sobre produtos t\u00edpicos para turistas no Mercado do Ver-o-peso\" width=\"660\" height=\"660\" \/><\/p>\n<p class=\"img-caption\">Guia local explicando sobre produtos t\u00edpicos para visitantes<\/p>\n<\/div>\n<p>Contratar um guia local pode enriquecer muito a experi\u00eancia, pois eles conhecem as melhores barracas, podem explicar sobre os produtos ex\u00f3ticos e ajudar nas negocia\u00e7\u00f5es. Muitos hot\u00e9is em Bel\u00e9m podem recomendar guias confi\u00e1veis.<\/p>\n<\/section>\n<section id=\"how-to-get-there\">\n<h2>Como Chegar ao Mercado do Ver-o-peso e Hor\u00e1rios<\/h2>\n<p>O <strong>Mercado do Ver-o-peso<\/strong> est\u00e1 localizado em uma \u00e1rea central de Bel\u00e9m, sendo de f\u00e1cil acesso para visitantes.<\/p>\n<h3>Localiza\u00e7\u00e3o e Acesso<\/h3>\n<p><strong>Endere\u00e7o<\/strong>: Boulevard Castilhos Fran\u00e7a, s\/n &#8211; Campina, Bel\u00e9m &#8211; PA, 66013-030<\/p>\n<div class=\"map-container map-h400\"><iframe loading=\"lazy\" src=\"https:\/\/www.google.com\/maps\/embed?pb=!1m18!1m12!1m3!1d3988.5729210936236!2d-48.50444238255616!3d-1.4533899!2m3!1f0!2f0!3f0!3m2!1i1024!2i768!4f13.1!3m3!1m2!1s0x92a48e9df9e6e0e3%3A0xc77b476d8cd02f4!2sMercado%20Ver-o-Peso!5e0!3m2!1spt-BR!2sbr!4v1652364521053!5m2!1spt-BR!2sbr\" width=\"600\" height=\"450\"><\/iframe><\/div>\n<div class=\"two-columns\">\n<div>\n<h4>Como Chegar:<\/h4>\n<ul class=\"custom-list\">\n<li><strong>De t\u00e1xi ou aplicativo<\/strong>: A forma mais pr\u00e1tica para turistas, especialmente se voc\u00ea est\u00e1 hospedado em hot\u00e9is mais distantes.<\/li>\n<li><strong>De \u00f4nibus<\/strong>: V\u00e1rias linhas de \u00f4nibus urbanos passam pr\u00f3ximo ao mercado. Pergunte no seu hotel qual a linha mais adequada.<\/li>\n<li><strong>A p\u00e9<\/strong>: Se estiver hospedado no centro hist\u00f3rico de Bel\u00e9m, \u00e9 poss\u00edvel chegar caminhando.<\/li>\n<\/ul>\n<\/div>\n<div>\n<h4>Hor\u00e1rio de Funcionamento:<\/h4>\n<ul class=\"custom-list\">\n<li><strong>Segunda a S\u00e1bado<\/strong>: 5h \u00e0s 18h (hor\u00e1rios podem variar conforme o setor)<\/li>\n<li><strong>Domingo<\/strong>: Funcionamento reduzido, principalmente na parte da manh\u00e3<\/li>\n<li><strong>Feira do A\u00e7a\u00ed<\/strong>: 3h \u00e0s 8h da manh\u00e3<\/li>\n<\/ul>\n<\/div>\n<\/div>\n<div class=\"img-container\">\n<p><img loading=\"lazy\" decoding=\"async\" class=\"aligncenter size-large wp-image-2548\" title=\"Vista externa do Mercado do Ver-o-peso ao entardecer, com suas estruturas iluminadas\" src=\"https:\/\/ver-o-peso.com\/pt\/wp-content\/uploads\/2025\/06\/Vista-externa-do-Mercado-do-Ver-o-peso-ao-entardecer-com-suas-estruturas-iluminadas-1024x1024.jpeg\" alt=\"Vista externa do Mercado do Ver-o-peso ao entardecer, com suas estruturas iluminadas\" width=\"660\" height=\"660\" \/><\/p>\n<p class=\"img-caption\">O Ver-o-peso ao entardecer, com suas estruturas hist\u00f3ricas iluminadas<\/p>\n<\/div>\n<\/section>\n<section id=\"conclusion\">\n<h2>Conclus\u00e3o: Uma Experi\u00eancia Imperd\u00edvel na Amaz\u00f4nia<\/h2>\n<p>O <strong>Mercado do Ver-o-peso<\/strong> \u00e9 muito mais que um simples mercado; \u00e9 um peda\u00e7o vivo da hist\u00f3ria e da cultura amaz\u00f4nica. Cada visita proporciona uma imers\u00e3o profunda nas tradi\u00e7\u00f5es, sabores e cores que fazem da regi\u00e3o Norte do Brasil um lugar t\u00e3o especial e \u00fanico no mundo.<\/p>\n<p>Seja para provar as del\u00edcias da culin\u00e1ria paraense, conhecer ervas medicinais milenares, adquirir artesanato aut\u00eantico ou simplesmente absorver a atmosfera vibrante, o Ver-o-peso oferece experi\u00eancias inesquec\u00edveis para todos os tipos de visitantes.<\/p>\n<div class=\"img-container\">\n<p><img loading=\"lazy\" decoding=\"async\" class=\"aligncenter size-large wp-image-2549\" title=\"P\u00f4r do sol sobre o Mercado do Ver-o-peso, com barcos ancorados e a ba\u00eda do Guajar\u00e1 ao fundo\" src=\"https:\/\/ver-o-peso.com\/pt\/wp-content\/uploads\/2025\/06\/Por-do-sol-sobre-o-Mercado-do-Ver-o-peso-com-barcos-ancorados-e-a-baia-do-Guajara-ao-fundo-1024x1024.jpeg\" alt=\"P\u00f4r do sol sobre o Mercado do Ver-o-peso, com barcos ancorados e a ba\u00eda do Guajar\u00e1 ao fundo\" width=\"660\" height=\"660\" \/><\/p>\n<p class=\"img-caption\">P\u00f4r do sol sobre o Ver-o-peso, um dos cart\u00f5es-postais mais belos de Bel\u00e9m<\/p>\n<\/div>\n<div class=\"cta-block\">\n<h3 class=\"cta-block-title\">Planeje Sua Visita ao Ver-o-peso<\/h3>\n<p class=\"cta-block-text\">Descubra por si mesmo as maravilhas deste tesouro cultural da Amaz\u00f4nia. Contrate um guia local para uma experi\u00eancia mais rica ou explore por conta pr\u00f3pria os segredos deste mercado centen\u00e1rio.<\/p>\n<p><a class=\"cta-btn cta-btn-large\" href=\"#\">Planeje sua visita e mergulhe na autenticidade do Norte do Brasil!<\/a><\/p>\n<\/div>\n<\/section>\n<\/div>\n","protected":false},"excerpt":{"rendered":"<p>No cora\u00e7\u00e3o de Bel\u00e9m do Par\u00e1, \u00e0s margens do rio Guam\u00e1, encontra-se um tesouro vivo da cultura amaz\u00f4nica: o Mercado do Ver-o-peso. Considerado a maior feira a c\u00e9u aberto da Am\u00e9rica Latina, este complexo hist\u00f3rico n\u00e3o \u00e9 apenas um local de com\u00e9rcio, mas um verdadeiro museu vivo que conta a hist\u00f3ria do Brasil desde o &hellip; <a href=\"https:\/\/ver-o-peso.com\/pt\/2025\/06\/01\/mercado-do-ver-o-peso-um-guia-completo-da-joia-historica-da-amazonia\/\" class=\"more-link\">Continuar lendo <span class=\"screen-reader-text\">Mercado do Ver-o-peso: Um Guia Completo da Joia Hist\u00f3rica da Amaz\u00f4nia<\/span><\/a><\/p>\n","protected":false},"author":1,"featured_media":2538,"comment_status":"open","ping_status":"open","sticky":false,"template":"","format":"standard","meta":{"footnotes":""},"categories":[20,19],"tags":[90,85,76,87,86,84,83,89,88],"class_list":["post-2537","post","type-post","status-publish","format-standard","has-post-thumbnail","hentry","category-amazonia","category-turismo","tag-arquitetura-tradicional","tag-artesanato-paraense","tag-belem-do-para","tag-cultura-amazonica","tag-gastronomia-regional","tag-joias-amazonicas","tag-mercado-do-ver-o-peso","tag-produtos-regionais","tag-turismo-em-belem"],"yoast_head":"<!-- This site is optimized with the Yoast SEO Premium plugin v25.3 (Yoast SEO v25.9) - https:\/\/yoast.com\/wordpress\/plugins\/seo\/ -->\n<title>Mercado do Ver-o-peso: Um Guia Completo da Joia Hist\u00f3rica da Amaz\u00f4nia - Ver-o-peso<\/title>\n<meta name=\"robots\" content=\"index, follow, max-snippet:-1, max-image-preview:large, max-video-preview:-1\" \/>\n<link rel=\"canonical\" href=\"https:\/\/ver-o-peso.com\/pt\/2025\/06\/01\/mercado-do-ver-o-peso-um-guia-completo-da-joia-historica-da-amazonia\/\" \/>\n<meta property=\"og:locale\" content=\"pt_BR\" \/>\n<meta property=\"og:type\" content=\"article\" \/>\n<meta property=\"og:title\" content=\"Mercado do Ver-o-peso: Um Guia Completo da Joia Hist\u00f3rica da Amaz\u00f4nia\" \/>\n<meta property=\"og:description\" content=\"No cora\u00e7\u00e3o de Bel\u00e9m do Par\u00e1, \u00e0s margens do rio Guam\u00e1, encontra-se um tesouro vivo da cultura amaz\u00f4nica: o Mercado do Ver-o-peso. Considerado a maior feira a c\u00e9u aberto da Am\u00e9rica Latina, este complexo hist\u00f3rico n\u00e3o \u00e9 apenas um local de com\u00e9rcio, mas um verdadeiro museu vivo que conta a hist\u00f3ria do Brasil desde o &hellip; Continuar lendo Mercado do Ver-o-peso: Um Guia Completo da Joia Hist\u00f3rica da Amaz\u00f4nia\" \/>\n<meta property=\"og:url\" content=\"https:\/\/ver-o-peso.com\/pt\/2025\/06\/01\/mercado-do-ver-o-peso-um-guia-completo-da-joia-historica-da-amazonia\/\" \/>\n<meta property=\"og:site_name\" content=\"Ver-o-peso\" \/>\n<meta property=\"article:publisher\" content=\"https:\/\/fecebook.com\/jose.oliveira.913296\" \/>\n<meta property=\"article:published_time\" content=\"2025-06-01T03:54:24+00:00\" \/>\n<meta property=\"article:modified_time\" content=\"2025-06-01T11:28:21+00:00\" \/>\n<meta property=\"og:image\" content=\"https:\/\/ver-o-peso.com\/pt\/wp-content\/uploads\/2025\/06\/Vista-panoramica-do-Mercado-do-Ver-o-peso-em-Belem-do-Para-mostrando-suas-estruturas.jpeg\" \/>\n\t<meta property=\"og:image:width\" content=\"1344\" \/>\n\t<meta property=\"og:image:height\" content=\"768\" \/>\n\t<meta property=\"og:image:type\" content=\"image\/jpeg\" \/>\n<meta name=\"author\" content=\"veropeso2025\" \/>\n<meta name=\"twitter:card\" content=\"summary_large_image\" \/>\n<meta name=\"twitter:label1\" content=\"Escrito por\" \/>\n\t<meta name=\"twitter:data1\" content=\"veropeso2025\" \/>\n\t<meta name=\"twitter:label2\" content=\"Est. tempo de leitura\" \/>\n\t<meta name=\"twitter:data2\" content=\"11 minutos\" \/>\n<script type=\"application\/ld+json\" class=\"yoast-schema-graph\">{\"@context\":\"https:\/\/schema.org\",\"@graph\":[{\"@type\":\"Article\",\"@id\":\"https:\/\/ver-o-peso.com\/pt\/2025\/06\/01\/mercado-do-ver-o-peso-um-guia-completo-da-joia-historica-da-amazonia\/#article\",\"isPartOf\":{\"@id\":\"https:\/\/ver-o-peso.com\/pt\/2025\/06\/01\/mercado-do-ver-o-peso-um-guia-completo-da-joia-historica-da-amazonia\/\"},\"author\":{\"name\":\"veropeso2025\",\"@id\":\"https:\/\/ver-o-peso.com\/pt\/#\/schema\/person\/9e9ad551726c390092238296ec769a06\"},\"headline\":\"Mercado do Ver-o-peso: Um Guia Completo da Joia Hist\u00f3rica da Amaz\u00f4nia\",\"datePublished\":\"2025-06-01T03:54:24+00:00\",\"dateModified\":\"2025-06-01T11:28:21+00:00\",\"mainEntityOfPage\":{\"@id\":\"https:\/\/ver-o-peso.com\/pt\/2025\/06\/01\/mercado-do-ver-o-peso-um-guia-completo-da-joia-historica-da-amazonia\/\"},\"wordCount\":2205,\"commentCount\":0,\"publisher\":{\"@id\":\"https:\/\/ver-o-peso.com\/pt\/#organization\"},\"image\":{\"@id\":\"https:\/\/ver-o-peso.com\/pt\/2025\/06\/01\/mercado-do-ver-o-peso-um-guia-completo-da-joia-historica-da-amazonia\/#primaryimage\"},\"thumbnailUrl\":\"https:\/\/ver-o-peso.com\/pt\/wp-content\/uploads\/2025\/06\/Vista-panoramica-do-Mercado-do-Ver-o-peso-em-Belem-do-Para-mostrando-suas-estruturas.jpeg\",\"keywords\":[\"Arquitetura Tradicional\",\"Artesanato Paraense\",\"Bel\u00e9m do Par\u00e1\",\"Cultura Amaz\u00f4nica\",\"Gastronomia Regional\",\"Joias Amaz\u00f4nicas\",\"Mercado do Ver-o-peso\",\"Produtos Regionais\",\"Turismo em Bel\u00e9m\"],\"articleSection\":[\"Amaz\u00f4nia\",\"Turismo\"],\"inLanguage\":\"pt-BR\",\"potentialAction\":[{\"@type\":\"CommentAction\",\"name\":\"Comment\",\"target\":[\"https:\/\/ver-o-peso.com\/pt\/2025\/06\/01\/mercado-do-ver-o-peso-um-guia-completo-da-joia-historica-da-amazonia\/#respond\"]}]},{\"@type\":\"WebPage\",\"@id\":\"https:\/\/ver-o-peso.com\/pt\/2025\/06\/01\/mercado-do-ver-o-peso-um-guia-completo-da-joia-historica-da-amazonia\/\",\"url\":\"https:\/\/ver-o-peso.com\/pt\/2025\/06\/01\/mercado-do-ver-o-peso-um-guia-completo-da-joia-historica-da-amazonia\/\",\"name\":\"Mercado do Ver-o-peso: Um Guia Completo da Joia Hist\u00f3rica da Amaz\u00f4nia - Ver-o-peso\",\"isPartOf\":{\"@id\":\"https:\/\/ver-o-peso.com\/pt\/#website\"},\"primaryImageOfPage\":{\"@id\":\"https:\/\/ver-o-peso.com\/pt\/2025\/06\/01\/mercado-do-ver-o-peso-um-guia-completo-da-joia-historica-da-amazonia\/#primaryimage\"},\"image\":{\"@id\":\"https:\/\/ver-o-peso.com\/pt\/2025\/06\/01\/mercado-do-ver-o-peso-um-guia-completo-da-joia-historica-da-amazonia\/#primaryimage\"},\"thumbnailUrl\":\"https:\/\/ver-o-peso.com\/pt\/wp-content\/uploads\/2025\/06\/Vista-panoramica-do-Mercado-do-Ver-o-peso-em-Belem-do-Para-mostrando-suas-estruturas.jpeg\",\"datePublished\":\"2025-06-01T03:54:24+00:00\",\"dateModified\":\"2025-06-01T11:28:21+00:00\",\"breadcrumb\":{\"@id\":\"https:\/\/ver-o-peso.com\/pt\/2025\/06\/01\/mercado-do-ver-o-peso-um-guia-completo-da-joia-historica-da-amazonia\/#breadcrumb\"},\"inLanguage\":\"pt-BR\",\"potentialAction\":[{\"@type\":\"ReadAction\",\"target\":[\"https:\/\/ver-o-peso.com\/pt\/2025\/06\/01\/mercado-do-ver-o-peso-um-guia-completo-da-joia-historica-da-amazonia\/\"]}]},{\"@type\":\"ImageObject\",\"inLanguage\":\"pt-BR\",\"@id\":\"https:\/\/ver-o-peso.com\/pt\/2025\/06\/01\/mercado-do-ver-o-peso-um-guia-completo-da-joia-historica-da-amazonia\/#primaryimage\",\"url\":\"https:\/\/ver-o-peso.com\/pt\/wp-content\/uploads\/2025\/06\/Vista-panoramica-do-Mercado-do-Ver-o-peso-em-Belem-do-Para-mostrando-suas-estruturas.jpeg\",\"contentUrl\":\"https:\/\/ver-o-peso.com\/pt\/wp-content\/uploads\/2025\/06\/Vista-panoramica-do-Mercado-do-Ver-o-peso-em-Belem-do-Para-mostrando-suas-estruturas.jpeg\",\"width\":1344,\"height\":768,\"caption\":\"Vista panor\u00e2mica do Mercado do Ver-o-peso em Bel\u00e9m do Par\u00e1, mostrando suas estruturas hist\u00f3ricas e barracas coloridas \u00e0s margens do rio Guam\u00e1\"},{\"@type\":\"BreadcrumbList\",\"@id\":\"https:\/\/ver-o-peso.com\/pt\/2025\/06\/01\/mercado-do-ver-o-peso-um-guia-completo-da-joia-historica-da-amazonia\/#breadcrumb\",\"itemListElement\":[{\"@type\":\"ListItem\",\"position\":1,\"name\":\"In\u00edcio\",\"item\":\"https:\/\/ver-o-peso.com\/pt\/\"},{\"@type\":\"ListItem\",\"position\":2,\"name\":\"Mercado do Ver-o-peso: Um Guia Completo da Joia Hist\u00f3rica da Amaz\u00f4nia\"}]},{\"@type\":\"WebSite\",\"@id\":\"https:\/\/ver-o-peso.com\/pt\/#website\",\"url\":\"https:\/\/ver-o-peso.com\/pt\/\",\"name\":\"Ver-o-peso\",\"description\":\"Aqui tem de tudo da Amaz\u00f4nia\",\"publisher\":{\"@id\":\"https:\/\/ver-o-peso.com\/pt\/#organization\"},\"potentialAction\":[{\"@type\":\"SearchAction\",\"target\":{\"@type\":\"EntryPoint\",\"urlTemplate\":\"https:\/\/ver-o-peso.com\/pt\/?s={search_term_string}\"},\"query-input\":{\"@type\":\"PropertyValueSpecification\",\"valueRequired\":true,\"valueName\":\"search_term_string\"}}],\"inLanguage\":\"pt-BR\"},{\"@type\":\"Organization\",\"@id\":\"https:\/\/ver-o-peso.com\/pt\/#organization\",\"name\":\"Ver-o-peso\",\"url\":\"https:\/\/ver-o-peso.com\/pt\/\",\"logo\":{\"@type\":\"ImageObject\",\"inLanguage\":\"pt-BR\",\"@id\":\"https:\/\/ver-o-peso.com\/pt\/#\/schema\/logo\/image\/\",\"url\":\"https:\/\/ver-o-peso.com\/pt\/wp-content\/uploads\/2025\/05\/Logo-3.png\",\"contentUrl\":\"https:\/\/ver-o-peso.com\/pt\/wp-content\/uploads\/2025\/05\/Logo-3.png\",\"width\":210,\"height\":118,\"caption\":\"Ver-o-peso\"},\"image\":{\"@id\":\"https:\/\/ver-o-peso.com\/pt\/#\/schema\/logo\/image\/\"},\"sameAs\":[\"https:\/\/fecebook.com\/jose.oliveira.913296\",\"https:\/\/instagram.com\/riba.lages\",\"https:\/\/tiktok.com\/veropeso2025\"]},{\"@type\":\"Person\",\"@id\":\"https:\/\/ver-o-peso.com\/pt\/#\/schema\/person\/9e9ad551726c390092238296ec769a06\",\"name\":\"veropeso2025\",\"image\":{\"@type\":\"ImageObject\",\"inLanguage\":\"pt-BR\",\"@id\":\"https:\/\/ver-o-peso.com\/pt\/#\/schema\/person\/image\/\",\"url\":\"https:\/\/secure.gravatar.com\/avatar\/abbae2eadd0ca3e3064b32972a9f07e1ec00361a8e4784de939c3d52c9381ec6?s=96&d=mm&r=g\",\"contentUrl\":\"https:\/\/secure.gravatar.com\/avatar\/abbae2eadd0ca3e3064b32972a9f07e1ec00361a8e4784de939c3d52c9381ec6?s=96&d=mm&r=g\",\"caption\":\"veropeso2025\"},\"sameAs\":[\"https:\/\/ver-o-peso.com\/pt\"],\"url\":\"https:\/\/ver-o-peso.com\/pt\/author\/veropeso2025\/\"}]}<\/script>\n<!-- \/ Yoast SEO Premium plugin. -->","yoast_head_json":{"title":"Mercado do Ver-o-peso: Um Guia Completo da Joia Hist\u00f3rica da Amaz\u00f4nia - Ver-o-peso","robots":{"index":"index","follow":"follow","max-snippet":"max-snippet:-1","max-image-preview":"max-image-preview:large","max-video-preview":"max-video-preview:-1"},"canonical":"https:\/\/ver-o-peso.com\/pt\/2025\/06\/01\/mercado-do-ver-o-peso-um-guia-completo-da-joia-historica-da-amazonia\/","og_locale":"pt_BR","og_type":"article","og_title":"Mercado do Ver-o-peso: Um Guia Completo da Joia Hist\u00f3rica da Amaz\u00f4nia","og_description":"No cora\u00e7\u00e3o de Bel\u00e9m do Par\u00e1, \u00e0s margens do rio Guam\u00e1, encontra-se um tesouro vivo da cultura amaz\u00f4nica: o Mercado do Ver-o-peso. Considerado a maior feira a c\u00e9u aberto da Am\u00e9rica Latina, este complexo hist\u00f3rico n\u00e3o \u00e9 apenas um local de com\u00e9rcio, mas um verdadeiro museu vivo que conta a hist\u00f3ria do Brasil desde o &hellip; Continuar lendo Mercado do Ver-o-peso: Um Guia Completo da Joia Hist\u00f3rica da Amaz\u00f4nia","og_url":"https:\/\/ver-o-peso.com\/pt\/2025\/06\/01\/mercado-do-ver-o-peso-um-guia-completo-da-joia-historica-da-amazonia\/","og_site_name":"Ver-o-peso","article_publisher":"https:\/\/fecebook.com\/jose.oliveira.913296","article_published_time":"2025-06-01T03:54:24+00:00","article_modified_time":"2025-06-01T11:28:21+00:00","og_image":[{"width":1344,"height":768,"url":"https:\/\/ver-o-peso.com\/pt\/wp-content\/uploads\/2025\/06\/Vista-panoramica-do-Mercado-do-Ver-o-peso-em-Belem-do-Para-mostrando-suas-estruturas.jpeg","type":"image\/jpeg"}],"author":"veropeso2025","twitter_card":"summary_large_image","twitter_misc":{"Escrito por":"veropeso2025","Est. tempo de leitura":"11 minutos"},"schema":{"@context":"https:\/\/schema.org","@graph":[{"@type":"Article","@id":"https:\/\/ver-o-peso.com\/pt\/2025\/06\/01\/mercado-do-ver-o-peso-um-guia-completo-da-joia-historica-da-amazonia\/#article","isPartOf":{"@id":"https:\/\/ver-o-peso.com\/pt\/2025\/06\/01\/mercado-do-ver-o-peso-um-guia-completo-da-joia-historica-da-amazonia\/"},"author":{"name":"veropeso2025","@id":"https:\/\/ver-o-peso.com\/pt\/#\/schema\/person\/9e9ad551726c390092238296ec769a06"},"headline":"Mercado do Ver-o-peso: Um Guia Completo da Joia Hist\u00f3rica da Amaz\u00f4nia","datePublished":"2025-06-01T03:54:24+00:00","dateModified":"2025-06-01T11:28:21+00:00","mainEntityOfPage":{"@id":"https:\/\/ver-o-peso.com\/pt\/2025\/06\/01\/mercado-do-ver-o-peso-um-guia-completo-da-joia-historica-da-amazonia\/"},"wordCount":2205,"commentCount":0,"publisher":{"@id":"https:\/\/ver-o-peso.com\/pt\/#organization"},"image":{"@id":"https:\/\/ver-o-peso.com\/pt\/2025\/06\/01\/mercado-do-ver-o-peso-um-guia-completo-da-joia-historica-da-amazonia\/#primaryimage"},"thumbnailUrl":"https:\/\/ver-o-peso.com\/pt\/wp-content\/uploads\/2025\/06\/Vista-panoramica-do-Mercado-do-Ver-o-peso-em-Belem-do-Para-mostrando-suas-estruturas.jpeg","keywords":["Arquitetura Tradicional","Artesanato Paraense","Bel\u00e9m do Par\u00e1","Cultura Amaz\u00f4nica","Gastronomia Regional","Joias Amaz\u00f4nicas","Mercado do Ver-o-peso","Produtos Regionais","Turismo em Bel\u00e9m"],"articleSection":["Amaz\u00f4nia","Turismo"],"inLanguage":"pt-BR","potentialAction":[{"@type":"CommentAction","name":"Comment","target":["https:\/\/ver-o-peso.com\/pt\/2025\/06\/01\/mercado-do-ver-o-peso-um-guia-completo-da-joia-historica-da-amazonia\/#respond"]}]},{"@type":"WebPage","@id":"https:\/\/ver-o-peso.com\/pt\/2025\/06\/01\/mercado-do-ver-o-peso-um-guia-completo-da-joia-historica-da-amazonia\/","url":"https:\/\/ver-o-peso.com\/pt\/2025\/06\/01\/mercado-do-ver-o-peso-um-guia-completo-da-joia-historica-da-amazonia\/","name":"Mercado do Ver-o-peso: Um Guia Completo da Joia Hist\u00f3rica da Amaz\u00f4nia - Ver-o-peso","isPartOf":{"@id":"https:\/\/ver-o-peso.com\/pt\/#website"},"primaryImageOfPage":{"@id":"https:\/\/ver-o-peso.com\/pt\/2025\/06\/01\/mercado-do-ver-o-peso-um-guia-completo-da-joia-historica-da-amazonia\/#primaryimage"},"image":{"@id":"https:\/\/ver-o-peso.com\/pt\/2025\/06\/01\/mercado-do-ver-o-peso-um-guia-completo-da-joia-historica-da-amazonia\/#primaryimage"},"thumbnailUrl":"https:\/\/ver-o-peso.com\/pt\/wp-content\/uploads\/2025\/06\/Vista-panoramica-do-Mercado-do-Ver-o-peso-em-Belem-do-Para-mostrando-suas-estruturas.jpeg","datePublished":"2025-06-01T03:54:24+00:00","dateModified":"2025-06-01T11:28:21+00:00","breadcrumb":{"@id":"https:\/\/ver-o-peso.com\/pt\/2025\/06\/01\/mercado-do-ver-o-peso-um-guia-completo-da-joia-historica-da-amazonia\/#breadcrumb"},"inLanguage":"pt-BR","potentialAction":[{"@type":"ReadAction","target":["https:\/\/ver-o-peso.com\/pt\/2025\/06\/01\/mercado-do-ver-o-peso-um-guia-completo-da-joia-historica-da-amazonia\/"]}]},{"@type":"ImageObject","inLanguage":"pt-BR","@id":"https:\/\/ver-o-peso.com\/pt\/2025\/06\/01\/mercado-do-ver-o-peso-um-guia-completo-da-joia-historica-da-amazonia\/#primaryimage","url":"https:\/\/ver-o-peso.com\/pt\/wp-content\/uploads\/2025\/06\/Vista-panoramica-do-Mercado-do-Ver-o-peso-em-Belem-do-Para-mostrando-suas-estruturas.jpeg","contentUrl":"https:\/\/ver-o-peso.com\/pt\/wp-content\/uploads\/2025\/06\/Vista-panoramica-do-Mercado-do-Ver-o-peso-em-Belem-do-Para-mostrando-suas-estruturas.jpeg","width":1344,"height":768,"caption":"Vista panor\u00e2mica do Mercado do Ver-o-peso em Bel\u00e9m do Par\u00e1, mostrando suas estruturas hist\u00f3ricas e barracas coloridas \u00e0s margens do rio Guam\u00e1"},{"@type":"BreadcrumbList","@id":"https:\/\/ver-o-peso.com\/pt\/2025\/06\/01\/mercado-do-ver-o-peso-um-guia-completo-da-joia-historica-da-amazonia\/#breadcrumb","itemListElement":[{"@type":"ListItem","position":1,"name":"In\u00edcio","item":"https:\/\/ver-o-peso.com\/pt\/"},{"@type":"ListItem","position":2,"name":"Mercado do Ver-o-peso: Um Guia Completo da Joia Hist\u00f3rica da Amaz\u00f4nia"}]},{"@type":"WebSite","@id":"https:\/\/ver-o-peso.com\/pt\/#website","url":"https:\/\/ver-o-peso.com\/pt\/","name":"Ver-o-peso","description":"Aqui tem de tudo da Amaz\u00f4nia","publisher":{"@id":"https:\/\/ver-o-peso.com\/pt\/#organization"},"potentialAction":[{"@type":"SearchAction","target":{"@type":"EntryPoint","urlTemplate":"https:\/\/ver-o-peso.com\/pt\/?s={search_term_string}"},"query-input":{"@type":"PropertyValueSpecification","valueRequired":true,"valueName":"search_term_string"}}],"inLanguage":"pt-BR"},{"@type":"Organization","@id":"https:\/\/ver-o-peso.com\/pt\/#organization","name":"Ver-o-peso","url":"https:\/\/ver-o-peso.com\/pt\/","logo":{"@type":"ImageObject","inLanguage":"pt-BR","@id":"https:\/\/ver-o-peso.com\/pt\/#\/schema\/logo\/image\/","url":"https:\/\/ver-o-peso.com\/pt\/wp-content\/uploads\/2025\/05\/Logo-3.png","contentUrl":"https:\/\/ver-o-peso.com\/pt\/wp-content\/uploads\/2025\/05\/Logo-3.png","width":210,"height":118,"caption":"Ver-o-peso"},"image":{"@id":"https:\/\/ver-o-peso.com\/pt\/#\/schema\/logo\/image\/"},"sameAs":["https:\/\/fecebook.com\/jose.oliveira.913296","https:\/\/instagram.com\/riba.lages","https:\/\/tiktok.com\/veropeso2025"]},{"@type":"Person","@id":"https:\/\/ver-o-peso.com\/pt\/#\/schema\/person\/9e9ad551726c390092238296ec769a06","name":"veropeso2025","image":{"@type":"ImageObject","inLanguage":"pt-BR","@id":"https:\/\/ver-o-peso.com\/pt\/#\/schema\/person\/image\/","url":"https:\/\/secure.gravatar.com\/avatar\/abbae2eadd0ca3e3064b32972a9f07e1ec00361a8e4784de939c3d52c9381ec6?s=96&d=mm&r=g","contentUrl":"https:\/\/secure.gravatar.com\/avatar\/abbae2eadd0ca3e3064b32972a9f07e1ec00361a8e4784de939c3d52c9381ec6?s=96&d=mm&r=g","caption":"veropeso2025"},"sameAs":["https:\/\/ver-o-peso.com\/pt"],"url":"https:\/\/ver-o-peso.com\/pt\/author\/veropeso2025\/"}]}},"_links":{"self":[{"href":"https:\/\/ver-o-peso.com\/pt\/wp-json\/wp\/v2\/posts\/2537","targetHints":{"allow":["GET"]}}],"collection":[{"href":"https:\/\/ver-o-peso.com\/pt\/wp-json\/wp\/v2\/posts"}],"about":[{"href":"https:\/\/ver-o-peso.com\/pt\/wp-json\/wp\/v2\/types\/post"}],"author":[{"embeddable":true,"href":"https:\/\/ver-o-peso.com\/pt\/wp-json\/wp\/v2\/users\/1"}],"replies":[{"embeddable":true,"href":"https:\/\/ver-o-peso.com\/pt\/wp-json\/wp\/v2\/comments?post=2537"}],"version-history":[{"count":3,"href":"https:\/\/ver-o-peso.com\/pt\/wp-json\/wp\/v2\/posts\/2537\/revisions"}],"predecessor-version":[{"id":2574,"href":"https:\/\/ver-o-peso.com\/pt\/wp-json\/wp\/v2\/posts\/2537\/revisions\/2574"}],"wp:featuredmedia":[{"embeddable":true,"href":"https:\/\/ver-o-peso.com\/pt\/wp-json\/wp\/v2\/media\/2538"}],"wp:attachment":[{"href":"https:\/\/ver-o-peso.com\/pt\/wp-json\/wp\/v2\/media?parent=2537"}],"wp:term":[{"taxonomy":"category","embeddable":true,"href":"https:\/\/ver-o-peso.com\/pt\/wp-json\/wp\/v2\/categories?post=2537"},{"taxonomy":"post_tag","embeddable":true,"href":"https:\/\/ver-o-peso.com\/pt\/wp-json\/wp\/v2\/tags?post=2537"}],"curies":[{"name":"wp","href":"https:\/\/api.w.org\/{rel}","templated":true}]}}