{"id":2578,"date":"2025-06-01T11:54:07","date_gmt":"2025-06-01T14:54:07","guid":{"rendered":"https:\/\/ver-o-peso.com\/pt\/?p=2578"},"modified":"2025-06-01T08:54:14","modified_gmt":"2025-06-01T11:54:14","slug":"o-verdadeiro-acai-por-que-no-para-ele-e-comida-de-verdade-e-nao-sobremesa","status":"publish","type":"post","link":"https:\/\/ver-o-peso.com\/pt\/2025\/06\/01\/o-verdadeiro-acai-por-que-no-para-ele-e-comida-de-verdade-e-nao-sobremesa\/","title":{"rendered":"O Verdadeiro A\u00e7a\u00ed: Por Que no Par\u00e1 Ele \u00e9 Comida de Verdade (e N\u00e3o Sobremesa)"},"content":{"rendered":"<p>J\u00e1 parou para pensar como um mesmo fruto pode ter significados t\u00e3o diferentes em lugares distintos? Para muitos, o a\u00e7a\u00ed \u00e9 uma del\u00edcia gelada, quase uma sobremesa. Mas, para os paraenses, ele vai muito al\u00e9m disso. \u00c9 um alimento essencial, parte do dia a dia e da cultura local.<\/p>\n<p>Recentemente, essa diferen\u00e7a ganhou destaque no BBB24, quando Alane, uma participante paraense, recusou o a\u00e7a\u00ed servido no Sudeste. Para ela, aquilo n\u00e3o era o &#8220;de verdade&#8221;. Essa discuss\u00e3o entre Alane e Leidy Elin mostrou como o consumo desse fruto pode variar tanto de regi\u00e3o para regi\u00e3o.<\/p>\n<p><iframe loading=\"lazy\" title=\"A\u00e7a\u00ed: Conhe\u00e7a as propriedades nutricionais e todos seus benef\u00edcios - Voc\u00ea Bonita (22\/03\/2023)\" width=\"660\" height=\"371\" src=\"https:\/\/www.youtube.com\/embed\/ZWRjFwmkY70?feature=oembed\" frameborder=\"0\" allow=\"accelerometer; autoplay; clipboard-write; encrypted-media; gyroscope; picture-in-picture; web-share\" referrerpolicy=\"strict-origin-when-cross-origin\" allowfullscreen><\/iframe><\/p>\n<p>No Par\u00e1, o a\u00e7a\u00ed \u00e9 mais do que um alimento. \u00c9 tradi\u00e7\u00e3o, hist\u00f3ria e economia. O estado \u00e9 respons\u00e1vel por 94% da produ\u00e7\u00e3o nacional, o que refor\u00e7a sua import\u00e2ncia n\u00e3o s\u00f3 para a regi\u00e3o, mas para todo o pa\u00eds. Vamos explorar juntos as ra\u00edzes culturais, as diferen\u00e7as regionais e o impacto econ\u00f4mico desse fruto t\u00e3o especial.<\/p>\n<h3>Principais Pontos<\/h3>\n<ul>\n<li>O a\u00e7a\u00ed \u00e9 um alimento essencial no Par\u00e1, n\u00e3o apenas uma sobremesa.<\/li>\n<li>A pol\u00eamica do BBB24 destacou as diferen\u00e7as culturais no consumo do fruto.<\/li>\n<li>O Par\u00e1 produz 94% do a\u00e7a\u00ed consumido no Brasil.<\/li>\n<li>O fruto tem um significado cultural e econ\u00f4mico profundo para a regi\u00e3o.<\/li>\n<li>As formas de consumo variam significativamente entre as regi\u00f5es do pa\u00eds.<\/li>\n<\/ul>\n<h2>Introdu\u00e7\u00e3o: O A\u00e7a\u00ed Al\u00e9m da Sobremesa<\/h2>\n<p>A forma como consumimos um alimento pode variar muito de regi\u00e3o para regi\u00e3o. Enquanto no Sudeste ele \u00e9 visto como uma sobremesa, no Par\u00e1, o <strong>a\u00e7a\u00ed<\/strong> \u00e9 parte da refei\u00e7\u00e3o principal. Essa diferen\u00e7a cultural foi destacada recentemente no BBB24, quando Alane, uma participante paraense, recusou o <strong>a\u00e7a\u00ed<\/strong> servido no Sudeste, afirmando que n\u00e3o era o &#8220;de verdade&#8221;.<\/p>\n<p>No Par\u00e1, o <strong>fruto<\/strong> \u00e9 essencial no dia a dia. Dados mostram que 60% das fam\u00edlias de baixa renda consomem <strong>a\u00e7a\u00ed<\/strong> diariamente. Essa tradi\u00e7\u00e3o tem ra\u00edzes profundas, inclusive na lenda ind\u00edgena de Ia\u00e7\u00e3, que deu origem ao nome &#8220;a\u00e7a\u00ed&#8221; (Ia\u00e7\u00e3 invertido).<\/p>\n<p>Nutricionalmente, uma cuia de <strong>a\u00e7a\u00ed<\/strong> com farinha fornece cerca de 500 calorias, o que equivale a 25% das necessidades di\u00e1rias de um adulto. Essa combina\u00e7\u00e3o \u00e9 um exemplo do <strong>jeito certo<\/strong> de consumir o <strong>verdadeiro a\u00e7a\u00ed<\/strong> no Par\u00e1.<\/p>\n<p>O debate sobre autenticidade ganhou for\u00e7a com o exemplo do BBB24 e com depoimentos de produtores como \u00c9der Brunhari, que refor\u00e7am a import\u00e2ncia de preservar as tradi\u00e7\u00f5es locais. Afinal, o <strong>a\u00e7a\u00ed<\/strong> vai muito al\u00e9m de uma simples sobremesa.<\/p>\n<table>\n<tr>\n<th>Regi\u00e3o<\/th>\n<th>Forma de Consumo<\/th>\n<th>Calorias (por por\u00e7\u00e3o)<\/th>\n<\/tr>\n<tr>\n<td>Sudeste<\/td>\n<td>Sobremesa com frutas e granola<\/td>\n<td>300 kcal<\/td>\n<\/tr>\n<tr>\n<td>Par\u00e1<\/td>\n<td>Refei\u00e7\u00e3o principal com farinha<\/td>\n<td>500 kcal<\/td>\n<\/tr>\n<\/table>\n<h2>A Origem do A\u00e7a\u00ed: Ra\u00edzes na Amaz\u00f4nia<\/h2>\n<p>A hist\u00f3ria do <strong>a\u00e7a\u00ed<\/strong> remonta a mil\u00eanios, com ra\u00edzes profundas na Amaz\u00f4nia. Esse <strong>fruto<\/strong> ic\u00f4nico n\u00e3o apenas alimenta, mas tamb\u00e9m conecta gera\u00e7\u00f5es atrav\u00e9s de sua rica tradi\u00e7\u00e3o cultural.<\/p>\n<p><iframe loading=\"lazy\" title=\"Creme de Pistache Caseiro tipo Nutella - Maur\u00edcio Rodrigues\" width=\"660\" height=\"371\" src=\"https:\/\/www.youtube.com\/embed\/O2YZU-YlSsc?feature=oembed\" frameborder=\"0\" allow=\"accelerometer; autoplay; clipboard-write; encrypted-media; gyroscope; picture-in-picture; web-share\" referrerpolicy=\"strict-origin-when-cross-origin\" allowfullscreen><\/iframe><\/p>\n<h3>O A\u00e7a\u00ed na Cultura Ind\u00edgena<\/h3>\n<p>Segundo a lenda de Ia\u00e7\u00e3, uma tribo ind\u00edgena no Par\u00e1 descobriu o <strong>a\u00e7a\u00ed<\/strong> como solu\u00e7\u00e3o para a fome. A filha do cacique, Ia\u00e7\u00e3, foi transformada em uma palmeira que produzia o <strong>fruto<\/strong>, simbolizando vida e esperan\u00e7a.<\/p>\n<p>As tribos ribeirinhas consumiam o <strong>a\u00e7a\u00ed<\/strong> batido com <strong>\u00e1gua<\/strong>, criando uma pasta nutritiva. Essa pr\u00e1tica ancestral era essencial para a sobreviv\u00eancia e se mant\u00e9m viva at\u00e9 hoje.<\/p>\n<blockquote><p>\n  &#8220;O a\u00e7a\u00ed \u00e9 mais que um alimento; \u00e9 parte da nossa identidade e hist\u00f3ria.&#8221;<\/p>\n<footer>\u00c9der Brunhari, produtor local<\/footer>\n<\/blockquote>\n<h3>A Expans\u00e3o do A\u00e7a\u00ed para o Resto do Brasil<\/h3>\n<p>A partir dos <strong>anos<\/strong> 2000, o <strong>a\u00e7a\u00ed<\/strong> ganhou popularidade nacional. A <strong>fam\u00edlia<\/strong> Gracie, conhecida no mundo do jiu-jitsu, ajudou a associar o <strong>fruto<\/strong> a energia e sa\u00fade, impulsionando sua demanda.<\/p>\n<p>Surfistas americanos tamb\u00e9m contribu\u00edram para a difus\u00e3o, adaptando o mix com guaran\u00e1 para agradar paladares externos. Essa expans\u00e3o transformou o <strong>a\u00e7a\u00ed<\/strong> em um fen\u00f4meno global.<\/p>\n<table>\n<tr>\n<th>Per\u00edodo<\/th>\n<th>Produ\u00e7\u00e3o (toneladas\/ano)<\/th>\n<\/tr>\n<tr>\n<td>Anos 1990<\/td>\n<td>120 mil<\/td>\n<\/tr>\n<tr>\n<td>Anos 2020<\/td>\n<td>1 milh\u00e3o<\/td>\n<\/tr>\n<\/table>\n<p>Hoje, o <strong>a\u00e7a\u00ed<\/strong> \u00e9 um s\u00edmbolo n\u00e3o apenas da Amaz\u00f4nia, mas de todo o Brasil. Sua trajet\u00f3ria mostra como um <strong>fruto<\/strong> pode unir tradi\u00e7\u00e3o e modernidade.<\/p>\n<h2>O Verdadeiro A\u00e7a\u00ed: Como \u00e9 Consumido no Par\u00e1<\/h2>\n<p>No cora\u00e7\u00e3o do Par\u00e1, o consumo desse fruto vai al\u00e9m do que muitos imaginam. Enquanto em outras regi\u00f5es ele \u00e9 visto como uma op\u00e7\u00e3o leve, aqui ele \u00e9 parte essencial da refei\u00e7\u00e3o principal. As combina\u00e7\u00f5es tradicionais revelam um lado cultural rico e nutritivo.<\/p>\n<p><img loading=\"lazy\" decoding=\"async\" src=\"https:\/\/ver-o-peso.com\/pt\/wp-content\/uploads\/2025\/06\/Acai-Para-1024x1024.jpeg\" alt=\"A\u00e7a\u00ed Par\u00e1\" title=\"A\u00e7a\u00ed Par\u00e1\" width=\"660\" height=\"660\" class=\"aligncenter size-large wp-image-2580\" \/><\/p>\n<h3>A\u00e7a\u00ed com Peixe Frito: Uma Combina\u00e7\u00e3o Cl\u00e1ssica<\/h3>\n<p>Uma das formas mais tradicionais de consumir esse fruto \u00e9 acompanhado de <strong>peixe frito<\/strong>. Filhote, dourada ou at\u00e9 mesmo camar\u00e3o s\u00e3o op\u00e7\u00f5es comuns. A farinha de mandioca ou tapioca completa o prato, criando uma refei\u00e7\u00e3o equilibrada e saborosa.<\/p>\n<p>Alberto Silva, vendedor do Ver-o-Peso, resume bem: <\/p>\n<blockquote><p>&#8220;A\u00e7a\u00ed com mistura \u00e9 sorvete. Aqui, a gente valoriza o tradicional.&#8221;<\/p><\/blockquote>\n<p>O pre\u00e7o m\u00e9dio para essa combina\u00e7\u00e3o no mercado Ver-o-Peso \u00e9 de R$ 25, uma op\u00e7\u00e3o acess\u00edvel e cheia de sabor.<\/p>\n<h3>O A\u00e7a\u00ed Puro: Sabor e Nutri\u00e7\u00e3o<\/h3>\n<p>Para muitos, o fruto batido na hora, sem aditivos, \u00e9 a melhor forma de aproveitar seus benef\u00edcios. Marilea Oliveira, universit\u00e1ria, compartilha: <\/p>\n<blockquote><p>&#8220;A\u00e7a\u00ed puro d\u00e1 energia para o dia todo. \u00c9 meu combust\u00edvel.&#8221;<\/p><\/blockquote>\n<p>Nutricionalmente, ele \u00e9 rico em antocianinas, ferro e pot\u00e1ssio, elementos que contribuem para a sa\u00fade e bem-estar. O processo de batimento mant\u00e9m o sabor e a textura originais, garantindo uma experi\u00eancia aut\u00eantica.<\/p>\n<p>Seja com <strong>peixe frito<\/strong> ou puro, o consumo desse fruto no Par\u00e1 \u00e9 uma tradi\u00e7\u00e3o que une sabor, cultura e nutri\u00e7\u00e3o.<\/p>\n<h2>Diferen\u00e7as Entre o A\u00e7a\u00ed do Par\u00e1 e o A\u00e7a\u00ed do Sudeste<\/h2>\n<p>Voc\u00ea j\u00e1 notou como um mesmo alimento pode ser consumido de maneiras t\u00e3o distintas em diferentes partes do pa\u00eds? Enquanto no Par\u00e1 ele \u00e9 parte da refei\u00e7\u00e3o principal, no Sudeste, o <strong>a\u00e7a\u00ed<\/strong> ganhou um novo significado, adaptado ao paladar moderno.<\/p>\n<p><iframe loading=\"lazy\" title=\"O A\u00c7A\u00cd QUE N\u00c3O TE FAZ MAL! VEJA COMO FAZER UM A\u00c7A\u00cd SAUD\u00c1VEL DE VERDADE! SEM A\u00c7\u00daCAR E XAROPE!\" width=\"660\" height=\"371\" src=\"https:\/\/www.youtube.com\/embed\/H_bMsjO-fZM?feature=oembed\" frameborder=\"0\" allow=\"accelerometer; autoplay; clipboard-write; encrypted-media; gyroscope; picture-in-picture; web-share\" referrerpolicy=\"strict-origin-when-cross-origin\" allowfullscreen><\/iframe><\/p>\n<h3>O Processo de Industrializa\u00e7\u00e3o<\/h3>\n<p>No Sudeste, o <strong>a\u00e7a\u00ed<\/strong> passa por um processo industrial que inclui pasteuriza\u00e7\u00e3o e adi\u00e7\u00e3o de espessantes. A <strong>polpa<\/strong> \u00e9 dilu\u00edda com conservantes e xarope de <strong>guaran\u00e1<\/strong> para facilitar o transporte e prolongar a validade.<\/p>\n<p>D\u00e1rio Pantoja, da Dapancol, explica: <\/p>\n<blockquote><p>&#8220;1kg de polpa vira 10kg de mix, ideal para atender a demanda do Sudeste.&#8221;<\/p><\/blockquote>\n<p>Essa transforma\u00e7\u00e3o resulta em uma textura mais cremosa, semelhante a um <strong>sorvete<\/strong>, mas com menos concentra\u00e7\u00e3o de <strong>polpa<\/strong> (8-11%) em compara\u00e7\u00e3o ao Par\u00e1 (14-17%).<\/p>\n<h3>O A\u00e7a\u00ed como Sobremesa: Uma Adapta\u00e7\u00e3o ao Paladar Moderno<\/h3>\n<p>No Rio de Janeiro, por exemplo, o <strong>a\u00e7a\u00ed<\/strong> \u00e9 servido com <strong>leite<\/strong> condensado e morango, uma combina\u00e7\u00e3o que agrada ao paladar local. Essa vers\u00e3o adocicada se tornou popular, mas gerou cr\u00edticas de produtores paraenses.<\/p>\n<p>Eles afirmam que o <strong>a\u00e7a\u00ed<\/strong> do Sudeste perde o sabor terroso original, caracter\u00edstico da vers\u00e3o tradicional. Al\u00e9m disso, o consumo excessivo de <strong>polpa<\/strong> concentrada (acima de 17%) pode causar problemas digestivos.<\/p>\n<ul>\n<li>Pasteuriza\u00e7\u00e3o e adi\u00e7\u00e3o de espessantes criam textura de <strong>sorvete<\/strong>.<\/li>\n<li>Vers\u00e3o adocicada \u00e9 preferida em mercados como os EUA, que recebem 77% das exporta\u00e7\u00f5es.<\/li>\n<li>Produtores paraenses defendem a preserva\u00e7\u00e3o do sabor original.<\/li>\n<\/ul>\n<p>Essas diferen\u00e7as mostram como o <strong>a\u00e7a\u00ed<\/strong> se adaptou a novos contextos, mas tamb\u00e9m levantam quest\u00f5es sobre a autenticidade e a preserva\u00e7\u00e3o das tradi\u00e7\u00f5es locais.<\/p>\n<h2>O A\u00e7a\u00ed na Economia do Par\u00e1<\/h2>\n<p>O impacto econ\u00f4mico do a\u00e7a\u00ed no Par\u00e1 vai al\u00e9m das fronteiras locais, influenciando vidas e mercados. Esse fruto n\u00e3o s\u00f3 alimenta, mas tamb\u00e9m sustenta milhares de fam\u00edlias, movimentando uma cadeia produtiva complexa e essencial para a <strong>regi\u00e3o<\/strong>.<\/p>\n<p><img loading=\"lazy\" decoding=\"async\" src=\"https:\/\/ver-o-peso.com\/pt\/wp-content\/uploads\/2025\/06\/Acai-na-Economia-do-Para-1024x1024.jpeg\" alt=\"A\u00e7a\u00ed na Economia do Par\u00e1\" title=\"A\u00e7a\u00ed na Economia do Par\u00e1\" width=\"660\" height=\"660\" class=\"aligncenter size-large wp-image-2581\" \/><\/p>\n<h3>A Produ\u00e7\u00e3o de A\u00e7a\u00ed no Par\u00e1<\/h3>\n<p>Igarap\u00e9-Miri, no Par\u00e1, \u00e9 respons\u00e1vel por 20% da <strong>produ\u00e7\u00e3o<\/strong> global desse fruto. Peconheiros, coletores tradicionais, escalam palmeiras de at\u00e9 25 metros com fac\u00f5es para colher os cachos. Esse trabalho \u00e1rduo \u00e9 o primeiro elo de uma cadeia que envolve atravessadores, barcos e freezers a -18\u00b0C.<\/p>\n<p>A log\u00edstica \u00e9 desafiadora, mas essencial para garantir que o produto chegue fresco aos mercados. O transporte em barcos \u00e9 comum, conectando comunidades ribeirinhas aos centros de <strong>venda<\/strong>.<\/p>\n<h3>O A\u00e7a\u00ed como Fonte de Renda<\/h3>\n<p>Para 70% dos ribeirinhos paraenses, o a\u00e7a\u00ed \u00e9 a principal fonte de renda. Dados da Conab mostram que a <strong>produ\u00e7\u00e3o<\/strong> gera empregos para mais de 300 mil pessoas no <strong>estado<\/strong>. Desde os coletores at\u00e9 os exportadores, cada etapa da cadeia contribui para a economia local.<\/p>\n<p>Al\u00e9m disso, 10% da <strong>produ\u00e7\u00e3o<\/strong> \u00e9 destinada \u00e0 <strong>exporta\u00e7\u00e3o<\/strong>, principalmente para os EUA, Europa e Ar\u00e1bia Saudita. Curiosamente, a Finl\u00e2ndia prefere a vers\u00e3o doce, enquanto a Ar\u00e1bia Saudita opta pela concentrada.<\/p>\n<p>Esse fruto, que j\u00e1 alimentou tribos ind\u00edgenas, hoje alimenta tamb\u00e9m o <strong>mundo<\/strong>, mostrando como tradi\u00e7\u00e3o e modernidade podem coexistir.<\/p>\n<h2>O A\u00e7a\u00ed no Mundo: Exporta\u00e7\u00e3o e Populariza\u00e7\u00e3o<\/h2>\n<p>A jornada do a\u00e7a\u00ed pelo <strong>mundo<\/strong> \u00e9 um exemplo de como uma <strong>fruta<\/strong> pode conquistar paladares globais. Da Amaz\u00f4nia para os Estados Unidos, Europa e al\u00e9m, sua hist\u00f3ria de sucesso \u00e9 marcada por adapta\u00e7\u00f5es e estrat\u00e9gias inteligentes.<\/p>\n<p><iframe loading=\"lazy\" title=\"Descubra o Verdadeiro Sabor da Amaz\u00f4nia: Point do A\u00e7a\u00ed em Bel\u00e9m - O Para\u00edso do A\u00e7a\u00ed Aut\u00eantico!\" width=\"660\" height=\"371\" src=\"https:\/\/www.youtube.com\/embed\/hrH_owImtk0?feature=oembed\" frameborder=\"0\" allow=\"accelerometer; autoplay; clipboard-write; encrypted-media; gyroscope; picture-in-picture; web-share\" referrerpolicy=\"strict-origin-when-cross-origin\" allowfullscreen><\/iframe><\/p>\n<h3>O A\u00e7a\u00ed nos Estados Unidos: Uma Hist\u00f3ria de Sucesso<\/h3>\n<p>Nos anos 2000, surfistas de Los Angeles descobriram o potencial energ\u00e9tico dessa <strong>fruta<\/strong>. Ben Hur Borges, um dos pioneiros, adaptou o sabor ao paladar global, misturando-o com guaran\u00e1. Essa combina\u00e7\u00e3o foi um sucesso instant\u00e2neo.<\/p>\n<p>Empresas como a Sambazon capitalizaram essa tend\u00eancia, associando o a\u00e7a\u00ed a antioxidantes e um estilo de vida saud\u00e1vel. Hoje, a marca fatura US$ 100 milh\u00f5es por ano, mostrando o poder de uma estrat\u00e9gia de marketing bem-executada.<\/p>\n<blockquote><p>\n&#8220;O a\u00e7a\u00ed n\u00e3o \u00e9 apenas uma fruta; \u00e9 um estilo de vida que combina sa\u00fade e energia.&#8221;<\/p>\n<footer>Ben Hur Borges<\/footer>\n<\/blockquote>\n<h3>O A\u00e7a\u00ed na Europa e Outros Continentes<\/h3>\n<p>Na Europa, o consumo representa 5% das <strong>exporta\u00e7\u00f5es<\/strong>, com foco em produtos org\u00e2nicos. A tend\u00eancia de a\u00e7a\u00ed em p\u00f3 e c\u00e1psulas ganhou espa\u00e7o no mercado fitness, atraindo consumidores preocupados com sa\u00fade e praticidade.<\/p>\n<p>No entanto, os desafios log\u00edsticos s\u00e3o grandes. O transporte em cont\u00eaineres refrigerados pode levar at\u00e9 45 <strong>horas<\/strong>, exigindo cuidados especiais para manter a qualidade da <strong>produ\u00e7\u00e3o<\/strong>.<\/p>\n<p>Essa expans\u00e3o global n\u00e3o s\u00f3 fortalece a economia brasileira, mas tamb\u00e9m coloca o a\u00e7a\u00ed como um s\u00edmbolo de nosso <strong>pa\u00eds<\/strong> no <strong>mundo<\/strong>.<\/p>\n<h2>O A\u00e7a\u00ed na Cultura Popular<\/h2>\n<p>A cultura popular brasileira abra\u00e7a o a\u00e7a\u00ed de maneiras \u00fanicas e inspiradoras. Esse fruto n\u00e3o apenas alimenta, mas tamb\u00e9m se tornou um s\u00edmbolo de identidade e tradi\u00e7\u00e3o em diversas express\u00f5es art\u00edsticas e midi\u00e1ticas.<\/p>\n<h3>O A\u00e7a\u00ed no BBB24: Uma Discuss\u00e3o Cultural<\/h3>\n<p>O debate entre Alane, do Par\u00e1, e Leidy Elin, do Rio de Janeiro, no BBB24, viralizou com mais de 2,5 milh\u00f5es de visualiza\u00e7\u00f5es. Alane defendeu o <strong>consumo<\/strong> tradicional, enquanto Leidy apresentou a vers\u00e3o com <strong>granola<\/strong> e frutas. Esse choque cultural mostrou como o a\u00e7a\u00ed pode ser interpretado de diferentes <strong>formas<\/strong>.<\/p>\n<blockquote><p>\n&#8220;Para mim, a\u00e7a\u00ed \u00e9 refei\u00e7\u00e3o, n\u00e3o sobremesa. \u00c9 uma quest\u00e3o de identidade.&#8221;<\/p>\n<footer>Alane, participante do BBB24<\/footer>\n<\/blockquote>\n<p>Esse momento refor\u00e7ou a import\u00e2ncia de preservar as tradi\u00e7\u00f5es locais, especialmente em um <strong>estado<\/strong> como o Par\u00e1, onde o a\u00e7a\u00ed \u00e9 parte do dia a dia.<\/p>\n<h3>O A\u00e7a\u00ed na M\u00fasica e no Cinema<\/h3>\n<p>Na m\u00fasica, o a\u00e7a\u00ed ganhou destaque em can\u00e7\u00f5es como &#8220;A\u00e7a\u00ed com Tapioca&#8221;, que viralizou no TikTok em 2023. Artistas como Gaby Amarantos e Gusttavo Lima tamb\u00e9m celebraram o fruto em suas obras. Durante um show no Mangueir\u00e3o, Gusttavo levou um litro de a\u00e7a\u00ed para o palco, transformando-o em um s\u00edmbolo de orgulho paraense.<\/p>\n<p><img loading=\"lazy\" decoding=\"async\" src=\"https:\/\/ver-o-peso.com\/pt\/wp-content\/uploads\/2025\/06\/Acai-na-Cultura-Popular-1024x1024.jpeg\" alt=\"A\u00e7a\u00ed na Cultura Popular\" title=\"A\u00e7a\u00ed na Cultura Popular\" width=\"660\" height=\"660\" class=\"aligncenter size-large wp-image-2582\" \/><\/p>\n<p>No cinema, document\u00e1rios internacionais destacam o a\u00e7a\u00ed como um &#8220;superalimento da Amaz\u00f4nia&#8221;. Filmes como &#8220;A\u00e7a\u00ed na Cuia&#8221; exploram sua import\u00e2ncia cultural e nutricional, conectando o p\u00fablico global \u00e0s ra\u00edzes amaz\u00f4nicas.<\/p>\n<table>\n<tr>\n<th>M\u00eddia<\/th>\n<th>Representa\u00e7\u00e3o do A\u00e7a\u00ed<\/th>\n<\/tr>\n<tr>\n<td>BBB24<\/td>\n<td>Debate cultural entre tradi\u00e7\u00e3o e modernidade<\/td>\n<\/tr>\n<tr>\n<td>M\u00fasica<\/td>\n<td>S\u00edmbolo de identidade e orgulho regional<\/td>\n<\/tr>\n<tr>\n<td>Cinema<\/td>\n<td>Superalimento e heran\u00e7a cultural<\/td>\n<\/tr>\n<\/table>\n<p>Essas representa\u00e7\u00f5es mostram como o a\u00e7a\u00ed transcende o <strong>consumo<\/strong> e se torna parte da nossa hist\u00f3ria e identidade. Cada <strong>semana<\/strong>, novas formas de celebrar esse fruto surgem, refor\u00e7ando sua import\u00e2ncia na cultura brasileira.<\/p>\n<h2>Conclus\u00e3o: O A\u00e7a\u00ed como S\u00edmbolo do Par\u00e1<\/h2>\n<p>O <strong>a\u00e7a\u00ed<\/strong> \u00e9 mais que um <strong>fruto<\/strong>; \u00e9 um s\u00edmbolo de identidade e resist\u00eancia para o Par\u00e1. Representa a cultura e a economia de uma <strong>regi\u00e3o<\/strong> que se orgulha de suas ra\u00edzes. Com 95% da <strong>produ\u00e7\u00e3o<\/strong> global saindo do estado, ele \u00e9 um tesouro que alimenta o <strong>pa\u00eds<\/strong> e o <strong>mundo<\/strong>.<\/p>\n<p>Experimentar o <strong>a\u00e7a\u00ed<\/strong> tradicional em Bel\u00e9m \u00e9 uma maneira de entender sua <strong>verdade<\/strong>. A globaliza\u00e7\u00e3o trouxe adapta\u00e7\u00f5es, mas n\u00e3o diminuiu a singularidade das tradi\u00e7\u00f5es locais. Cada cuia consumida \u00e9 uma conex\u00e3o com a hist\u00f3ria e a cultura paraense.<\/p>\n<p>Como diz o prov\u00e9rbio local: <em>&#8220;Quem come a\u00e7a\u00ed com peixe nunca mais volta atr\u00e1s.&#8221;<\/em> Essa frase resume a ess\u00eancia de um alimento que vai al\u00e9m do sabor, tornando-se parte da vida de quem o experimenta.<\/p>\n<section class=\"schema-section\">\n<h2>FAQ<\/h2>\n<div>\n<h3>Qual \u00e9 a origem do a\u00e7a\u00ed?<\/h3>\n<div>\n<div>\n<p>O a\u00e7a\u00ed tem suas ra\u00edzes na Amaz\u00f4nia, especialmente no estado do Par\u00e1, onde \u00e9 parte essencial da cultura ind\u00edgena e da alimenta\u00e7\u00e3o local.<\/p>\n<\/div>\n<\/div>\n<\/div>\n<div>\n<h3>Como o a\u00e7a\u00ed \u00e9 consumido no Par\u00e1?<\/h3>\n<div>\n<div>\n<p>No Par\u00e1, o a\u00e7a\u00ed \u00e9 consumido de forma tradicional, muitas vezes acompanhado de peixe frito ou puro, sendo uma refei\u00e7\u00e3o nutritiva e energ\u00e9tica.<\/p>\n<\/div>\n<\/div>\n<\/div>\n<div>\n<h3>Qual \u00e9 a diferen\u00e7a entre o a\u00e7a\u00ed do Par\u00e1 e o do Sudeste?<\/h3>\n<div>\n<div>\n<p>No Par\u00e1, o a\u00e7a\u00ed \u00e9 mais puro e menos industrializado, enquanto no Sudeste ele \u00e9 adaptado ao paladar moderno, servido como sobremesa com granola, banana e leite condensado.<\/p>\n<\/div>\n<\/div>\n<\/div>\n<div>\n<h3>Qual \u00e9 o papel do a\u00e7a\u00ed na economia do Par\u00e1?<\/h3>\n<div>\n<div>\n<p>O a\u00e7a\u00ed \u00e9 uma importante fonte de renda para muitas fam\u00edlias no Par\u00e1, impulsionando a produ\u00e7\u00e3o local e a exporta\u00e7\u00e3o para outras regi\u00f5es do Brasil e do mundo.<\/p>\n<\/div>\n<\/div>\n<\/div>\n<div>\n<h3>Como o a\u00e7a\u00ed se popularizou no mundo?<\/h3>\n<div>\n<div>\n<p>O a\u00e7a\u00ed ganhou fama internacional, especialmente nos Estados Unidos, onde \u00e9 consumido como superalimento, e na Europa, onde sua popularidade cresce a cada ano.<\/p>\n<\/div>\n<\/div>\n<\/div>\n<div>\n<h3>O a\u00e7a\u00ed aparece na cultura popular?<\/h3>\n<div>\n<div>\n<p>Sim, o a\u00e7a\u00ed est\u00e1 presente em discuss\u00f5es culturais, como no BBB24, e tamb\u00e9m na m\u00fasica e no cinema, refor\u00e7ando sua import\u00e2ncia como s\u00edmbolo da regi\u00e3o amaz\u00f4nica.<\/p>\n<\/div>\n<\/div>\n<\/div>\n<div>\n<h3>Por que o a\u00e7a\u00ed \u00e9 considerado um s\u00edmbolo do Par\u00e1?<\/h3>\n<div>\n<div>\n<p>O a\u00e7a\u00ed \u00e9 um s\u00edmbolo do Par\u00e1 por sua forte liga\u00e7\u00e3o com a cultura, a economia e a alimenta\u00e7\u00e3o local, representando a identidade e a tradi\u00e7\u00e3o da regi\u00e3o.<\/p>\n<\/div>\n<\/div>\n<\/div>\n<\/section>\n","protected":false},"excerpt":{"rendered":"<p>J\u00e1 parou para pensar como um mesmo fruto pode ter significados t\u00e3o diferentes em lugares distintos? Para muitos, o a\u00e7a\u00ed \u00e9 uma del\u00edcia gelada, quase uma sobremesa. Mas, para os paraenses, ele vai muito al\u00e9m disso. \u00c9 um alimento essencial, parte do dia a dia e da cultura local. Recentemente, essa diferen\u00e7a ganhou destaque no &hellip; <a href=\"https:\/\/ver-o-peso.com\/pt\/2025\/06\/01\/o-verdadeiro-acai-por-que-no-para-ele-e-comida-de-verdade-e-nao-sobremesa\/\" class=\"more-link\">Continuar lendo <span class=\"screen-reader-text\">O Verdadeiro A\u00e7a\u00ed: Por Que no Par\u00e1 Ele \u00e9 Comida de Verdade (e N\u00e3o Sobremesa)<\/span><\/a><\/p>\n","protected":false},"author":1,"featured_media":2579,"comment_status":"open","ping_status":"open","sticky":false,"template":"","format":"standard","meta":{"footnotes":""},"categories":[1],"tags":[106,107,108,109],"class_list":["post-2578","post","type-post","status-publish","format-standard","has-post-thumbnail","hentry","category-sem-categoria","tag-acai-do-para","tag-alimentacao-saudavel","tag-cultura-paraense","tag-frutas-amazonicas"],"yoast_head":"<!-- This site is optimized with the Yoast SEO Premium plugin v25.3 (Yoast SEO v25.9) - https:\/\/yoast.com\/wordpress\/plugins\/seo\/ -->\n<title>O Verdadeiro A\u00e7a\u00ed: Por Que no Par\u00e1 Ele \u00e9 Comida de Verdade (e N\u00e3o Sobremesa) - Ver-o-peso<\/title>\n<meta name=\"robots\" content=\"index, follow, max-snippet:-1, max-image-preview:large, max-video-preview:-1\" \/>\n<link rel=\"canonical\" href=\"https:\/\/ver-o-peso.com\/pt\/2025\/06\/01\/o-verdadeiro-acai-por-que-no-para-ele-e-comida-de-verdade-e-nao-sobremesa\/\" \/>\n<meta property=\"og:locale\" content=\"pt_BR\" \/>\n<meta property=\"og:type\" content=\"article\" \/>\n<meta property=\"og:title\" content=\"O Verdadeiro A\u00e7a\u00ed: Por Que no Par\u00e1 Ele \u00e9 Comida de Verdade (e N\u00e3o Sobremesa)\" \/>\n<meta property=\"og:description\" content=\"J\u00e1 parou para pensar como um mesmo fruto pode ter significados t\u00e3o diferentes em lugares distintos? Para muitos, o a\u00e7a\u00ed \u00e9 uma del\u00edcia gelada, quase uma sobremesa. Mas, para os paraenses, ele vai muito al\u00e9m disso. \u00c9 um alimento essencial, parte do dia a dia e da cultura local. Recentemente, essa diferen\u00e7a ganhou destaque no &hellip; Continuar lendo O Verdadeiro A\u00e7a\u00ed: Por Que no Par\u00e1 Ele \u00e9 Comida de Verdade (e N\u00e3o Sobremesa)\" \/>\n<meta property=\"og:url\" content=\"https:\/\/ver-o-peso.com\/pt\/2025\/06\/01\/o-verdadeiro-acai-por-que-no-para-ele-e-comida-de-verdade-e-nao-sobremesa\/\" \/>\n<meta property=\"og:site_name\" content=\"Ver-o-peso\" \/>\n<meta property=\"article:publisher\" content=\"https:\/\/fecebook.com\/jose.oliveira.913296\" \/>\n<meta property=\"article:published_time\" content=\"2025-06-01T14:54:07+00:00\" \/>\n<meta property=\"og:image\" content=\"https:\/\/ver-o-peso.com\/pt\/wp-content\/uploads\/2025\/06\/O-Verdadeiro-Acai-Por-Que-no-Para-Ele-e-Comida-de-Verdade-e-Nao-Sobremesa.jpeg\" \/>\n\t<meta property=\"og:image:width\" content=\"1344\" \/>\n\t<meta property=\"og:image:height\" content=\"768\" \/>\n\t<meta property=\"og:image:type\" content=\"image\/jpeg\" \/>\n<meta name=\"author\" content=\"veropeso2025\" \/>\n<meta name=\"twitter:card\" content=\"summary_large_image\" \/>\n<meta name=\"twitter:label1\" content=\"Escrito por\" \/>\n\t<meta name=\"twitter:data1\" content=\"veropeso2025\" \/>\n\t<meta name=\"twitter:label2\" content=\"Est. tempo de leitura\" \/>\n\t<meta name=\"twitter:data2\" content=\"13 minutos\" \/>\n<script type=\"application\/ld+json\" class=\"yoast-schema-graph\">{\"@context\":\"https:\/\/schema.org\",\"@graph\":[{\"@type\":\"Article\",\"@id\":\"https:\/\/ver-o-peso.com\/pt\/2025\/06\/01\/o-verdadeiro-acai-por-que-no-para-ele-e-comida-de-verdade-e-nao-sobremesa\/#article\",\"isPartOf\":{\"@id\":\"https:\/\/ver-o-peso.com\/pt\/2025\/06\/01\/o-verdadeiro-acai-por-que-no-para-ele-e-comida-de-verdade-e-nao-sobremesa\/\"},\"author\":{\"name\":\"veropeso2025\",\"@id\":\"https:\/\/ver-o-peso.com\/pt\/#\/schema\/person\/9e9ad551726c390092238296ec769a06\"},\"headline\":\"O Verdadeiro A\u00e7a\u00ed: Por Que no Par\u00e1 Ele \u00e9 Comida de Verdade (e N\u00e3o Sobremesa)\",\"datePublished\":\"2025-06-01T14:54:07+00:00\",\"mainEntityOfPage\":{\"@id\":\"https:\/\/ver-o-peso.com\/pt\/2025\/06\/01\/o-verdadeiro-acai-por-que-no-para-ele-e-comida-de-verdade-e-nao-sobremesa\/\"},\"wordCount\":2553,\"commentCount\":0,\"publisher\":{\"@id\":\"https:\/\/ver-o-peso.com\/pt\/#organization\"},\"image\":{\"@id\":\"https:\/\/ver-o-peso.com\/pt\/2025\/06\/01\/o-verdadeiro-acai-por-que-no-para-ele-e-comida-de-verdade-e-nao-sobremesa\/#primaryimage\"},\"thumbnailUrl\":\"https:\/\/ver-o-peso.com\/pt\/wp-content\/uploads\/2025\/06\/O-Verdadeiro-Acai-Por-Que-no-Para-Ele-e-Comida-de-Verdade-e-Nao-Sobremesa.jpeg\",\"keywords\":[\"A\u00e7a\u00ed do Par\u00e1\",\"Alimenta\u00e7\u00e3o Saud\u00e1vel\",\"Cultura Paraense\",\"Frutas Amaz\u00f4nicas\"],\"inLanguage\":\"pt-BR\",\"potentialAction\":[{\"@type\":\"CommentAction\",\"name\":\"Comment\",\"target\":[\"https:\/\/ver-o-peso.com\/pt\/2025\/06\/01\/o-verdadeiro-acai-por-que-no-para-ele-e-comida-de-verdade-e-nao-sobremesa\/#respond\"]}]},{\"@type\":\"WebPage\",\"@id\":\"https:\/\/ver-o-peso.com\/pt\/2025\/06\/01\/o-verdadeiro-acai-por-que-no-para-ele-e-comida-de-verdade-e-nao-sobremesa\/\",\"url\":\"https:\/\/ver-o-peso.com\/pt\/2025\/06\/01\/o-verdadeiro-acai-por-que-no-para-ele-e-comida-de-verdade-e-nao-sobremesa\/\",\"name\":\"O Verdadeiro A\u00e7a\u00ed: Por Que no Par\u00e1 Ele \u00e9 Comida de Verdade (e N\u00e3o Sobremesa) - Ver-o-peso\",\"isPartOf\":{\"@id\":\"https:\/\/ver-o-peso.com\/pt\/#website\"},\"primaryImageOfPage\":{\"@id\":\"https:\/\/ver-o-peso.com\/pt\/2025\/06\/01\/o-verdadeiro-acai-por-que-no-para-ele-e-comida-de-verdade-e-nao-sobremesa\/#primaryimage\"},\"image\":{\"@id\":\"https:\/\/ver-o-peso.com\/pt\/2025\/06\/01\/o-verdadeiro-acai-por-que-no-para-ele-e-comida-de-verdade-e-nao-sobremesa\/#primaryimage\"},\"thumbnailUrl\":\"https:\/\/ver-o-peso.com\/pt\/wp-content\/uploads\/2025\/06\/O-Verdadeiro-Acai-Por-Que-no-Para-Ele-e-Comida-de-Verdade-e-Nao-Sobremesa.jpeg\",\"datePublished\":\"2025-06-01T14:54:07+00:00\",\"breadcrumb\":{\"@id\":\"https:\/\/ver-o-peso.com\/pt\/2025\/06\/01\/o-verdadeiro-acai-por-que-no-para-ele-e-comida-de-verdade-e-nao-sobremesa\/#breadcrumb\"},\"inLanguage\":\"pt-BR\",\"potentialAction\":[{\"@type\":\"ReadAction\",\"target\":[\"https:\/\/ver-o-peso.com\/pt\/2025\/06\/01\/o-verdadeiro-acai-por-que-no-para-ele-e-comida-de-verdade-e-nao-sobremesa\/\"]}]},{\"@type\":\"ImageObject\",\"inLanguage\":\"pt-BR\",\"@id\":\"https:\/\/ver-o-peso.com\/pt\/2025\/06\/01\/o-verdadeiro-acai-por-que-no-para-ele-e-comida-de-verdade-e-nao-sobremesa\/#primaryimage\",\"url\":\"https:\/\/ver-o-peso.com\/pt\/wp-content\/uploads\/2025\/06\/O-Verdadeiro-Acai-Por-Que-no-Para-Ele-e-Comida-de-Verdade-e-Nao-Sobremesa.jpeg\",\"contentUrl\":\"https:\/\/ver-o-peso.com\/pt\/wp-content\/uploads\/2025\/06\/O-Verdadeiro-Acai-Por-Que-no-Para-Ele-e-Comida-de-Verdade-e-Nao-Sobremesa.jpeg\",\"width\":1344,\"height\":768,\"caption\":\"O Verdadeiro A\u00e7a\u00ed: Por Que no Par\u00e1 Ele \u00e9 Comida de Verdade (e N\u00e3o Sobremesa)\"},{\"@type\":\"BreadcrumbList\",\"@id\":\"https:\/\/ver-o-peso.com\/pt\/2025\/06\/01\/o-verdadeiro-acai-por-que-no-para-ele-e-comida-de-verdade-e-nao-sobremesa\/#breadcrumb\",\"itemListElement\":[{\"@type\":\"ListItem\",\"position\":1,\"name\":\"In\u00edcio\",\"item\":\"https:\/\/ver-o-peso.com\/pt\/\"},{\"@type\":\"ListItem\",\"position\":2,\"name\":\"O Verdadeiro A\u00e7a\u00ed: Por Que no Par\u00e1 Ele \u00e9 Comida de Verdade (e N\u00e3o Sobremesa)\"}]},{\"@type\":\"WebSite\",\"@id\":\"https:\/\/ver-o-peso.com\/pt\/#website\",\"url\":\"https:\/\/ver-o-peso.com\/pt\/\",\"name\":\"Ver-o-peso\",\"description\":\"Aqui tem de tudo da Amaz\u00f4nia\",\"publisher\":{\"@id\":\"https:\/\/ver-o-peso.com\/pt\/#organization\"},\"potentialAction\":[{\"@type\":\"SearchAction\",\"target\":{\"@type\":\"EntryPoint\",\"urlTemplate\":\"https:\/\/ver-o-peso.com\/pt\/?s={search_term_string}\"},\"query-input\":{\"@type\":\"PropertyValueSpecification\",\"valueRequired\":true,\"valueName\":\"search_term_string\"}}],\"inLanguage\":\"pt-BR\"},{\"@type\":\"Organization\",\"@id\":\"https:\/\/ver-o-peso.com\/pt\/#organization\",\"name\":\"Ver-o-peso\",\"url\":\"https:\/\/ver-o-peso.com\/pt\/\",\"logo\":{\"@type\":\"ImageObject\",\"inLanguage\":\"pt-BR\",\"@id\":\"https:\/\/ver-o-peso.com\/pt\/#\/schema\/logo\/image\/\",\"url\":\"https:\/\/ver-o-peso.com\/pt\/wp-content\/uploads\/2025\/05\/Logo-3.png\",\"contentUrl\":\"https:\/\/ver-o-peso.com\/pt\/wp-content\/uploads\/2025\/05\/Logo-3.png\",\"width\":210,\"height\":118,\"caption\":\"Ver-o-peso\"},\"image\":{\"@id\":\"https:\/\/ver-o-peso.com\/pt\/#\/schema\/logo\/image\/\"},\"sameAs\":[\"https:\/\/fecebook.com\/jose.oliveira.913296\",\"https:\/\/instagram.com\/riba.lages\",\"https:\/\/tiktok.com\/veropeso2025\"]},{\"@type\":\"Person\",\"@id\":\"https:\/\/ver-o-peso.com\/pt\/#\/schema\/person\/9e9ad551726c390092238296ec769a06\",\"name\":\"veropeso2025\",\"image\":{\"@type\":\"ImageObject\",\"inLanguage\":\"pt-BR\",\"@id\":\"https:\/\/ver-o-peso.com\/pt\/#\/schema\/person\/image\/\",\"url\":\"https:\/\/secure.gravatar.com\/avatar\/abbae2eadd0ca3e3064b32972a9f07e1ec00361a8e4784de939c3d52c9381ec6?s=96&d=mm&r=g\",\"contentUrl\":\"https:\/\/secure.gravatar.com\/avatar\/abbae2eadd0ca3e3064b32972a9f07e1ec00361a8e4784de939c3d52c9381ec6?s=96&d=mm&r=g\",\"caption\":\"veropeso2025\"},\"sameAs\":[\"https:\/\/ver-o-peso.com\/pt\"],\"url\":\"https:\/\/ver-o-peso.com\/pt\/author\/veropeso2025\/\"}]}<\/script>\n<!-- \/ Yoast SEO Premium plugin. -->","yoast_head_json":{"title":"O Verdadeiro A\u00e7a\u00ed: Por Que no Par\u00e1 Ele \u00e9 Comida de Verdade (e N\u00e3o Sobremesa) - Ver-o-peso","robots":{"index":"index","follow":"follow","max-snippet":"max-snippet:-1","max-image-preview":"max-image-preview:large","max-video-preview":"max-video-preview:-1"},"canonical":"https:\/\/ver-o-peso.com\/pt\/2025\/06\/01\/o-verdadeiro-acai-por-que-no-para-ele-e-comida-de-verdade-e-nao-sobremesa\/","og_locale":"pt_BR","og_type":"article","og_title":"O Verdadeiro A\u00e7a\u00ed: Por Que no Par\u00e1 Ele \u00e9 Comida de Verdade (e N\u00e3o Sobremesa)","og_description":"J\u00e1 parou para pensar como um mesmo fruto pode ter significados t\u00e3o diferentes em lugares distintos? Para muitos, o a\u00e7a\u00ed \u00e9 uma del\u00edcia gelada, quase uma sobremesa. Mas, para os paraenses, ele vai muito al\u00e9m disso. \u00c9 um alimento essencial, parte do dia a dia e da cultura local. Recentemente, essa diferen\u00e7a ganhou destaque no &hellip; Continuar lendo O Verdadeiro A\u00e7a\u00ed: Por Que no Par\u00e1 Ele \u00e9 Comida de Verdade (e N\u00e3o Sobremesa)","og_url":"https:\/\/ver-o-peso.com\/pt\/2025\/06\/01\/o-verdadeiro-acai-por-que-no-para-ele-e-comida-de-verdade-e-nao-sobremesa\/","og_site_name":"Ver-o-peso","article_publisher":"https:\/\/fecebook.com\/jose.oliveira.913296","article_published_time":"2025-06-01T14:54:07+00:00","og_image":[{"width":1344,"height":768,"url":"https:\/\/ver-o-peso.com\/pt\/wp-content\/uploads\/2025\/06\/O-Verdadeiro-Acai-Por-Que-no-Para-Ele-e-Comida-de-Verdade-e-Nao-Sobremesa.jpeg","type":"image\/jpeg"}],"author":"veropeso2025","twitter_card":"summary_large_image","twitter_misc":{"Escrito por":"veropeso2025","Est. tempo de leitura":"13 minutos"},"schema":{"@context":"https:\/\/schema.org","@graph":[{"@type":"Article","@id":"https:\/\/ver-o-peso.com\/pt\/2025\/06\/01\/o-verdadeiro-acai-por-que-no-para-ele-e-comida-de-verdade-e-nao-sobremesa\/#article","isPartOf":{"@id":"https:\/\/ver-o-peso.com\/pt\/2025\/06\/01\/o-verdadeiro-acai-por-que-no-para-ele-e-comida-de-verdade-e-nao-sobremesa\/"},"author":{"name":"veropeso2025","@id":"https:\/\/ver-o-peso.com\/pt\/#\/schema\/person\/9e9ad551726c390092238296ec769a06"},"headline":"O Verdadeiro A\u00e7a\u00ed: Por Que no Par\u00e1 Ele \u00e9 Comida de Verdade (e N\u00e3o Sobremesa)","datePublished":"2025-06-01T14:54:07+00:00","mainEntityOfPage":{"@id":"https:\/\/ver-o-peso.com\/pt\/2025\/06\/01\/o-verdadeiro-acai-por-que-no-para-ele-e-comida-de-verdade-e-nao-sobremesa\/"},"wordCount":2553,"commentCount":0,"publisher":{"@id":"https:\/\/ver-o-peso.com\/pt\/#organization"},"image":{"@id":"https:\/\/ver-o-peso.com\/pt\/2025\/06\/01\/o-verdadeiro-acai-por-que-no-para-ele-e-comida-de-verdade-e-nao-sobremesa\/#primaryimage"},"thumbnailUrl":"https:\/\/ver-o-peso.com\/pt\/wp-content\/uploads\/2025\/06\/O-Verdadeiro-Acai-Por-Que-no-Para-Ele-e-Comida-de-Verdade-e-Nao-Sobremesa.jpeg","keywords":["A\u00e7a\u00ed do Par\u00e1","Alimenta\u00e7\u00e3o Saud\u00e1vel","Cultura Paraense","Frutas Amaz\u00f4nicas"],"inLanguage":"pt-BR","potentialAction":[{"@type":"CommentAction","name":"Comment","target":["https:\/\/ver-o-peso.com\/pt\/2025\/06\/01\/o-verdadeiro-acai-por-que-no-para-ele-e-comida-de-verdade-e-nao-sobremesa\/#respond"]}]},{"@type":"WebPage","@id":"https:\/\/ver-o-peso.com\/pt\/2025\/06\/01\/o-verdadeiro-acai-por-que-no-para-ele-e-comida-de-verdade-e-nao-sobremesa\/","url":"https:\/\/ver-o-peso.com\/pt\/2025\/06\/01\/o-verdadeiro-acai-por-que-no-para-ele-e-comida-de-verdade-e-nao-sobremesa\/","name":"O Verdadeiro A\u00e7a\u00ed: Por Que no Par\u00e1 Ele \u00e9 Comida de Verdade (e N\u00e3o Sobremesa) - Ver-o-peso","isPartOf":{"@id":"https:\/\/ver-o-peso.com\/pt\/#website"},"primaryImageOfPage":{"@id":"https:\/\/ver-o-peso.com\/pt\/2025\/06\/01\/o-verdadeiro-acai-por-que-no-para-ele-e-comida-de-verdade-e-nao-sobremesa\/#primaryimage"},"image":{"@id":"https:\/\/ver-o-peso.com\/pt\/2025\/06\/01\/o-verdadeiro-acai-por-que-no-para-ele-e-comida-de-verdade-e-nao-sobremesa\/#primaryimage"},"thumbnailUrl":"https:\/\/ver-o-peso.com\/pt\/wp-content\/uploads\/2025\/06\/O-Verdadeiro-Acai-Por-Que-no-Para-Ele-e-Comida-de-Verdade-e-Nao-Sobremesa.jpeg","datePublished":"2025-06-01T14:54:07+00:00","breadcrumb":{"@id":"https:\/\/ver-o-peso.com\/pt\/2025\/06\/01\/o-verdadeiro-acai-por-que-no-para-ele-e-comida-de-verdade-e-nao-sobremesa\/#breadcrumb"},"inLanguage":"pt-BR","potentialAction":[{"@type":"ReadAction","target":["https:\/\/ver-o-peso.com\/pt\/2025\/06\/01\/o-verdadeiro-acai-por-que-no-para-ele-e-comida-de-verdade-e-nao-sobremesa\/"]}]},{"@type":"ImageObject","inLanguage":"pt-BR","@id":"https:\/\/ver-o-peso.com\/pt\/2025\/06\/01\/o-verdadeiro-acai-por-que-no-para-ele-e-comida-de-verdade-e-nao-sobremesa\/#primaryimage","url":"https:\/\/ver-o-peso.com\/pt\/wp-content\/uploads\/2025\/06\/O-Verdadeiro-Acai-Por-Que-no-Para-Ele-e-Comida-de-Verdade-e-Nao-Sobremesa.jpeg","contentUrl":"https:\/\/ver-o-peso.com\/pt\/wp-content\/uploads\/2025\/06\/O-Verdadeiro-Acai-Por-Que-no-Para-Ele-e-Comida-de-Verdade-e-Nao-Sobremesa.jpeg","width":1344,"height":768,"caption":"O Verdadeiro A\u00e7a\u00ed: Por Que no Par\u00e1 Ele \u00e9 Comida de Verdade (e N\u00e3o Sobremesa)"},{"@type":"BreadcrumbList","@id":"https:\/\/ver-o-peso.com\/pt\/2025\/06\/01\/o-verdadeiro-acai-por-que-no-para-ele-e-comida-de-verdade-e-nao-sobremesa\/#breadcrumb","itemListElement":[{"@type":"ListItem","position":1,"name":"In\u00edcio","item":"https:\/\/ver-o-peso.com\/pt\/"},{"@type":"ListItem","position":2,"name":"O Verdadeiro A\u00e7a\u00ed: Por Que no Par\u00e1 Ele \u00e9 Comida de Verdade (e N\u00e3o Sobremesa)"}]},{"@type":"WebSite","@id":"https:\/\/ver-o-peso.com\/pt\/#website","url":"https:\/\/ver-o-peso.com\/pt\/","name":"Ver-o-peso","description":"Aqui tem de tudo da Amaz\u00f4nia","publisher":{"@id":"https:\/\/ver-o-peso.com\/pt\/#organization"},"potentialAction":[{"@type":"SearchAction","target":{"@type":"EntryPoint","urlTemplate":"https:\/\/ver-o-peso.com\/pt\/?s={search_term_string}"},"query-input":{"@type":"PropertyValueSpecification","valueRequired":true,"valueName":"search_term_string"}}],"inLanguage":"pt-BR"},{"@type":"Organization","@id":"https:\/\/ver-o-peso.com\/pt\/#organization","name":"Ver-o-peso","url":"https:\/\/ver-o-peso.com\/pt\/","logo":{"@type":"ImageObject","inLanguage":"pt-BR","@id":"https:\/\/ver-o-peso.com\/pt\/#\/schema\/logo\/image\/","url":"https:\/\/ver-o-peso.com\/pt\/wp-content\/uploads\/2025\/05\/Logo-3.png","contentUrl":"https:\/\/ver-o-peso.com\/pt\/wp-content\/uploads\/2025\/05\/Logo-3.png","width":210,"height":118,"caption":"Ver-o-peso"},"image":{"@id":"https:\/\/ver-o-peso.com\/pt\/#\/schema\/logo\/image\/"},"sameAs":["https:\/\/fecebook.com\/jose.oliveira.913296","https:\/\/instagram.com\/riba.lages","https:\/\/tiktok.com\/veropeso2025"]},{"@type":"Person","@id":"https:\/\/ver-o-peso.com\/pt\/#\/schema\/person\/9e9ad551726c390092238296ec769a06","name":"veropeso2025","image":{"@type":"ImageObject","inLanguage":"pt-BR","@id":"https:\/\/ver-o-peso.com\/pt\/#\/schema\/person\/image\/","url":"https:\/\/secure.gravatar.com\/avatar\/abbae2eadd0ca3e3064b32972a9f07e1ec00361a8e4784de939c3d52c9381ec6?s=96&d=mm&r=g","contentUrl":"https:\/\/secure.gravatar.com\/avatar\/abbae2eadd0ca3e3064b32972a9f07e1ec00361a8e4784de939c3d52c9381ec6?s=96&d=mm&r=g","caption":"veropeso2025"},"sameAs":["https:\/\/ver-o-peso.com\/pt"],"url":"https:\/\/ver-o-peso.com\/pt\/author\/veropeso2025\/"}]}},"_links":{"self":[{"href":"https:\/\/ver-o-peso.com\/pt\/wp-json\/wp\/v2\/posts\/2578","targetHints":{"allow":["GET"]}}],"collection":[{"href":"https:\/\/ver-o-peso.com\/pt\/wp-json\/wp\/v2\/posts"}],"about":[{"href":"https:\/\/ver-o-peso.com\/pt\/wp-json\/wp\/v2\/types\/post"}],"author":[{"embeddable":true,"href":"https:\/\/ver-o-peso.com\/pt\/wp-json\/wp\/v2\/users\/1"}],"replies":[{"embeddable":true,"href":"https:\/\/ver-o-peso.com\/pt\/wp-json\/wp\/v2\/comments?post=2578"}],"version-history":[{"count":1,"href":"https:\/\/ver-o-peso.com\/pt\/wp-json\/wp\/v2\/posts\/2578\/revisions"}],"predecessor-version":[{"id":2583,"href":"https:\/\/ver-o-peso.com\/pt\/wp-json\/wp\/v2\/posts\/2578\/revisions\/2583"}],"wp:featuredmedia":[{"embeddable":true,"href":"https:\/\/ver-o-peso.com\/pt\/wp-json\/wp\/v2\/media\/2579"}],"wp:attachment":[{"href":"https:\/\/ver-o-peso.com\/pt\/wp-json\/wp\/v2\/media?parent=2578"}],"wp:term":[{"taxonomy":"category","embeddable":true,"href":"https:\/\/ver-o-peso.com\/pt\/wp-json\/wp\/v2\/categories?post=2578"},{"taxonomy":"post_tag","embeddable":true,"href":"https:\/\/ver-o-peso.com\/pt\/wp-json\/wp\/v2\/tags?post=2578"}],"curies":[{"name":"wp","href":"https:\/\/api.w.org\/{rel}","templated":true}]}}