{"id":2584,"date":"2025-06-01T09:28:02","date_gmt":"2025-06-01T12:28:02","guid":{"rendered":"https:\/\/ver-o-peso.com\/pt\/?p=2584"},"modified":"2025-06-25T21:25:06","modified_gmt":"2025-06-26T00:25:06","slug":"a-lenda-do-acai-origem-cultura-e-sabor","status":"publish","type":"post","link":"https:\/\/ver-o-peso.com\/pt\/2025\/06\/01\/a-lenda-do-acai-origem-cultura-e-sabor\/","title":{"rendered":"A lenda do A\u00e7a\u00ed &#8211; Origem, Cultura e Sabor"},"content":{"rendered":"<p class=\"ai-optimize-6 ai-optimize-introduction\">Uma jornada pela hist\u00f3ria, tradi\u00e7\u00e3o e sabores do fruto s\u00edmbolo da Amaz\u00f4nia<\/p>\n<div id=\"root\">\n<div class=\"flex flex-col min-h-screen\">\n<p>&nbsp;<\/p>\n<section class=\"py-16 bg-white\">\n<div class=\"container mx-auto px-4 text-center\">\n<h2 class=\"text-3xl font-serif font-bold mb-6 text-[#4A225D] ai-optimize-7\">O Tesouro Roxo da Amaz\u00f4nia<\/h2>\n<p class=\"text-lg max-w-3xl mx-auto text-gray-700 __manus__only-text-node ai-optimize-8\">O a\u00e7a\u00ed, fruto da palmeira Euterpe oleracea, \u00e9 muito mais que um simples alimento. Representa um s\u00edmbolo da identidade amaz\u00f4nica, carregando consigo hist\u00f3rias ancestrais, tradi\u00e7\u00f5es culturais e um sabor \u00fanico que conquistou n\u00e3o apenas o Brasil, mas o mundo inteiro.<\/p>\n<\/div>\n<\/section>\n<section class=\"py-16 bg-[#F5F1E8]\">\n<div class=\"container mx-auto px-4\">\n<h2 class=\"text-3xl font-serif font-bold text-center mb-12 text-[#4A225D] ai-optimize-9\">Descubra o A\u00e7a\u00ed<\/h2>\n<div class=\"grid grid-cols-1 md:grid-cols-2 lg:grid-cols-3 gap-8\">\n<div class=\"bg-white rounded-lg shadow-lg overflow-hidden transition-transform hover:scale-105\">\n<figure style=\"width: 995px\" class=\"wp-caption alignnone\"><img loading=\"lazy\" decoding=\"async\" class=\"w-full h-48 object-cover\" src=\"https:\/\/aeirjrrk.manus.space\/acai_cesta.jpeg\" alt=\"A Lenda\" width=\"995\" height=\"671\" \/><figcaption class=\"wp-caption-text\">Frutos de a\u00e7a\u00ed em seu estado natural, exibindo sua caracter\u00edstica cor roxa escura<\/figcaption><\/figure>\n<div class=\"p-6\">\n<h1 class=\"text-xl font-serif font-bold mb-2 text-[#4A225D] ai-optimize-10\">A Lenda<\/h1>\n<h3 class=\"text-4xl font-serif font-bold mb-8 text-[#4A225D] __manus__only-text-node ai-optimize-11\">A Lenda do A\u00e7a\u00ed: Uma Hist\u00f3ria de Sacrif\u00edcio e Esperan\u00e7a<\/h3>\n<div class=\"mb-10\">\n<h3 class=\"text-2xl font-serif font-bold mb-4 text-[#4A225D] ai-optimize-12\">A Narrativa Ancestral<\/h3>\n<div class=\"prose prose-lg max-w-none\">\n<p class=\"ai-optimize-13\">A hist\u00f3ria do a\u00e7a\u00ed come\u00e7a muito antes de sua populariza\u00e7\u00e3o como alimento. Nas terras que hoje comp\u00f5em a cidade de Bel\u00e9m, no estado do Par\u00e1, uma lenda ind\u00edgena narra a origem deste fruto de maneira comovente e simb\u00f3lica, revelando sua import\u00e2ncia para a sobreviv\u00eancia e cultura dos povos origin\u00e1rios da Amaz\u00f4nia.<\/p>\n<p class=\"ai-optimize-14\">Segundo a lenda, h\u00e1 muitos s\u00e9culos, existia uma tribo ind\u00edgena muito numerosa que habitava a regi\u00e3o onde hoje se encontra a cidade de Bel\u00e9m do Par\u00e1. Com o crescimento populacional, a tribo come\u00e7ou a enfrentar uma grave escassez de alimentos, tornando cada vez mais dif\u00edcil alimentar todos os seus membros. Diante desta situa\u00e7\u00e3o cr\u00edtica, o cacique Itaki tomou uma decis\u00e3o dr\u00e1stica e dolorosa: determinou que todas as crian\u00e7as que nascessem a partir daquele momento deveriam ser sacrificadas, como forma de controlar o crescimento populacional e garantir a sobreviv\u00eancia da tribo.<\/p>\n<p class=\"ai-optimize-15\">Esta ordem cruel foi rigorosamente cumprida por todos, at\u00e9 que um dia, a pr\u00f3pria filha do cacique, chamada Ia\u00e7\u00e3, deu \u00e0 luz uma linda menina. Seguindo a determina\u00e7\u00e3o de seu pai, a crian\u00e7a tamb\u00e9m foi sacrificada, deixando Ia\u00e7\u00e3 profundamente devastada. Consumida pela dor da perda, a jovem m\u00e3e isolou-se em sua oca, onde chorou incessantemente por dias e noites.<\/p>\n<p class=\"ai-optimize-16\">Em seu desespero, Ia\u00e7\u00e3 elevou seus pensamentos a Tup\u00e3, divindade suprema na cosmologia ind\u00edgena, implorando por uma solu\u00e7\u00e3o que pudesse acabar com os sacrif\u00edcios das crian\u00e7as. Sensibilizado com o sofrimento da jovem, Tup\u00e3 decidiu intervir e ajudar a tribo a encontrar uma nova fonte de alimento.<\/p>\n<p class=\"ai-optimize-17\">Certa noite, enquanto estava em sua oca, Ia\u00e7\u00e3 ouviu o choro de uma crian\u00e7a vindo do lado de fora. Ao sair para investigar, avistou sua filhinha sorrindo ao lado de uma palmeira alta e esguia. Emocionada, correu para abra\u00e7\u00e1-la, mas a crian\u00e7a misteriosamente desapareceu em seus bra\u00e7os. Novamente tomada pela dor, Ia\u00e7\u00e3 chorou tanto que perdeu suas for\u00e7as e faleceu durante a noite.<\/p>\n<p class=\"ai-optimize-18\">Na manh\u00e3 seguinte, os membros da tribo encontraram o corpo de Ia\u00e7\u00e3 abra\u00e7ado ao tronco da palmeira. Em seu rosto, havia um sorriso sereno, e seus olhos estavam fixos no topo da \u00e1rvore, que estava carregada de pequenos frutos escuros. Intrigado, o cacique Itaki ordenou que colhessem os frutos e os amassassem em um alguidar de madeira. O resultado foi um suco espesso de cor avermelhada que se mostrou altamente nutritivo.<\/p>\n<p class=\"ai-optimize-19\">Em homenagem \u00e0 sua filha, o cacique batizou o fruto de &#8220;a\u00e7a\u00ed&#8221;, que \u00e9 &#8220;Ia\u00e7\u00e3&#8221; escrito ao contr\u00e1rio. Com esta nova fonte de alimento, a tribo conseguiu superar a escassez, e o cacique suspendeu a ordem de sacrificar as crian\u00e7as. Desde ent\u00e3o, o a\u00e7a\u00ed tornou-se um alimento fundamental para os povos da Amaz\u00f4nia, simbolizando n\u00e3o apenas sustento, mas tamb\u00e9m esperan\u00e7a e respeito pela vida.<\/p>\n<\/div>\n<\/div>\n<div class=\"mb-10\">\n<h3 class=\"text-2xl font-serif font-bold mb-4 text-[#4A225D] ai-optimize-20\">Varia\u00e7\u00f5es da Lenda<\/h3>\n<div class=\"prose prose-lg max-w-none\">\n<p class=\"ai-optimize-21\">Como ocorre com muitas narrativas orais transmitidas atrav\u00e9s de gera\u00e7\u00f5es, existem varia\u00e7\u00f5es da lenda do a\u00e7a\u00ed. Em algumas vers\u00f5es, Ia\u00e7\u00e3 \u00e9 descrita como a filha preferida do cacique, o que torna sua perda ainda mais significativa. Em outras, o corpo de Ia\u00e7\u00e3 \u00e9 enterrado aos p\u00e9s da palmeira, de onde nasce a primeira \u00e1rvore de a\u00e7a\u00ed, estabelecendo uma conex\u00e3o ainda mais direta entre seu sacrif\u00edcio e o surgimento do fruto salvador.<\/p>\n<p class=\"ai-optimize-22\">Estas varia\u00e7\u00f5es, longe de diminu\u00edrem a import\u00e2ncia da lenda, enriquecem-na, demonstrando como a hist\u00f3ria foi incorporada e adaptada por diferentes comunidades ind\u00edgenas e ribeirinhas ao longo do tempo. O elemento central, no entanto, permanece constante: o a\u00e7a\u00ed surge como uma d\u00e1diva divina em resposta ao sofrimento humano, trazendo alimento e esperan\u00e7a para um povo em dificuldades.<\/p>\n<\/div>\n<\/div>\n<div class=\"mb-10\">\n<h3 class=\"text-2xl font-serif font-bold mb-4 text-[#4A225D] ai-optimize-23\">Significado Cultural da Lenda<\/h3>\n<div class=\"prose prose-lg max-w-none\">\n<p class=\"ai-optimize-24\">A lenda do a\u00e7a\u00ed transcende o simples papel de explicar a origem de um alimento. Ela carrega consigo valores culturais profundos e ensina li\u00e7\u00f5es importantes sobre sacrif\u00edcio, resili\u00eancia e a rela\u00e7\u00e3o harmoniosa entre os povos ind\u00edgenas e a natureza. Atrav\u00e9s desta narrativa, compreendemos como o a\u00e7a\u00ed se tornou n\u00e3o apenas um alimento, mas um s\u00edmbolo cultural que conecta as gera\u00e7\u00f5es presentes aos seus ancestrais.<\/p>\n<p class=\"__manus__only-text-node ai-optimize-25\">A hist\u00f3ria tamb\u00e9m reflete a cosmovis\u00e3o ind\u00edgena, na qual os elementos da natureza s\u00e3o frequentemente personificados e divinizados. A interven\u00e7\u00e3o de Tup\u00e3 e a transforma\u00e7\u00e3o do sacrif\u00edcio em b\u00ean\u00e7\u00e3o ilustram a cren\u00e7a na interconex\u00e3o entre o mundo espiritual e o mundo material, bem como a ideia de que a natureza prov\u00ea solu\u00e7\u00f5es para as necessidades humanas quando tratada com respeito e rever\u00eancia.<\/p>\n<\/div>\n<\/div>\n<\/div>\n<\/div>\n<div class=\"bg-white rounded-lg shadow-lg overflow-hidden transition-transform hover:scale-105\">\n<p><img decoding=\"async\" class=\"w-full h-48 object-cover\" src=\"https:\/\/aeirjrrk.manus.space\/acai_frutos.jpeg\" alt=\"Cultura e Tradi\u00e7\u00e3o\" \/><\/p>\n<div class=\"p-6\">\n<h1 class=\"text-xl font-serif font-bold mb-2 text-[#4A225D] ai-optimize-26\">Cultura e Tradi\u00e7\u00e3o<\/h1>\n<h3 class=\"text-gray-700 mb-4 ai-optimize-27\">Descubra a import\u00e2ncia do a\u00e7a\u00ed para os povos da Amaz\u00f4nia e sua expans\u00e3o global<\/h3>\n<h3 class=\"text-4xl font-serif font-bold mb-8 text-[#4A225D] ai-optimize-28\">Import\u00e2ncia Cultural do A\u00e7a\u00ed<\/h3>\n<div class=\"flex flex-col lg:flex-row gap-8\">\n<div class=\"lg:w-2\/3 __manus__-space-editor-highlight\">\n<div class=\"mb-10\">\n<h3 class=\"text-2xl font-serif font-bold mb-4 text-[#4A225D] ai-optimize-29\">O A\u00e7a\u00ed na Vida Amaz\u00f4nica<\/h3>\n<div class=\"prose prose-lg max-w-none\">\n<p class=\"ai-optimize-30\">Para compreender a verdadeira dimens\u00e3o cultural do a\u00e7a\u00ed, \u00e9 necess\u00e1rio observar seu papel na vida cotidiana das popula\u00e7\u00f5es amaz\u00f4nicas. H\u00e1 s\u00e9culos, o a\u00e7a\u00ed \u00e9 parte fundamental da alimenta\u00e7\u00e3o dos povos ind\u00edgenas e ribeirinhos da regi\u00e3o Norte do Brasil, especialmente no estado do Par\u00e1, que sozinho \u00e9 respons\u00e1vel por aproximadamente 90% de toda a produ\u00e7\u00e3o mundial do fruto.<\/p>\n<p class=\"ai-optimize-31\">Nas comunidades tradicionais da Amaz\u00f4nia, o a\u00e7a\u00ed n\u00e3o \u00e9 apenas um alimento, mas um elemento central da identidade cultural. Sua colheita, processamento e consumo est\u00e3o associados a pr\u00e1ticas sociais e conhecimentos tradicionais transmitidos de gera\u00e7\u00e3o em gera\u00e7\u00e3o. O &#8220;peconheiro&#8221;, pessoa especializada na colheita do a\u00e7a\u00ed, utiliza t\u00e9cnicas ancestrais para escalar as palmeiras e coletar os cachos, demonstrando um conhecimento profundo sobre a planta e seu ciclo natural.<\/p>\n<p class=\"ai-optimize-32\">O consumo do a\u00e7a\u00ed nestas comunidades difere significativamente do padr\u00e3o popularizado no restante do Brasil e no exterior. Na regi\u00e3o amaz\u00f4nica, o a\u00e7a\u00ed \u00e9 tradicionalmente consumido como parte da refei\u00e7\u00e3o principal, acompanhado de farinha de mandioca ou tapioca, peixe frito ou camar\u00e3o. Esta forma de consumo reflete a fun\u00e7\u00e3o do a\u00e7a\u00ed como alimento b\u00e1sico e fonte de sustento, e n\u00e3o como sobremesa ou complemento alimentar.<\/p>\n<\/div>\n<\/div>\n<div class=\"mb-10\">\n<h3 class=\"text-2xl font-serif font-bold mb-4 text-[#4A225D] ai-optimize-33\">Tradi\u00e7\u00f5es e Rituais<\/h3>\n<div class=\"prose prose-lg max-w-none\">\n<p class=\"ai-optimize-34\">Em muitas comunidades ind\u00edgenas, o a\u00e7aizeiro \u00e9 considerado uma \u00e1rvore sagrada, com significado espiritual e papel importante em rituais e celebra\u00e7\u00f5es. A colheita do a\u00e7a\u00ed muitas vezes \u00e9 acompanhada por cantos e rituais que expressam gratid\u00e3o \u00e0 natureza pela abund\u00e2ncia proporcionada. Estas pr\u00e1ticas culturais refor\u00e7am a rela\u00e7\u00e3o harmoniosa entre as comunidades tradicionais e o ambiente natural que as sustenta.<\/p>\n<p class=\"ai-optimize-35\">Al\u00e9m disso, o a\u00e7a\u00ed est\u00e1 presente em diversas manifesta\u00e7\u00f5es culturais da regi\u00e3o amaz\u00f4nica, como festas populares, m\u00fasicas e literatura regional. Festivais dedicados ao fruto s\u00e3o realizados anualmente em v\u00e1rias cidades do Par\u00e1, celebrando n\u00e3o apenas seu valor gastron\u00f4mico, mas tamb\u00e9m sua import\u00e2ncia cultural e econ\u00f4mica para a regi\u00e3o.<\/p>\n<\/div>\n<\/div>\n<div class=\"mb-10\">\n<h3 class=\"text-2xl font-serif font-bold mb-4 text-[#4A225D] ai-optimize-36\">Impacto Econ\u00f4mico e Social<\/h3>\n<div class=\"prose prose-lg max-w-none\">\n<p class=\"ai-optimize-37\">O a\u00e7a\u00ed desempenha um papel crucial na economia das comunidades ribeirinhas da Amaz\u00f4nia. A extra\u00e7\u00e3o e comercializa\u00e7\u00e3o do fruto representam uma importante fonte de renda para milhares de fam\u00edlias, especialmente durante a safra, que ocorre principalmente entre os meses de julho e dezembro. Esta atividade econ\u00f4mica contribui significativamente para a subsist\u00eancia das popula\u00e7\u00f5es locais e para a preserva\u00e7\u00e3o de seus modos de vida tradicionais.<\/p>\n<p class=\"ai-optimize-38\">Com a crescente popularidade do a\u00e7a\u00ed nos mercados nacional e internacional, sua cadeia produtiva expandiu-se consideravelmente, gerando empregos e oportunidades econ\u00f4micas em toda a regi\u00e3o. No entanto, este crescimento tamb\u00e9m trouxe desafios, como a necessidade de garantir pr\u00e1ticas sustent\u00e1veis de extra\u00e7\u00e3o e beneficiamento, al\u00e9m de assegurar que as comunidades tradicionais continuem a se beneficiar economicamente da valoriza\u00e7\u00e3o do produto.<\/p>\n<\/div>\n<\/div>\n<div class=\"mb-10\">\n<h3 class=\"text-2xl font-serif font-bold mb-4 text-[#4A225D] ai-optimize-39\">Expans\u00e3o Nacional e Global<\/h3>\n<div class=\"prose prose-lg max-w-none\">\n<p class=\"ai-optimize-40\">A partir da d\u00e9cada de 1990, o a\u00e7a\u00ed come\u00e7ou a ganhar popularidade al\u00e9m das fronteiras da regi\u00e3o amaz\u00f4nica. Inicialmente, conquistou adeptos entre surfistas e praticantes de esportes no Rio de Janeiro, que o consumiam como fonte de energia natural. Gradualmente, o fruto expandiu-se para outras regi\u00f5es do Brasil e, posteriormente, para o mercado internacional.<\/p>\n<p class=\"ai-optimize-41\">Nas regi\u00f5es Centro-Oeste, Sudeste e Sul do Brasil, o a\u00e7a\u00ed adquiriu uma forma de consumo bastante distinta da tradicional. Nestas \u00e1reas, \u00e9 comumente servido como sobremesa gelada, misturado com xarope de guaran\u00e1, granola, frutas, leite condensado e outros ingredientes doces. Esta adapta\u00e7\u00e3o contribuiu significativamente para sua populariza\u00e7\u00e3o entre p\u00fablicos n\u00e3o familiarizados com o sabor original do fruto.<\/p>\n<p class=\"ai-optimize-42\">No cen\u00e1rio internacional, o a\u00e7a\u00ed ganhou destaque como &#8220;superalimento&#8221; devido \u00e0s suas propriedades nutricionais e antioxidantes. Pa\u00edses como Estados Unidos, Jap\u00e3o, Austr\u00e1lia e na\u00e7\u00f5es europeias incorporaram o a\u00e7a\u00ed em suas tend\u00eancias alimentares, principalmente em forma de smoothies, bowls e suplementos alimentares. Esta expans\u00e3o global transformou um alimento tradicional amaz\u00f4nico em um produto valorizado mundialmente, criando novas din\u00e2micas econ\u00f4micas e culturais em torno do fruto.<\/p>\n<\/div>\n<\/div>\n<\/div>\n<\/div>\n<h3 class=\"text-gray-700 mb-4\"><img decoding=\"async\" class=\"w-full h-48 object-cover\" src=\"https:\/\/aeirjrrk.manus.space\/acai_cesta.jpeg\" alt=\"Perfil Sensorial\" \/><\/h3>\n<\/div>\n<\/div>\n<div class=\"bg-white rounded-lg shadow-lg overflow-hidden transition-transform hover:scale-105\">\n<div class=\"p-6\">\n<h1 class=\"text-4xl font-serif font-bold mb-8 text-[#4A225D] ai-optimize-43\">O Perfil Sensorial do A\u00e7a\u00ed<\/h1>\n<h3 class=\"text-gray-700 mb-4 ai-optimize-44\">Explore as caracter\u00edsticas \u00fanicas de sabor, aroma e textura deste fruto<\/h3>\n<div class=\"flex flex-col lg:flex-row gap-8\">\n<div class=\"lg:w-2\/3 __manus__-space-editor-highlight\">\n<div class=\"mb-10\">\n<h3 class=\"text-2xl font-serif font-bold mb-4 text-[#4A225D] ai-optimize-45\">Caracter\u00edsticas Organol\u00e9pticas<\/h3>\n<div class=\"prose prose-lg max-w-none\">\n<p class=\"ai-optimize-46\">O a\u00e7a\u00ed possui um perfil sensorial \u00fanico e complexo, que contribui significativamente para sua aprecia\u00e7\u00e3o e popularidade. Estudos cient\u00edficos realizados pela Embrapa (Empresa Brasileira de Pesquisa Agropecu\u00e1ria) identificaram diversos atributos sensoriais que caracterizam este fruto amaz\u00f4nico.<\/p>\n<p class=\"ai-optimize-47\">A cor do a\u00e7a\u00ed \u00e9 um de seus atributos mais distintivos. Apresenta uma tonalidade marrom-p\u00farpura intensa, resultado da alta concentra\u00e7\u00e3o de antocianinas, pigmentos naturais com propriedades antioxidantes. Esta colora\u00e7\u00e3o caracter\u00edstica varia ligeiramente conforme o grau de matura\u00e7\u00e3o dos frutos e o m\u00e9todo de processamento utilizado.<\/p>\n<p class=\"ai-optimize-48\">O aroma do a\u00e7a\u00ed \u00e9 igualmente complexo, combinando notas terrosas, fermentadas e frutadas. An\u00e1lises descritivas quantitativas realizadas por provadores treinados identificaram nuances que remetem a chocolate, frutas vermelhas e notas vegetais, criando um bouquet arom\u00e1tico \u00fanico e facilmente reconhec\u00edvel.<\/p>\n<p class=\"ai-optimize-49\">Quanto ao sabor, o a\u00e7a\u00ed apresenta um perfil multifacetado que surpreende os sentidos. Seu gosto \u00e9 uma combina\u00e7\u00e3o de notas terrosas, adstringentes e levemente adocicadas, com um sutil amargor ao final. Esta complexidade sensorial \u00e9 frequentemente descrita como uma mistura de chocolate amargo, frutas silvestres e nozes, resultando em uma experi\u00eancia gustativa singular que pode ser inicialmente desafiadora para paladares n\u00e3o habituados.<\/p>\n<p class=\"ai-optimize-50\">A textura da polpa de a\u00e7a\u00ed \u00e9 outro elemento sensorial importante. Quando processado tradicionalmente, o a\u00e7a\u00ed apresenta uma consist\u00eancia cremosa e densa, especialmente na vers\u00e3o conhecida como &#8220;a\u00e7a\u00ed grosso&#8221;. Esta textura aveludada contribui significativamente para a experi\u00eancia de degusta\u00e7\u00e3o e varia conforme a quantidade de \u00e1gua adicionada durante o processamento.<\/p>\n<\/div>\n<\/div>\n<div class=\"mb-10\">\n<h3 class=\"text-2xl font-serif font-bold mb-4 text-[#4A225D] ai-optimize-51\">Fatores que Influenciam o Perfil Sensorial<\/h3>\n<div class=\"prose prose-lg max-w-none\">\n<p class=\"ai-optimize-52\">Diversos fatores podem influenciar as caracter\u00edsticas sensoriais do a\u00e7a\u00ed, resultando em varia\u00e7\u00f5es percept\u00edveis em seu sabor, aroma e textura. O grau de matura\u00e7\u00e3o dos frutos no momento da colheita \u00e9 um fator determinante, com frutos completamente maduros oferecendo um perfil sensorial mais desenvolvido e equilibrado.<\/p>\n<p class=\"ai-optimize-53\">O tempo decorrido entre a colheita e o processamento tamb\u00e9m impacta significativamente a qualidade sensorial do a\u00e7a\u00ed. Por ser altamente perec\u00edvel, o fruto deve ser processado rapidamente ap\u00f3s a colheita para preservar suas caracter\u00edsticas organol\u00e9pticas ideais e evitar processos fermentativos indesejados.<\/p>\n<p class=\"ai-optimize-54\">Os m\u00e9todos de processamento empregados constituem outro fator crucial. T\u00e9cnicas tradicionais de extra\u00e7\u00e3o manual da polpa resultam em caracter\u00edsticas sensoriais distintas daquelas obtidas por processos industriais. Da mesma forma, tratamentos t\u00e9rmicos como pasteuriza\u00e7\u00e3o e congelamento podem alterar sutilmente o perfil sensorial original do fruto.<\/p>\n<p class=\"ai-optimize-55\">A composi\u00e7\u00e3o qu\u00edmica do a\u00e7a\u00ed tamb\u00e9m contribui para suas propriedades sensoriais. Estudos cient\u00edficos identificaram concentra\u00e7\u00f5es significativas de compostos fen\u00f3licos (724,3 a 1315,2 mg de \u00e1cido g\u00e1lico\/100g de polpa) e antocianinas totais (31,0 a 111,4 mg\/100g), que influenciam diretamente seu sabor e propriedades antioxidantes.<\/p>\n<\/div>\n<\/div>\n<div class=\"mb-10\">\n<h3 class=\"text-2xl font-serif font-bold mb-4 text-[#4A225D] ai-optimize-56\">Varia\u00e7\u00f5es Regionais no Consumo e Sabor<\/h3>\n<div class=\"prose prose-lg max-w-none\">\n<p class=\"ai-optimize-57\">As formas de consumo do a\u00e7a\u00ed variam consideravelmente entre as diferentes regi\u00f5es do Brasil, resultando em experi\u00eancias sensoriais distintas. Na regi\u00e3o Norte, especialmente no Par\u00e1, o a\u00e7a\u00ed \u00e9 tradicionalmente consumido em sua forma mais pura, apenas com adi\u00e7\u00e3o de farinha de mandioca ou tapioca. Esta forma de consumo preserva o sabor original do fruto, permitindo apreciar suas nuances terrosas e frutadas em toda sua complexidade.<\/p>\n<p class=\"ai-optimize-58\">J\u00e1 nas regi\u00f5es Centro-Oeste, Sudeste e Sul, o a\u00e7a\u00ed \u00e9 frequentemente ado\u00e7ado e combinado com diversos ingredientes como xarope de guaran\u00e1, frutas, granola e leite condensado. Estas adi\u00e7\u00f5es modificam significativamente o perfil sensorial original, criando uma experi\u00eancia gustativa mais doce e acess\u00edvel para paladares n\u00e3o habituados ao sabor caracter\u00edstico do fruto.<\/p>\n<p class=\"ai-optimize-59\">Internacionalmente, o a\u00e7a\u00ed \u00e9 geralmente consumido em formatos ainda mais distantes de sua apresenta\u00e7\u00e3o tradicional amaz\u00f4nica. Smoothies, bowls, suplementos em p\u00f3 e produtos industrializados oferecem perfis sensoriais adaptados aos gostos globais, muitas vezes com adi\u00e7\u00e3o de ado\u00e7antes e aromatizantes que alteram suas caracter\u00edsticas originais.<\/p>\n<\/div>\n<\/div>\n<\/div>\n<\/div>\n<\/div>\n<\/div>\n<\/div>\n<\/div>\n<\/section>\n<h1 class=\"text-4xl font-serif font-bold mb-8 text-[#4A225D] ai-optimize-60\">Refer\u00eancias<\/h1>\n<div class=\"prose prose-lg max-w-none\">\n<ol class=\"\">\n<li class=\"ai-optimize-61\">MUNIZ, Carla. &#8220;A emocionante hist\u00f3ria da lenda do a\u00e7a\u00ed&#8221;. Toda Mat\u00e9ria. Dispon\u00edvel em: https:\/\/www.todamateria.com.br\/lenda-acai\/.<\/li>\n<li class=\"ai-optimize-62\">&#8220;A Lenda do A\u00e7a\u00ed&#8221;. Maria A\u00e7a\u00ed. 5 mar. 2021. Dispon\u00edvel em: https:\/\/mariaacai.com.br\/a-lenda-do-acai\/.<\/li>\n<li class=\"ai-optimize-63\">&#8220;Lenda do A\u00e7a\u00ed&#8221;. Portal Amaz\u00f4nia. 23 set. 2020. Dispon\u00edvel em: https:\/\/portalamazonia.com\/amazonia-de-a-a-z\/l\/lenda-do-acai\/.<\/li>\n<li class=\"ai-optimize-64\">&#8220;A\u00e7a\u00ed: uma fruta amaz\u00f4nica rica em nutrientes e tradi\u00e7\u00e3o&#8221;. Tribbu. Dispon\u00edvel em: https:\/\/tribbu.com.br\/origem-do-acai\/.<\/li>\n<li class=\"ai-optimize-65\">&#8220;Hist\u00f3ria do a\u00e7a\u00ed: conhe\u00e7a as ra\u00edzes e tradi\u00e7\u00f5es desse fruto&#8221;. Phebo. Dispon\u00edvel em: https:\/\/www.phebo.com.br\/phebo\/BlogPhebo\/histria-do-aa-conhea-as-razes-e-tradies-desse-fruto.<\/li>\n<li class=\"ai-optimize-66\">MENEZES, E. et al. &#8220;Caracteriza\u00e7\u00e3o F\u00edsico-Qu\u00edmica e Sensorial da Polpa de A\u00e7a\u00ed&#8221;. Embrapa Agroind\u00fastria de Alimentos. Dispon\u00edvel em: https:\/\/www.alice.cnptia.embrapa.br\/alice\/bitstream\/doc\/919090\/1\/2011253.pdf.<\/li>\n<li class=\"ai-optimize-67\">&#8220;An\u00e1lise Sensorial e Inten\u00e7\u00e3o de Compra de A\u00e7a\u00ed Processado ap\u00f3s Choque T\u00e9rmico dos Frutos&#8221;. Embrapa. Dispon\u00edvel em: https:\/\/www.infoteca.cnptia.embrapa.br\/infoteca\/bitstream\/doc\/1128302\/1\/CPAF-AP-2020-BPD-109-Analise-sensorial-intencao-de-compra.pdf.<\/li>\n<\/ol>\n<\/div>\n<\/div>\n<\/div>\n","protected":false},"excerpt":{"rendered":"<p>Uma jornada pela hist\u00f3ria, tradi\u00e7\u00e3o e sabores do fruto s\u00edmbolo da Amaz\u00f4nia &nbsp; O Tesouro Roxo da Amaz\u00f4nia O a\u00e7a\u00ed, fruto da palmeira Euterpe oleracea, \u00e9 muito mais que um simples alimento. Representa um s\u00edmbolo da identidade amaz\u00f4nica, carregando consigo hist\u00f3rias ancestrais, tradi\u00e7\u00f5es culturais e um sabor \u00fanico que conquistou n\u00e3o apenas o Brasil, mas &hellip; <a href=\"https:\/\/ver-o-peso.com\/pt\/2025\/06\/01\/a-lenda-do-acai-origem-cultura-e-sabor\/\" class=\"more-link\">Continuar lendo <span class=\"screen-reader-text\">A lenda do A\u00e7a\u00ed &#8211; Origem, Cultura e Sabor<\/span><\/a><\/p>\n","protected":false},"author":1,"featured_media":3052,"comment_status":"open","ping_status":"open","sticky":false,"template":"","format":"standard","meta":{"footnotes":""},"categories":[20,110],"tags":[111,113,112],"class_list":["post-2584","post","type-post","status-publish","format-standard","has-post-thumbnail","hentry","category-amazonia","category-frutas","tag-frutas","tag-polpas-de-frutas","tag-sementes"],"yoast_head":"<!-- This site is optimized with the Yoast SEO Premium plugin v25.3 (Yoast SEO v25.9) - https:\/\/yoast.com\/wordpress\/plugins\/seo\/ -->\n<title>A lenda do A\u00e7a\u00ed - Origem, Cultura e Sabor - Ver-o-peso<\/title>\n<meta name=\"robots\" content=\"index, follow, max-snippet:-1, max-image-preview:large, max-video-preview:-1\" \/>\n<link rel=\"canonical\" href=\"https:\/\/ver-o-peso.com\/pt\/2025\/06\/01\/a-lenda-do-acai-origem-cultura-e-sabor\/\" \/>\n<meta property=\"og:locale\" content=\"pt_BR\" \/>\n<meta property=\"og:type\" content=\"article\" \/>\n<meta property=\"og:title\" content=\"A lenda do A\u00e7a\u00ed - Origem, Cultura e Sabor\" \/>\n<meta property=\"og:description\" content=\"Uma jornada pela hist\u00f3ria, tradi\u00e7\u00e3o e sabores do fruto s\u00edmbolo da Amaz\u00f4nia &nbsp; O Tesouro Roxo da Amaz\u00f4nia O a\u00e7a\u00ed, fruto da palmeira Euterpe oleracea, \u00e9 muito mais que um simples alimento. Representa um s\u00edmbolo da identidade amaz\u00f4nica, carregando consigo hist\u00f3rias ancestrais, tradi\u00e7\u00f5es culturais e um sabor \u00fanico que conquistou n\u00e3o apenas o Brasil, mas &hellip; Continuar lendo A lenda do A\u00e7a\u00ed &#8211; Origem, Cultura e Sabor\" \/>\n<meta property=\"og:url\" content=\"https:\/\/ver-o-peso.com\/pt\/2025\/06\/01\/a-lenda-do-acai-origem-cultura-e-sabor\/\" \/>\n<meta property=\"og:site_name\" content=\"Ver-o-peso\" \/>\n<meta property=\"article:publisher\" content=\"https:\/\/fecebook.com\/jose.oliveira.913296\" \/>\n<meta property=\"article:published_time\" content=\"2025-06-01T12:28:02+00:00\" \/>\n<meta property=\"article:modified_time\" content=\"2025-06-26T00:25:06+00:00\" \/>\n<meta property=\"og:image\" content=\"https:\/\/ver-o-peso.com\/pt\/wp-content\/uploads\/2025\/06\/acai-963-1024x1024.png\" \/>\n\t<meta property=\"og:image:width\" content=\"1024\" \/>\n\t<meta property=\"og:image:height\" content=\"1024\" \/>\n\t<meta property=\"og:image:type\" content=\"image\/png\" \/>\n<meta name=\"author\" content=\"veropeso2025\" \/>\n<meta name=\"twitter:card\" content=\"summary_large_image\" \/>\n<meta name=\"twitter:label1\" content=\"Escrito por\" \/>\n\t<meta name=\"twitter:data1\" content=\"veropeso2025\" \/>\n\t<meta name=\"twitter:label2\" content=\"Est. tempo de leitura\" \/>\n\t<meta name=\"twitter:data2\" content=\"13 minutos\" \/>\n<script type=\"application\/ld+json\" class=\"yoast-schema-graph\">{\"@context\":\"https:\/\/schema.org\",\"@graph\":[{\"@type\":\"Article\",\"@id\":\"https:\/\/ver-o-peso.com\/pt\/2025\/06\/01\/a-lenda-do-acai-origem-cultura-e-sabor\/#article\",\"isPartOf\":{\"@id\":\"https:\/\/ver-o-peso.com\/pt\/2025\/06\/01\/a-lenda-do-acai-origem-cultura-e-sabor\/\"},\"author\":{\"name\":\"veropeso2025\",\"@id\":\"https:\/\/ver-o-peso.com\/pt\/#\/schema\/person\/9e9ad551726c390092238296ec769a06\"},\"headline\":\"A lenda do A\u00e7a\u00ed &#8211; Origem, Cultura e Sabor\",\"datePublished\":\"2025-06-01T12:28:02+00:00\",\"dateModified\":\"2025-06-26T00:25:06+00:00\",\"mainEntityOfPage\":{\"@id\":\"https:\/\/ver-o-peso.com\/pt\/2025\/06\/01\/a-lenda-do-acai-origem-cultura-e-sabor\/\"},\"wordCount\":2480,\"commentCount\":0,\"publisher\":{\"@id\":\"https:\/\/ver-o-peso.com\/pt\/#organization\"},\"image\":{\"@id\":\"https:\/\/ver-o-peso.com\/pt\/2025\/06\/01\/a-lenda-do-acai-origem-cultura-e-sabor\/#primaryimage\"},\"thumbnailUrl\":\"https:\/\/ver-o-peso.com\/pt\/wp-content\/uploads\/2025\/06\/acai-963.png\",\"keywords\":[\"frutas\",\"polpas de frutas\",\"sementes\"],\"articleSection\":[\"Amaz\u00f4nia\",\"Frutas\"],\"inLanguage\":\"pt-BR\",\"potentialAction\":[{\"@type\":\"CommentAction\",\"name\":\"Comment\",\"target\":[\"https:\/\/ver-o-peso.com\/pt\/2025\/06\/01\/a-lenda-do-acai-origem-cultura-e-sabor\/#respond\"]}]},{\"@type\":\"WebPage\",\"@id\":\"https:\/\/ver-o-peso.com\/pt\/2025\/06\/01\/a-lenda-do-acai-origem-cultura-e-sabor\/\",\"url\":\"https:\/\/ver-o-peso.com\/pt\/2025\/06\/01\/a-lenda-do-acai-origem-cultura-e-sabor\/\",\"name\":\"A lenda do A\u00e7a\u00ed - Origem, Cultura e Sabor - Ver-o-peso\",\"isPartOf\":{\"@id\":\"https:\/\/ver-o-peso.com\/pt\/#website\"},\"primaryImageOfPage\":{\"@id\":\"https:\/\/ver-o-peso.com\/pt\/2025\/06\/01\/a-lenda-do-acai-origem-cultura-e-sabor\/#primaryimage\"},\"image\":{\"@id\":\"https:\/\/ver-o-peso.com\/pt\/2025\/06\/01\/a-lenda-do-acai-origem-cultura-e-sabor\/#primaryimage\"},\"thumbnailUrl\":\"https:\/\/ver-o-peso.com\/pt\/wp-content\/uploads\/2025\/06\/acai-963.png\",\"datePublished\":\"2025-06-01T12:28:02+00:00\",\"dateModified\":\"2025-06-26T00:25:06+00:00\",\"breadcrumb\":{\"@id\":\"https:\/\/ver-o-peso.com\/pt\/2025\/06\/01\/a-lenda-do-acai-origem-cultura-e-sabor\/#breadcrumb\"},\"inLanguage\":\"pt-BR\",\"potentialAction\":[{\"@type\":\"ReadAction\",\"target\":[\"https:\/\/ver-o-peso.com\/pt\/2025\/06\/01\/a-lenda-do-acai-origem-cultura-e-sabor\/\"]}]},{\"@type\":\"ImageObject\",\"inLanguage\":\"pt-BR\",\"@id\":\"https:\/\/ver-o-peso.com\/pt\/2025\/06\/01\/a-lenda-do-acai-origem-cultura-e-sabor\/#primaryimage\",\"url\":\"https:\/\/ver-o-peso.com\/pt\/wp-content\/uploads\/2025\/06\/acai-963.png\",\"contentUrl\":\"https:\/\/ver-o-peso.com\/pt\/wp-content\/uploads\/2025\/06\/acai-963.png\",\"width\":2048,\"height\":2048},{\"@type\":\"BreadcrumbList\",\"@id\":\"https:\/\/ver-o-peso.com\/pt\/2025\/06\/01\/a-lenda-do-acai-origem-cultura-e-sabor\/#breadcrumb\",\"itemListElement\":[{\"@type\":\"ListItem\",\"position\":1,\"name\":\"In\u00edcio\",\"item\":\"https:\/\/ver-o-peso.com\/pt\/\"},{\"@type\":\"ListItem\",\"position\":2,\"name\":\"A lenda do A\u00e7a\u00ed &#8211; Origem, Cultura e Sabor\"}]},{\"@type\":\"WebSite\",\"@id\":\"https:\/\/ver-o-peso.com\/pt\/#website\",\"url\":\"https:\/\/ver-o-peso.com\/pt\/\",\"name\":\"Ver-o-peso\",\"description\":\"Aqui tem de tudo da Amaz\u00f4nia\",\"publisher\":{\"@id\":\"https:\/\/ver-o-peso.com\/pt\/#organization\"},\"potentialAction\":[{\"@type\":\"SearchAction\",\"target\":{\"@type\":\"EntryPoint\",\"urlTemplate\":\"https:\/\/ver-o-peso.com\/pt\/?s={search_term_string}\"},\"query-input\":{\"@type\":\"PropertyValueSpecification\",\"valueRequired\":true,\"valueName\":\"search_term_string\"}}],\"inLanguage\":\"pt-BR\"},{\"@type\":\"Organization\",\"@id\":\"https:\/\/ver-o-peso.com\/pt\/#organization\",\"name\":\"Ver-o-peso\",\"url\":\"https:\/\/ver-o-peso.com\/pt\/\",\"logo\":{\"@type\":\"ImageObject\",\"inLanguage\":\"pt-BR\",\"@id\":\"https:\/\/ver-o-peso.com\/pt\/#\/schema\/logo\/image\/\",\"url\":\"https:\/\/ver-o-peso.com\/pt\/wp-content\/uploads\/2025\/05\/Logo-3.png\",\"contentUrl\":\"https:\/\/ver-o-peso.com\/pt\/wp-content\/uploads\/2025\/05\/Logo-3.png\",\"width\":210,\"height\":118,\"caption\":\"Ver-o-peso\"},\"image\":{\"@id\":\"https:\/\/ver-o-peso.com\/pt\/#\/schema\/logo\/image\/\"},\"sameAs\":[\"https:\/\/fecebook.com\/jose.oliveira.913296\",\"https:\/\/instagram.com\/riba.lages\",\"https:\/\/tiktok.com\/veropeso2025\"]},{\"@type\":\"Person\",\"@id\":\"https:\/\/ver-o-peso.com\/pt\/#\/schema\/person\/9e9ad551726c390092238296ec769a06\",\"name\":\"veropeso2025\",\"image\":{\"@type\":\"ImageObject\",\"inLanguage\":\"pt-BR\",\"@id\":\"https:\/\/ver-o-peso.com\/pt\/#\/schema\/person\/image\/\",\"url\":\"https:\/\/secure.gravatar.com\/avatar\/abbae2eadd0ca3e3064b32972a9f07e1ec00361a8e4784de939c3d52c9381ec6?s=96&d=mm&r=g\",\"contentUrl\":\"https:\/\/secure.gravatar.com\/avatar\/abbae2eadd0ca3e3064b32972a9f07e1ec00361a8e4784de939c3d52c9381ec6?s=96&d=mm&r=g\",\"caption\":\"veropeso2025\"},\"sameAs\":[\"https:\/\/ver-o-peso.com\/pt\"],\"url\":\"https:\/\/ver-o-peso.com\/pt\/author\/veropeso2025\/\"}]}<\/script>\n<!-- \/ Yoast SEO Premium plugin. -->","yoast_head_json":{"title":"A lenda do A\u00e7a\u00ed - Origem, Cultura e Sabor - Ver-o-peso","robots":{"index":"index","follow":"follow","max-snippet":"max-snippet:-1","max-image-preview":"max-image-preview:large","max-video-preview":"max-video-preview:-1"},"canonical":"https:\/\/ver-o-peso.com\/pt\/2025\/06\/01\/a-lenda-do-acai-origem-cultura-e-sabor\/","og_locale":"pt_BR","og_type":"article","og_title":"A lenda do A\u00e7a\u00ed - Origem, Cultura e Sabor","og_description":"Uma jornada pela hist\u00f3ria, tradi\u00e7\u00e3o e sabores do fruto s\u00edmbolo da Amaz\u00f4nia &nbsp; O Tesouro Roxo da Amaz\u00f4nia O a\u00e7a\u00ed, fruto da palmeira Euterpe oleracea, \u00e9 muito mais que um simples alimento. Representa um s\u00edmbolo da identidade amaz\u00f4nica, carregando consigo hist\u00f3rias ancestrais, tradi\u00e7\u00f5es culturais e um sabor \u00fanico que conquistou n\u00e3o apenas o Brasil, mas &hellip; Continuar lendo A lenda do A\u00e7a\u00ed &#8211; Origem, Cultura e Sabor","og_url":"https:\/\/ver-o-peso.com\/pt\/2025\/06\/01\/a-lenda-do-acai-origem-cultura-e-sabor\/","og_site_name":"Ver-o-peso","article_publisher":"https:\/\/fecebook.com\/jose.oliveira.913296","article_published_time":"2025-06-01T12:28:02+00:00","article_modified_time":"2025-06-26T00:25:06+00:00","og_image":[{"width":1024,"height":1024,"url":"https:\/\/ver-o-peso.com\/pt\/wp-content\/uploads\/2025\/06\/acai-963-1024x1024.png","type":"image\/png"}],"author":"veropeso2025","twitter_card":"summary_large_image","twitter_misc":{"Escrito por":"veropeso2025","Est. tempo de leitura":"13 minutos"},"schema":{"@context":"https:\/\/schema.org","@graph":[{"@type":"Article","@id":"https:\/\/ver-o-peso.com\/pt\/2025\/06\/01\/a-lenda-do-acai-origem-cultura-e-sabor\/#article","isPartOf":{"@id":"https:\/\/ver-o-peso.com\/pt\/2025\/06\/01\/a-lenda-do-acai-origem-cultura-e-sabor\/"},"author":{"name":"veropeso2025","@id":"https:\/\/ver-o-peso.com\/pt\/#\/schema\/person\/9e9ad551726c390092238296ec769a06"},"headline":"A lenda do A\u00e7a\u00ed &#8211; Origem, Cultura e Sabor","datePublished":"2025-06-01T12:28:02+00:00","dateModified":"2025-06-26T00:25:06+00:00","mainEntityOfPage":{"@id":"https:\/\/ver-o-peso.com\/pt\/2025\/06\/01\/a-lenda-do-acai-origem-cultura-e-sabor\/"},"wordCount":2480,"commentCount":0,"publisher":{"@id":"https:\/\/ver-o-peso.com\/pt\/#organization"},"image":{"@id":"https:\/\/ver-o-peso.com\/pt\/2025\/06\/01\/a-lenda-do-acai-origem-cultura-e-sabor\/#primaryimage"},"thumbnailUrl":"https:\/\/ver-o-peso.com\/pt\/wp-content\/uploads\/2025\/06\/acai-963.png","keywords":["frutas","polpas de frutas","sementes"],"articleSection":["Amaz\u00f4nia","Frutas"],"inLanguage":"pt-BR","potentialAction":[{"@type":"CommentAction","name":"Comment","target":["https:\/\/ver-o-peso.com\/pt\/2025\/06\/01\/a-lenda-do-acai-origem-cultura-e-sabor\/#respond"]}]},{"@type":"WebPage","@id":"https:\/\/ver-o-peso.com\/pt\/2025\/06\/01\/a-lenda-do-acai-origem-cultura-e-sabor\/","url":"https:\/\/ver-o-peso.com\/pt\/2025\/06\/01\/a-lenda-do-acai-origem-cultura-e-sabor\/","name":"A lenda do A\u00e7a\u00ed - Origem, Cultura e Sabor - Ver-o-peso","isPartOf":{"@id":"https:\/\/ver-o-peso.com\/pt\/#website"},"primaryImageOfPage":{"@id":"https:\/\/ver-o-peso.com\/pt\/2025\/06\/01\/a-lenda-do-acai-origem-cultura-e-sabor\/#primaryimage"},"image":{"@id":"https:\/\/ver-o-peso.com\/pt\/2025\/06\/01\/a-lenda-do-acai-origem-cultura-e-sabor\/#primaryimage"},"thumbnailUrl":"https:\/\/ver-o-peso.com\/pt\/wp-content\/uploads\/2025\/06\/acai-963.png","datePublished":"2025-06-01T12:28:02+00:00","dateModified":"2025-06-26T00:25:06+00:00","breadcrumb":{"@id":"https:\/\/ver-o-peso.com\/pt\/2025\/06\/01\/a-lenda-do-acai-origem-cultura-e-sabor\/#breadcrumb"},"inLanguage":"pt-BR","potentialAction":[{"@type":"ReadAction","target":["https:\/\/ver-o-peso.com\/pt\/2025\/06\/01\/a-lenda-do-acai-origem-cultura-e-sabor\/"]}]},{"@type":"ImageObject","inLanguage":"pt-BR","@id":"https:\/\/ver-o-peso.com\/pt\/2025\/06\/01\/a-lenda-do-acai-origem-cultura-e-sabor\/#primaryimage","url":"https:\/\/ver-o-peso.com\/pt\/wp-content\/uploads\/2025\/06\/acai-963.png","contentUrl":"https:\/\/ver-o-peso.com\/pt\/wp-content\/uploads\/2025\/06\/acai-963.png","width":2048,"height":2048},{"@type":"BreadcrumbList","@id":"https:\/\/ver-o-peso.com\/pt\/2025\/06\/01\/a-lenda-do-acai-origem-cultura-e-sabor\/#breadcrumb","itemListElement":[{"@type":"ListItem","position":1,"name":"In\u00edcio","item":"https:\/\/ver-o-peso.com\/pt\/"},{"@type":"ListItem","position":2,"name":"A lenda do A\u00e7a\u00ed &#8211; Origem, Cultura e Sabor"}]},{"@type":"WebSite","@id":"https:\/\/ver-o-peso.com\/pt\/#website","url":"https:\/\/ver-o-peso.com\/pt\/","name":"Ver-o-peso","description":"Aqui tem de tudo da Amaz\u00f4nia","publisher":{"@id":"https:\/\/ver-o-peso.com\/pt\/#organization"},"potentialAction":[{"@type":"SearchAction","target":{"@type":"EntryPoint","urlTemplate":"https:\/\/ver-o-peso.com\/pt\/?s={search_term_string}"},"query-input":{"@type":"PropertyValueSpecification","valueRequired":true,"valueName":"search_term_string"}}],"inLanguage":"pt-BR"},{"@type":"Organization","@id":"https:\/\/ver-o-peso.com\/pt\/#organization","name":"Ver-o-peso","url":"https:\/\/ver-o-peso.com\/pt\/","logo":{"@type":"ImageObject","inLanguage":"pt-BR","@id":"https:\/\/ver-o-peso.com\/pt\/#\/schema\/logo\/image\/","url":"https:\/\/ver-o-peso.com\/pt\/wp-content\/uploads\/2025\/05\/Logo-3.png","contentUrl":"https:\/\/ver-o-peso.com\/pt\/wp-content\/uploads\/2025\/05\/Logo-3.png","width":210,"height":118,"caption":"Ver-o-peso"},"image":{"@id":"https:\/\/ver-o-peso.com\/pt\/#\/schema\/logo\/image\/"},"sameAs":["https:\/\/fecebook.com\/jose.oliveira.913296","https:\/\/instagram.com\/riba.lages","https:\/\/tiktok.com\/veropeso2025"]},{"@type":"Person","@id":"https:\/\/ver-o-peso.com\/pt\/#\/schema\/person\/9e9ad551726c390092238296ec769a06","name":"veropeso2025","image":{"@type":"ImageObject","inLanguage":"pt-BR","@id":"https:\/\/ver-o-peso.com\/pt\/#\/schema\/person\/image\/","url":"https:\/\/secure.gravatar.com\/avatar\/abbae2eadd0ca3e3064b32972a9f07e1ec00361a8e4784de939c3d52c9381ec6?s=96&d=mm&r=g","contentUrl":"https:\/\/secure.gravatar.com\/avatar\/abbae2eadd0ca3e3064b32972a9f07e1ec00361a8e4784de939c3d52c9381ec6?s=96&d=mm&r=g","caption":"veropeso2025"},"sameAs":["https:\/\/ver-o-peso.com\/pt"],"url":"https:\/\/ver-o-peso.com\/pt\/author\/veropeso2025\/"}]}},"_links":{"self":[{"href":"https:\/\/ver-o-peso.com\/pt\/wp-json\/wp\/v2\/posts\/2584","targetHints":{"allow":["GET"]}}],"collection":[{"href":"https:\/\/ver-o-peso.com\/pt\/wp-json\/wp\/v2\/posts"}],"about":[{"href":"https:\/\/ver-o-peso.com\/pt\/wp-json\/wp\/v2\/types\/post"}],"author":[{"embeddable":true,"href":"https:\/\/ver-o-peso.com\/pt\/wp-json\/wp\/v2\/users\/1"}],"replies":[{"embeddable":true,"href":"https:\/\/ver-o-peso.com\/pt\/wp-json\/wp\/v2\/comments?post=2584"}],"version-history":[{"count":3,"href":"https:\/\/ver-o-peso.com\/pt\/wp-json\/wp\/v2\/posts\/2584\/revisions"}],"predecessor-version":[{"id":3053,"href":"https:\/\/ver-o-peso.com\/pt\/wp-json\/wp\/v2\/posts\/2584\/revisions\/3053"}],"wp:featuredmedia":[{"embeddable":true,"href":"https:\/\/ver-o-peso.com\/pt\/wp-json\/wp\/v2\/media\/3052"}],"wp:attachment":[{"href":"https:\/\/ver-o-peso.com\/pt\/wp-json\/wp\/v2\/media?parent=2584"}],"wp:term":[{"taxonomy":"category","embeddable":true,"href":"https:\/\/ver-o-peso.com\/pt\/wp-json\/wp\/v2\/categories?post=2584"},{"taxonomy":"post_tag","embeddable":true,"href":"https:\/\/ver-o-peso.com\/pt\/wp-json\/wp\/v2\/tags?post=2584"}],"curies":[{"name":"wp","href":"https:\/\/api.w.org\/{rel}","templated":true}]}}