{"id":2591,"date":"2025-06-01T16:20:31","date_gmt":"2025-06-01T19:20:31","guid":{"rendered":"https:\/\/ver-o-peso.com\/pt\/?p=2591"},"modified":"2025-06-08T10:37:33","modified_gmt":"2025-06-08T13:37:33","slug":"igarape-miri-o-berco-mundial-do-acai-que-alimenta-o-planeta","status":"publish","type":"post","link":"https:\/\/ver-o-peso.com\/pt\/2025\/06\/01\/igarape-miri-o-berco-mundial-do-acai-que-alimenta-o-planeta\/","title":{"rendered":"Igarap\u00e9-Miri: O Ber\u00e7o Mundial do A\u00e7a\u00ed que Alimenta o Planeta"},"content":{"rendered":"<p><b>Igarap\u00e9-Miri<\/b> est\u00e1 no cora\u00e7\u00e3o da Amaz\u00f4nia. \u00c9 o centro mundial da <b>produ\u00e7\u00e3o de a\u00e7a\u00ed<\/b>. Este lugar paraense \u00e9 famoso por transformar o <b>a\u00e7a\u00ed<\/b> em um grande neg\u00f3cio e cultura global.<\/p>\n<p>O IBGE reconhece <b>Igarap\u00e9-Miri<\/b> como um munic\u00edpio especial. Ele \u00e9 o santu\u00e1rio do <b>a\u00e7a\u00ed<\/b>. Sua grande produ\u00e7\u00e3o faz dele um ponto importante para o mundo, exportando <b>a\u00e7a\u00ed<\/b> para todos os cantos do planeta.<\/p>\n<p>O a\u00e7a\u00ed de <b>Igarap\u00e9-Miri<\/b> \u00e9 muito mais que um produto. \u00c9 um s\u00edmbolo da cultura local. Ele ajuda muitas fam\u00edlias e une a tradi\u00e7\u00e3o amaz\u00f4nica ao mundo.<\/p>\n<h3>Principais Pontos<\/h3>\n<ul>\n<li>Igarap\u00e9-Miri \u00e9 reconhecido oficialmente como a <b>capital mundial do a\u00e7a\u00ed<\/b><\/li>\n<li>Munic\u00edpio com maior produ\u00e7\u00e3o e <b>exporta\u00e7\u00e3o de a\u00e7a\u00ed<\/b> do mundo<\/li>\n<li>Importante polo econ\u00f4mico na regi\u00e3o amaz\u00f4nica<\/li>\n<li>Respons\u00e1vel por grande parte do abastecimento nacional e internacional de a\u00e7a\u00ed<\/li>\n<li>Preserva tradi\u00e7\u00f5es culturais ligadas ao cultivo do a\u00e7a\u00ed<\/li>\n<\/ul>\n<p><iframe loading=\"lazy\" title=\"\u2026Igarap\u00e9-Miri, cidade amada Que nasceu nas margens do rio Tocantins E se espalhou \u2026\" width=\"660\" height=\"371\" src=\"https:\/\/www.youtube.com\/embed\/4bEpdz8Pydo?feature=oembed\" frameborder=\"0\" allow=\"accelerometer; autoplay; clipboard-write; encrypted-media; gyroscope; picture-in-picture; web-share\" referrerpolicy=\"strict-origin-when-cross-origin\" allowfullscreen><\/iframe><\/p>\n<h2>Hist\u00f3ria e Origem de Igarap\u00e9-Miri<\/h2>\n<p>A <b>hist\u00f3ria de Igarap\u00e9-Miri<\/b> \u00e9 cheia de fasc\u00ednio. Ela mergulha nas ra\u00edzes da Amaz\u00f4nia paraense. Esta cidade, no cora\u00e7\u00e3o do Par\u00e1, tem uma rica heran\u00e7a cultural e hist\u00f3rica. Ela remonta ao s\u00e9culo XIX.<\/p>\n<h3>A Funda\u00e7\u00e3o em 1843<\/h3>\n<p>Igarap\u00e9-Miri foi fundada em 16 de outubro de 1843. Esse marco \u00e9 importante para a regi\u00e3o. Na \u00e9poca, a \u00e1rea era coberta por vegeta\u00e7\u00e3o amaz\u00f4nica densa. Comunidades ind\u00edgenas viviam em harmonia com a natureza.<\/p>\n<h3>O Significado do Nome Igarap\u00e9-Miri<\/h3>\n<p>O nome <em>Igarap\u00e9-Miri<\/em> vem da l\u00edngua tupi. Significa &#8220;Caminho de Canoa Pequena&#8221;. Isso mostra a import\u00e2ncia dos rios na Amaz\u00f4nia.<\/p>\n<ul>\n<li>Igarap\u00e9: Significa &#8220;caminho de canoa&#8221; em tupi<\/li>\n<li>Miri: Traduz-se como &#8220;pequeno&#8221;<\/li>\n<\/ul>\n<h3>Os Primeiros Habitantes<\/h3>\n<p>Os primeiros habitantes eram povos ind\u00edgenas. Eles sabiam sobreviver na floresta amaz\u00f4nica. A chegada dos colonizadores portugueses mudou a cultura e o territ\u00f3rio da regi\u00e3o.<\/p>\n<blockquote><p>&#8220;Igarap\u00e9-Miri n\u00e3o \u00e9 apenas um lugar, mas um testemunho vivo da resili\u00eancia e adapta\u00e7\u00e3o dos povos amaz\u00f4nicos.&#8221; &#8211; Historiador local<\/p><\/blockquote>\n<p>A <b>hist\u00f3ria de Igarap\u00e9-Miri<\/b> \u00e9 um cap\u00edtulo fascinante da ocupa\u00e7\u00e3o amaz\u00f4nica. Aqui, tradi\u00e7\u00e3o e modernidade se encontram em um rico mosaico cultural.<\/p>\n<h2>Geografia e Localiza\u00e7\u00e3o Estrat\u00e9gica<\/h2>\n<p><img loading=\"lazy\" decoding=\"async\" class=\"aligncenter size-large wp-image-2593\" title=\"Localiza\u00e7\u00e3o de Igarap\u00e9-Miri na geografia amaz\u00f4nica\" src=\"https:\/\/ver-o-peso.com\/pt\/wp-content\/uploads\/2025\/06\/Localizacao-de-Igarape-Miri-na-geografia-amazonica-1024x1024.jpeg\" alt=\"Localiza\u00e7\u00e3o de Igarap\u00e9-Miri na geografia amaz\u00f4nica\" width=\"660\" height=\"660\" \/><\/p>\n<p>Igarap\u00e9-Miri est\u00e1 localizado no cora\u00e7\u00e3o da Amaz\u00f4nia. Ele fica na margem direita do rio que leva seu nome. Esse munic\u00edpio ocupa uma posi\u00e7\u00e3o estrat\u00e9gica na regi\u00e3o do Baixo-Tocantins, na zona fisiogr\u00e1fica Guajarina.<\/p>\n<p>Sua localiza\u00e7\u00e3o \u00e9 perfeita para o desenvolvimento econ\u00f4mico e social. A proximidade com recursos h\u00eddricos \u00e9 essencial. Isso ajuda muito na produ\u00e7\u00e3o e distribui\u00e7\u00e3o de a\u00e7a\u00ed.<\/p>\n<ul>\n<li>Regi\u00e3o: Baixo-Tocantins<\/li>\n<li>Zona Fisiogr\u00e1fica: Guajarina<\/li>\n<li>Caracter\u00edstica Principal: Margem direita do rio Igarap\u00e9-Miri<\/li>\n<\/ul>\n<p>A geografia de Igarap\u00e9-Miri \u00e9 rica e diversificada. Os <em>igarap\u00e9s<\/em> e v\u00e1rzeas s\u00e3o muito importantes para a economia e cultura local.<\/p>\n<p>Essa posi\u00e7\u00e3o geogr\u00e1fica facilita a conex\u00e3o com outras regi\u00f5es paraenses. Isso ajuda muito na distribui\u00e7\u00e3o da produ\u00e7\u00e3o local, como o a\u00e7a\u00ed. Hoje, o a\u00e7a\u00ed \u00e9 o principal produto da regi\u00e3o.<\/p>\n<p><iframe loading=\"lazy\" title=\"A\u00e7a\u00ed de Igarap\u00e9-Miri - Amaz\u00f4nia Legal 03x13\" width=\"660\" height=\"371\" src=\"https:\/\/www.youtube.com\/embed\/1qFloyK6vzM?feature=oembed\" frameborder=\"0\" allow=\"accelerometer; autoplay; clipboard-write; encrypted-media; gyroscope; picture-in-picture; web-share\" referrerpolicy=\"strict-origin-when-cross-origin\" allowfullscreen><\/iframe><\/p>\n<h2>O Ciclo da Cana-de-A\u00e7\u00facar em Igarap\u00e9-Miri<\/h2>\n<p>A hist\u00f3ria econ\u00f4mica de Igarap\u00e9-Miri foi marcada pela produ\u00e7\u00e3o de <b>cana-de-a\u00e7\u00facar<\/b>. Essa atividade moldou o desenvolvimento da regi\u00e3o. Antes do a\u00e7a\u00ed, os <b>engenhos<\/b> eram o centro da <b>economia local<\/b>.<\/p>\n<h3>A Era dos Engenhos<\/h3>\n<p>Por d\u00e9cadas, os <b>engenhos<\/b> de <b>cana-de-a\u00e7\u00facar<\/b> dominaram a <b>economia de Igarap\u00e9-Miri<\/b>. Eram centros de produ\u00e7\u00e3o artesanal. Eles transformavam a <b>cana-de-a\u00e7\u00facar<\/b> em produtos valiosos.<\/p>\n<ul>\n<li>Produ\u00e7\u00e3o manual de a\u00e7\u00facar<\/li>\n<li>Fabrica\u00e7\u00e3o de cacha\u00e7a<\/li>\n<li>Gera\u00e7\u00e3o de renda para comunidades locais<\/li>\n<\/ul>\n<h3>A Transi\u00e7\u00e3o Econ\u00f4mica<\/h3>\n<p>A <b>economia de Igarap\u00e9-Miri<\/b> mudou gradualmente. Os antigos <b>engenhos<\/b> perderam espa\u00e7o para o a\u00e7a\u00ed.<\/p>\n<h3>O Legado da Produ\u00e7\u00e3o de Cacha\u00e7a<\/h3>\n<p>A produ\u00e7\u00e3o de cacha\u00e7a teve um grande impacto na cultura e <b>economia de Igarap\u00e9-Miri<\/b>. Os m\u00e9todos tradicionais s\u00e3o valorizados como parte do patrim\u00f4nio cultural.<\/p>\n<table>\n<tbody>\n<tr>\n<th>Per\u00edodo<\/th>\n<th>Caracter\u00edstica Econ\u00f4mica<\/th>\n<th>Impacto Regional<\/th>\n<\/tr>\n<tr>\n<td>S\u00e9culo XIX<\/td>\n<td>Auge dos Engenhos<\/td>\n<td>Desenvolvimento econ\u00f4mico inicial<\/td>\n<\/tr>\n<tr>\n<td>In\u00edcio S\u00e9culo XX<\/td>\n<td>Transi\u00e7\u00e3o Produtiva<\/td>\n<td>Decl\u00ednio da cana-de-a\u00e7\u00facar<\/td>\n<\/tr>\n<tr>\n<td>Atualidade<\/td>\n<td><b>Economia do A\u00e7a\u00ed<\/b><\/td>\n<td>Transforma\u00e7\u00e3o econ\u00f4mica completa<\/td>\n<\/tr>\n<\/tbody>\n<\/table>\n<p>A jornada econ\u00f4mica de Igarap\u00e9-Miri mostra resili\u00eancia e adapta\u00e7\u00e3o. A regi\u00e3o passou da cana-de-a\u00e7\u00facar para o a\u00e7a\u00ed. Ela manteve sua ess\u00eancia cultural e produtiva.<\/p>\n<h2>A Ascens\u00e3o do A\u00e7a\u00ed na Economia Local<\/h2>\n<p>Igarap\u00e9-Miri mudou completamente sua economia com o a\u00e7a\u00ed. Agora, a <b>produ\u00e7\u00e3o de a\u00e7a\u00ed<\/b> \u00e9 o que impulsiona o desenvolvimento da cidade. Isso criou uma nova realidade econ\u00f4mica para a regi\u00e3o.<\/p>\n<p>Os n\u00fameros s\u00e3o impressionantes: o munic\u00edpio produz 305,6 mil toneladas de a\u00e7a\u00ed. Isso representa 28% da produ\u00e7\u00e3o do pa\u00eds. Igarap\u00e9-Miri se tornou um grande nome na <b>economia do a\u00e7a\u00ed<\/b>.<\/p>\n<ul>\n<li>Transforma\u00e7\u00e3o econ\u00f4mica radical<\/li>\n<li>Mudan\u00e7a nas pr\u00e1ticas agr\u00edcolas tradicionais<\/li>\n<li>Valoriza\u00e7\u00e3o dos recursos naturais locais<\/li>\n<\/ul>\n<p>A cadeia produtiva do a\u00e7a\u00ed trouxe grandes oportunidades para os agricultores locais. Pequenos produtores encontraram uma forma sustent\u00e1vel de ganhar dinheiro com o a\u00e7a\u00ed. Isso diversificou suas fontes de renda e trouxe mais estabilidade financeira.<\/p>\n<blockquote><p>&#8220;O a\u00e7a\u00ed n\u00e3o \u00e9 apenas um fruto, mas um patrim\u00f4nio econ\u00f4mico de Igarap\u00e9-Miri&#8221;<\/p><\/blockquote>\n<p>Os produtores usam t\u00e9cnicas sustent\u00e1veis. Isso garante a qualidade do a\u00e7a\u00ed e a preserva\u00e7\u00e3o dos recursos naturais. A <b>economia do a\u00e7a\u00ed<\/b> em Igarap\u00e9-Miri se tornou um exemplo de desenvolvimento local respons\u00e1vel.<\/p>\n<h2>Igarap\u00e9-Miri: O Ber\u00e7o Mundial do A\u00e7a\u00ed que Alimenta o Planeta<\/h2>\n<p>Igarap\u00e9-Miri \u00e9 um centro global na <b>produ\u00e7\u00e3o de a\u00e7a\u00ed<\/b>. Essa cidade paraense se tornou um ponto chave na <b>produ\u00e7\u00e3o mundial de a\u00e7a\u00ed<\/b>. Ela \u00e9 reconhecida internacionalmente pelas frutas tropicais.<\/p>\n<p><img loading=\"lazy\" decoding=\"async\" class=\"aligncenter size-large wp-image-2594\" title=\"Produ\u00e7\u00e3o de A\u00e7a\u00ed em Igarap\u00e9-Miri\" src=\"https:\/\/ver-o-peso.com\/pt\/wp-content\/uploads\/2025\/06\/Producao-de-Acai-em-Igarape-Miri-1024x1024.jpeg\" alt=\"Produ\u00e7\u00e3o de A\u00e7a\u00ed em Igarap\u00e9-Miri\" width=\"660\" height=\"660\" \/><\/p>\n<h3>Reconhecimento Internacional<\/h3>\n<p>A cidade \u00e9 famosa pela <b>exporta\u00e7\u00e3o de a\u00e7a\u00ed<\/b>. Ela \u00e9 conhecida mundialmente pela qualidade e sustentabilidade da fruta. Compradores de todo o mundo buscam seus produtos.<\/p>\n<h3>Volume de Produ\u00e7\u00e3o<\/h3>\n<p>Igarap\u00e9-Miri produz 28% do a\u00e7a\u00ed do Brasil. Esse volume faz dela a <b>capital mundial do a\u00e7a\u00ed<\/b>. Ela \u00e9 essencial para a <b>economia local<\/b> e nacional.<\/p>\n<ul>\n<li>Lideran\u00e7a na <b>produ\u00e7\u00e3o mundial de a\u00e7a\u00ed<\/b><\/li>\n<li>Exporta\u00e7\u00e3o para mais de 20 pa\u00edses<\/li>\n<li>Padr\u00e3o de qualidade reconhecido internacionalmente<\/li>\n<\/ul>\n<h3>Impacto na Economia Global<\/h3>\n<p>O a\u00e7a\u00ed de Igarap\u00e9-Miri vai al\u00e9m das fronteiras econ\u00f4micas. Ele cria oportunidades para pequenos produtores. A <b>exporta\u00e7\u00e3o de a\u00e7a\u00ed<\/b> conecta a Amaz\u00f4nia ao mundo.<\/p>\n<blockquote><p><em>&#8220;Igarap\u00e9-Miri n\u00e3o \u00e9 apenas um munic\u00edpio, mas um territ\u00f3rio que alimenta o mundo com a energia da Amaz\u00f4nia&#8221;<\/em><\/p><\/blockquote>\n<h2>Aspectos Culturais e Tradi\u00e7\u00f5es<\/h2>\n<p>Igarap\u00e9-Miri \u00e9 um tesouro vivo das <b>tradi\u00e7\u00f5es amaz\u00f4nicas<\/b>. A cultura local mistura-se com a natureza e o territ\u00f3rio. A <b>cultura de Igarap\u00e9-Miri<\/b> mostra uma identidade \u00fanica, celebrando suas ra\u00edzes e patrim\u00f4nio cultural.<\/p>\n<p>As manifesta\u00e7\u00f5es culturais da regi\u00e3o s\u00e3o ricas e aut\u00eanticas. Algumas das principais caracter\u00edsticas incluem:<\/p>\n<ul>\n<li>Festivais regionais que celebram o a\u00e7a\u00ed<\/li>\n<li>M\u00fasica tradicional paraense<\/li>\n<li>Dan\u00e7as folcl\u00f3ricas t\u00edpicas<\/li>\n<li>Artesanato local inspirado nos elementos amaz\u00f4nicos<\/li>\n<\/ul>\n<p>A cena musical de Igarap\u00e9-Miri \u00e9 vibrante. Muitos artistas paraenses vieram desta regi\u00e3o. Eles contribu\u00edram muito para o cen\u00e1rio cultural do Par\u00e1. A m\u00fasica local conta hist\u00f3rias ancestrais e sonoridades que mostram a alma amaz\u00f4nica.<\/p>\n<p>O artesanato local \u00e9 especial. Pe\u00e7as representam as <b>tradi\u00e7\u00f5es amaz\u00f4nicas<\/b> por t\u00e9cnicas passadas por gera\u00e7\u00f5es. Cestos, instrumentos musicais e decora\u00e7\u00f5es s\u00e3o feitos com materiais da floresta. Isso mostra a conex\u00e3o profunda entre a comunidade e a natureza.<\/p>\n<blockquote><p>A <b>cultura de Igarap\u00e9-Miri<\/b> \u00e9 um mosaico vivo que conta hist\u00f3rias de resist\u00eancia, criatividade e profunda conex\u00e3o com o territ\u00f3rio amaz\u00f4nico.<\/p><\/blockquote>\n<p>Cada manifesta\u00e7\u00e3o cultural \u00e9 um cap\u00edtulo importante na hist\u00f3ria desta comunidade. Elas preservam mem\u00f3rias, celebram identidades e mant\u00eam vivas as tradi\u00e7\u00f5es. Igarap\u00e9-Miri \u00e9 um lugar \u00fanico no cora\u00e7\u00e3o da Amaz\u00f4nia.<\/p>\n<h2>Sistema de Produ\u00e7\u00e3o e Manejo do A\u00e7a\u00ed<\/h2>\n<p>A <b>produ\u00e7\u00e3o sustent\u00e1vel de a\u00e7a\u00ed<\/b> em Igarap\u00e9-Miri \u00e9 um exemplo de como a agricultura familiar pode ser boa para o meio ambiente. Ela tamb\u00e9m ajuda as comunidades locais a terem uma fonte de renda. Os produtores locais criaram <b>t\u00e9cnicas de colheita<\/b> que fazem o a\u00e7a\u00ed ser de alta qualidade.<\/p>\n<p><img loading=\"lazy\" decoding=\"async\" class=\"aligncenter size-large wp-image-2595\" title=\"Produ\u00e7\u00e3o sustent\u00e1vel de a\u00e7a\u00ed em Igarap\u00e9-Miri\" src=\"https:\/\/ver-o-peso.com\/pt\/wp-content\/uploads\/2025\/06\/Producao-sustentavel-de-acai-em-Igarape-Miri-1024x1024.jpeg\" alt=\"Produ\u00e7\u00e3o sustent\u00e1vel de a\u00e7a\u00ed em Igarap\u00e9-Miri\" width=\"660\" height=\"660\" \/><\/p>\n<p>Essa regi\u00e3o \u00e9 conhecida por suas pr\u00e1ticas agr\u00edcolas que cuidam da Amaz\u00f4nia. Os agricultores usam sabedoria tradicional e m\u00e9todos modernos. Assim, eles criam um sistema que protege a biodiversidade local.<\/p>\n<h3>T\u00e9cnicas Sustent\u00e1veis de Cultivo<\/h3>\n<ul>\n<li>Preserva\u00e7\u00e3o de \u00e1reas de mata nativa<\/li>\n<li>Rota\u00e7\u00e3o de culturas<\/li>\n<li>Uso de t\u00e9cnicas de manejo ecol\u00f3gico<\/li>\n<li>Controle biol\u00f3gico de pragas<\/li>\n<\/ul>\n<h3>Processo de Colheita<\/h3>\n<p>As <b>t\u00e9cnicas de colheita<\/b> em Igarap\u00e9-Miri s\u00e3o muito especializadas. Os coletores usam m\u00e9todos tradicionais. Isso ajuda a manter a integridade dos cachos e a proteger as palmeiras de a\u00e7a\u00ed.<\/p>\n<table>\n<tbody>\n<tr>\n<th>Etapa<\/th>\n<th>Descri\u00e7\u00e3o<\/th>\n<th>Impacto Ambiental<\/th>\n<\/tr>\n<tr>\n<td>Sele\u00e7\u00e3o dos Cachos<\/td>\n<td>Colheita manual seletiva<\/td>\n<td>M\u00ednima interfer\u00eancia no ecossistema<\/td>\n<\/tr>\n<tr>\n<td>Corte<\/td>\n<td>Uso de ferramentas tradicionais<\/td>\n<td>Preserva\u00e7\u00e3o da estrutura da palmeira<\/td>\n<\/tr>\n<tr>\n<td>Processamento<\/td>\n<td>Beneficiamento local<\/td>\n<td>Redu\u00e7\u00e3o de emiss\u00f5es de carbono<\/td>\n<\/tr>\n<\/tbody>\n<\/table>\n<p>A <em>produ\u00e7\u00e3o sustent\u00e1vel de a\u00e7a\u00ed<\/em> em Igarap\u00e9-Miri \u00e9 mais que um m\u00e9todo de cultivo. \u00c9 uma express\u00e3o cultural. Ela une os agricultores ao seu territ\u00f3rio e \u00e0s suas tradi\u00e7\u00f5es.<\/p>\n<h2>Impacto Socioecon\u00f4mico na Comunidade<\/h2>\n<p>A economia de Igarap\u00e9-Miri mudou muito com o a\u00e7a\u00ed. O <b>desenvolvimento comunit\u00e1rio<\/b> melhorou, trazendo novas oportunidades para a popula\u00e7\u00e3o.<\/p>\n<p>Os benef\u00edcios do a\u00e7a\u00ed s\u00e3o grandes e vis\u00edveis:<\/p>\n<ul>\n<li>Gera\u00e7\u00e3o de mais de 3.000 empregos diretos e indiretos<\/li>\n<li>Aumento da renda m\u00e9dia familiar em at\u00e9 60%<\/li>\n<li>Crescimento do empreendedorismo local<\/li>\n<li>Valoriza\u00e7\u00e3o dos produtos regionais<\/li>\n<\/ul>\n<p>Os produtores locais s\u00e3o essenciais para o desenvolvimento da comunidade. Pequenos agricultores familiares usam o a\u00e7a\u00ed para sobreviver. Isso mudou a vida social da regi\u00e3o.<\/p>\n<blockquote><p><em>&#8220;O a\u00e7a\u00ed n\u00e3o \u00e9 apenas um fruto, mas um instrumento de transforma\u00e7\u00e3o social em Igarap\u00e9-Miri&#8221;<\/em><\/p><\/blockquote>\n<p>A cadeia produtiva do a\u00e7a\u00ed mudou a <b>economia local<\/b>. Ela permitiu investimentos em educa\u00e7\u00e3o, sa\u00fade e infraestrutura. Jovens da regi\u00e3o agora veem carreiras no a\u00e7a\u00ed.<\/p>\n<h2>Preserva\u00e7\u00e3o Ambiental e Sustentabilidade<\/h2>\n<p>Igarap\u00e9-Miri \u00e9 um exemplo de como produzir a\u00e7a\u00ed de forma sustent\u00e1vel. Os produtores locais criaram maneiras inovadoras de cuidar da Amaz\u00f4nia. Eles fazem isso sem perder a viabilidade econ\u00f4mica.<\/p>\n<p><img loading=\"lazy\" decoding=\"async\" class=\"aligncenter wp-image-2675 size-full\" title=\"Preserva\u00e7\u00e3o da Amaz\u00f4nia e Sustentabilidade do A\u00e7a\u00ed\" src=\"https:\/\/ver-o-peso.com\/pt\/wp-content\/uploads\/2025\/06\/generation-51e36b40-65fc-4993-92fd-2e6c1e1dc4fd.png\" alt=\"\" width=\"1248\" height=\"832\" \/><\/p>\n<h3>Manejo Respons\u00e1vel dos A\u00e7aizais<\/h3>\n<p>\u00c9 crucial cuidar bem dos a\u00e7aizais para proteger a Amaz\u00f4nia. Os agricultores locais usam pr\u00e1ticas que:<\/p>\n<ul>\n<li>Colhem a\u00e7a\u00ed de forma seletiva, respeitando o ciclo natural<\/li>\n<li>Protegem as \u00e1reas de reserva legal<\/li>\n<li>Recuperam \u00e1reas degradadas<\/li>\n<li>Reduzem o impacto ambiental na extra\u00e7\u00e3o<\/li>\n<\/ul>\n<h3>Biodiversidade Local<\/h3>\n<p>A <b>preserva\u00e7\u00e3o da Amaz\u00f4nia<\/b> em Igarap\u00e9-Miri vai al\u00e9m do a\u00e7a\u00ed. Os produtores s\u00e3o guardi\u00f5es de um ecossistema complexo. Eles mant\u00eam o equil\u00edbrio entre economia e conserva\u00e7\u00e3o.<\/p>\n<p>As t\u00e9cnicas sustent\u00e1veis permitem que a agricultura e a biodiversidade local convivam. <em>Cada palmeira de a\u00e7a\u00ed preservada \u00e9 um tesouro natural<\/em>.<\/p>\n<p><iframe loading=\"lazy\" title=\"CONHE\u00c7A as Ruas da Cidade de IGARAP\u00c9-MIRI Capital Internacional do A\u00e7a\u00ed  #Motovlog leandro da Start\" width=\"660\" height=\"371\" src=\"https:\/\/www.youtube.com\/embed\/G5RPOkZJF9o?feature=oembed\" frameborder=\"0\" allow=\"accelerometer; autoplay; clipboard-write; encrypted-media; gyroscope; picture-in-picture; web-share\" referrerpolicy=\"strict-origin-when-cross-origin\" allowfullscreen><\/iframe><\/p>\n<h2>Infraestrutura e Desenvolvimento<\/h2>\n<p>Igarap\u00e9-Miri est\u00e1 mudando muito. Isso se deve muito ao a\u00e7a\u00ed. Investimentos t\u00eam melhorado a vida dos moradores e a economia local.<\/p>\n<p>Os principais avan\u00e7os incluem:<\/p>\n<ul>\n<li>Moderniza\u00e7\u00e3o do sistema de transporte p\u00fablico<\/li>\n<li>Expans\u00e3o da rede de saneamento b\u00e1sico<\/li>\n<li>Melhorias na infraestrutura energ\u00e9tica<\/li>\n<li>Amplia\u00e7\u00e3o da conectividade digital<\/li>\n<\/ul>\n<p>Veja como Igarap\u00e9-Miri est\u00e1 crescendo:<\/p>\n<table>\n<tbody>\n<tr>\n<th>Setor<\/th>\n<th>Investimento (R$)<\/th>\n<th>Impacto<\/th>\n<\/tr>\n<tr>\n<td>Transporte<\/td>\n<td>2.5 milh\u00f5es<\/td>\n<td>Melhoria na mobilidade urbana<\/td>\n<\/tr>\n<tr>\n<td>Saneamento<\/td>\n<td>1.8 milh\u00f5es<\/td>\n<td>Amplia\u00e7\u00e3o da cobertura<\/td>\n<\/tr>\n<tr>\n<td>Energia<\/td>\n<td>3.2 milh\u00f5es<\/td>\n<td>Expans\u00e3o da rede el\u00e9trica<\/td>\n<\/tr>\n<\/tbody>\n<\/table>\n<p>A <b>infraestrutura urbana<\/b> \u00e9 essencial para o crescimento da regi\u00e3o. <em>O desenvolvimento regional n\u00e3o se limita apenas \u00e0 produ\u00e7\u00e3o de a\u00e7a\u00ed, mas abrange melhorias significativas em diversos setores<\/em>.<\/p>\n<p>Esses investimentos atraem novos neg\u00f3cios. Eles criam oportunidades para os moradores locais. Isso mostra que o desenvolvimento pode ser sustent\u00e1vel e inclusivo.<\/p>\n<h2>O Porto do A\u00e7a\u00ed e sua Import\u00e2ncia<\/h2>\n<p>Igarap\u00e9-Miri \u00e9 um ponto chave na exporta\u00e7\u00e3o do a\u00e7a\u00ed. Seu porto \u00e9 essencial para a economia local. Ele tem infraestrutura para enviar o a\u00e7a\u00ed para o mundo.<\/p>\n<p><img loading=\"lazy\" decoding=\"async\" class=\"aligncenter size-large wp-image-2597\" title=\"Porto do A\u00e7a\u00ed em Igarap\u00e9-Miri\" src=\"https:\/\/ver-o-peso.com\/pt\/wp-content\/uploads\/2025\/06\/Porto-do-Acai-em-Igarape-Miri-1024x1024.jpeg\" alt=\"Porto do A\u00e7a\u00ed em Igarap\u00e9-Miri\" width=\"660\" height=\"660\" \/><\/p>\n<p>O <b>porto do a\u00e7a\u00ed<\/b> \u00e9 crucial para exportar a produ\u00e7\u00e3o local. Ele garante rapidez e efici\u00eancia no transporte. Sua localiza\u00e7\u00e3o facilita a conex\u00e3o com mercados internacionais.<\/p>\n<h3>Log\u00edstica de Distribui\u00e7\u00e3o<\/h3>\n<p>A log\u00edstica em Igarap\u00e9-Miri segue rigorosamente qualidade e rastreabilidade. Os principais pontos s\u00e3o:<\/p>\n<ul>\n<li>Sele\u00e7\u00e3o criteriosa dos frutos<\/li>\n<li>Embalagens especializadas para conserva\u00e7\u00e3o<\/li>\n<li>Controle de temperatura durante o transporte<\/li>\n<li>Certifica\u00e7\u00f5es internacionais de qualidade<\/li>\n<\/ul>\n<h3>Movimenta\u00e7\u00e3o Econ\u00f4mica<\/h3>\n<p>O <b>porto do a\u00e7a\u00ed<\/b> \u00e9 mais que um meio de transporte. Ele \u00e9 um motor econ\u00f4mico que cria:<\/p>\n<ol>\n<li>Empregos diretos e indiretos<\/li>\n<li>Receitas para o munic\u00edpio<\/li>\n<li>Desenvolvimento tecnol\u00f3gico no setor<\/li>\n<li>Visibilidade internacional para a regi\u00e3o<\/li>\n<\/ol>\n<p>A economia movida pelo porto gera milh\u00f5es de reais por ano. Isso faz de Igarap\u00e9-Miri um <em>hub<\/em> vital na produ\u00e7\u00e3o de a\u00e7a\u00ed.<\/p>\n<h2>Festivais e Celebra\u00e7\u00f5es do A\u00e7a\u00ed<\/h2>\n<p>Igarap\u00e9-Miri celebra o a\u00e7a\u00ed com festivais vibrantes. Essas festas s\u00e3o mais que comemora\u00e7\u00f5es. Elas unem a comunidade \u00e0 sua rica cultura.<\/p>\n<ul>\n<li>Feira Regional do A\u00e7a\u00ed &#8211; evento anual que re\u00fane produtores locais<\/li>\n<li>Mostra Gastron\u00f4mica com pratos t\u00edpicos<\/li>\n<li>Competi\u00e7\u00f5es de colheita tradicional<\/li>\n<li>Exposi\u00e7\u00f5es culturais sobre o patrim\u00f4nio do a\u00e7a\u00ed<\/li>\n<\/ul>\n<p>Em esses festivais, voc\u00ea pode ver a <b>cultura do a\u00e7a\u00ed<\/b> de perto. H\u00e1 demonstra\u00e7\u00f5es de colheita, degusta\u00e7\u00f5es e arte. Isso mostra a import\u00e2ncia do a\u00e7a\u00ed para a economia e cultura local.<\/p>\n<p>A comunidade se re\u00fane para compartilhar saberes. Eles mostram t\u00e9cnicas de produ\u00e7\u00e3o e hist\u00f3rias do a\u00e7a\u00ed. Cada festa \u00e9 um momento especial de troca e valoriza\u00e7\u00e3o da identidade local.<\/p>\n<h2>Desafios e Perspectivas Futuras<\/h2>\n<p>Igarap\u00e9-Miri est\u00e1 em um momento importante para o a\u00e7a\u00ed. \u00c9 essencial ter estrat\u00e9gias inovadoras para a sustentabilidade e crescimento econ\u00f4mico.<\/p>\n<p>A <b>inova\u00e7\u00e3o na produ\u00e7\u00e3o de a\u00e7a\u00ed<\/b> \u00e9 crucial para competir no mercado global. Os produtores locais est\u00e3o criando novas maneiras de superar os desafios.<\/p>\n<h3>Principais Inova\u00e7\u00f5es no Setor<\/h3>\n<ul>\n<li>Tecnologias de processamento mais eficientes<\/li>\n<li>M\u00e9todos de conserva\u00e7\u00e3o avan\u00e7ados<\/li>\n<li>Rastreabilidade digital da produ\u00e7\u00e3o<\/li>\n<li>Certifica\u00e7\u00f5es internacionais de qualidade<\/li>\n<\/ul>\n<h3>Expans\u00e3o do Mercado Global<\/h3>\n<p>O <b>futuro do a\u00e7a\u00ed<\/b> parece promissor. A demanda internacional est\u00e1 crescendo, especialmente nos Estados Unidos, Europa e \u00c1sia.<\/p>\n<blockquote><p>A <b>inova\u00e7\u00e3o na produ\u00e7\u00e3o de a\u00e7a\u00ed<\/b> \u00e9 a chave para conquistar novos mercados e garantir a sustentabilidade econ\u00f4mica da regi\u00e3o.<\/p><\/blockquote>\n<p>Os principais desafios incluem:<\/p>\n<ol>\n<li>Manter a qualidade do produto<\/li>\n<li>Desenvolver embalagens sustent\u00e1veis<\/li>\n<li>Investir em tecnologias de preserva\u00e7\u00e3o<\/li>\n<li>Expandir canais de distribui\u00e7\u00e3o internacional<\/li>\n<\/ol>\n<p>Igarap\u00e9-Miri continua sendo um polo de excel\u00eancia. Est\u00e1 preparado para os pr\u00f3ximos desafios com criatividade e determina\u00e7\u00e3o.<\/p>\n<h2>Conclus\u00e3o<\/h2>\n<p>Igarap\u00e9-Miri \u00e9 muito mais que uma regi\u00e3o produtora de a\u00e7a\u00ed. Ele representa a import\u00e2ncia de uma \u00e1rea que vai al\u00e9m das fronteiras geogr\u00e1ficas. \u00c9 o centro global de produ\u00e7\u00e3o e cultura da Amaz\u00f4nia.<\/p>\n<p>O a\u00e7a\u00ed n\u00e3o s\u00f3 une comunidades locais a mercados do mundo todo. Ele mostra como um produto da natureza pode mudar a economia e preservar tradi\u00e7\u00f5es antigas da Amaz\u00f4nia.<\/p>\n<p>A cidade \u00e9 um exemplo de desenvolvimento sustent\u00e1vel. Ela une economia e cuidado com o meio ambiente. Seu sucesso mostra que \u00e9 poss\u00edvel usar recursos naturais para ajudar fam\u00edlias sem danificar o ambiente.<\/p>\n<p>Escolher Igarap\u00e9-Miri \u00e9 escolher ser parte de uma hist\u00f3ria de respeito, inova\u00e7\u00e3o e conex\u00e3o com a natureza brasileira. Cada fruto colhido e cada hist\u00f3ria contada renova esse legado.<\/p>\n<section class=\"schema-section\">\n<h2>FAQ<\/h2>\n<div>\n<h3>Por que Igarap\u00e9-Miri \u00e9 conhecida como o ber\u00e7o mundial do a\u00e7a\u00ed?<\/h3>\n<div>\n<div>\n<p>Igarap\u00e9-Miri \u00e9 o centro mundial da produ\u00e7\u00e3o de a\u00e7a\u00ed. Ela produz muito a\u00e7a\u00ed, usa t\u00e9cnicas sustent\u00e1veis e tem uma hist\u00f3ria rica com o a\u00e7a\u00ed. Isso tornou o a\u00e7a\u00ed famoso em todo o mundo.<\/p>\n<\/div>\n<\/div>\n<\/div>\n<div>\n<h3>Qual a import\u00e2ncia econ\u00f4mica do a\u00e7a\u00ed para Igarap\u00e9-Miri?<\/h3>\n<div>\n<div>\n<p>O a\u00e7a\u00ed \u00e9 a for\u00e7a econ\u00f4mica da cidade. Ele cria empregos, traz dinheiro para a comunidade e desenvolve o munic\u00edpio. Antes, a economia era baseada em cana-de-a\u00e7\u00facar e cacha\u00e7a.<\/p>\n<\/div>\n<\/div>\n<\/div>\n<div>\n<h3>Como os produtores locais mant\u00eam a sustentabilidade na produ\u00e7\u00e3o de a\u00e7a\u00ed?<\/h3>\n<div>\n<div>\n<p>Os produtores usam t\u00e9cnicas que cuidam dos a\u00e7aizais e da natureza. Eles colhem o a\u00e7a\u00ed de forma que n\u00e3o danifique o ecossistema. Assim, os palmeirais podem crescer de novo.<\/p>\n<\/div>\n<\/div>\n<\/div>\n<div>\n<h3>Quais s\u00e3o os principais mercados internacionais para o a\u00e7a\u00ed de Igarap\u00e9-Miri?<\/h3>\n<div>\n<div>\n<p>O a\u00e7a\u00ed de Igarap\u00e9-Miri vai para muitos pa\u00edses. Estados Unidos, Europa, Jap\u00e3o e outros lugares querem esse alimento natural. A qualidade e o reconhecimento internacional aumentam a demanda.<\/p>\n<\/div>\n<\/div>\n<\/div>\n<div>\n<h3>Existe algum festival relacionado ao a\u00e7a\u00ed em Igarap\u00e9-Miri?<\/h3>\n<div>\n<div>\n<p>Sim, a cidade tem festivais que celebram o a\u00e7a\u00ed. Esses eventos promovem o a\u00e7a\u00ed e a cultura local. Eles atraem turistas e fortalecem a comunidade.<\/p>\n<\/div>\n<\/div>\n<\/div>\n<div>\n<h3>Como o a\u00e7a\u00ed impacta a cultura local de Igarap\u00e9-Miri?<\/h3>\n<div>\n<div>\n<p>O a\u00e7a\u00ed \u00e9 essencial para a <b>cultura de Igarap\u00e9-Miri<\/b>. Ele \u00e9 importante para a economia e influencia m\u00fasica, culin\u00e1ria e vida di\u00e1ria da popula\u00e7\u00e3o.<\/p>\n<\/div>\n<\/div>\n<\/div>\n<div>\n<h3>Quais s\u00e3o os principais desafios atuais da produ\u00e7\u00e3o de a\u00e7a\u00ed?<\/h3>\n<div>\n<div>\n<p>Os desafios s\u00e3o manter a sustentabilidade, lidar com mudan\u00e7as clim\u00e1ticas, ter pre\u00e7os justos e inovar no a\u00e7a\u00ed. Isso para atender ao mercado global.<\/p>\n<\/div>\n<\/div>\n<\/div>\n<div>\n<h3>Como o Porto do A\u00e7a\u00ed contribui para a economia local?<\/h3>\n<div>\n<div>\n<p>O <b>Porto do A\u00e7a\u00ed<\/b> ajuda na distribui\u00e7\u00e3o do a\u00e7a\u00ed. Ele movimenta a economia local e regional. E mostra o sucesso da ind\u00fastria do a\u00e7a\u00ed em Igarap\u00e9-Miri.<\/p>\n<\/div>\n<\/div>\n<\/div>\n<\/section>\n","protected":false},"excerpt":{"rendered":"<p>Igarap\u00e9-Miri est\u00e1 no cora\u00e7\u00e3o da Amaz\u00f4nia. \u00c9 o centro mundial da produ\u00e7\u00e3o de a\u00e7a\u00ed. Este lugar paraense \u00e9 famoso por transformar o a\u00e7a\u00ed em um grande neg\u00f3cio e cultura global. O IBGE reconhece Igarap\u00e9-Miri como um munic\u00edpio especial. Ele \u00e9 o santu\u00e1rio do a\u00e7a\u00ed. Sua grande produ\u00e7\u00e3o faz dele um ponto importante para o mundo, &hellip; <a href=\"https:\/\/ver-o-peso.com\/pt\/2025\/06\/01\/igarape-miri-o-berco-mundial-do-acai-que-alimenta-o-planeta\/\" class=\"more-link\">Continuar lendo <span class=\"screen-reader-text\">Igarap\u00e9-Miri: O Ber\u00e7o Mundial do A\u00e7a\u00ed que Alimenta o Planeta<\/span><\/a><\/p>\n","protected":false},"author":1,"featured_media":2673,"comment_status":"open","ping_status":"open","sticky":false,"template":"","format":"standard","meta":{"footnotes":""},"categories":[20,105],"tags":[115,117,119,116,114,118],"class_list":["post-2591","post","type-post","status-publish","format-standard","has-post-thumbnail","hentry","category-amazonia","category-culinaria","tag-acai","tag-alimentacao-sustentavel","tag-amazonia","tag-berco-mundial","tag-igarape-miri","tag-paraense"],"yoast_head":"<!-- This site is optimized with the Yoast SEO Premium plugin v25.3 (Yoast SEO v25.9) - https:\/\/yoast.com\/wordpress\/plugins\/seo\/ -->\n<title>Igarap\u00e9-Miri: O Ber\u00e7o Mundial do A\u00e7a\u00ed que Alimenta o Planeta - Ver-o-peso<\/title>\n<meta name=\"robots\" content=\"index, follow, max-snippet:-1, max-image-preview:large, max-video-preview:-1\" \/>\n<link rel=\"canonical\" href=\"https:\/\/ver-o-peso.com\/pt\/2025\/06\/01\/igarape-miri-o-berco-mundial-do-acai-que-alimenta-o-planeta\/\" \/>\n<meta property=\"og:locale\" content=\"pt_BR\" \/>\n<meta property=\"og:type\" content=\"article\" \/>\n<meta property=\"og:title\" content=\"Igarap\u00e9-Miri: O Ber\u00e7o Mundial do A\u00e7a\u00ed que Alimenta o Planeta\" \/>\n<meta property=\"og:description\" content=\"Igarap\u00e9-Miri est\u00e1 no cora\u00e7\u00e3o da Amaz\u00f4nia. \u00c9 o centro mundial da produ\u00e7\u00e3o de a\u00e7a\u00ed. Este lugar paraense \u00e9 famoso por transformar o a\u00e7a\u00ed em um grande neg\u00f3cio e cultura global. O IBGE reconhece Igarap\u00e9-Miri como um munic\u00edpio especial. Ele \u00e9 o santu\u00e1rio do a\u00e7a\u00ed. Sua grande produ\u00e7\u00e3o faz dele um ponto importante para o mundo, &hellip; Continuar lendo Igarap\u00e9-Miri: O Ber\u00e7o Mundial do A\u00e7a\u00ed que Alimenta o Planeta\" \/>\n<meta property=\"og:url\" content=\"https:\/\/ver-o-peso.com\/pt\/2025\/06\/01\/igarape-miri-o-berco-mundial-do-acai-que-alimenta-o-planeta\/\" \/>\n<meta property=\"og:site_name\" content=\"Ver-o-peso\" \/>\n<meta property=\"article:publisher\" content=\"https:\/\/fecebook.com\/jose.oliveira.913296\" \/>\n<meta property=\"article:published_time\" content=\"2025-06-01T19:20:31+00:00\" \/>\n<meta property=\"article:modified_time\" content=\"2025-06-08T13:37:33+00:00\" \/>\n<meta property=\"og:image\" content=\"https:\/\/ver-o-peso.com\/pt\/wp-content\/uploads\/2025\/06\/generation-16c92875-f9ec-462a-8377-9f44e924f4bc.png\" \/>\n\t<meta property=\"og:image:width\" content=\"1392\" \/>\n\t<meta property=\"og:image:height\" content=\"752\" \/>\n\t<meta property=\"og:image:type\" content=\"image\/png\" \/>\n<meta name=\"author\" content=\"veropeso2025\" \/>\n<meta name=\"twitter:card\" content=\"summary_large_image\" \/>\n<meta name=\"twitter:label1\" content=\"Escrito por\" \/>\n\t<meta name=\"twitter:data1\" content=\"veropeso2025\" \/>\n\t<meta name=\"twitter:label2\" content=\"Est. tempo de leitura\" \/>\n\t<meta name=\"twitter:data2\" content=\"15 minutos\" \/>\n<script type=\"application\/ld+json\" class=\"yoast-schema-graph\">{\"@context\":\"https:\/\/schema.org\",\"@graph\":[{\"@type\":\"Article\",\"@id\":\"https:\/\/ver-o-peso.com\/pt\/2025\/06\/01\/igarape-miri-o-berco-mundial-do-acai-que-alimenta-o-planeta\/#article\",\"isPartOf\":{\"@id\":\"https:\/\/ver-o-peso.com\/pt\/2025\/06\/01\/igarape-miri-o-berco-mundial-do-acai-que-alimenta-o-planeta\/\"},\"author\":{\"name\":\"veropeso2025\",\"@id\":\"https:\/\/ver-o-peso.com\/pt\/#\/schema\/person\/9e9ad551726c390092238296ec769a06\"},\"headline\":\"Igarap\u00e9-Miri: O Ber\u00e7o Mundial do A\u00e7a\u00ed que Alimenta o Planeta\",\"datePublished\":\"2025-06-01T19:20:31+00:00\",\"dateModified\":\"2025-06-08T13:37:33+00:00\",\"mainEntityOfPage\":{\"@id\":\"https:\/\/ver-o-peso.com\/pt\/2025\/06\/01\/igarape-miri-o-berco-mundial-do-acai-que-alimenta-o-planeta\/\"},\"wordCount\":3056,\"commentCount\":0,\"publisher\":{\"@id\":\"https:\/\/ver-o-peso.com\/pt\/#organization\"},\"image\":{\"@id\":\"https:\/\/ver-o-peso.com\/pt\/2025\/06\/01\/igarape-miri-o-berco-mundial-do-acai-que-alimenta-o-planeta\/#primaryimage\"},\"thumbnailUrl\":\"https:\/\/ver-o-peso.com\/pt\/wp-content\/uploads\/2025\/06\/generation-16c92875-f9ec-462a-8377-9f44e924f4bc.png\",\"keywords\":[\"A\u00e7a\u00ed\",\"Alimenta\u00e7\u00e3o Sustent\u00e1vel\",\"Amaz\u00f4nia\",\"Ber\u00e7o Mundial\",\"Igarap\u00e9-Miri\",\"Paraense\"],\"articleSection\":[\"Amaz\u00f4nia\",\"Culin\u00e1ria\"],\"inLanguage\":\"pt-BR\",\"potentialAction\":[{\"@type\":\"CommentAction\",\"name\":\"Comment\",\"target\":[\"https:\/\/ver-o-peso.com\/pt\/2025\/06\/01\/igarape-miri-o-berco-mundial-do-acai-que-alimenta-o-planeta\/#respond\"]}]},{\"@type\":\"WebPage\",\"@id\":\"https:\/\/ver-o-peso.com\/pt\/2025\/06\/01\/igarape-miri-o-berco-mundial-do-acai-que-alimenta-o-planeta\/\",\"url\":\"https:\/\/ver-o-peso.com\/pt\/2025\/06\/01\/igarape-miri-o-berco-mundial-do-acai-que-alimenta-o-planeta\/\",\"name\":\"Igarap\u00e9-Miri: O Ber\u00e7o Mundial do A\u00e7a\u00ed que Alimenta o Planeta - Ver-o-peso\",\"isPartOf\":{\"@id\":\"https:\/\/ver-o-peso.com\/pt\/#website\"},\"primaryImageOfPage\":{\"@id\":\"https:\/\/ver-o-peso.com\/pt\/2025\/06\/01\/igarape-miri-o-berco-mundial-do-acai-que-alimenta-o-planeta\/#primaryimage\"},\"image\":{\"@id\":\"https:\/\/ver-o-peso.com\/pt\/2025\/06\/01\/igarape-miri-o-berco-mundial-do-acai-que-alimenta-o-planeta\/#primaryimage\"},\"thumbnailUrl\":\"https:\/\/ver-o-peso.com\/pt\/wp-content\/uploads\/2025\/06\/generation-16c92875-f9ec-462a-8377-9f44e924f4bc.png\",\"datePublished\":\"2025-06-01T19:20:31+00:00\",\"dateModified\":\"2025-06-08T13:37:33+00:00\",\"breadcrumb\":{\"@id\":\"https:\/\/ver-o-peso.com\/pt\/2025\/06\/01\/igarape-miri-o-berco-mundial-do-acai-que-alimenta-o-planeta\/#breadcrumb\"},\"inLanguage\":\"pt-BR\",\"potentialAction\":[{\"@type\":\"ReadAction\",\"target\":[\"https:\/\/ver-o-peso.com\/pt\/2025\/06\/01\/igarape-miri-o-berco-mundial-do-acai-que-alimenta-o-planeta\/\"]}]},{\"@type\":\"ImageObject\",\"inLanguage\":\"pt-BR\",\"@id\":\"https:\/\/ver-o-peso.com\/pt\/2025\/06\/01\/igarape-miri-o-berco-mundial-do-acai-que-alimenta-o-planeta\/#primaryimage\",\"url\":\"https:\/\/ver-o-peso.com\/pt\/wp-content\/uploads\/2025\/06\/generation-16c92875-f9ec-462a-8377-9f44e924f4bc.png\",\"contentUrl\":\"https:\/\/ver-o-peso.com\/pt\/wp-content\/uploads\/2025\/06\/generation-16c92875-f9ec-462a-8377-9f44e924f4bc.png\",\"width\":1392,\"height\":752},{\"@type\":\"BreadcrumbList\",\"@id\":\"https:\/\/ver-o-peso.com\/pt\/2025\/06\/01\/igarape-miri-o-berco-mundial-do-acai-que-alimenta-o-planeta\/#breadcrumb\",\"itemListElement\":[{\"@type\":\"ListItem\",\"position\":1,\"name\":\"In\u00edcio\",\"item\":\"https:\/\/ver-o-peso.com\/pt\/\"},{\"@type\":\"ListItem\",\"position\":2,\"name\":\"Igarap\u00e9-Miri: O Ber\u00e7o Mundial do A\u00e7a\u00ed que Alimenta o Planeta\"}]},{\"@type\":\"WebSite\",\"@id\":\"https:\/\/ver-o-peso.com\/pt\/#website\",\"url\":\"https:\/\/ver-o-peso.com\/pt\/\",\"name\":\"Ver-o-peso\",\"description\":\"Aqui tem de tudo da Amaz\u00f4nia\",\"publisher\":{\"@id\":\"https:\/\/ver-o-peso.com\/pt\/#organization\"},\"potentialAction\":[{\"@type\":\"SearchAction\",\"target\":{\"@type\":\"EntryPoint\",\"urlTemplate\":\"https:\/\/ver-o-peso.com\/pt\/?s={search_term_string}\"},\"query-input\":{\"@type\":\"PropertyValueSpecification\",\"valueRequired\":true,\"valueName\":\"search_term_string\"}}],\"inLanguage\":\"pt-BR\"},{\"@type\":\"Organization\",\"@id\":\"https:\/\/ver-o-peso.com\/pt\/#organization\",\"name\":\"Ver-o-peso\",\"url\":\"https:\/\/ver-o-peso.com\/pt\/\",\"logo\":{\"@type\":\"ImageObject\",\"inLanguage\":\"pt-BR\",\"@id\":\"https:\/\/ver-o-peso.com\/pt\/#\/schema\/logo\/image\/\",\"url\":\"https:\/\/ver-o-peso.com\/pt\/wp-content\/uploads\/2025\/05\/Logo-3.png\",\"contentUrl\":\"https:\/\/ver-o-peso.com\/pt\/wp-content\/uploads\/2025\/05\/Logo-3.png\",\"width\":210,\"height\":118,\"caption\":\"Ver-o-peso\"},\"image\":{\"@id\":\"https:\/\/ver-o-peso.com\/pt\/#\/schema\/logo\/image\/\"},\"sameAs\":[\"https:\/\/fecebook.com\/jose.oliveira.913296\",\"https:\/\/instagram.com\/riba.lages\",\"https:\/\/tiktok.com\/veropeso2025\"]},{\"@type\":\"Person\",\"@id\":\"https:\/\/ver-o-peso.com\/pt\/#\/schema\/person\/9e9ad551726c390092238296ec769a06\",\"name\":\"veropeso2025\",\"image\":{\"@type\":\"ImageObject\",\"inLanguage\":\"pt-BR\",\"@id\":\"https:\/\/ver-o-peso.com\/pt\/#\/schema\/person\/image\/\",\"url\":\"https:\/\/secure.gravatar.com\/avatar\/abbae2eadd0ca3e3064b32972a9f07e1ec00361a8e4784de939c3d52c9381ec6?s=96&d=mm&r=g\",\"contentUrl\":\"https:\/\/secure.gravatar.com\/avatar\/abbae2eadd0ca3e3064b32972a9f07e1ec00361a8e4784de939c3d52c9381ec6?s=96&d=mm&r=g\",\"caption\":\"veropeso2025\"},\"sameAs\":[\"https:\/\/ver-o-peso.com\/pt\"],\"url\":\"https:\/\/ver-o-peso.com\/pt\/author\/veropeso2025\/\"}]}<\/script>\n<!-- \/ Yoast SEO Premium plugin. -->","yoast_head_json":{"title":"Igarap\u00e9-Miri: O Ber\u00e7o Mundial do A\u00e7a\u00ed que Alimenta o Planeta - Ver-o-peso","robots":{"index":"index","follow":"follow","max-snippet":"max-snippet:-1","max-image-preview":"max-image-preview:large","max-video-preview":"max-video-preview:-1"},"canonical":"https:\/\/ver-o-peso.com\/pt\/2025\/06\/01\/igarape-miri-o-berco-mundial-do-acai-que-alimenta-o-planeta\/","og_locale":"pt_BR","og_type":"article","og_title":"Igarap\u00e9-Miri: O Ber\u00e7o Mundial do A\u00e7a\u00ed que Alimenta o Planeta","og_description":"Igarap\u00e9-Miri est\u00e1 no cora\u00e7\u00e3o da Amaz\u00f4nia. \u00c9 o centro mundial da produ\u00e7\u00e3o de a\u00e7a\u00ed. Este lugar paraense \u00e9 famoso por transformar o a\u00e7a\u00ed em um grande neg\u00f3cio e cultura global. O IBGE reconhece Igarap\u00e9-Miri como um munic\u00edpio especial. Ele \u00e9 o santu\u00e1rio do a\u00e7a\u00ed. Sua grande produ\u00e7\u00e3o faz dele um ponto importante para o mundo, &hellip; Continuar lendo Igarap\u00e9-Miri: O Ber\u00e7o Mundial do A\u00e7a\u00ed que Alimenta o Planeta","og_url":"https:\/\/ver-o-peso.com\/pt\/2025\/06\/01\/igarape-miri-o-berco-mundial-do-acai-que-alimenta-o-planeta\/","og_site_name":"Ver-o-peso","article_publisher":"https:\/\/fecebook.com\/jose.oliveira.913296","article_published_time":"2025-06-01T19:20:31+00:00","article_modified_time":"2025-06-08T13:37:33+00:00","og_image":[{"width":1392,"height":752,"url":"https:\/\/ver-o-peso.com\/pt\/wp-content\/uploads\/2025\/06\/generation-16c92875-f9ec-462a-8377-9f44e924f4bc.png","type":"image\/png"}],"author":"veropeso2025","twitter_card":"summary_large_image","twitter_misc":{"Escrito por":"veropeso2025","Est. tempo de leitura":"15 minutos"},"schema":{"@context":"https:\/\/schema.org","@graph":[{"@type":"Article","@id":"https:\/\/ver-o-peso.com\/pt\/2025\/06\/01\/igarape-miri-o-berco-mundial-do-acai-que-alimenta-o-planeta\/#article","isPartOf":{"@id":"https:\/\/ver-o-peso.com\/pt\/2025\/06\/01\/igarape-miri-o-berco-mundial-do-acai-que-alimenta-o-planeta\/"},"author":{"name":"veropeso2025","@id":"https:\/\/ver-o-peso.com\/pt\/#\/schema\/person\/9e9ad551726c390092238296ec769a06"},"headline":"Igarap\u00e9-Miri: O Ber\u00e7o Mundial do A\u00e7a\u00ed que Alimenta o Planeta","datePublished":"2025-06-01T19:20:31+00:00","dateModified":"2025-06-08T13:37:33+00:00","mainEntityOfPage":{"@id":"https:\/\/ver-o-peso.com\/pt\/2025\/06\/01\/igarape-miri-o-berco-mundial-do-acai-que-alimenta-o-planeta\/"},"wordCount":3056,"commentCount":0,"publisher":{"@id":"https:\/\/ver-o-peso.com\/pt\/#organization"},"image":{"@id":"https:\/\/ver-o-peso.com\/pt\/2025\/06\/01\/igarape-miri-o-berco-mundial-do-acai-que-alimenta-o-planeta\/#primaryimage"},"thumbnailUrl":"https:\/\/ver-o-peso.com\/pt\/wp-content\/uploads\/2025\/06\/generation-16c92875-f9ec-462a-8377-9f44e924f4bc.png","keywords":["A\u00e7a\u00ed","Alimenta\u00e7\u00e3o Sustent\u00e1vel","Amaz\u00f4nia","Ber\u00e7o Mundial","Igarap\u00e9-Miri","Paraense"],"articleSection":["Amaz\u00f4nia","Culin\u00e1ria"],"inLanguage":"pt-BR","potentialAction":[{"@type":"CommentAction","name":"Comment","target":["https:\/\/ver-o-peso.com\/pt\/2025\/06\/01\/igarape-miri-o-berco-mundial-do-acai-que-alimenta-o-planeta\/#respond"]}]},{"@type":"WebPage","@id":"https:\/\/ver-o-peso.com\/pt\/2025\/06\/01\/igarape-miri-o-berco-mundial-do-acai-que-alimenta-o-planeta\/","url":"https:\/\/ver-o-peso.com\/pt\/2025\/06\/01\/igarape-miri-o-berco-mundial-do-acai-que-alimenta-o-planeta\/","name":"Igarap\u00e9-Miri: O Ber\u00e7o Mundial do A\u00e7a\u00ed que Alimenta o Planeta - Ver-o-peso","isPartOf":{"@id":"https:\/\/ver-o-peso.com\/pt\/#website"},"primaryImageOfPage":{"@id":"https:\/\/ver-o-peso.com\/pt\/2025\/06\/01\/igarape-miri-o-berco-mundial-do-acai-que-alimenta-o-planeta\/#primaryimage"},"image":{"@id":"https:\/\/ver-o-peso.com\/pt\/2025\/06\/01\/igarape-miri-o-berco-mundial-do-acai-que-alimenta-o-planeta\/#primaryimage"},"thumbnailUrl":"https:\/\/ver-o-peso.com\/pt\/wp-content\/uploads\/2025\/06\/generation-16c92875-f9ec-462a-8377-9f44e924f4bc.png","datePublished":"2025-06-01T19:20:31+00:00","dateModified":"2025-06-08T13:37:33+00:00","breadcrumb":{"@id":"https:\/\/ver-o-peso.com\/pt\/2025\/06\/01\/igarape-miri-o-berco-mundial-do-acai-que-alimenta-o-planeta\/#breadcrumb"},"inLanguage":"pt-BR","potentialAction":[{"@type":"ReadAction","target":["https:\/\/ver-o-peso.com\/pt\/2025\/06\/01\/igarape-miri-o-berco-mundial-do-acai-que-alimenta-o-planeta\/"]}]},{"@type":"ImageObject","inLanguage":"pt-BR","@id":"https:\/\/ver-o-peso.com\/pt\/2025\/06\/01\/igarape-miri-o-berco-mundial-do-acai-que-alimenta-o-planeta\/#primaryimage","url":"https:\/\/ver-o-peso.com\/pt\/wp-content\/uploads\/2025\/06\/generation-16c92875-f9ec-462a-8377-9f44e924f4bc.png","contentUrl":"https:\/\/ver-o-peso.com\/pt\/wp-content\/uploads\/2025\/06\/generation-16c92875-f9ec-462a-8377-9f44e924f4bc.png","width":1392,"height":752},{"@type":"BreadcrumbList","@id":"https:\/\/ver-o-peso.com\/pt\/2025\/06\/01\/igarape-miri-o-berco-mundial-do-acai-que-alimenta-o-planeta\/#breadcrumb","itemListElement":[{"@type":"ListItem","position":1,"name":"In\u00edcio","item":"https:\/\/ver-o-peso.com\/pt\/"},{"@type":"ListItem","position":2,"name":"Igarap\u00e9-Miri: O Ber\u00e7o Mundial do A\u00e7a\u00ed que Alimenta o Planeta"}]},{"@type":"WebSite","@id":"https:\/\/ver-o-peso.com\/pt\/#website","url":"https:\/\/ver-o-peso.com\/pt\/","name":"Ver-o-peso","description":"Aqui tem de tudo da Amaz\u00f4nia","publisher":{"@id":"https:\/\/ver-o-peso.com\/pt\/#organization"},"potentialAction":[{"@type":"SearchAction","target":{"@type":"EntryPoint","urlTemplate":"https:\/\/ver-o-peso.com\/pt\/?s={search_term_string}"},"query-input":{"@type":"PropertyValueSpecification","valueRequired":true,"valueName":"search_term_string"}}],"inLanguage":"pt-BR"},{"@type":"Organization","@id":"https:\/\/ver-o-peso.com\/pt\/#organization","name":"Ver-o-peso","url":"https:\/\/ver-o-peso.com\/pt\/","logo":{"@type":"ImageObject","inLanguage":"pt-BR","@id":"https:\/\/ver-o-peso.com\/pt\/#\/schema\/logo\/image\/","url":"https:\/\/ver-o-peso.com\/pt\/wp-content\/uploads\/2025\/05\/Logo-3.png","contentUrl":"https:\/\/ver-o-peso.com\/pt\/wp-content\/uploads\/2025\/05\/Logo-3.png","width":210,"height":118,"caption":"Ver-o-peso"},"image":{"@id":"https:\/\/ver-o-peso.com\/pt\/#\/schema\/logo\/image\/"},"sameAs":["https:\/\/fecebook.com\/jose.oliveira.913296","https:\/\/instagram.com\/riba.lages","https:\/\/tiktok.com\/veropeso2025"]},{"@type":"Person","@id":"https:\/\/ver-o-peso.com\/pt\/#\/schema\/person\/9e9ad551726c390092238296ec769a06","name":"veropeso2025","image":{"@type":"ImageObject","inLanguage":"pt-BR","@id":"https:\/\/ver-o-peso.com\/pt\/#\/schema\/person\/image\/","url":"https:\/\/secure.gravatar.com\/avatar\/abbae2eadd0ca3e3064b32972a9f07e1ec00361a8e4784de939c3d52c9381ec6?s=96&d=mm&r=g","contentUrl":"https:\/\/secure.gravatar.com\/avatar\/abbae2eadd0ca3e3064b32972a9f07e1ec00361a8e4784de939c3d52c9381ec6?s=96&d=mm&r=g","caption":"veropeso2025"},"sameAs":["https:\/\/ver-o-peso.com\/pt"],"url":"https:\/\/ver-o-peso.com\/pt\/author\/veropeso2025\/"}]}},"_links":{"self":[{"href":"https:\/\/ver-o-peso.com\/pt\/wp-json\/wp\/v2\/posts\/2591","targetHints":{"allow":["GET"]}}],"collection":[{"href":"https:\/\/ver-o-peso.com\/pt\/wp-json\/wp\/v2\/posts"}],"about":[{"href":"https:\/\/ver-o-peso.com\/pt\/wp-json\/wp\/v2\/types\/post"}],"author":[{"embeddable":true,"href":"https:\/\/ver-o-peso.com\/pt\/wp-json\/wp\/v2\/users\/1"}],"replies":[{"embeddable":true,"href":"https:\/\/ver-o-peso.com\/pt\/wp-json\/wp\/v2\/comments?post=2591"}],"version-history":[{"count":6,"href":"https:\/\/ver-o-peso.com\/pt\/wp-json\/wp\/v2\/posts\/2591\/revisions"}],"predecessor-version":[{"id":2678,"href":"https:\/\/ver-o-peso.com\/pt\/wp-json\/wp\/v2\/posts\/2591\/revisions\/2678"}],"wp:featuredmedia":[{"embeddable":true,"href":"https:\/\/ver-o-peso.com\/pt\/wp-json\/wp\/v2\/media\/2673"}],"wp:attachment":[{"href":"https:\/\/ver-o-peso.com\/pt\/wp-json\/wp\/v2\/media?parent=2591"}],"wp:term":[{"taxonomy":"category","embeddable":true,"href":"https:\/\/ver-o-peso.com\/pt\/wp-json\/wp\/v2\/categories?post=2591"},{"taxonomy":"post_tag","embeddable":true,"href":"https:\/\/ver-o-peso.com\/pt\/wp-json\/wp\/v2\/tags?post=2591"}],"curies":[{"name":"wp","href":"https:\/\/api.w.org\/{rel}","templated":true}]}}