{"id":2729,"date":"2025-06-14T12:19:46","date_gmt":"2025-06-14T15:19:46","guid":{"rendered":"https:\/\/ver-o-peso.com\/pt\/?p=2729"},"modified":"2025-06-16T12:26:06","modified_gmt":"2025-06-16T15:26:06","slug":"artesanato-comunidades-amazonicas-tradicao-identidade-e-sustentabilidade","status":"publish","type":"post","link":"https:\/\/ver-o-peso.com\/pt\/2025\/06\/14\/artesanato-comunidades-amazonicas-tradicao-identidade-e-sustentabilidade\/","title":{"rendered":"Artesanato Comunidades Amaz\u00f4nicas: Tradi\u00e7\u00e3o, Identidade e Sustentabilidade"},"content":{"rendered":"<div class=\"styled-container\">\n<section id=\"introducao\">\n<p class=\"ai-optimize-6 ai-optimize-introduction\">A floresta amaz\u00f4nica n\u00e3o \u00e9 apenas um tesouro de biodiversidade, mas tamb\u00e9m o ber\u00e7o de uma rica tradi\u00e7\u00e3o artesanal que atravessa gera\u00e7\u00f5es. Nas m\u00e3os habilidosas dos artes\u00e3os das comunidades amaz\u00f4nicas, recursos naturais se transformam em obras de arte que contam hist\u00f3rias, preservam culturas ancestrais e geram sustento para milhares de fam\u00edlias. Este artesanato representa muito mais que objetos decorativos \u2013 \u00e9 a express\u00e3o viva de saberes tradicionais e um importante pilar econ\u00f4mico para comunidades muitas vezes isoladas.<\/p>\n<\/section>\n<section id=\"importancia-cultural\">\n<div class=\"img-container\">\n<p class=\"img-caption ai-optimize-7\">Artes\u00e3 trabalhando com fibras naturais em comunidade ribeirinha do Amazonas<\/p>\n<\/div>\n<h2 class=\"ai-optimize-8\">A Import\u00e2ncia Cultural do Artesanato para as Comunidades Amaz\u00f4nicas<\/h2>\n<p class=\"ai-optimize-9\">O artesanato nas comunidades amaz\u00f4nicas representa um elo vital entre passado e presente, mantendo vivas tradi\u00e7\u00f5es que remontam a tempos ancestrais. Cada pe\u00e7a produzida carrega consigo n\u00e3o apenas a beleza est\u00e9tica, mas tamb\u00e9m simbolismos, cren\u00e7as e a identidade cultural dos povos da floresta.<\/p>\n<h3 class=\"ai-optimize-10\">Preserva\u00e7\u00e3o de Saberes Ancestrais<\/h3>\n<p class=\"ai-optimize-11\">As t\u00e9cnicas artesanais s\u00e3o transmitidas de gera\u00e7\u00e3o em gera\u00e7\u00e3o, geralmente de forma oral e pr\u00e1tica. Mestres artes\u00e3os ensinam aos mais jovens os segredos da coleta sustent\u00e1vel de mat\u00e9rias-primas, o preparo das fibras, tingimentos naturais e os padr\u00f5es tradicionais de cada comunidade.<\/p>\n<div class=\"img-container\"><img loading=\"lazy\" decoding=\"async\" class=\"aligncenter size-large wp-image-2731\" title=\"Idoso ensinando jovem aprendiz t\u00e9cnicas de tran\u00e7ado com fibras de arum\u00e3, representando a transmiss\u00e3o de conhecimentos do artesanato comunidades amaz\u00f4nicas\" src=\"https:\/\/ver-o-peso.com\/pt\/wp-content\/uploads\/2025\/06\/Idoso-ensinando-jovem-aprendiz-tecnicas-de-trancado-com-fibras-de-aruma-representando-a-1024x1024.jpeg\" alt=\"Idoso ensinando jovem aprendiz t\u00e9cnicas de tran\u00e7ado com fibras de arum\u00e3, representando a transmiss\u00e3o de conhecimentos do artesanato comunidades amaz\u00f4nicas\" width=\"660\" height=\"660\" \/><\/p>\n<p class=\"img-caption ai-optimize-12\">Transmiss\u00e3o de conhecimentos entre gera\u00e7\u00f5es: mestre artes\u00e3o ensina t\u00e9cnicas de tran\u00e7ado<\/p>\n<\/div>\n<p class=\"ai-optimize-13\">Essa transmiss\u00e3o de conhecimentos vai muito al\u00e9m da t\u00e9cnica \u2013 inclui hist\u00f3rias, mitos, can\u00e7\u00f5es e rituais associados \u00e0 produ\u00e7\u00e3o artesanal. Quando um jovem aprende a criar uma pe\u00e7a de cer\u00e2mica marajoara ou a tecer um cesto com fibras de arum\u00e3, ele tamb\u00e9m absorve valores culturais e fortalece sua conex\u00e3o com a identidade de seu povo.<\/p>\n<div class=\"cta-block\">\n<h3 class=\"cta-block-title ai-optimize-14\">Descubra a Riqueza Cultural Amaz\u00f4nica<\/h3>\n<p class=\"cta-block-text ai-optimize-15\">Quer conhecer mais sobre as tradi\u00e7\u00f5es artesanais da Amaz\u00f4nia? Acesse o acervo digital do Museu do \u00cdndio e explore a diversidade cultural dos povos origin\u00e1rios.<\/p>\n<p class=\"ai-optimize-16\"><a class=\"cta-btn\" href=\"http:\/\/www.museudoindio.gov.br\" target=\"_blank\" rel=\"noopener\">Explorar Acervo Digital<\/a><\/p>\n<\/div>\n<h3 class=\"ai-optimize-17\">Express\u00e3o de Identidade e Pertencimento<\/h3>\n<p class=\"ai-optimize-18\">O artesanato funciona como um marcador de identidade para as comunidades amaz\u00f4nicas. Os padr\u00f5es, cores e t\u00e9cnicas variam entre diferentes grupos \u00e9tnicos e regi\u00f5es, criando uma rica diversidade visual que reflete a pluralidade cultural da Amaz\u00f4nia.<\/p>\n<p class=\"ai-optimize-19\">Para muitas comunidades ind\u00edgenas e ribeirinhas, a produ\u00e7\u00e3o artesanal representa uma forma de resist\u00eancia cultural em um mundo globalizado. Ao manter vivas suas tradi\u00e7\u00f5es artesanais, esses povos reafirmam sua exist\u00eancia, seus direitos territoriais e seu modo de vida \u00fanico.<\/p>\n<\/section>\n<section id=\"impacto-economico\">\n<h2 class=\"ai-optimize-20\">O Impacto Econ\u00f4mico do Artesanato nas Comunidades Amaz\u00f4nicas<\/h2>\n<p class=\"ai-optimize-21\">Al\u00e9m de seu valor cultural inestim\u00e1vel, o artesanato representa uma importante fonte de renda para milhares de fam\u00edlias na regi\u00e3o amaz\u00f4nica. Em comunidades muitas vezes distantes dos centros urbanos e com poucas oportunidades de emprego formal, a produ\u00e7\u00e3o artesanal surge como alternativa econ\u00f4mica sustent\u00e1vel.<\/p>\n<div class=\"img-container\"><img loading=\"lazy\" decoding=\"async\" class=\"aligncenter size-large wp-image-2732\" title=\"Feira de artesanato em Manaus com diversos produtos das comunidades amaz\u00f4nicas expostos, mostrando a comercializa\u00e7\u00e3o do artesanato comunidades amaz\u00f4nicas\" src=\"https:\/\/ver-o-peso.com\/pt\/wp-content\/uploads\/2025\/06\/Feira-de-artesanato-em-Manaus-com-diversos-produtos-das-comunidades-amazonicas-expostos-1024x1024.jpeg\" alt=\"Feira de artesanato em Manaus com diversos produtos das comunidades amaz\u00f4nicas expostos, mostrando a comercializa\u00e7\u00e3o do artesanato comunidades amaz\u00f4nicas\" width=\"660\" height=\"660\" \/><\/p>\n<p class=\"img-caption ai-optimize-22\">Feira de artesanato em Manaus: vitrine para produtos das comunidades amaz\u00f4nicas<\/p>\n<\/div>\n<h3 class=\"ai-optimize-23\">Gera\u00e7\u00e3o de Renda e Autonomia Econ\u00f4mica<\/h3>\n<p class=\"ai-optimize-24\">Segundo dados da Carteira Nacional do Artes\u00e3o, s\u00f3 no estado do Amazonas existem mais de 6.250 artes\u00e3os cadastrados, n\u00famero que n\u00e3o inclui muitos produtores informais em comunidades remotas. Para muitas fam\u00edlias, especialmente aquelas lideradas por mulheres, o artesanato representa a principal fonte de renda.<\/p>\n<p class=\"ai-optimize-25\">A comercializa\u00e7\u00e3o de produtos artesanais permite que as comunidades obtenham recursos financeiros sem necessariamente abandonar seu territ\u00f3rio ou seu modo de vida tradicional. Isso contribui para a perman\u00eancia das popula\u00e7\u00f5es em suas \u00e1reas de origem, reduzindo o \u00eaxodo para centros urbanos.<\/p>\n<div class=\"two-columns\">\n<div class=\"card\">\n<div class=\"card-content\">\n<h4 class=\"ai-optimize-26\">Benef\u00edcios Econ\u00f4micos do Artesanato<\/h4>\n<ul class=\"custom-list\">\n<li class=\"ai-optimize-27\">Gera\u00e7\u00e3o de renda em \u00e1reas remotas<\/li>\n<li class=\"ai-optimize-28\">Valoriza\u00e7\u00e3o do trabalho feminino<\/li>\n<li class=\"ai-optimize-29\">Redu\u00e7\u00e3o da depend\u00eancia de atividades extrativistas predat\u00f3rias<\/li>\n<li class=\"ai-optimize-30\">Fortalecimento da economia local<\/li>\n<li class=\"ai-optimize-31\">Atra\u00e7\u00e3o de turismo cultural<\/li>\n<\/ul>\n<\/div>\n<\/div>\n<div class=\"card\">\n<div class=\"card-content\">\n<h4 class=\"ai-optimize-32\">Desafios para os Artes\u00e3os<\/h4>\n<ul class=\"custom-list\">\n<li class=\"ai-optimize-33\">Dificuldades log\u00edsticas para escoamento da produ\u00e7\u00e3o<\/li>\n<li class=\"ai-optimize-34\">Acesso limitado a mercados consumidores<\/li>\n<li class=\"ai-optimize-35\">Concorr\u00eancia com produtos industrializados<\/li>\n<li class=\"ai-optimize-36\">Desvaloriza\u00e7\u00e3o comercial do trabalho manual<\/li>\n<li class=\"ai-optimize-37\">Falta de pol\u00edticas p\u00fablicas espec\u00edficas<\/li>\n<\/ul>\n<\/div>\n<\/div>\n<\/div>\n<h3 class=\"ai-optimize-38\">Desafios de Comercializa\u00e7\u00e3o<\/h3>\n<p class=\"ai-optimize-39\">Apesar de seu potencial econ\u00f4mico, os artes\u00e3os amaz\u00f4nicos enfrentam diversos obst\u00e1culos para comercializar seus produtos. A dist\u00e2ncia dos grandes centros consumidores, as dificuldades log\u00edsticas e a falta de acesso a tecnologias digitais limitam o alcance de mercado dessas comunidades.<\/p>\n<p class=\"ai-optimize-40\">Muitos artes\u00e3os dependem de intermedi\u00e1rios para vender suas pe\u00e7as, o que frequentemente resulta em baixa remunera\u00e7\u00e3o pelo trabalho realizado. A valoriza\u00e7\u00e3o justa do artesanato amaz\u00f4nico permanece um desafio, especialmente quando consumidores urbanos desconhecem o processo artesanal e o significado cultural por tr\u00e1s de cada pe\u00e7a.<\/p>\n<div class=\"img-container\"><img loading=\"lazy\" decoding=\"async\" class=\"aligncenter size-large wp-image-2733\" title=\"Artes\u00e3os preparando produtos para envio a centros urbanos, ilustrando os desafios log\u00edsticos enfrentados pelo artesanato comunidades amaz\u00f4nicas\" src=\"https:\/\/ver-o-peso.com\/pt\/wp-content\/uploads\/2025\/06\/Artesaos-preparando-produtos-para-envio-a-centros-urbanos-ilustrando-os-desafios-logisticos-1024x1024.jpeg\" alt=\"Artes\u00e3os preparando produtos para envio a centros urbanos, ilustrando os desafios log\u00edsticos enfrentados pelo artesanato comunidades amaz\u00f4nicas\" width=\"660\" height=\"660\" \/><\/p>\n<p class=\"img-caption ai-optimize-41\">Artes\u00e3os preparando produtos para envio a centros urbanos: desafios log\u00edsticos<\/p>\n<\/div>\n<div class=\"cta-block\">\n<h3 class=\"cta-block-title ai-optimize-42\">Apoie o Artesanato Amaz\u00f4nico<\/h3>\n<p class=\"cta-block-text ai-optimize-43\">Conhe\u00e7a a Rede de Artesanato Sustent\u00e1vel da Amaz\u00f4nia (RASA), iniciativa que conecta artes\u00e3os diretamente com consumidores, garantindo com\u00e9rcio justo e valoriza\u00e7\u00e3o cultural.<\/p>\n<p class=\"ai-optimize-44\"><a class=\"cta-btn\" href=\"https:\/\/www.artesol.org.br\/rede\" target=\"_blank\" rel=\"noopener\">Conhecer a RASA<\/a><\/p>\n<\/div>\n<\/section>\n<section id=\"tecnicas-artesanais\">\n<h2 class=\"ai-optimize-45\">T\u00e9cnicas Artesanais T\u00edpicas da Amaz\u00f4nia<\/h2>\n<p class=\"ai-optimize-46\">A diversidade de mat\u00e9rias-primas dispon\u00edveis na floresta amaz\u00f4nica, combinada com a riqueza cultural dos povos que ali habitam, resultou no desenvolvimento de t\u00e9cnicas artesanais \u00fanicas. Cada regi\u00e3o e comunidade possui suas especialidades, criando um mosaico de express\u00f5es art\u00edsticas que refletem a biodiversidade local.<\/p>\n<h3 class=\"ai-optimize-47\">Cer\u00e2mica Marajoara<\/h3>\n<div class=\"img-container\"><img loading=\"lazy\" decoding=\"async\" class=\"aligncenter size-large wp-image-2734\" title=\"Pe\u00e7a de cer\u00e2mica marajoara com padr\u00f5es geom\u00e9tricos tradicionais, exemplo ic\u00f4nico do artesanato comunidades amaz\u00f4nicas\" src=\"https:\/\/ver-o-peso.com\/pt\/wp-content\/uploads\/2025\/06\/Peca-de-ceramica-marajoara-com-padroes-geometricos-tradicionais-exemplo-iconico-do-artesanato--1024x1024.jpeg\" alt=\"Pe\u00e7a de cer\u00e2mica marajoara com padr\u00f5es geom\u00e9tricos tradicionais, exemplo ic\u00f4nico do artesanato comunidades amaz\u00f4nicas\" width=\"660\" height=\"660\" \/><\/p>\n<p class=\"img-caption ai-optimize-48\">Cer\u00e2mica marajoara: t\u00e9cnica ancestral com padr\u00f5es geom\u00e9tricos complexos<\/p>\n<\/div>\n<p class=\"ai-optimize-49\">Origin\u00e1ria da Ilha de Maraj\u00f3, no Par\u00e1, esta t\u00e9cnica cer\u00e2mica remonta a mais de 1.000 anos. Caracteriza-se por pe\u00e7as decoradas com padr\u00f5es geom\u00e9tricos complexos, geralmente em vermelho, preto e branco. Os artes\u00e3os utilizam t\u00e9cnicas ancestrais para modelar, polir e decorar as pe\u00e7as, que incluem urnas, vasos e estatuetas zoomorfas.<\/p>\n<p class=\"ai-optimize-50\">A cer\u00e2mica marajoara \u00e9 reconhecida internacionalmente por sua sofistica\u00e7\u00e3o est\u00e9tica e t\u00e9cnica, sendo considerada uma das mais importantes express\u00f5es da arte pr\u00e9-colombiana na Am\u00e9rica do Sul. Hoje, artes\u00e3os contempor\u00e2neos mant\u00eam viva essa tradi\u00e7\u00e3o, adaptando-a para criar pe\u00e7as decorativas e utilit\u00e1rias.<\/p>\n<h3 class=\"ai-optimize-51\">Tran\u00e7ado com Fibras Naturais<\/h3>\n<div class=\"img-container\"><img loading=\"lazy\" decoding=\"async\" class=\"aligncenter size-large wp-image-2735\" title=\"Artes\u00e3o trabalhando no tran\u00e7ado de fibras de arum\u00e3 para criar cestos e objetos decorativos, t\u00e9cnica tradicional do artesanato comunidades amaz\u00f4nicas\" src=\"https:\/\/ver-o-peso.com\/pt\/wp-content\/uploads\/2025\/06\/Artesao-trabalhando-no-trancado-de-fibras-de-aruma-para-criar-cestos-e-objetos-decorativos-1024x1024.jpeg\" alt=\"Artes\u00e3o trabalhando no tran\u00e7ado de fibras de arum\u00e3 para criar cestos e objetos decorativos, t\u00e9cnica tradicional do artesanato comunidades amaz\u00f4nicas\" width=\"660\" height=\"660\" \/><\/p>\n<p class=\"img-caption ai-optimize-52\">Tran\u00e7ado com fibras de arum\u00e3: t\u00e9cnica que exige precis\u00e3o e conhecimento ancestral<\/p>\n<\/div>\n<p class=\"ai-optimize-53\">O tran\u00e7ado com fibras naturais \u00e9 uma das t\u00e9cnicas mais difundidas entre as comunidades amaz\u00f4nicas. Utilizando materiais como arum\u00e3, tucum\u00e3, cip\u00f3-amb\u00e9 e palha de buriti, os artes\u00e3os criam cestos, esteiras (tup\u00e9s), bolsas, chap\u00e9us e objetos decorativos.<\/p>\n<p class=\"ai-optimize-54\">Como exemplificado pela Associa\u00e7\u00e3o de Artes\u00e3os de Novo Air\u00e3o, no Amazonas, o processo \u00e9 complexo e envolve v\u00e1rias etapas: coleta sustent\u00e1vel das fibras, prepara\u00e7\u00e3o (lavagem, raspagem, secagem), tingimento com corantes naturais e o tran\u00e7ado propriamente dito, que pode seguir dezenas de padr\u00f5es diferentes.<\/p>\n<h3 class=\"ai-optimize-55\">Esculturas em Madeira<\/h3>\n<div class=\"img-container\"><img loading=\"lazy\" decoding=\"async\" class=\"aligncenter size-large wp-image-2736\" title=\"Escultura em madeira representando animais da fauna amaz\u00f4nica, demonstrando a habilidade dos artes\u00e3os das comunidades amaz\u00f4nicas\" src=\"https:\/\/ver-o-peso.com\/pt\/wp-content\/uploads\/2025\/06\/Escultura-em-madeira-representando-animais-da-fauna-amazonica-demonstrando-a-habilidade-dos-1024x1024.jpeg\" alt=\"Escultura em madeira representando animais da fauna amaz\u00f4nica, demonstrando a habilidade dos artes\u00e3os das comunidades amaz\u00f4nicas\" width=\"660\" height=\"660\" \/><\/p>\n<p class=\"img-caption ai-optimize-56\">Escultura em madeira representando a fauna amaz\u00f4nica: tradi\u00e7\u00e3o da fam\u00edlia Alc\u00e2ntara<\/p>\n<\/div>\n<p class=\"ai-optimize-57\">A escultura em madeira \u00e9 outra express\u00e3o marcante do artesanato amaz\u00f4nico. Artes\u00e3os como C\u00e9lio Arago e a fam\u00edlia Alc\u00e2ntara, mencionados no site do SEBRAE, utilizam madeiras de reaproveitamento para criar representa\u00e7\u00f5es de animais da fauna local, como botos, arraias, peixes-boi e on\u00e7as.<\/p>\n<p class=\"ai-optimize-58\">Esta t\u00e9cnica exige grande habilidade manual e conhecimento profundo da anatomia dos animais representados. Muitos escultores aprendem o of\u00edcio ainda na inf\u00e2ncia, como J. Alc\u00e2ntara, que come\u00e7ou a trabalhar com madeira entre 6 e 10 anos de idade.<\/p>\n<h3 class=\"ai-optimize-59\">Biojoias e Adornos<\/h3>\n<div class=\"img-container\"><img loading=\"lazy\" decoding=\"async\" class=\"aligncenter size-large wp-image-2737\" title=\"Biojoias criadas com sementes, fibras e outros materiais naturais da Amaz\u00f4nia, exemplo da criatividade do artesanato comunidades amaz\u00f4nicas\" src=\"https:\/\/ver-o-peso.com\/pt\/wp-content\/uploads\/2025\/06\/Biojoias-criadas-com-sementes-fibras-e-outros-materiais-naturais-da-Amazonia-exemplo-da-1024x1024.jpeg\" alt=\"Biojoias criadas com sementes, fibras e outros materiais naturais da Amaz\u00f4nia, exemplo da criatividade do artesanato comunidades amaz\u00f4nicas\" width=\"660\" height=\"660\" \/><\/p>\n<p class=\"img-caption ai-optimize-60\">Biojoias criadas com sementes e materiais naturais da floresta amaz\u00f4nica<\/p>\n<\/div>\n<p class=\"ai-optimize-61\">As biojoias representam uma tend\u00eancia crescente no artesanato amaz\u00f4nico contempor\u00e2neo. Utilizando sementes como a\u00e7a\u00ed, jarina, paxi\u00faba e tucum\u00e3, combinadas com fibras naturais e, por vezes, metais, os artes\u00e3os criam colares, brincos, pulseiras e outros adornos.<\/p>\n<p class=\"ai-optimize-62\">Esta t\u00e9cnica une tradi\u00e7\u00e3o e inova\u00e7\u00e3o, resultando em pe\u00e7as que atraem consumidores preocupados com sustentabilidade e valoriza\u00e7\u00e3o cultural. As biojoias tamb\u00e9m representam uma alternativa econ\u00f4mica importante para comunidades que buscam agregar valor aos recursos florestais n\u00e3o-madeireiros.<\/p>\n<\/section>\n<section id=\"iniciativas-valorizacao\">\n<h2 class=\"ai-optimize-63\">Iniciativas de Valoriza\u00e7\u00e3o do Artesanato Amaz\u00f4nico<\/h2>\n<p class=\"ai-optimize-64\">Diante dos desafios enfrentados pelos artes\u00e3os amaz\u00f4nicos, diversas iniciativas t\u00eam surgido para valorizar, preservar e promover o artesanato tradicional da regi\u00e3o. Estas a\u00e7\u00f5es envolvem tanto o poder p\u00fablico quanto organiza\u00e7\u00f5es da sociedade civil e o setor privado.<\/p>\n<div class=\"img-container\"><img loading=\"lazy\" decoding=\"async\" class=\"aligncenter size-large wp-image-2738\" title=\"Exposi\u00e7\u00e3o de artesanato amaz\u00f4nico em feira internacional, mostrando iniciativas de valoriza\u00e7\u00e3o do artesanato comunidades amaz\u00f4nicas\" src=\"https:\/\/ver-o-peso.com\/pt\/wp-content\/uploads\/2025\/06\/Exposicao-de-artesanato-amazonico-em-feira-internacional-mostrando-iniciativas-de-valorizacao--1024x1024.jpeg\" alt=\"Exposi\u00e7\u00e3o de artesanato amaz\u00f4nico em feira internacional, mostrando iniciativas de valoriza\u00e7\u00e3o do artesanato comunidades amaz\u00f4nicas\" width=\"660\" height=\"660\" \/><\/p>\n<p class=\"img-caption ai-optimize-65\">Exposi\u00e7\u00e3o &#8220;Trama Cano\u00ea&#8221; no evento Inova Amaz\u00f4nia: vitrine internacional para o artesanato regional<\/p>\n<\/div>\n<h3 class=\"ai-optimize-66\">Feiras e Eventos Culturais<\/h3>\n<p class=\"ai-optimize-67\">Feiras como o Inova Amaz\u00f4nia, que incluiu a exposi\u00e7\u00e3o &#8220;Trama Cano\u00ea&#8221; mencionada no site do SEBRAE, oferecem vitrine importante para o artesanato regional. Estes eventos aproximam artes\u00e3os e consumidores, eliminando intermedi\u00e1rios e permitindo que os criadores contem suas hist\u00f3rias e expliquem o significado cultural de suas pe\u00e7as.<\/p>\n<p class=\"ai-optimize-68\">Al\u00e9m das feiras locais, o artesanato amaz\u00f4nico tem ganhado espa\u00e7o em eventos nacionais e internacionais dedicados \u00e0 economia criativa, design sustent\u00e1vel e moda \u00e9tica. Esta exposi\u00e7\u00e3o amplia o mercado potencial e contribui para a valoriza\u00e7\u00e3o econ\u00f4mica e simb\u00f3lica das pe\u00e7as.<\/p>\n<h3 class=\"ai-optimize-69\">Capacita\u00e7\u00e3o e Apoio T\u00e9cnico<\/h3>\n<div class=\"img-container\"><img loading=\"lazy\" decoding=\"async\" class=\"aligncenter size-large wp-image-2739\" title=\"Workshop de capacita\u00e7\u00e3o para artes\u00e3os amaz\u00f4nicos sobre t\u00e9cnicas de precifica\u00e7\u00e3o e comercializa\u00e7\u00e3o, parte das iniciativas de apoio ao artesanato comunidades amaz\u00f4nicas\" src=\"https:\/\/ver-o-peso.com\/pt\/wp-content\/uploads\/2025\/06\/Workshop-de-capacitacao-para-artesaos-amazonicos-sobre-tecnicas-de-precificacao-e-1024x1024.jpeg\" alt=\"Workshop de capacita\u00e7\u00e3o para artes\u00e3os amaz\u00f4nicos sobre t\u00e9cnicas de precifica\u00e7\u00e3o e comercializa\u00e7\u00e3o, parte das iniciativas de apoio ao artesanato comunidades amaz\u00f4nicas\" width=\"660\" height=\"660\" \/><\/p>\n<p class=\"img-caption ai-optimize-70\">Workshop do Sebrae Amazonas: capacita\u00e7\u00e3o em precifica\u00e7\u00e3o para artes\u00e3os<\/p>\n<\/div>\n<p class=\"ai-optimize-71\">Institui\u00e7\u00f5es como o SEBRAE oferecem programas de capacita\u00e7\u00e3o espec\u00edficos para artes\u00e3os, como a &#8220;Trilha Empreendedorismo para Artes\u00e3os&#8221; mencionada no site da institui\u00e7\u00e3o. Estes programas abordam temas como precifica\u00e7\u00e3o, estrat\u00e9gias de comercializa\u00e7\u00e3o, envio de produtos e elabora\u00e7\u00e3o de fichas t\u00e9cnicas.<\/p>\n<p class=\"ai-optimize-72\">O apoio t\u00e9cnico contribui para profissionalizar a produ\u00e7\u00e3o artesanal sem descaracteriz\u00e1-la culturalmente, ajudando os artes\u00e3os a enfrentar os desafios do mercado contempor\u00e2neo. Muitas iniciativas tamb\u00e9m incluem orienta\u00e7\u00f5es sobre manejo sustent\u00e1vel de mat\u00e9rias-primas, garantindo a continuidade da atividade.<\/p>\n<div class=\"cta-block\">\n<h3 class=\"cta-block-title ai-optimize-73\">Capacite-se com o Sebrae<\/h3>\n<p class=\"cta-block-text ai-optimize-74\">Voc\u00ea \u00e9 artes\u00e3o e quer aprimorar suas habilidades de gest\u00e3o e comercializa\u00e7\u00e3o? O Sebrae oferece cursos gratuitos espec\u00edficos para o setor artesanal.<\/p>\n<p class=\"ai-optimize-75\"><a class=\"cta-btn\" href=\"https:\/\/www.sebrae.com.br\/sites\/PortalSebrae\/cursosonline\" target=\"_blank\" rel=\"noopener\">Acessar Cursos Online<\/a><\/p>\n<\/div>\n<h3 class=\"ai-optimize-76\">Com\u00e9rcio Eletr\u00f4nico e Novas Tecnologias<\/h3>\n<div class=\"img-container\"><img loading=\"lazy\" decoding=\"async\" class=\"aligncenter size-large wp-image-2740\" title=\"Artes\u00e3 amaz\u00f4nica utilizando plataforma digital para comercializar seus produtos, exemplo de moderniza\u00e7\u00e3o do artesanato comunidades amaz\u00f4nicas\" src=\"https:\/\/ver-o-peso.com\/pt\/wp-content\/uploads\/2025\/06\/Artesa-amazonica-utilizando-plataforma-digital-para-comercializar-seus-produtos-exemplo-de-1024x1024.jpeg\" alt=\"Artes\u00e3 amaz\u00f4nica utilizando plataforma digital para comercializar seus produtos, exemplo de moderniza\u00e7\u00e3o do artesanato comunidades amaz\u00f4nicas\" width=\"660\" height=\"660\" \/><\/p>\n<p class=\"img-caption ai-optimize-77\">Artes\u00e3 utilizando plataforma digital para comercializar produtos tradicionais<\/p>\n<\/div>\n<p class=\"ai-optimize-78\">O com\u00e9rcio eletr\u00f4nico tem se mostrado uma ferramenta poderosa para conectar artes\u00e3os amaz\u00f4nicos a consumidores de todo o mundo. Plataformas especializadas em produtos artesanais e de com\u00e9rcio justo permitem que comunidades remotas acessem mercados antes inalcan\u00e7\u00e1veis.<\/p>\n<p class=\"ai-optimize-79\">Organiza\u00e7\u00f5es como a Artesol, mencionada no contexto da Associa\u00e7\u00e3o de Artes\u00e3os de Novo Air\u00e3o, desenvolvem projetos que combinam preserva\u00e7\u00e3o cultural com inclus\u00e3o digital, ajudando artes\u00e3os a utilizar tecnologias para documentar, promover e comercializar seu trabalho.<\/p>\n<h3 class=\"ai-optimize-80\">Certifica\u00e7\u00f5es e Indica\u00e7\u00f5es Geogr\u00e1ficas<\/h3>\n<div class=\"img-container\"><img loading=\"lazy\" decoding=\"async\" class=\"aligncenter size-large wp-image-2741\" title=\"Selo de certifica\u00e7\u00e3o de origem para produtos artesanais amaz\u00f4nicos, garantindo autenticidade do artesanato comunidades amaz\u00f4nicas\" src=\"https:\/\/ver-o-peso.com\/pt\/wp-content\/uploads\/2025\/06\/Selo-de-certificacao-de-origem-para-produtos-artesanais-amazonicos-garantindo-autenticidade-do-1024x1024.jpeg\" alt=\"Selo de certifica\u00e7\u00e3o de origem para produtos artesanais amaz\u00f4nicos, garantindo autenticidade do artesanato comunidades amaz\u00f4nicas\" width=\"660\" height=\"660\" \/><\/p>\n<p class=\"img-caption ai-optimize-81\">Selo de certifica\u00e7\u00e3o de origem: garantia de autenticidade para produtos artesanais amaz\u00f4nicos<\/p>\n<\/div>\n<p class=\"ai-optimize-82\">Iniciativas de certifica\u00e7\u00e3o de origem e qualidade t\u00eam contribu\u00eddo para valorizar o artesanato amaz\u00f4nico aut\u00eantico. Estas certifica\u00e7\u00f5es ajudam a combater a concorr\u00eancia desleal de produtos industrializados que imitam o artesanato tradicional, al\u00e9m de garantir ao consumidor a proced\u00eancia e o respeito \u00e0s tradi\u00e7\u00f5es culturais.<\/p>\n<p class=\"ai-optimize-83\">O reconhecimento de Indica\u00e7\u00f5es Geogr\u00e1ficas para t\u00e9cnicas artesanais espec\u00edficas, como j\u00e1 ocorre com a cer\u00e2mica de Icoaraci (PA), protege o patrim\u00f4nio cultural imaterial e agrega valor econ\u00f4mico aos produtos, beneficiando diretamente as comunidades produtoras.<\/p>\n<\/section>\n<section id=\"conclusao\">\n<h2 class=\"ai-optimize-84\">Preservando o Futuro Atrav\u00e9s da Tradi\u00e7\u00e3o<\/h2>\n<p class=\"ai-optimize-85\">O artesanato das comunidades amaz\u00f4nicas representa um exemplo not\u00e1vel de como tradi\u00e7\u00e3o e sustentabilidade podem caminhar juntas. Ao valorizar e preservar estas express\u00f5es culturais, contribu\u00edmos n\u00e3o apenas para a manuten\u00e7\u00e3o de um patrim\u00f4nio cultural inestim\u00e1vel, mas tamb\u00e9m para o desenvolvimento econ\u00f4mico sustent\u00e1vel da regi\u00e3o amaz\u00f4nica.<\/p>\n<p class=\"ai-optimize-86\">Os desafios s\u00e3o muitos, desde as dificuldades log\u00edsticas at\u00e9 a desvaloriza\u00e7\u00e3o comercial do trabalho manual. No entanto, as iniciativas de capacita\u00e7\u00e3o, promo\u00e7\u00e3o e comercializa\u00e7\u00e3o justa mostram caminhos promissores para que o artesanato amaz\u00f4nico continue a florescer e a beneficiar as comunidades que o produzem.<\/p>\n<p class=\"ai-optimize-87\">Cada pe\u00e7a artesanal que sai das m\u00e3os de um artes\u00e3o amaz\u00f4nico carrega consigo n\u00e3o apenas beleza est\u00e9tica, mas tamb\u00e9m hist\u00f3rias, tradi\u00e7\u00f5es e a for\u00e7a da floresta. Ao adquirir e valorizar estes produtos, tornamo-nos parte desta hist\u00f3ria e contribu\u00edmos para um futuro onde desenvolvimento econ\u00f4mico e preserva\u00e7\u00e3o cultural caminham lado a lado.<\/p>\n<div class=\"cta-block\">\n<h3 class=\"cta-block-title ai-optimize-88\">Fa\u00e7a Parte Desta Hist\u00f3ria<\/h3>\n<p class=\"cta-block-text ai-optimize-89\">Conhe\u00e7a o trabalho do Instituto do Patrim\u00f4nio Hist\u00f3rico e Art\u00edstico Nacional (IPHAN) na preserva\u00e7\u00e3o do patrim\u00f4nio cultural imaterial brasileiro, incluindo t\u00e9cnicas artesanais tradicionais.<\/p>\n<p class=\"ai-optimize-90\"><a class=\"cta-btn\" href=\"http:\/\/portal.iphan.gov.br\/pagina\/detalhes\/234\" target=\"_blank\" rel=\"noopener\">Descobrir Mais no IPHAN<\/a><\/p>\n<\/div>\n<\/section>\n<\/div>\n","protected":false},"excerpt":{"rendered":"<p>A floresta amaz\u00f4nica n\u00e3o \u00e9 apenas um tesouro de biodiversidade, mas tamb\u00e9m o ber\u00e7o de uma rica tradi\u00e7\u00e3o artesanal que atravessa gera\u00e7\u00f5es. Nas m\u00e3os habilidosas dos artes\u00e3os das comunidades amaz\u00f4nicas, recursos naturais se transformam em obras de arte que contam hist\u00f3rias, preservam culturas ancestrais e geram sustento para milhares de fam\u00edlias. Este artesanato representa muito &hellip; <a href=\"https:\/\/ver-o-peso.com\/pt\/2025\/06\/14\/artesanato-comunidades-amazonicas-tradicao-identidade-e-sustentabilidade\/\" class=\"more-link\">Continuar lendo <span class=\"screen-reader-text\">Artesanato Comunidades Amaz\u00f4nicas: Tradi\u00e7\u00e3o, Identidade e Sustentabilidade<\/span><\/a><\/p>\n","protected":false},"author":1,"featured_media":2730,"comment_status":"open","ping_status":"open","sticky":false,"template":"","format":"standard","meta":{"footnotes":""},"categories":[20,147],"tags":[131,133,87,132],"class_list":["post-2729","post","type-post","status-publish","format-standard","has-post-thumbnail","hentry","category-amazonia","category-artesanato","tag-artesanato-indigena","tag-artesanato-tradicional","tag-cultura-amazonica","tag-sustentabilidade-na-amazonia"],"yoast_head":"<!-- This site is optimized with the Yoast SEO Premium plugin v25.3 (Yoast SEO v25.9) - https:\/\/yoast.com\/wordpress\/plugins\/seo\/ -->\n<title>Artesanato Comunidades Amaz\u00f4nicas: Tradi\u00e7\u00e3o, Identidade e Sustentabilidade - Ver-o-peso<\/title>\n<meta name=\"robots\" content=\"index, follow, max-snippet:-1, max-image-preview:large, max-video-preview:-1\" \/>\n<link rel=\"canonical\" href=\"https:\/\/ver-o-peso.com\/pt\/2025\/06\/14\/artesanato-comunidades-amazonicas-tradicao-identidade-e-sustentabilidade\/\" \/>\n<meta property=\"og:locale\" content=\"pt_BR\" \/>\n<meta property=\"og:type\" content=\"article\" \/>\n<meta property=\"og:title\" content=\"Artesanato Comunidades Amaz\u00f4nicas: Tradi\u00e7\u00e3o, Identidade e Sustentabilidade\" \/>\n<meta property=\"og:description\" content=\"A floresta amaz\u00f4nica n\u00e3o \u00e9 apenas um tesouro de biodiversidade, mas tamb\u00e9m o ber\u00e7o de uma rica tradi\u00e7\u00e3o artesanal que atravessa gera\u00e7\u00f5es. Nas m\u00e3os habilidosas dos artes\u00e3os das comunidades amaz\u00f4nicas, recursos naturais se transformam em obras de arte que contam hist\u00f3rias, preservam culturas ancestrais e geram sustento para milhares de fam\u00edlias. Este artesanato representa muito &hellip; Continuar lendo Artesanato Comunidades Amaz\u00f4nicas: Tradi\u00e7\u00e3o, Identidade e Sustentabilidade\" \/>\n<meta property=\"og:url\" content=\"https:\/\/ver-o-peso.com\/pt\/2025\/06\/14\/artesanato-comunidades-amazonicas-tradicao-identidade-e-sustentabilidade\/\" \/>\n<meta property=\"og:site_name\" content=\"Ver-o-peso\" \/>\n<meta property=\"article:publisher\" content=\"https:\/\/fecebook.com\/jose.oliveira.913296\" \/>\n<meta property=\"article:published_time\" content=\"2025-06-14T15:19:46+00:00\" \/>\n<meta property=\"article:modified_time\" content=\"2025-06-16T15:26:06+00:00\" \/>\n<meta property=\"og:image\" content=\"https:\/\/ver-o-peso.com\/pt\/wp-content\/uploads\/2025\/06\/Artesa-amazonica-trabalhando-com-fibras-naturais-em-uma-comunidade-ribeirinha-demonstrando.jpeg\" \/>\n\t<meta property=\"og:image:width\" content=\"1344\" \/>\n\t<meta property=\"og:image:height\" content=\"768\" \/>\n\t<meta property=\"og:image:type\" content=\"image\/jpeg\" \/>\n<meta name=\"author\" content=\"veropeso2025\" \/>\n<meta name=\"twitter:card\" content=\"summary_large_image\" \/>\n<meta name=\"twitter:label1\" content=\"Escrito por\" \/>\n\t<meta name=\"twitter:data1\" content=\"veropeso2025\" \/>\n\t<meta name=\"twitter:label2\" content=\"Est. tempo de leitura\" \/>\n\t<meta name=\"twitter:data2\" content=\"13 minutos\" \/>\n<script type=\"application\/ld+json\" class=\"yoast-schema-graph\">{\"@context\":\"https:\/\/schema.org\",\"@graph\":[{\"@type\":\"Article\",\"@id\":\"https:\/\/ver-o-peso.com\/pt\/2025\/06\/14\/artesanato-comunidades-amazonicas-tradicao-identidade-e-sustentabilidade\/#article\",\"isPartOf\":{\"@id\":\"https:\/\/ver-o-peso.com\/pt\/2025\/06\/14\/artesanato-comunidades-amazonicas-tradicao-identidade-e-sustentabilidade\/\"},\"author\":{\"name\":\"veropeso2025\",\"@id\":\"https:\/\/ver-o-peso.com\/pt\/#\/schema\/person\/9e9ad551726c390092238296ec769a06\"},\"headline\":\"Artesanato Comunidades Amaz\u00f4nicas: Tradi\u00e7\u00e3o, Identidade e Sustentabilidade\",\"datePublished\":\"2025-06-14T15:19:46+00:00\",\"dateModified\":\"2025-06-16T15:26:06+00:00\",\"mainEntityOfPage\":{\"@id\":\"https:\/\/ver-o-peso.com\/pt\/2025\/06\/14\/artesanato-comunidades-amazonicas-tradicao-identidade-e-sustentabilidade\/\"},\"wordCount\":2085,\"commentCount\":0,\"publisher\":{\"@id\":\"https:\/\/ver-o-peso.com\/pt\/#organization\"},\"image\":{\"@id\":\"https:\/\/ver-o-peso.com\/pt\/2025\/06\/14\/artesanato-comunidades-amazonicas-tradicao-identidade-e-sustentabilidade\/#primaryimage\"},\"thumbnailUrl\":\"https:\/\/ver-o-peso.com\/pt\/wp-content\/uploads\/2025\/06\/Artesa-amazonica-trabalhando-com-fibras-naturais-em-uma-comunidade-ribeirinha-demonstrando.jpeg\",\"keywords\":[\"Artesanato ind\u00edgena\",\"Artesanato tradicional\",\"Cultura Amaz\u00f4nica\",\"Sustentabilidade na Amaz\u00f4nia\"],\"articleSection\":[\"Amaz\u00f4nia\",\"Artesanato\"],\"inLanguage\":\"pt-BR\",\"potentialAction\":[{\"@type\":\"CommentAction\",\"name\":\"Comment\",\"target\":[\"https:\/\/ver-o-peso.com\/pt\/2025\/06\/14\/artesanato-comunidades-amazonicas-tradicao-identidade-e-sustentabilidade\/#respond\"]}]},{\"@type\":\"WebPage\",\"@id\":\"https:\/\/ver-o-peso.com\/pt\/2025\/06\/14\/artesanato-comunidades-amazonicas-tradicao-identidade-e-sustentabilidade\/\",\"url\":\"https:\/\/ver-o-peso.com\/pt\/2025\/06\/14\/artesanato-comunidades-amazonicas-tradicao-identidade-e-sustentabilidade\/\",\"name\":\"Artesanato Comunidades Amaz\u00f4nicas: Tradi\u00e7\u00e3o, Identidade e Sustentabilidade - Ver-o-peso\",\"isPartOf\":{\"@id\":\"https:\/\/ver-o-peso.com\/pt\/#website\"},\"primaryImageOfPage\":{\"@id\":\"https:\/\/ver-o-peso.com\/pt\/2025\/06\/14\/artesanato-comunidades-amazonicas-tradicao-identidade-e-sustentabilidade\/#primaryimage\"},\"image\":{\"@id\":\"https:\/\/ver-o-peso.com\/pt\/2025\/06\/14\/artesanato-comunidades-amazonicas-tradicao-identidade-e-sustentabilidade\/#primaryimage\"},\"thumbnailUrl\":\"https:\/\/ver-o-peso.com\/pt\/wp-content\/uploads\/2025\/06\/Artesa-amazonica-trabalhando-com-fibras-naturais-em-uma-comunidade-ribeirinha-demonstrando.jpeg\",\"datePublished\":\"2025-06-14T15:19:46+00:00\",\"dateModified\":\"2025-06-16T15:26:06+00:00\",\"breadcrumb\":{\"@id\":\"https:\/\/ver-o-peso.com\/pt\/2025\/06\/14\/artesanato-comunidades-amazonicas-tradicao-identidade-e-sustentabilidade\/#breadcrumb\"},\"inLanguage\":\"pt-BR\",\"potentialAction\":[{\"@type\":\"ReadAction\",\"target\":[\"https:\/\/ver-o-peso.com\/pt\/2025\/06\/14\/artesanato-comunidades-amazonicas-tradicao-identidade-e-sustentabilidade\/\"]}]},{\"@type\":\"ImageObject\",\"inLanguage\":\"pt-BR\",\"@id\":\"https:\/\/ver-o-peso.com\/pt\/2025\/06\/14\/artesanato-comunidades-amazonicas-tradicao-identidade-e-sustentabilidade\/#primaryimage\",\"url\":\"https:\/\/ver-o-peso.com\/pt\/wp-content\/uploads\/2025\/06\/Artesa-amazonica-trabalhando-com-fibras-naturais-em-uma-comunidade-ribeirinha-demonstrando.jpeg\",\"contentUrl\":\"https:\/\/ver-o-peso.com\/pt\/wp-content\/uploads\/2025\/06\/Artesa-amazonica-trabalhando-com-fibras-naturais-em-uma-comunidade-ribeirinha-demonstrando.jpeg\",\"width\":1344,\"height\":768,\"caption\":\"Artes\u00e3 amaz\u00f4nica trabalhando com fibras naturais em uma comunidade ribeirinha, demonstrando t\u00e9cnicas tradicionais do artesanato comunidades amaz\u00f4nicas\"},{\"@type\":\"BreadcrumbList\",\"@id\":\"https:\/\/ver-o-peso.com\/pt\/2025\/06\/14\/artesanato-comunidades-amazonicas-tradicao-identidade-e-sustentabilidade\/#breadcrumb\",\"itemListElement\":[{\"@type\":\"ListItem\",\"position\":1,\"name\":\"In\u00edcio\",\"item\":\"https:\/\/ver-o-peso.com\/pt\/\"},{\"@type\":\"ListItem\",\"position\":2,\"name\":\"Artesanato Comunidades Amaz\u00f4nicas: Tradi\u00e7\u00e3o, Identidade e Sustentabilidade\"}]},{\"@type\":\"WebSite\",\"@id\":\"https:\/\/ver-o-peso.com\/pt\/#website\",\"url\":\"https:\/\/ver-o-peso.com\/pt\/\",\"name\":\"Ver-o-peso\",\"description\":\"Aqui tem de tudo da Amaz\u00f4nia\",\"publisher\":{\"@id\":\"https:\/\/ver-o-peso.com\/pt\/#organization\"},\"potentialAction\":[{\"@type\":\"SearchAction\",\"target\":{\"@type\":\"EntryPoint\",\"urlTemplate\":\"https:\/\/ver-o-peso.com\/pt\/?s={search_term_string}\"},\"query-input\":{\"@type\":\"PropertyValueSpecification\",\"valueRequired\":true,\"valueName\":\"search_term_string\"}}],\"inLanguage\":\"pt-BR\"},{\"@type\":\"Organization\",\"@id\":\"https:\/\/ver-o-peso.com\/pt\/#organization\",\"name\":\"Ver-o-peso\",\"url\":\"https:\/\/ver-o-peso.com\/pt\/\",\"logo\":{\"@type\":\"ImageObject\",\"inLanguage\":\"pt-BR\",\"@id\":\"https:\/\/ver-o-peso.com\/pt\/#\/schema\/logo\/image\/\",\"url\":\"https:\/\/ver-o-peso.com\/pt\/wp-content\/uploads\/2025\/05\/Logo-3.png\",\"contentUrl\":\"https:\/\/ver-o-peso.com\/pt\/wp-content\/uploads\/2025\/05\/Logo-3.png\",\"width\":210,\"height\":118,\"caption\":\"Ver-o-peso\"},\"image\":{\"@id\":\"https:\/\/ver-o-peso.com\/pt\/#\/schema\/logo\/image\/\"},\"sameAs\":[\"https:\/\/fecebook.com\/jose.oliveira.913296\",\"https:\/\/instagram.com\/riba.lages\",\"https:\/\/tiktok.com\/veropeso2025\"]},{\"@type\":\"Person\",\"@id\":\"https:\/\/ver-o-peso.com\/pt\/#\/schema\/person\/9e9ad551726c390092238296ec769a06\",\"name\":\"veropeso2025\",\"image\":{\"@type\":\"ImageObject\",\"inLanguage\":\"pt-BR\",\"@id\":\"https:\/\/ver-o-peso.com\/pt\/#\/schema\/person\/image\/\",\"url\":\"https:\/\/secure.gravatar.com\/avatar\/abbae2eadd0ca3e3064b32972a9f07e1ec00361a8e4784de939c3d52c9381ec6?s=96&d=mm&r=g\",\"contentUrl\":\"https:\/\/secure.gravatar.com\/avatar\/abbae2eadd0ca3e3064b32972a9f07e1ec00361a8e4784de939c3d52c9381ec6?s=96&d=mm&r=g\",\"caption\":\"veropeso2025\"},\"sameAs\":[\"https:\/\/ver-o-peso.com\/pt\"],\"url\":\"https:\/\/ver-o-peso.com\/pt\/author\/veropeso2025\/\"}]}<\/script>\n<!-- \/ Yoast SEO Premium plugin. -->","yoast_head_json":{"title":"Artesanato Comunidades Amaz\u00f4nicas: Tradi\u00e7\u00e3o, Identidade e Sustentabilidade - Ver-o-peso","robots":{"index":"index","follow":"follow","max-snippet":"max-snippet:-1","max-image-preview":"max-image-preview:large","max-video-preview":"max-video-preview:-1"},"canonical":"https:\/\/ver-o-peso.com\/pt\/2025\/06\/14\/artesanato-comunidades-amazonicas-tradicao-identidade-e-sustentabilidade\/","og_locale":"pt_BR","og_type":"article","og_title":"Artesanato Comunidades Amaz\u00f4nicas: Tradi\u00e7\u00e3o, Identidade e Sustentabilidade","og_description":"A floresta amaz\u00f4nica n\u00e3o \u00e9 apenas um tesouro de biodiversidade, mas tamb\u00e9m o ber\u00e7o de uma rica tradi\u00e7\u00e3o artesanal que atravessa gera\u00e7\u00f5es. Nas m\u00e3os habilidosas dos artes\u00e3os das comunidades amaz\u00f4nicas, recursos naturais se transformam em obras de arte que contam hist\u00f3rias, preservam culturas ancestrais e geram sustento para milhares de fam\u00edlias. Este artesanato representa muito &hellip; Continuar lendo Artesanato Comunidades Amaz\u00f4nicas: Tradi\u00e7\u00e3o, Identidade e Sustentabilidade","og_url":"https:\/\/ver-o-peso.com\/pt\/2025\/06\/14\/artesanato-comunidades-amazonicas-tradicao-identidade-e-sustentabilidade\/","og_site_name":"Ver-o-peso","article_publisher":"https:\/\/fecebook.com\/jose.oliveira.913296","article_published_time":"2025-06-14T15:19:46+00:00","article_modified_time":"2025-06-16T15:26:06+00:00","og_image":[{"width":1344,"height":768,"url":"https:\/\/ver-o-peso.com\/pt\/wp-content\/uploads\/2025\/06\/Artesa-amazonica-trabalhando-com-fibras-naturais-em-uma-comunidade-ribeirinha-demonstrando.jpeg","type":"image\/jpeg"}],"author":"veropeso2025","twitter_card":"summary_large_image","twitter_misc":{"Escrito por":"veropeso2025","Est. tempo de leitura":"13 minutos"},"schema":{"@context":"https:\/\/schema.org","@graph":[{"@type":"Article","@id":"https:\/\/ver-o-peso.com\/pt\/2025\/06\/14\/artesanato-comunidades-amazonicas-tradicao-identidade-e-sustentabilidade\/#article","isPartOf":{"@id":"https:\/\/ver-o-peso.com\/pt\/2025\/06\/14\/artesanato-comunidades-amazonicas-tradicao-identidade-e-sustentabilidade\/"},"author":{"name":"veropeso2025","@id":"https:\/\/ver-o-peso.com\/pt\/#\/schema\/person\/9e9ad551726c390092238296ec769a06"},"headline":"Artesanato Comunidades Amaz\u00f4nicas: Tradi\u00e7\u00e3o, Identidade e Sustentabilidade","datePublished":"2025-06-14T15:19:46+00:00","dateModified":"2025-06-16T15:26:06+00:00","mainEntityOfPage":{"@id":"https:\/\/ver-o-peso.com\/pt\/2025\/06\/14\/artesanato-comunidades-amazonicas-tradicao-identidade-e-sustentabilidade\/"},"wordCount":2085,"commentCount":0,"publisher":{"@id":"https:\/\/ver-o-peso.com\/pt\/#organization"},"image":{"@id":"https:\/\/ver-o-peso.com\/pt\/2025\/06\/14\/artesanato-comunidades-amazonicas-tradicao-identidade-e-sustentabilidade\/#primaryimage"},"thumbnailUrl":"https:\/\/ver-o-peso.com\/pt\/wp-content\/uploads\/2025\/06\/Artesa-amazonica-trabalhando-com-fibras-naturais-em-uma-comunidade-ribeirinha-demonstrando.jpeg","keywords":["Artesanato ind\u00edgena","Artesanato tradicional","Cultura Amaz\u00f4nica","Sustentabilidade na Amaz\u00f4nia"],"articleSection":["Amaz\u00f4nia","Artesanato"],"inLanguage":"pt-BR","potentialAction":[{"@type":"CommentAction","name":"Comment","target":["https:\/\/ver-o-peso.com\/pt\/2025\/06\/14\/artesanato-comunidades-amazonicas-tradicao-identidade-e-sustentabilidade\/#respond"]}]},{"@type":"WebPage","@id":"https:\/\/ver-o-peso.com\/pt\/2025\/06\/14\/artesanato-comunidades-amazonicas-tradicao-identidade-e-sustentabilidade\/","url":"https:\/\/ver-o-peso.com\/pt\/2025\/06\/14\/artesanato-comunidades-amazonicas-tradicao-identidade-e-sustentabilidade\/","name":"Artesanato Comunidades Amaz\u00f4nicas: Tradi\u00e7\u00e3o, Identidade e Sustentabilidade - Ver-o-peso","isPartOf":{"@id":"https:\/\/ver-o-peso.com\/pt\/#website"},"primaryImageOfPage":{"@id":"https:\/\/ver-o-peso.com\/pt\/2025\/06\/14\/artesanato-comunidades-amazonicas-tradicao-identidade-e-sustentabilidade\/#primaryimage"},"image":{"@id":"https:\/\/ver-o-peso.com\/pt\/2025\/06\/14\/artesanato-comunidades-amazonicas-tradicao-identidade-e-sustentabilidade\/#primaryimage"},"thumbnailUrl":"https:\/\/ver-o-peso.com\/pt\/wp-content\/uploads\/2025\/06\/Artesa-amazonica-trabalhando-com-fibras-naturais-em-uma-comunidade-ribeirinha-demonstrando.jpeg","datePublished":"2025-06-14T15:19:46+00:00","dateModified":"2025-06-16T15:26:06+00:00","breadcrumb":{"@id":"https:\/\/ver-o-peso.com\/pt\/2025\/06\/14\/artesanato-comunidades-amazonicas-tradicao-identidade-e-sustentabilidade\/#breadcrumb"},"inLanguage":"pt-BR","potentialAction":[{"@type":"ReadAction","target":["https:\/\/ver-o-peso.com\/pt\/2025\/06\/14\/artesanato-comunidades-amazonicas-tradicao-identidade-e-sustentabilidade\/"]}]},{"@type":"ImageObject","inLanguage":"pt-BR","@id":"https:\/\/ver-o-peso.com\/pt\/2025\/06\/14\/artesanato-comunidades-amazonicas-tradicao-identidade-e-sustentabilidade\/#primaryimage","url":"https:\/\/ver-o-peso.com\/pt\/wp-content\/uploads\/2025\/06\/Artesa-amazonica-trabalhando-com-fibras-naturais-em-uma-comunidade-ribeirinha-demonstrando.jpeg","contentUrl":"https:\/\/ver-o-peso.com\/pt\/wp-content\/uploads\/2025\/06\/Artesa-amazonica-trabalhando-com-fibras-naturais-em-uma-comunidade-ribeirinha-demonstrando.jpeg","width":1344,"height":768,"caption":"Artes\u00e3 amaz\u00f4nica trabalhando com fibras naturais em uma comunidade ribeirinha, demonstrando t\u00e9cnicas tradicionais do artesanato comunidades amaz\u00f4nicas"},{"@type":"BreadcrumbList","@id":"https:\/\/ver-o-peso.com\/pt\/2025\/06\/14\/artesanato-comunidades-amazonicas-tradicao-identidade-e-sustentabilidade\/#breadcrumb","itemListElement":[{"@type":"ListItem","position":1,"name":"In\u00edcio","item":"https:\/\/ver-o-peso.com\/pt\/"},{"@type":"ListItem","position":2,"name":"Artesanato Comunidades Amaz\u00f4nicas: Tradi\u00e7\u00e3o, Identidade e Sustentabilidade"}]},{"@type":"WebSite","@id":"https:\/\/ver-o-peso.com\/pt\/#website","url":"https:\/\/ver-o-peso.com\/pt\/","name":"Ver-o-peso","description":"Aqui tem de tudo da Amaz\u00f4nia","publisher":{"@id":"https:\/\/ver-o-peso.com\/pt\/#organization"},"potentialAction":[{"@type":"SearchAction","target":{"@type":"EntryPoint","urlTemplate":"https:\/\/ver-o-peso.com\/pt\/?s={search_term_string}"},"query-input":{"@type":"PropertyValueSpecification","valueRequired":true,"valueName":"search_term_string"}}],"inLanguage":"pt-BR"},{"@type":"Organization","@id":"https:\/\/ver-o-peso.com\/pt\/#organization","name":"Ver-o-peso","url":"https:\/\/ver-o-peso.com\/pt\/","logo":{"@type":"ImageObject","inLanguage":"pt-BR","@id":"https:\/\/ver-o-peso.com\/pt\/#\/schema\/logo\/image\/","url":"https:\/\/ver-o-peso.com\/pt\/wp-content\/uploads\/2025\/05\/Logo-3.png","contentUrl":"https:\/\/ver-o-peso.com\/pt\/wp-content\/uploads\/2025\/05\/Logo-3.png","width":210,"height":118,"caption":"Ver-o-peso"},"image":{"@id":"https:\/\/ver-o-peso.com\/pt\/#\/schema\/logo\/image\/"},"sameAs":["https:\/\/fecebook.com\/jose.oliveira.913296","https:\/\/instagram.com\/riba.lages","https:\/\/tiktok.com\/veropeso2025"]},{"@type":"Person","@id":"https:\/\/ver-o-peso.com\/pt\/#\/schema\/person\/9e9ad551726c390092238296ec769a06","name":"veropeso2025","image":{"@type":"ImageObject","inLanguage":"pt-BR","@id":"https:\/\/ver-o-peso.com\/pt\/#\/schema\/person\/image\/","url":"https:\/\/secure.gravatar.com\/avatar\/abbae2eadd0ca3e3064b32972a9f07e1ec00361a8e4784de939c3d52c9381ec6?s=96&d=mm&r=g","contentUrl":"https:\/\/secure.gravatar.com\/avatar\/abbae2eadd0ca3e3064b32972a9f07e1ec00361a8e4784de939c3d52c9381ec6?s=96&d=mm&r=g","caption":"veropeso2025"},"sameAs":["https:\/\/ver-o-peso.com\/pt"],"url":"https:\/\/ver-o-peso.com\/pt\/author\/veropeso2025\/"}]}},"_links":{"self":[{"href":"https:\/\/ver-o-peso.com\/pt\/wp-json\/wp\/v2\/posts\/2729","targetHints":{"allow":["GET"]}}],"collection":[{"href":"https:\/\/ver-o-peso.com\/pt\/wp-json\/wp\/v2\/posts"}],"about":[{"href":"https:\/\/ver-o-peso.com\/pt\/wp-json\/wp\/v2\/types\/post"}],"author":[{"embeddable":true,"href":"https:\/\/ver-o-peso.com\/pt\/wp-json\/wp\/v2\/users\/1"}],"replies":[{"embeddable":true,"href":"https:\/\/ver-o-peso.com\/pt\/wp-json\/wp\/v2\/comments?post=2729"}],"version-history":[{"count":2,"href":"https:\/\/ver-o-peso.com\/pt\/wp-json\/wp\/v2\/posts\/2729\/revisions"}],"predecessor-version":[{"id":2834,"href":"https:\/\/ver-o-peso.com\/pt\/wp-json\/wp\/v2\/posts\/2729\/revisions\/2834"}],"wp:featuredmedia":[{"embeddable":true,"href":"https:\/\/ver-o-peso.com\/pt\/wp-json\/wp\/v2\/media\/2730"}],"wp:attachment":[{"href":"https:\/\/ver-o-peso.com\/pt\/wp-json\/wp\/v2\/media?parent=2729"}],"wp:term":[{"taxonomy":"category","embeddable":true,"href":"https:\/\/ver-o-peso.com\/pt\/wp-json\/wp\/v2\/categories?post=2729"},{"taxonomy":"post_tag","embeddable":true,"href":"https:\/\/ver-o-peso.com\/pt\/wp-json\/wp\/v2\/tags?post=2729"}],"curies":[{"name":"wp","href":"https:\/\/api.w.org\/{rel}","templated":true}]}}