{"id":2904,"date":"2025-06-17T13:44:28","date_gmt":"2025-06-17T16:44:28","guid":{"rendered":"https:\/\/ver-o-peso.com\/pt\/?p=2904"},"modified":"2025-06-17T14:04:35","modified_gmt":"2025-06-17T17:04:35","slug":"a-amazonia-em-crise-um-grito-por-acao-e-conscientizacao","status":"publish","type":"post","link":"https:\/\/ver-o-peso.com\/pt\/2025\/06\/17\/a-amazonia-em-crise-um-grito-por-acao-e-conscientizacao\/","title":{"rendered":"A Amaz\u00f4nia em Crise: Um Grito por A\u00e7\u00e3o e Conscientiza\u00e7\u00e3o"},"content":{"rendered":"<h2 class=\"ai-optimize-6\" data-sourcepos=\"64:1-64:52\">Introdu\u00e7\u00e3o: O Cora\u00e7\u00e3o Verde do Planeta sob Amea\u00e7a<\/h2>\n<p class=\"ai-optimize-7 ai-optimize-introduction\" data-sourcepos=\"66:1-66:818\">A Amaz\u00f4nia, o maior bioma tropical do mundo, \u00e9 um tesouro de biodiversidade insubstitu\u00edvel e um pilar fundamental para o equil\u00edbrio clim\u00e1tico global. Seus rios vastos, florestas exuberantes e a riqueza de sua fauna e flora abrigam milh\u00f5es de esp\u00e9cies e in\u00fameras comunidades tradicionais e povos ind\u00edgenas, guardi\u00f5es ancestrais de seus segredos. No entanto, o &#8220;Cora\u00e7\u00e3o Verde do Planeta&#8221; est\u00e1 sob uma press\u00e3o crescente e sem precedentes. Desmatamento, garimpo ilegal, queimadas descontroladas e as consequ\u00eancias das mudan\u00e7as clim\u00e1ticas amea\u00e7am a pr\u00f3pria exist\u00eancia deste bioma vital, com impactos que se estendem muito al\u00e9m de suas fronteiras. Este relat\u00f3rio detalhado busca iluminar os principais problemas que afligem a Amaz\u00f4nia, na esperan\u00e7a de fomentar a conscientiza\u00e7\u00e3o e mobilizar a\u00e7\u00f5es urgentes para sua prote\u00e7\u00e3o.<\/p>\n<hr data-sourcepos=\"68:1-68:3\" \/>\n<h2 class=\"ai-optimize-8\" data-sourcepos=\"70:1-70:70\"><img loading=\"lazy\" decoding=\"async\" class=\"aligncenter wp-image-2907 size-full\" src=\"https:\/\/ver-o-peso.com\/pt\/wp-content\/uploads\/2025\/06\/60f9b154-bc2e-4bc2-901a-1101c60244b4.png\" alt=\"\" width=\"1248\" height=\"832\" \/>1. Desmatamento e Degrada\u00e7\u00e3o Florestal: A Ferida Aberta da Amaz\u00f4nia<\/h2>\n<p class=\"ai-optimize-9\" data-sourcepos=\"72:1-72:196\">O desmatamento \u00e9, talvez, a mais vis\u00edvel e devastadora das amea\u00e7as \u00e0 Amaz\u00f4nia. A remo\u00e7\u00e3o da cobertura florestal para outros usos da terra \u00e9 um processo complexo, impulsionado por diversos fatores:<\/p>\n<ul data-sourcepos=\"74:1-78:0\">\n<li class=\"ai-optimize-10\" data-sourcepos=\"74:1-74:224\"><strong>Agropecu\u00e1ria:<\/strong> A expans\u00e3o da pecu\u00e1ria extensiva e da monocultura de soja \u00e9 o principal vetor do desmatamento. Grandes \u00e1reas de floresta s\u00e3o derrubadas para dar lugar a pastagens e lavouras, muitas vezes de forma ilegal.<\/li>\n<li class=\"ai-optimize-11\" data-sourcepos=\"75:1-75:315\"><strong>Explora\u00e7\u00e3o Madeireira (Legal e Ilegal):<\/strong> A demanda por madeiras nobres impulsiona tanto a extra\u00e7\u00e3o legal quanto a ilegal. A explora\u00e7\u00e3o ilegal \u00e9 particularmente danosa, operando sem fiscaliza\u00e7\u00e3o e promovendo a abertura de estradas vicinais que facilitam o acesso a \u00e1reas remotas para outras atividades il\u00edcitas.<\/li>\n<li class=\"ai-optimize-12\" data-sourcepos=\"76:1-76:179\"><strong>Grilagem de Terras:<\/strong> A apropria\u00e7\u00e3o ilegal de terras p\u00fablicas para fins especulativos e de explora\u00e7\u00e3o agropecu\u00e1ria \u00e9 um problema persistente, gerando conflitos e desmatamento.<\/li>\n<li class=\"ai-optimize-13\" data-sourcepos=\"77:1-78:0\"><strong>Infraestrutura:<\/strong> A constru\u00e7\u00e3o de grandes obras como hidrel\u00e9tricas, estradas e ferrovias, embora muitas vezes apresentadas como desenvolvimento, abrem novas frentes de desmatamento e facilitam o acesso de atividades predat\u00f3rias.<\/li>\n<\/ul>\n<p class=\"ai-optimize-14\" data-sourcepos=\"79:1-80:670\"><strong>Dados e Impactos:<\/strong> Dados recentes do <strong>INPE (Instituto Nacional de Pesquisas Espaciais)<\/strong>, atrav\u00e9s dos sistemas <strong>DETER<\/strong> e <strong>PRODES<\/strong>, mostram flutua\u00e7\u00f5es nas taxas de desmatamento, com picos preocupantes em anos recentes. A perda florestal n\u00e3o s\u00f3 resulta na <strong>perda irrecuper\u00e1vel de biodiversidade<\/strong>, incluindo esp\u00e9cies ainda n\u00e3o catalogadas, mas tamb\u00e9m contribui significativamente para as <strong>mudan\u00e7as clim\u00e1ticas<\/strong>, pois a floresta libera bilh\u00f5es de toneladas de carbono armazenado. Al\u00e9m disso, altera os <strong>ciclos hidrol\u00f3gicos<\/strong>, afetando o regime de chuvas em todo o continente sul-americano, e provoca o <strong>assoreamento de rios<\/strong>, impactando a vida aqu\u00e1tica e as comunidades ribeirinhas.<\/p>\n<hr data-sourcepos=\"82:1-82:3\" \/>\n<h2 class=\"ai-optimize-15\" data-sourcepos=\"84:1-84:66\"><img loading=\"lazy\" decoding=\"async\" class=\"aligncenter wp-image-2909 size-full\" src=\"https:\/\/ver-o-peso.com\/pt\/wp-content\/uploads\/2025\/06\/528e1517-1422-4142-96ef-0d6e37699ea8.png\" alt=\"\" width=\"1248\" height=\"832\" \/>2. Minera\u00e7\u00e3o Ilegal (Garimpo): O Merc\u00fario que Envenena o Futuro<\/h2>\n<p class=\"ai-optimize-16\" data-sourcepos=\"86:1-86:215\">O garimpo ilegal de ouro, mas tamb\u00e9m de cassiterita (min\u00e9rio de estanho) e outros metais, emergiu como uma das mais graves e complexas amea\u00e7as \u00e0 Amaz\u00f4nia, especialmente em terras ind\u00edgenas e unidades de conserva\u00e7\u00e3o.<\/p>\n<ul data-sourcepos=\"88:1-92:0\">\n<li class=\"ai-optimize-17\" data-sourcepos=\"88:1-88:278\"><strong>Min\u00e9rios e \u00c1reas Afetadas:<\/strong> O ouro \u00e9 o principal alvo do garimpo, com focos de alta concentra\u00e7\u00e3o em \u00e1reas como o sul do Par\u00e1, Roraima, e as fronteiras com a Venezuela e as Guianas. Essas opera\u00e7\u00f5es, muitas vezes clandestinas, prosperam pela aus\u00eancia de fiscaliza\u00e7\u00e3o efetiva.<\/li>\n<li class=\"ai-optimize-18\" data-sourcepos=\"89:1-89:521\"><strong>Impactos Ambientais Devastadores:<\/strong> O uso do <strong>merc\u00fario<\/strong> para separar o ouro \u00e9 o impacto mais not\u00f3rio. Este metal pesado contamina rios, solos e a cadeia alimentar, afetando peixes e, consequentemente, as popula\u00e7\u00f5es humanas que deles dependem. A contamina\u00e7\u00e3o por merc\u00fario causa danos neurol\u00f3gicos, renais e outras doen\u00e7as graves. Al\u00e9m disso, o garimpo destr\u00f3i as margens dos rios, causa <strong>assoreamento<\/strong>, altera o curso da \u00e1gua e promove o <strong>desmatamento<\/strong> para a instala\u00e7\u00e3o dos acampamentos e abertura de clareiras.<\/li>\n<li class=\"ai-optimize-19\" data-sourcepos=\"90:1-90:339\"><strong>Impactos Sociais:<\/strong> O garimpo ilegal \u00e9 um caldo de cultura para a <strong>viol\u00eancia<\/strong>, a <strong>explora\u00e7\u00e3o de trabalho<\/strong> (muitas vezes an\u00e1loga \u00e0 escravid\u00e3o), e a <strong>prolifera\u00e7\u00e3o de doen\u00e7as<\/strong> como mal\u00e1ria e COVID-19, especialmente em terras ind\u00edgenas. Os conflitos territoriais entre garimpeiros e comunidades tradicionais s\u00e3o frequentes e brutais.<\/li>\n<li class=\"ai-optimize-20\" data-sourcepos=\"91:1-92:0\"><strong>Desafios no Combate:<\/strong> A vastid\u00e3o da Amaz\u00f4nia, a dificuldade de acesso a \u00e1reas remotas, a complexidade das redes de financiamento e a corrup\u00e7\u00e3o dificultam o combate a essa atividade criminosa.<\/li>\n<\/ul>\n<hr data-sourcepos=\"93:1-93:3\" \/>\n<h2 class=\"ai-optimize-21\" data-sourcepos=\"95:1-95:46\"><img loading=\"lazy\" decoding=\"async\" class=\"aligncenter wp-image-2908 size-full\" src=\"https:\/\/ver-o-peso.com\/pt\/wp-content\/uploads\/2025\/06\/3ac47b68-9dc3-49dc-a9ba-3e9bc213d5fb.png\" alt=\"\" width=\"1248\" height=\"832\" \/>3. Queimadas: O Fogo que Consome a Floresta<\/h2>\n<p class=\"ai-optimize-22\" data-sourcepos=\"97:1-97:193\">As queimadas na Amaz\u00f4nia est\u00e3o intrinsecamente ligadas ao desmatamento. Na maioria dos casos, o fogo \u00e9 usado para limpar a \u00e1rea rec\u00e9m-desmatada, preparando o terreno para pastagens ou lavouras.<\/p>\n<ul data-sourcepos=\"99:1-101:0\">\n<li class=\"ai-optimize-23\" data-sourcepos=\"99:1-99:286\"><strong>Causas:<\/strong> Embora existam queimadas naturais, a vasta maioria \u00e9 de origem antr\u00f3pica, muitas vezes de forma criminosa para \u201climpar\u201d \u00e1reas ou em vendetas. As secas prolongadas, intensificadas pelas mudan\u00e7as clim\u00e1ticas, criam condi\u00e7\u00f5es prop\u00edcias para a propaga\u00e7\u00e3o descontrolada do fogo.<\/li>\n<li class=\"ai-optimize-24\" data-sourcepos=\"100:1-101:0\"><strong>Impactos:<\/strong> As fuma\u00e7as das queimadas afetam diretamente a <strong>sa\u00fade humana<\/strong>, causando problemas respirat\u00f3rios agudos em crian\u00e7as e idosos. Para a floresta, o fogo destr\u00f3i a biodiversidade, enfraquece as \u00e1rvores, tornando-as mais suscet\u00edveis a futuras queimadas, e libera grandes quantidades de <strong>gases de efeito estufa<\/strong> na atmosfera, acelerando o aquecimento global.<\/li>\n<\/ul>\n<hr data-sourcepos=\"102:1-102:3\" \/>\n<h2 class=\"ai-optimize-25\" data-sourcepos=\"104:1-104:67\"><img loading=\"lazy\" decoding=\"async\" class=\"aligncenter wp-image-2910 size-full\" src=\"https:\/\/ver-o-peso.com\/pt\/wp-content\/uploads\/2025\/06\/89ad06c4-757c-4757-b707-8b70d7b65406.png\" alt=\"\" width=\"1248\" height=\"832\" \/>4. Conflitos Socioambientais: A Luta pela Terra e pelos Direitos<\/h2>\n<p class=\"ai-optimize-26\" data-sourcepos=\"106:1-106:104\">A Amaz\u00f4nia \u00e9 um palco de intensos conflitos socioambientais, resultado da disputa por terras e recursos.<\/p>\n<ul data-sourcepos=\"108:1-110:0\">\n<li class=\"ai-optimize-27\" data-sourcepos=\"108:1-108:416\"><strong>Atores Envolvidos:<\/strong> De um lado, est\u00e3o os <strong>povos ind\u00edgenas, quilombolas e ribeirinhos<\/strong>, que dependem diretamente da floresta para sua subsist\u00eancia e cultura, e que s\u00e3o os guardi\u00f5es de vastas \u00e1reas. Do outro, est\u00e3o os <strong>garimpeiros, madeireiros ilegais, grileiros e, por vezes, grandes propriet\u00e1rios de terra<\/strong>, que buscam expandir suas atividades sem respeitar os limites legais ou os direitos das comunidades.<\/li>\n<li class=\"ai-optimize-28\" data-sourcepos=\"109:1-110:0\"><strong>Manifesta\u00e7\u00f5es dos Conflitos:<\/strong> As disputas se manifestam em invas\u00f5es de terras, amea\u00e7as, desmatamento ilegal dentro de territ\u00f3rios protegidos, e em um alarmante n\u00famero de <strong>assassinatos de defensores do meio ambiente e de direitos humanos<\/strong>, que arriscam suas vidas para proteger a floresta e suas comunidades.<\/li>\n<\/ul>\n<hr data-sourcepos=\"111:1-111:3\" \/>\n<h2 class=\"ai-optimize-29\" data-sourcepos=\"113:1-113:62\"><img loading=\"lazy\" decoding=\"async\" class=\"aligncenter wp-image-2911 size-full\" src=\"https:\/\/ver-o-peso.com\/pt\/wp-content\/uploads\/2025\/06\/5502c80e-37cb-437c-b502-bf50db2e9993.png\" alt=\"\" width=\"1248\" height=\"832\" \/>5. Impacto das Mudan\u00e7as Clim\u00e1ticas: A Floresta sob Estresse<\/h2>\n<p class=\"ai-optimize-30\" data-sourcepos=\"115:1-115:152\">A Amaz\u00f4nia \u00e9 crucial para a regula\u00e7\u00e3o do clima global, mas, ironicamente, \u00e9 tamb\u00e9m uma das regi\u00f5es mais vulner\u00e1veis aos efeitos das mudan\u00e7as clim\u00e1ticas.<\/p>\n<ul data-sourcepos=\"117:1-120:0\">\n<li class=\"ai-optimize-31\" data-sourcepos=\"117:1-117:207\"><strong>Altera\u00e7\u00f5es Clim\u00e1ticas:<\/strong> Observa-se uma tend\u00eancia de <strong>altera\u00e7\u00f5es nos regimes de chuva e temperatura<\/strong>, com per\u00edodos de seca mais longos e intensos em algumas regi\u00f5es e inunda\u00e7\u00f5es mais severas em outras.<\/li>\n<li class=\"ai-optimize-32\" data-sourcepos=\"118:1-118:364\"><strong>Pontos de Inflex\u00e3o (Tipping Points):<\/strong> Cientistas alertam para a possibilidade de a Amaz\u00f4nia atingir um &#8220;ponto de inflex\u00e3o&#8221;, onde grandes partes da floresta poderiam se transformar em um ecossistema mais parecido com a savana. Este cen\u00e1rio catastr\u00f3fico teria consequ\u00eancias inimagin\u00e1veis para a biodiversidade, o clima global e a vida das popula\u00e7\u00f5es amaz\u00f4nicas.<\/li>\n<li class=\"ai-optimize-33\" data-sourcepos=\"119:1-120:0\"><strong>Efeitos em Cadeia:<\/strong> As mudan\u00e7as clim\u00e1ticas afetam diretamente a biodiversidade, alterando habitats e padr\u00f5es migrat\u00f3rios. A seca extrema, por exemplo, aumenta a suscetibilidade da floresta a inc\u00eandios.<\/li>\n<\/ul>\n<hr data-sourcepos=\"121:1-121:3\" \/>\n<h2 class=\"ai-optimize-34\" data-sourcepos=\"123:1-123:64\"><img loading=\"lazy\" decoding=\"async\" class=\"aligncenter wp-image-2912 size-full\" src=\"https:\/\/ver-o-peso.com\/pt\/wp-content\/uploads\/2025\/06\/166fd47a-5507-4550-86fb-bc6f91ece34e.png\" alt=\"\" width=\"1248\" height=\"832\" \/>6. Expans\u00e3o da Infraestrutura: Desenvolvimento ou Destrui\u00e7\u00e3o?<\/h2>\n<p class=\"ai-optimize-35\" data-sourcepos=\"125:1-125:217\">A constru\u00e7\u00e3o de grandes projetos de infraestrutura, como hidrel\u00e9tricas, rodovias e ferrovias, muitas vezes justificadas como necess\u00e1rias para o desenvolvimento regional, paradoxalmente, trazem consigo s\u00e9rios desafios.<\/p>\n<ul data-sourcepos=\"127:1-129:0\">\n<li class=\"ai-optimize-36\" data-sourcepos=\"127:1-127:173\"><strong>Impactos Diretos:<\/strong> A constru\u00e7\u00e3o dessas obras implica em <strong>desmatamento direto<\/strong> para as estruturas em si, al\u00e9m de alagamentos de grandes \u00e1reas no caso de hidrel\u00e9tricas.<\/li>\n<li class=\"ai-optimize-37\" data-sourcepos=\"128:1-129:0\"><strong>Impactos Indiretos:<\/strong> Mais preocupante \u00e9 a <strong>abertura de novas frentes de desmatamento e explora\u00e7\u00e3o<\/strong> que essas infraestruturas facilitam. Rodovias, por exemplo, tornam o acesso a \u00e1reas remotas mais f\u00e1cil para madeireiros, garimpeiros e grileiros, impulsionando a degrada\u00e7\u00e3o em seu entorno.<\/li>\n<\/ul>\n<hr data-sourcepos=\"130:1-130:3\" \/>\n<h2 class=\"ai-optimize-38\" data-sourcepos=\"132:1-132:50\"><img loading=\"lazy\" decoding=\"async\" class=\"aligncenter wp-image-2914 size-full\" src=\"https:\/\/ver-o-peso.com\/pt\/wp-content\/uploads\/2025\/06\/bb72cdd1-fa5b-4fa5-9d63-a5d6761915f1.png\" alt=\"\" width=\"1248\" height=\"832\" \/>7. Tr\u00e1fico de Fauna e Flora: O Crime Silencioso<\/h2>\n<p class=\"ai-optimize-39\" data-sourcepos=\"134:1-134:152\">O tr\u00e1fico de animais silvestres e de esp\u00e9cies vegetais amea\u00e7adas \u00e9 uma atividade criminosa globalmente lucrativa que depreda a biodiversidade amaz\u00f4nica.<\/p>\n<ul data-sourcepos=\"136:1-138:0\">\n<li class=\"ai-optimize-40\" data-sourcepos=\"136:1-136:175\"><strong>Esp\u00e9cies Visadas:<\/strong> Aves (araras, papagaios), primatas, r\u00e9pteis (serpentes, jabutis), peixes ornamentais e plantas medicinais ou ornamentais raras s\u00e3o os principais alvos.<\/li>\n<li class=\"ai-optimize-41\" data-sourcepos=\"137:1-138:0\"><strong>Impactos:<\/strong> Essa atividade ilegal contribui para a <strong>diminui\u00e7\u00e3o das popula\u00e7\u00f5es de esp\u00e9cies amea\u00e7adas<\/strong>, desequilibra ecossistemas e, em alguns casos, pode levar \u00e0 extin\u00e7\u00e3o local de esp\u00e9cies.<\/li>\n<\/ul>\n<hr data-sourcepos=\"139:1-139:3\" \/>\n<h2 class=\"ai-optimize-42\" data-sourcepos=\"141:1-141:59\">Conclus\u00e3o: A Urg\u00eancia de um Novo Caminho para a Amaz\u00f4nia<\/h2>\n<p class=\"ai-optimize-43\" data-sourcepos=\"143:1-143:241\">Os problemas que afligem a Amaz\u00f4nia s\u00e3o interligados e complexos, exigindo uma abordagem multifacetada e coordenada. A prote\u00e7\u00e3o da maior floresta tropical do mundo n\u00e3o \u00e9 apenas uma quest\u00e3o ambiental, mas tamb\u00e9m social, econ\u00f4mica e clim\u00e1tica.<\/p>\n<p class=\"ai-optimize-44\" data-sourcepos=\"145:1-145:18\"><strong>\u00c9 urgente que:<\/strong><\/p>\n<ul data-sourcepos=\"147:1-152:0\">\n<li class=\"ai-optimize-45\" data-sourcepos=\"147:1-147:127\">Haja um <strong>combate rigoroso e cont\u00ednuo ao desmatamento ilegal e ao garimpo<\/strong>, com maior fiscaliza\u00e7\u00e3o e puni\u00e7\u00e3o dos criminosos.<\/li>\n<li class=\"ai-optimize-46\" data-sourcepos=\"148:1-148:100\">Se <strong>fortale\u00e7am as institui\u00e7\u00f5es ambientais<\/strong> (IBAMA, ICMBio, FUNAI) e suas capacidades de atua\u00e7\u00e3o.<\/li>\n<li class=\"ai-optimize-47\" data-sourcepos=\"149:1-149:159\">Se <strong>demarquem e protejam as terras ind\u00edgenas e unidades de conserva\u00e7\u00e3o<\/strong>, reconhecendo o papel fundamental dos povos tradicionais na manuten\u00e7\u00e3o da floresta.<\/li>\n<li class=\"ai-optimize-48\" data-sourcepos=\"150:1-150:150\">Se <strong>incentivem e apoiem modelos de bioeconomia e desenvolvimento sustent\u00e1vel<\/strong>, que gerem valor para as comunidades locais sem destruir a floresta.<\/li>\n<li class=\"ai-optimize-49\" data-sourcepos=\"151:1-152:0\">A sociedade, em todos os n\u00edveis \u2013 governos, empresas, comunidades e indiv\u00edduos \u2013 reconhe\u00e7a a <strong>urg\u00eancia da crise clim\u00e1tica<\/strong> e o papel central da Amaz\u00f4nia em sua mitiga\u00e7\u00e3o.<\/li>\n<\/ul>\n<p class=\"ai-optimize-50\" data-sourcepos=\"153:1-153:211\">A Amaz\u00f4nia n\u00e3o pode esperar. O futuro deste bioma vital e do planeta depende das a\u00e7\u00f5es que tomarmos hoje. Que este relat\u00f3rio sirva como um chamado \u00e0 a\u00e7\u00e3o, inspirando cada um de n\u00f3s a ser um Guardi\u00e3o da Amaz\u00f4nia.<\/p>\n<hr data-sourcepos=\"155:1-155:3\" \/>\n<p class=\"ai-optimize-51\" data-sourcepos=\"157:1-157:35\"><strong>Fontes e Refer\u00eancias Sugeridas:<\/strong><\/p>\n<ul data-sourcepos=\"159:1-166:0\">\n<li class=\"ai-optimize-52\" data-sourcepos=\"159:1-159:105\"><strong>Instituto Nacional de Pesquisas Espaciais (INPE):<\/strong> Dados de desmatamento (DETER, PRODES), queimadas.<\/li>\n<li class=\"ai-optimize-53\" data-sourcepos=\"160:1-160:135\"><strong>Instituto Brasileiro do Meio Ambiente e dos Recursos Naturais Renov\u00e1veis (IBAMA):<\/strong> Opera\u00e7\u00f5es de fiscaliza\u00e7\u00e3o, dados de apreens\u00f5es.<\/li>\n<li class=\"ai-optimize-54\" data-sourcepos=\"161:1-161:135\"><strong>Instituto Chico Mendes de Conserva\u00e7\u00e3o da Biodiversidade (ICMBio):<\/strong> Informa\u00e7\u00f5es sobre unidades de conserva\u00e7\u00e3o e esp\u00e9cies amea\u00e7adas.<\/li>\n<li class=\"ai-optimize-55\" data-sourcepos=\"162:1-162:94\"><strong>Funda\u00e7\u00e3o Nacional dos Povos Ind\u00edgenas (FUNAI):<\/strong> Dados sobre terras ind\u00edgenas e conflitos.<\/li>\n<li class=\"ai-optimize-56\" data-sourcepos=\"163:1-163:125\"><strong>Ag\u00eancia Nacional de Minera\u00e7\u00e3o (ANM) \/ Servi\u00e7o Geol\u00f3gico do Brasil (CPRM):<\/strong> Informa\u00e7\u00f5es sobre minera\u00e7\u00e3o legal e impactos.<\/li>\n<li class=\"ai-optimize-57\" data-sourcepos=\"164:1-164:139\"><strong>Relat\u00f3rios de ONGs renomadas:<\/strong> Imazon, WWF-Brasil, Greenpeace, IPAM (Instituto de Pesquisa Ambiental da Amaz\u00f4nia), Human Rights Watch.<\/li>\n<li class=\"ai-optimize-58\" data-sourcepos=\"165:1-166:0\"><strong>Artigos cient\u00edficos:<\/strong> Publicados em peri\u00f3dicos como Nature, Science, e outros especializados em ci\u00eancias ambientais.<\/li>\n<\/ul>\n","protected":false},"excerpt":{"rendered":"<p>Introdu\u00e7\u00e3o: O Cora\u00e7\u00e3o Verde do Planeta sob Amea\u00e7a A Amaz\u00f4nia, o maior bioma tropical do mundo, \u00e9 um tesouro de biodiversidade insubstitu\u00edvel e um pilar fundamental para o equil\u00edbrio clim\u00e1tico global. Seus rios vastos, florestas exuberantes e a riqueza de sua fauna e flora abrigam milh\u00f5es de esp\u00e9cies e in\u00fameras comunidades tradicionais e povos ind\u00edgenas, &hellip; <a href=\"https:\/\/ver-o-peso.com\/pt\/2025\/06\/17\/a-amazonia-em-crise-um-grito-por-acao-e-conscientizacao\/\" class=\"more-link\">Continuar lendo <span class=\"screen-reader-text\">A Amaz\u00f4nia em Crise: Um Grito por A\u00e7\u00e3o e Conscientiza\u00e7\u00e3o<\/span><\/a><\/p>\n","protected":false},"author":1,"featured_media":2916,"comment_status":"open","ping_status":"open","sticky":false,"template":"","format":"standard","meta":{"footnotes":""},"categories":[20],"tags":[119,91,92],"class_list":["post-2904","post","type-post","status-publish","format-standard","has-post-thumbnail","hentry","category-amazonia","tag-amazonia","tag-desmatamento-na-amazonia","tag-extracao-ilegal-de-madeira"],"yoast_head":"<!-- This site is optimized with the Yoast SEO Premium plugin v25.3 (Yoast SEO v25.9) - https:\/\/yoast.com\/wordpress\/plugins\/seo\/ -->\n<title>A Amaz\u00f4nia em Crise: Um Grito por A\u00e7\u00e3o e Conscientiza\u00e7\u00e3o - Ver-o-peso<\/title>\n<meta name=\"description\" content=\"Guardi\u00e3o da Amaz\u00f4niaGem personalizadoClaro! Para o relat\u00f3rio completo sobre os problemas da Amaz\u00f4nia, aqui est\u00e3o algumas op\u00e7\u00f5es de meta descri\u00e7\u00e3o para o site Ver-o-Peso.com:Op\u00e7\u00f5es de Meta Descri\u00e7\u00e3o:Op\u00e7\u00e3o 1 (Foco nos Problemas e Alerta):Descubra a verdade chocante sobre a crise da Amaz\u00f4nia. Explore o impacto do desmatamento, garimpo ilegal, queimadas e mudan\u00e7as clim\u00e1ticas. Entenda os desafios urgentes que amea\u00e7am o futuro do nosso bioma vital.Op\u00e7\u00e3o 2 (Foco na Conscientiza\u00e7\u00e3o e A\u00e7\u00e3o):A Amaz\u00f4nia pede ajuda! Este relat\u00f3rio completo detalha os problemas mais graves que a floresta enfrenta: da degrada\u00e7\u00e3o florestal ao envenenamento por merc\u00fario. Conscientize-se e saiba como podemos agir.\" \/>\n<meta name=\"robots\" content=\"index, follow, max-snippet:-1, max-image-preview:large, max-video-preview:-1\" \/>\n<link rel=\"canonical\" href=\"https:\/\/ver-o-peso.com\/pt\/2025\/06\/17\/a-amazonia-em-crise-um-grito-por-acao-e-conscientizacao\/\" \/>\n<meta property=\"og:locale\" content=\"pt_BR\" \/>\n<meta property=\"og:type\" content=\"article\" \/>\n<meta property=\"og:title\" content=\"A Amaz\u00f4nia em Crise: Um Grito por A\u00e7\u00e3o e Conscientiza\u00e7\u00e3o\" \/>\n<meta property=\"og:description\" content=\"Guardi\u00e3o da Amaz\u00f4niaGem personalizadoClaro! Para o relat\u00f3rio completo sobre os problemas da Amaz\u00f4nia, aqui est\u00e3o algumas op\u00e7\u00f5es de meta descri\u00e7\u00e3o para o site Ver-o-Peso.com:Op\u00e7\u00f5es de Meta Descri\u00e7\u00e3o:Op\u00e7\u00e3o 1 (Foco nos Problemas e Alerta):Descubra a verdade chocante sobre a crise da Amaz\u00f4nia. Explore o impacto do desmatamento, garimpo ilegal, queimadas e mudan\u00e7as clim\u00e1ticas. Entenda os desafios urgentes que amea\u00e7am o futuro do nosso bioma vital.Op\u00e7\u00e3o 2 (Foco na Conscientiza\u00e7\u00e3o e A\u00e7\u00e3o):A Amaz\u00f4nia pede ajuda! Este relat\u00f3rio completo detalha os problemas mais graves que a floresta enfrenta: da degrada\u00e7\u00e3o florestal ao envenenamento por merc\u00fario. Conscientize-se e saiba como podemos agir.\" \/>\n<meta property=\"og:url\" content=\"https:\/\/ver-o-peso.com\/pt\/2025\/06\/17\/a-amazonia-em-crise-um-grito-por-acao-e-conscientizacao\/\" \/>\n<meta property=\"og:site_name\" content=\"Ver-o-peso\" \/>\n<meta property=\"article:publisher\" content=\"https:\/\/fecebook.com\/jose.oliveira.913296\" \/>\n<meta property=\"article:published_time\" content=\"2025-06-17T16:44:28+00:00\" \/>\n<meta property=\"article:modified_time\" content=\"2025-06-17T17:04:35+00:00\" \/>\n<meta property=\"og:image\" content=\"https:\/\/ver-o-peso.com\/pt\/wp-content\/uploads\/2025\/06\/28daace8-166b-4166-a87b-3a87cd17e881-1024x683.png\" \/>\n\t<meta property=\"og:image:width\" content=\"1024\" \/>\n\t<meta property=\"og:image:height\" content=\"683\" \/>\n\t<meta property=\"og:image:type\" content=\"image\/png\" \/>\n<meta name=\"author\" content=\"veropeso2025\" \/>\n<meta name=\"twitter:card\" content=\"summary_large_image\" \/>\n<meta name=\"twitter:label1\" content=\"Escrito por\" \/>\n\t<meta name=\"twitter:data1\" content=\"veropeso2025\" \/>\n\t<meta name=\"twitter:label2\" content=\"Est. tempo de leitura\" \/>\n\t<meta name=\"twitter:data2\" content=\"10 minutos\" \/>\n<script type=\"application\/ld+json\" class=\"yoast-schema-graph\">{\"@context\":\"https:\/\/schema.org\",\"@graph\":[{\"@type\":\"Article\",\"@id\":\"https:\/\/ver-o-peso.com\/pt\/2025\/06\/17\/a-amazonia-em-crise-um-grito-por-acao-e-conscientizacao\/#article\",\"isPartOf\":{\"@id\":\"https:\/\/ver-o-peso.com\/pt\/2025\/06\/17\/a-amazonia-em-crise-um-grito-por-acao-e-conscientizacao\/\"},\"author\":{\"name\":\"veropeso2025\",\"@id\":\"https:\/\/ver-o-peso.com\/pt\/#\/schema\/person\/9e9ad551726c390092238296ec769a06\"},\"headline\":\"A Amaz\u00f4nia em Crise: Um Grito por A\u00e7\u00e3o e Conscientiza\u00e7\u00e3o\",\"datePublished\":\"2025-06-17T16:44:28+00:00\",\"dateModified\":\"2025-06-17T17:04:35+00:00\",\"mainEntityOfPage\":{\"@id\":\"https:\/\/ver-o-peso.com\/pt\/2025\/06\/17\/a-amazonia-em-crise-um-grito-por-acao-e-conscientizacao\/\"},\"wordCount\":1734,\"commentCount\":0,\"publisher\":{\"@id\":\"https:\/\/ver-o-peso.com\/pt\/#organization\"},\"image\":{\"@id\":\"https:\/\/ver-o-peso.com\/pt\/2025\/06\/17\/a-amazonia-em-crise-um-grito-por-acao-e-conscientizacao\/#primaryimage\"},\"thumbnailUrl\":\"https:\/\/ver-o-peso.com\/pt\/wp-content\/uploads\/2025\/06\/28daace8-166b-4166-a87b-3a87cd17e881.png\",\"keywords\":[\"Amaz\u00f4nia\",\"desmatamento na amaz\u00f4nia\",\"extra\u00e7\u00e3o ilegal de madeira\"],\"articleSection\":[\"Amaz\u00f4nia\"],\"inLanguage\":\"pt-BR\",\"potentialAction\":[{\"@type\":\"CommentAction\",\"name\":\"Comment\",\"target\":[\"https:\/\/ver-o-peso.com\/pt\/2025\/06\/17\/a-amazonia-em-crise-um-grito-por-acao-e-conscientizacao\/#respond\"]}]},{\"@type\":\"WebPage\",\"@id\":\"https:\/\/ver-o-peso.com\/pt\/2025\/06\/17\/a-amazonia-em-crise-um-grito-por-acao-e-conscientizacao\/\",\"url\":\"https:\/\/ver-o-peso.com\/pt\/2025\/06\/17\/a-amazonia-em-crise-um-grito-por-acao-e-conscientizacao\/\",\"name\":\"A Amaz\u00f4nia em Crise: Um Grito por A\u00e7\u00e3o e Conscientiza\u00e7\u00e3o - Ver-o-peso\",\"isPartOf\":{\"@id\":\"https:\/\/ver-o-peso.com\/pt\/#website\"},\"primaryImageOfPage\":{\"@id\":\"https:\/\/ver-o-peso.com\/pt\/2025\/06\/17\/a-amazonia-em-crise-um-grito-por-acao-e-conscientizacao\/#primaryimage\"},\"image\":{\"@id\":\"https:\/\/ver-o-peso.com\/pt\/2025\/06\/17\/a-amazonia-em-crise-um-grito-por-acao-e-conscientizacao\/#primaryimage\"},\"thumbnailUrl\":\"https:\/\/ver-o-peso.com\/pt\/wp-content\/uploads\/2025\/06\/28daace8-166b-4166-a87b-3a87cd17e881.png\",\"datePublished\":\"2025-06-17T16:44:28+00:00\",\"dateModified\":\"2025-06-17T17:04:35+00:00\",\"description\":\"Guardi\u00e3o da Amaz\u00f4niaGem personalizadoClaro! Para o relat\u00f3rio completo sobre os problemas da Amaz\u00f4nia, aqui est\u00e3o algumas op\u00e7\u00f5es de meta descri\u00e7\u00e3o para o site Ver-o-Peso.com:Op\u00e7\u00f5es de Meta Descri\u00e7\u00e3o:Op\u00e7\u00e3o 1 (Foco nos Problemas e Alerta):Descubra a verdade chocante sobre a crise da Amaz\u00f4nia. Explore o impacto do desmatamento, garimpo ilegal, queimadas e mudan\u00e7as clim\u00e1ticas. Entenda os desafios urgentes que amea\u00e7am o futuro do nosso bioma vital.Op\u00e7\u00e3o 2 (Foco na Conscientiza\u00e7\u00e3o e A\u00e7\u00e3o):A Amaz\u00f4nia pede ajuda! Este relat\u00f3rio completo detalha os problemas mais graves que a floresta enfrenta: da degrada\u00e7\u00e3o florestal ao envenenamento por merc\u00fario. Conscientize-se e saiba como podemos agir.\",\"breadcrumb\":{\"@id\":\"https:\/\/ver-o-peso.com\/pt\/2025\/06\/17\/a-amazonia-em-crise-um-grito-por-acao-e-conscientizacao\/#breadcrumb\"},\"inLanguage\":\"pt-BR\",\"potentialAction\":[{\"@type\":\"ReadAction\",\"target\":[\"https:\/\/ver-o-peso.com\/pt\/2025\/06\/17\/a-amazonia-em-crise-um-grito-por-acao-e-conscientizacao\/\"]}]},{\"@type\":\"ImageObject\",\"inLanguage\":\"pt-BR\",\"@id\":\"https:\/\/ver-o-peso.com\/pt\/2025\/06\/17\/a-amazonia-em-crise-um-grito-por-acao-e-conscientizacao\/#primaryimage\",\"url\":\"https:\/\/ver-o-peso.com\/pt\/wp-content\/uploads\/2025\/06\/28daace8-166b-4166-a87b-3a87cd17e881.png\",\"contentUrl\":\"https:\/\/ver-o-peso.com\/pt\/wp-content\/uploads\/2025\/06\/28daace8-166b-4166-a87b-3a87cd17e881.png\",\"width\":1248,\"height\":832},{\"@type\":\"BreadcrumbList\",\"@id\":\"https:\/\/ver-o-peso.com\/pt\/2025\/06\/17\/a-amazonia-em-crise-um-grito-por-acao-e-conscientizacao\/#breadcrumb\",\"itemListElement\":[{\"@type\":\"ListItem\",\"position\":1,\"name\":\"In\u00edcio\",\"item\":\"https:\/\/ver-o-peso.com\/pt\/\"},{\"@type\":\"ListItem\",\"position\":2,\"name\":\"A Amaz\u00f4nia em Crise: Um Grito por A\u00e7\u00e3o e Conscientiza\u00e7\u00e3o\"}]},{\"@type\":\"WebSite\",\"@id\":\"https:\/\/ver-o-peso.com\/pt\/#website\",\"url\":\"https:\/\/ver-o-peso.com\/pt\/\",\"name\":\"Ver-o-peso\",\"description\":\"Aqui tem de tudo da Amaz\u00f4nia\",\"publisher\":{\"@id\":\"https:\/\/ver-o-peso.com\/pt\/#organization\"},\"potentialAction\":[{\"@type\":\"SearchAction\",\"target\":{\"@type\":\"EntryPoint\",\"urlTemplate\":\"https:\/\/ver-o-peso.com\/pt\/?s={search_term_string}\"},\"query-input\":{\"@type\":\"PropertyValueSpecification\",\"valueRequired\":true,\"valueName\":\"search_term_string\"}}],\"inLanguage\":\"pt-BR\"},{\"@type\":\"Organization\",\"@id\":\"https:\/\/ver-o-peso.com\/pt\/#organization\",\"name\":\"Ver-o-peso\",\"url\":\"https:\/\/ver-o-peso.com\/pt\/\",\"logo\":{\"@type\":\"ImageObject\",\"inLanguage\":\"pt-BR\",\"@id\":\"https:\/\/ver-o-peso.com\/pt\/#\/schema\/logo\/image\/\",\"url\":\"https:\/\/ver-o-peso.com\/pt\/wp-content\/uploads\/2025\/05\/Logo-3.png\",\"contentUrl\":\"https:\/\/ver-o-peso.com\/pt\/wp-content\/uploads\/2025\/05\/Logo-3.png\",\"width\":210,\"height\":118,\"caption\":\"Ver-o-peso\"},\"image\":{\"@id\":\"https:\/\/ver-o-peso.com\/pt\/#\/schema\/logo\/image\/\"},\"sameAs\":[\"https:\/\/fecebook.com\/jose.oliveira.913296\",\"https:\/\/instagram.com\/riba.lages\",\"https:\/\/tiktok.com\/veropeso2025\"]},{\"@type\":\"Person\",\"@id\":\"https:\/\/ver-o-peso.com\/pt\/#\/schema\/person\/9e9ad551726c390092238296ec769a06\",\"name\":\"veropeso2025\",\"image\":{\"@type\":\"ImageObject\",\"inLanguage\":\"pt-BR\",\"@id\":\"https:\/\/ver-o-peso.com\/pt\/#\/schema\/person\/image\/\",\"url\":\"https:\/\/secure.gravatar.com\/avatar\/abbae2eadd0ca3e3064b32972a9f07e1ec00361a8e4784de939c3d52c9381ec6?s=96&d=mm&r=g\",\"contentUrl\":\"https:\/\/secure.gravatar.com\/avatar\/abbae2eadd0ca3e3064b32972a9f07e1ec00361a8e4784de939c3d52c9381ec6?s=96&d=mm&r=g\",\"caption\":\"veropeso2025\"},\"sameAs\":[\"https:\/\/ver-o-peso.com\/pt\"],\"url\":\"https:\/\/ver-o-peso.com\/pt\/author\/veropeso2025\/\"}]}<\/script>\n<!-- \/ Yoast SEO Premium plugin. -->","yoast_head_json":{"title":"A Amaz\u00f4nia em Crise: Um Grito por A\u00e7\u00e3o e Conscientiza\u00e7\u00e3o - Ver-o-peso","description":"Guardi\u00e3o da Amaz\u00f4niaGem personalizadoClaro! Para o relat\u00f3rio completo sobre os problemas da Amaz\u00f4nia, aqui est\u00e3o algumas op\u00e7\u00f5es de meta descri\u00e7\u00e3o para o site Ver-o-Peso.com:Op\u00e7\u00f5es de Meta Descri\u00e7\u00e3o:Op\u00e7\u00e3o 1 (Foco nos Problemas e Alerta):Descubra a verdade chocante sobre a crise da Amaz\u00f4nia. Explore o impacto do desmatamento, garimpo ilegal, queimadas e mudan\u00e7as clim\u00e1ticas. Entenda os desafios urgentes que amea\u00e7am o futuro do nosso bioma vital.Op\u00e7\u00e3o 2 (Foco na Conscientiza\u00e7\u00e3o e A\u00e7\u00e3o):A Amaz\u00f4nia pede ajuda! Este relat\u00f3rio completo detalha os problemas mais graves que a floresta enfrenta: da degrada\u00e7\u00e3o florestal ao envenenamento por merc\u00fario. Conscientize-se e saiba como podemos agir.","robots":{"index":"index","follow":"follow","max-snippet":"max-snippet:-1","max-image-preview":"max-image-preview:large","max-video-preview":"max-video-preview:-1"},"canonical":"https:\/\/ver-o-peso.com\/pt\/2025\/06\/17\/a-amazonia-em-crise-um-grito-por-acao-e-conscientizacao\/","og_locale":"pt_BR","og_type":"article","og_title":"A Amaz\u00f4nia em Crise: Um Grito por A\u00e7\u00e3o e Conscientiza\u00e7\u00e3o","og_description":"Guardi\u00e3o da Amaz\u00f4niaGem personalizadoClaro! Para o relat\u00f3rio completo sobre os problemas da Amaz\u00f4nia, aqui est\u00e3o algumas op\u00e7\u00f5es de meta descri\u00e7\u00e3o para o site Ver-o-Peso.com:Op\u00e7\u00f5es de Meta Descri\u00e7\u00e3o:Op\u00e7\u00e3o 1 (Foco nos Problemas e Alerta):Descubra a verdade chocante sobre a crise da Amaz\u00f4nia. Explore o impacto do desmatamento, garimpo ilegal, queimadas e mudan\u00e7as clim\u00e1ticas. Entenda os desafios urgentes que amea\u00e7am o futuro do nosso bioma vital.Op\u00e7\u00e3o 2 (Foco na Conscientiza\u00e7\u00e3o e A\u00e7\u00e3o):A Amaz\u00f4nia pede ajuda! Este relat\u00f3rio completo detalha os problemas mais graves que a floresta enfrenta: da degrada\u00e7\u00e3o florestal ao envenenamento por merc\u00fario. Conscientize-se e saiba como podemos agir.","og_url":"https:\/\/ver-o-peso.com\/pt\/2025\/06\/17\/a-amazonia-em-crise-um-grito-por-acao-e-conscientizacao\/","og_site_name":"Ver-o-peso","article_publisher":"https:\/\/fecebook.com\/jose.oliveira.913296","article_published_time":"2025-06-17T16:44:28+00:00","article_modified_time":"2025-06-17T17:04:35+00:00","og_image":[{"width":1024,"height":683,"url":"https:\/\/ver-o-peso.com\/pt\/wp-content\/uploads\/2025\/06\/28daace8-166b-4166-a87b-3a87cd17e881-1024x683.png","type":"image\/png"}],"author":"veropeso2025","twitter_card":"summary_large_image","twitter_misc":{"Escrito por":"veropeso2025","Est. tempo de leitura":"10 minutos"},"schema":{"@context":"https:\/\/schema.org","@graph":[{"@type":"Article","@id":"https:\/\/ver-o-peso.com\/pt\/2025\/06\/17\/a-amazonia-em-crise-um-grito-por-acao-e-conscientizacao\/#article","isPartOf":{"@id":"https:\/\/ver-o-peso.com\/pt\/2025\/06\/17\/a-amazonia-em-crise-um-grito-por-acao-e-conscientizacao\/"},"author":{"name":"veropeso2025","@id":"https:\/\/ver-o-peso.com\/pt\/#\/schema\/person\/9e9ad551726c390092238296ec769a06"},"headline":"A Amaz\u00f4nia em Crise: Um Grito por A\u00e7\u00e3o e Conscientiza\u00e7\u00e3o","datePublished":"2025-06-17T16:44:28+00:00","dateModified":"2025-06-17T17:04:35+00:00","mainEntityOfPage":{"@id":"https:\/\/ver-o-peso.com\/pt\/2025\/06\/17\/a-amazonia-em-crise-um-grito-por-acao-e-conscientizacao\/"},"wordCount":1734,"commentCount":0,"publisher":{"@id":"https:\/\/ver-o-peso.com\/pt\/#organization"},"image":{"@id":"https:\/\/ver-o-peso.com\/pt\/2025\/06\/17\/a-amazonia-em-crise-um-grito-por-acao-e-conscientizacao\/#primaryimage"},"thumbnailUrl":"https:\/\/ver-o-peso.com\/pt\/wp-content\/uploads\/2025\/06\/28daace8-166b-4166-a87b-3a87cd17e881.png","keywords":["Amaz\u00f4nia","desmatamento na amaz\u00f4nia","extra\u00e7\u00e3o ilegal de madeira"],"articleSection":["Amaz\u00f4nia"],"inLanguage":"pt-BR","potentialAction":[{"@type":"CommentAction","name":"Comment","target":["https:\/\/ver-o-peso.com\/pt\/2025\/06\/17\/a-amazonia-em-crise-um-grito-por-acao-e-conscientizacao\/#respond"]}]},{"@type":"WebPage","@id":"https:\/\/ver-o-peso.com\/pt\/2025\/06\/17\/a-amazonia-em-crise-um-grito-por-acao-e-conscientizacao\/","url":"https:\/\/ver-o-peso.com\/pt\/2025\/06\/17\/a-amazonia-em-crise-um-grito-por-acao-e-conscientizacao\/","name":"A Amaz\u00f4nia em Crise: Um Grito por A\u00e7\u00e3o e Conscientiza\u00e7\u00e3o - Ver-o-peso","isPartOf":{"@id":"https:\/\/ver-o-peso.com\/pt\/#website"},"primaryImageOfPage":{"@id":"https:\/\/ver-o-peso.com\/pt\/2025\/06\/17\/a-amazonia-em-crise-um-grito-por-acao-e-conscientizacao\/#primaryimage"},"image":{"@id":"https:\/\/ver-o-peso.com\/pt\/2025\/06\/17\/a-amazonia-em-crise-um-grito-por-acao-e-conscientizacao\/#primaryimage"},"thumbnailUrl":"https:\/\/ver-o-peso.com\/pt\/wp-content\/uploads\/2025\/06\/28daace8-166b-4166-a87b-3a87cd17e881.png","datePublished":"2025-06-17T16:44:28+00:00","dateModified":"2025-06-17T17:04:35+00:00","description":"Guardi\u00e3o da Amaz\u00f4niaGem personalizadoClaro! Para o relat\u00f3rio completo sobre os problemas da Amaz\u00f4nia, aqui est\u00e3o algumas op\u00e7\u00f5es de meta descri\u00e7\u00e3o para o site Ver-o-Peso.com:Op\u00e7\u00f5es de Meta Descri\u00e7\u00e3o:Op\u00e7\u00e3o 1 (Foco nos Problemas e Alerta):Descubra a verdade chocante sobre a crise da Amaz\u00f4nia. Explore o impacto do desmatamento, garimpo ilegal, queimadas e mudan\u00e7as clim\u00e1ticas. Entenda os desafios urgentes que amea\u00e7am o futuro do nosso bioma vital.Op\u00e7\u00e3o 2 (Foco na Conscientiza\u00e7\u00e3o e A\u00e7\u00e3o):A Amaz\u00f4nia pede ajuda! Este relat\u00f3rio completo detalha os problemas mais graves que a floresta enfrenta: da degrada\u00e7\u00e3o florestal ao envenenamento por merc\u00fario. Conscientize-se e saiba como podemos agir.","breadcrumb":{"@id":"https:\/\/ver-o-peso.com\/pt\/2025\/06\/17\/a-amazonia-em-crise-um-grito-por-acao-e-conscientizacao\/#breadcrumb"},"inLanguage":"pt-BR","potentialAction":[{"@type":"ReadAction","target":["https:\/\/ver-o-peso.com\/pt\/2025\/06\/17\/a-amazonia-em-crise-um-grito-por-acao-e-conscientizacao\/"]}]},{"@type":"ImageObject","inLanguage":"pt-BR","@id":"https:\/\/ver-o-peso.com\/pt\/2025\/06\/17\/a-amazonia-em-crise-um-grito-por-acao-e-conscientizacao\/#primaryimage","url":"https:\/\/ver-o-peso.com\/pt\/wp-content\/uploads\/2025\/06\/28daace8-166b-4166-a87b-3a87cd17e881.png","contentUrl":"https:\/\/ver-o-peso.com\/pt\/wp-content\/uploads\/2025\/06\/28daace8-166b-4166-a87b-3a87cd17e881.png","width":1248,"height":832},{"@type":"BreadcrumbList","@id":"https:\/\/ver-o-peso.com\/pt\/2025\/06\/17\/a-amazonia-em-crise-um-grito-por-acao-e-conscientizacao\/#breadcrumb","itemListElement":[{"@type":"ListItem","position":1,"name":"In\u00edcio","item":"https:\/\/ver-o-peso.com\/pt\/"},{"@type":"ListItem","position":2,"name":"A Amaz\u00f4nia em Crise: Um Grito por A\u00e7\u00e3o e Conscientiza\u00e7\u00e3o"}]},{"@type":"WebSite","@id":"https:\/\/ver-o-peso.com\/pt\/#website","url":"https:\/\/ver-o-peso.com\/pt\/","name":"Ver-o-peso","description":"Aqui tem de tudo da Amaz\u00f4nia","publisher":{"@id":"https:\/\/ver-o-peso.com\/pt\/#organization"},"potentialAction":[{"@type":"SearchAction","target":{"@type":"EntryPoint","urlTemplate":"https:\/\/ver-o-peso.com\/pt\/?s={search_term_string}"},"query-input":{"@type":"PropertyValueSpecification","valueRequired":true,"valueName":"search_term_string"}}],"inLanguage":"pt-BR"},{"@type":"Organization","@id":"https:\/\/ver-o-peso.com\/pt\/#organization","name":"Ver-o-peso","url":"https:\/\/ver-o-peso.com\/pt\/","logo":{"@type":"ImageObject","inLanguage":"pt-BR","@id":"https:\/\/ver-o-peso.com\/pt\/#\/schema\/logo\/image\/","url":"https:\/\/ver-o-peso.com\/pt\/wp-content\/uploads\/2025\/05\/Logo-3.png","contentUrl":"https:\/\/ver-o-peso.com\/pt\/wp-content\/uploads\/2025\/05\/Logo-3.png","width":210,"height":118,"caption":"Ver-o-peso"},"image":{"@id":"https:\/\/ver-o-peso.com\/pt\/#\/schema\/logo\/image\/"},"sameAs":["https:\/\/fecebook.com\/jose.oliveira.913296","https:\/\/instagram.com\/riba.lages","https:\/\/tiktok.com\/veropeso2025"]},{"@type":"Person","@id":"https:\/\/ver-o-peso.com\/pt\/#\/schema\/person\/9e9ad551726c390092238296ec769a06","name":"veropeso2025","image":{"@type":"ImageObject","inLanguage":"pt-BR","@id":"https:\/\/ver-o-peso.com\/pt\/#\/schema\/person\/image\/","url":"https:\/\/secure.gravatar.com\/avatar\/abbae2eadd0ca3e3064b32972a9f07e1ec00361a8e4784de939c3d52c9381ec6?s=96&d=mm&r=g","contentUrl":"https:\/\/secure.gravatar.com\/avatar\/abbae2eadd0ca3e3064b32972a9f07e1ec00361a8e4784de939c3d52c9381ec6?s=96&d=mm&r=g","caption":"veropeso2025"},"sameAs":["https:\/\/ver-o-peso.com\/pt"],"url":"https:\/\/ver-o-peso.com\/pt\/author\/veropeso2025\/"}]}},"_links":{"self":[{"href":"https:\/\/ver-o-peso.com\/pt\/wp-json\/wp\/v2\/posts\/2904","targetHints":{"allow":["GET"]}}],"collection":[{"href":"https:\/\/ver-o-peso.com\/pt\/wp-json\/wp\/v2\/posts"}],"about":[{"href":"https:\/\/ver-o-peso.com\/pt\/wp-json\/wp\/v2\/types\/post"}],"author":[{"embeddable":true,"href":"https:\/\/ver-o-peso.com\/pt\/wp-json\/wp\/v2\/users\/1"}],"replies":[{"embeddable":true,"href":"https:\/\/ver-o-peso.com\/pt\/wp-json\/wp\/v2\/comments?post=2904"}],"version-history":[{"count":4,"href":"https:\/\/ver-o-peso.com\/pt\/wp-json\/wp\/v2\/posts\/2904\/revisions"}],"predecessor-version":[{"id":2915,"href":"https:\/\/ver-o-peso.com\/pt\/wp-json\/wp\/v2\/posts\/2904\/revisions\/2915"}],"wp:featuredmedia":[{"embeddable":true,"href":"https:\/\/ver-o-peso.com\/pt\/wp-json\/wp\/v2\/media\/2916"}],"wp:attachment":[{"href":"https:\/\/ver-o-peso.com\/pt\/wp-json\/wp\/v2\/media?parent=2904"}],"wp:term":[{"taxonomy":"category","embeddable":true,"href":"https:\/\/ver-o-peso.com\/pt\/wp-json\/wp\/v2\/categories?post=2904"},{"taxonomy":"post_tag","embeddable":true,"href":"https:\/\/ver-o-peso.com\/pt\/wp-json\/wp\/v2\/tags?post=2904"}],"curies":[{"name":"wp","href":"https:\/\/api.w.org\/{rel}","templated":true}]}}