{"id":2917,"date":"2025-06-17T17:13:10","date_gmt":"2025-06-17T20:13:10","guid":{"rendered":"https:\/\/ver-o-peso.com\/pt\/?p=2917"},"modified":"2025-06-17T14:13:32","modified_gmt":"2025-06-17T17:13:32","slug":"cirio-de-nazare-a-maior-romaria-de-fe-e-devocao-da-amazonia","status":"publish","type":"post","link":"https:\/\/ver-o-peso.com\/pt\/2025\/06\/17\/cirio-de-nazare-a-maior-romaria-de-fe-e-devocao-da-amazonia\/","title":{"rendered":"C\u00edrio de Nazar\u00e9: A Maior Romaria de F\u00e9 e Devo\u00e7\u00e3o da Amaz\u00f4nia"},"content":{"rendered":"<div class=\"styled-container\">\n<section id=\"introduction\">\n<p>No segundo domingo de outubro, as ruas de Bel\u00e9m do Par\u00e1 se transformam em um imenso rio de f\u00e9 e devo\u00e7\u00e3o. Mais de 2 milh\u00f5es de pessoas se re\u00fanem para celebrar o C\u00edrio de Nazar\u00e9, a maior prociss\u00e3o cat\u00f3lica do Brasil e uma das maiores manifesta\u00e7\u00f5es religiosas do mundo. Este evento centen\u00e1rio n\u00e3o \u00e9 apenas uma express\u00e3o de religiosidade, mas tamb\u00e9m um s\u00edmbolo da identidade cultural amaz\u00f4nica que transcende fronteiras e une gera\u00e7\u00f5es em torno da devo\u00e7\u00e3o \u00e0 Nossa Senhora de Nazar\u00e9.<\/p>\n<div class=\"img-container\">\n<p class=\"img-caption\">A prociss\u00e3o do C\u00edrio de Nazar\u00e9 re\u00fane mais de 2 milh\u00f5es de fi\u00e9is nas ruas de Bel\u00e9m<\/p>\n<\/p><\/div>\n<\/section>\n<section id=\"history\">\n<h2>Hist\u00f3ria da Devo\u00e7\u00e3o<\/h2>\n<p>A hist\u00f3ria do C\u00edrio de Nazar\u00e9 remonta ao ano de 1700, quando um humilde caboclo chamado Pl\u00e1cido Jos\u00e9 de Souza encontrou uma pequena imagem de Nossa Senhora \u00e0s margens de um igarap\u00e9, na regi\u00e3o que hoje conhecemos como o bairro de Nazar\u00e9, em Bel\u00e9m. Segundo a tradi\u00e7\u00e3o, ap\u00f3s levar a imagem para sua casa, Pl\u00e1cido descobriu que ela misteriosamente desaparecia durante a noite, apenas para ser encontrada novamente no mesmo local do achado inicial.<\/p>\n<p>Este fen\u00f4meno repetiu-se por v\u00e1rias vezes, levando Pl\u00e1cido a compreender que deveria construir uma pequena ermida no local onde a imagem sempre reaparecia. A not\u00edcia do &#8220;achado&#8221; e dos eventos misteriosos se espalhou rapidamente, atraindo devotos que come\u00e7aram a deixar velas, ex-votos e outras oferendas no local.<\/p>\n<div class=\"img-container\">\n    <img loading=\"lazy\" decoding=\"async\" src=\"https:\/\/ver-o-peso.com\/pt\/wp-content\/uploads\/2025\/06\/Imagem-original-de-Nossa-Senhora-de-Nazare-encontrada-por-Placido-em-1700-1024x1024.jpeg\" alt=\"Imagem original de Nossa Senhora de Nazar\u00e9 encontrada por Pl\u00e1cido em 1700\" title=\"Imagem original de Nossa Senhora de Nazar\u00e9 encontrada por Pl\u00e1cido em 1700\" width=\"660\" height=\"660\" class=\"aligncenter size-large wp-image-2919\" \/><\/p>\n<p class=\"img-caption\">Imagem original de Nossa Senhora de Nazar\u00e9, encontrada por Pl\u00e1cido em 1700<\/p>\n<\/p><\/div>\n<h3>O Primeiro C\u00edrio<\/h3>\n<p>O primeiro C\u00edrio de Nazar\u00e9 oficial ocorreu em 8 de setembro de 1793, organizado pelo ent\u00e3o governador do Gr\u00e3o-Par\u00e1 e Rio Negro, Francisco de Souza Coutinho. Ap\u00f3s adoecer, o governador prometeu que, se recebesse a gra\u00e7a da cura, organizaria uma grande prociss\u00e3o em homenagem \u00e0 Nossa Senhora. Recuperado, ele cumpriu sua promessa, instituindo a prociss\u00e3o que levou a imagem do Pal\u00e1cio do Governo at\u00e9 a ermida no Largo de Nazar\u00e9.<\/p>\n<p>O nome &#8220;C\u00edrio&#8221; deriva do latim &#8220;cereus&#8221;, que significa grande vela de cera. Isso porque, originalmente, a prociss\u00e3o acontecia \u00e0 tarde e terminava ao anoitecer, quando os fi\u00e9is acendiam velas para iluminar o caminho na Bel\u00e9m do s\u00e9culo XVIII, ainda sem ilumina\u00e7\u00e3o p\u00fablica.<\/p>\n<div class=\"blockquote\">\n<p>&#8220;O C\u00edrio \u00e9 apenas a cereja do bolo. O nosso trabalho na guarda \u00e9 dia a dia na Bas\u00edlica e nas comunidades. Essa prepara\u00e7\u00e3o \u00e9 feita diariamente nas missas, nas nossas ora\u00e7\u00f5es, nas nossas espiritualidades.&#8221;<\/p>\n<p class=\"blockquote-author\">Oscar Pimenta, membro da Guarda de Nazar\u00e9<\/p>\n<\/p><\/div>\n<\/section>\n<section id=\"procession\">\n<h2>A Prociss\u00e3o: Um Mar de F\u00e9<\/h2>\n<p>Atualmente, o C\u00edrio de Nazar\u00e9 n\u00e3o se resume a uma \u00fanica prociss\u00e3o, mas a um conjunto de 14 romarias oficiais que acontecem ao longo do m\u00eas de outubro, conhecido como &#8220;Quadra Nazarena&#8221;. No entanto, a Grande Romaria do segundo domingo de outubro continua sendo o momento mais aguardado e emocionante das festividades.<\/p>\n<div class=\"img-container\">\n    <img loading=\"lazy\" decoding=\"async\" src=\"https:\/\/ver-o-peso.com\/pt\/wp-content\/uploads\/2025\/06\/Vista-aerea-da-procissao-do-Cirio-de-Nazare-mostrando-o-percurso-da-Catedral-da-Se-ate-a-1024x1024.jpeg\" alt=\"Vista a\u00e9rea da prociss\u00e3o do C\u00edrio de Nazar\u00e9 mostrando o percurso da Catedral da S\u00e9 at\u00e9 a Bas\u00edlica Santu\u00e1rio\" title=\"Vista a\u00e9rea da prociss\u00e3o do C\u00edrio de Nazar\u00e9 mostrando o percurso da Catedral da S\u00e9 at\u00e9 a Bas\u00edlica Santu\u00e1rio\" width=\"660\" height=\"660\" class=\"aligncenter size-large wp-image-2920\" \/><\/p>\n<p class=\"img-caption\">O percurso da prociss\u00e3o principal vai da Catedral da S\u00e9 at\u00e9 a Bas\u00edlica Santu\u00e1rio de Nazar\u00e9<\/p>\n<\/p><\/div>\n<h3>Principais Romarias<\/h3>\n<div class=\"two-columns\">\n<div>\n<ul class=\"custom-list\">\n<li><strong>Traslado:<\/strong> Primeiro percurso da imagem, da Bas\u00edlica at\u00e9 a Igreja de Nossa Senhora das Gra\u00e7as em Ananindeua.<\/li>\n<li><strong>Romaria Rodovi\u00e1ria:<\/strong> Leva a imagem de Ananindeua at\u00e9 a Vila de Icoaraci.<\/li>\n<li><strong>Romaria Fluvial:<\/strong> A imagem segue de barco pela Ba\u00eda do Guajar\u00e1, de Icoaraci at\u00e9 o porto de Bel\u00e9m.<\/li>\n<li><strong>Moto-romaria:<\/strong> Prociss\u00e3o com motocicletas que leva a imagem da Esta\u00e7\u00e3o das Docas at\u00e9 o Col\u00e9gio Gentil Bittencourt.<\/li>\n<\/ul><\/div>\n<div>\n<ul class=\"custom-list\">\n<li><strong>Traslada\u00e7\u00e3o:<\/strong> Ocorre na v\u00e9spera do C\u00edrio, levando a imagem do Col\u00e9gio Gentil Bittencourt at\u00e9 a Catedral da S\u00e9.<\/li>\n<li><strong>Prociss\u00e3o do C\u00edrio:<\/strong> A principal romaria, que sai da Catedral da S\u00e9 at\u00e9 a Bas\u00edlica Santu\u00e1rio.<\/li>\n<li><strong>Rec\u00edrio:<\/strong> Prociss\u00e3o de despedida que ocorre duas semanas ap\u00f3s o C\u00edrio, quando a imagem original retorna ao altar da Bas\u00edlica.<\/li>\n<\/ul><\/div><\/div>\n<h3>A Corda: O Cord\u00e3o Umbilical da F\u00e9<\/h3>\n<p>Um dos elementos mais emblem\u00e1ticos do C\u00edrio de Nazar\u00e9 \u00e9 a famosa corda, que se tornou parte da prociss\u00e3o em 1885. Naquele ano, uma enchente alagou o trajeto da prociss\u00e3o, fazendo com que a berlinda ficasse atolada. Os cavalos foram desatrelados e uma corda foi utilizada pelos fi\u00e9is para puxar a berlinda. Desde ent\u00e3o, a corda tornou-se um s\u00edmbolo de liga\u00e7\u00e3o entre os devotos e Nossa Senhora.<\/p>\n<div class=\"img-container\">\n    <img loading=\"lazy\" decoding=\"async\" src=\"https:\/\/ver-o-peso.com\/pt\/wp-content\/uploads\/2025\/06\/Fieis-segurando-a-corda-do-Cirio-de-Nazare-durante-a-procissao-1024x1024.jpeg\" alt=\"Fi\u00e9is segurando a corda do C\u00edrio de Nazar\u00e9 durante a prociss\u00e3o\" title=\"Fi\u00e9is segurando a corda do C\u00edrio de Nazar\u00e9 durante a prociss\u00e3o\" width=\"660\" height=\"660\" class=\"aligncenter size-large wp-image-2921\" \/><\/p>\n<p class=\"img-caption\">A corda do C\u00edrio, com 400 metros de comprimento, \u00e9 disputada por milhares de promesseiros<\/p>\n<\/p><\/div>\n<p>Com 400 metros de comprimento e pesando cerca de 700 quilos, a corda \u00e9 atrelada \u00e0 berlinda e disputada por milhares de promesseiros que fazem quest\u00e3o de &#8220;pagar promessa&#8221; segurando-a durante o percurso. Para muitos devotos, a corda representa um &#8220;cord\u00e3o umbilical&#8221; que os liga \u00e0 Santa, invertendo simbolicamente a rela\u00e7\u00e3o m\u00e3e-filho: s\u00e3o os filhos que conduzem a m\u00e3e pelas ruas de Bel\u00e9m.<\/p>\n<div class=\"blockquote\">\n<p>&#8220;Eu me emociono s\u00f3 de imaginar em perder a minha m\u00e3e. Mas, gra\u00e7as a Deus, eu tenho uma outra m\u00e3e, que tamb\u00e9m se chama Maria, que cuida de mim l\u00e1 de cima. S\u00e3o essas duas Marias que me d\u00e3o for\u00e7a pra continuar e repetir este gesto de f\u00e9 e devo\u00e7\u00e3o por quase 15 anos. \u00c9 um sentimento que n\u00e3o tem explica\u00e7\u00e3o.&#8221;<\/p>\n<p class=\"blockquote-author\">Tom Vilhena, promesseiro que h\u00e1 15 anos acompanha o C\u00edrio &#8220;na corda&#8221;<\/p>\n<\/p><\/div>\n<p>Desde 2023, a corda do C\u00edrio passou a ser produzida no pr\u00f3prio estado do Par\u00e1, utilizando fibras de malva e juta cultivadas na regi\u00e3o amaz\u00f4nica, substituindo o sisal anteriormente importado de Santa Catarina. Esta mudan\u00e7a n\u00e3o apenas valoriza a produ\u00e7\u00e3o local, mas tamb\u00e9m proporciona maior conforto aos promesseiros, j\u00e1 que estas fibras s\u00e3o mais macias e causam menos ferimentos nas m\u00e3os dos devotos.<\/p>\n<\/section>\n<section id=\"symbols\">\n<h2>S\u00edmbolos do C\u00edrio de Nazar\u00e9<\/h2>\n<p>Al\u00e9m da corda, outros elementos simb\u00f3licos fazem parte da rica tradi\u00e7\u00e3o do C\u00edrio de Nazar\u00e9, cada um carregando significados profundos para os devotos:<\/p>\n<div class=\"three-columns\">\n<div class=\"column-card\">\n<h3>Berlinda<\/h3>\n<div class=\"img-container\">\n        <img loading=\"lazy\" decoding=\"async\" src=\"https:\/\/ver-o-peso.com\/pt\/wp-content\/uploads\/2025\/06\/Berlinda-do-Cirio-de-Nazare-decorada-com-flores-que-transporta-a-imagem-de-Nossa-Senhora-1024x1024.jpeg\" alt=\"Berlinda do C\u00edrio de Nazar\u00e9 decorada com flores que transporta a imagem de Nossa Senhora\" title=\"Berlinda do C\u00edrio de Nazar\u00e9 decorada com flores que transporta a imagem de Nossa Senhora\" width=\"660\" height=\"660\" class=\"aligncenter size-large wp-image-2922\" \/>\n      <\/div>\n<p>Esp\u00e9cie de pequeno santu\u00e1rio m\u00f3vel onde \u00e9 transportada a imagem de Nossa Senhora. Ricamente decorada com flores naturais, a berlinda passou a fazer parte do C\u00edrio em 1882 e \u00e9 um dos s\u00edmbolos mais importantes da prociss\u00e3o.<\/p>\n<\/p><\/div>\n<div class=\"column-card\">\n<h3>Manto<\/h3>\n<div class=\"img-container\">\n        <img loading=\"lazy\" decoding=\"async\" src=\"https:\/\/ver-o-peso.com\/pt\/wp-content\/uploads\/2025\/06\/Manto-que-adorna-a-imagem-de-Nossa-Senhora-de-Nazare-durante-o-Cirio-1024x1024.jpeg\" alt=\"Manto que adorna a imagem de Nossa Senhora de Nazar\u00e9 durante o C\u00edrio\" title=\"Manto que adorna a imagem de Nossa Senhora de Nazar\u00e9 durante o C\u00edrio\" width=\"660\" height=\"660\" class=\"aligncenter size-large wp-image-2923\" \/>\n      <\/div>\n<p>A cada ano, a imagem de Nossa Senhora recebe um novo manto, confeccionado especialmente para a ocasi\u00e3o. A pe\u00e7a \u00e9 produzida com base em doa\u00e7\u00f5es e geralmente inspirada em trechos do Evangelho, simbolizando a renova\u00e7\u00e3o da f\u00e9.<\/p>\n<\/p><\/div>\n<div class=\"column-card\">\n<h3>Carros de Promessas<\/h3>\n<div class=\"img-container\">\n        <img loading=\"lazy\" decoding=\"async\" src=\"https:\/\/ver-o-peso.com\/pt\/wp-content\/uploads\/2025\/06\/Carro-de-promessas-do-Cirio-de-Nazare-carregado-com-ex-votos-e-objetos-de-cera-1024x1024.jpeg\" alt=\"Carro de promessas do C\u00edrio de Nazar\u00e9 carregado com ex-votos e objetos de cera\" title=\"Carro de promessas do C\u00edrio de Nazar\u00e9 carregado com ex-votos e objetos de cera\" width=\"660\" height=\"660\" class=\"aligncenter size-large wp-image-2924\" \/>\n      <\/div>\n<p>Ve\u00edculos que transportam ex-votos (objetos de cera como casas, partes do corpo, barcos) oferecidos pelos fi\u00e9is como agradecimento por gra\u00e7as alcan\u00e7adas. Representam a materializa\u00e7\u00e3o da gratid\u00e3o dos devotos.<\/p>\n<\/p><\/div><\/div>\n<h3>Arraial de Nazar\u00e9<\/h3>\n<p>Tradi\u00e7\u00e3o que come\u00e7ou na primeira edi\u00e7\u00e3o do C\u00edrio em 1793, o Arraial de Nazar\u00e9 era originalmente uma feira de produtos agr\u00edcolas. Hoje, transformou-se em um grande parque de divers\u00f5es com barracas de artesanato, comidas t\u00edpicas e brinquedos, localizado pr\u00f3ximo \u00e0 Bas\u00edlica Santu\u00e1rio, onde os fi\u00e9is podem confraternizar ap\u00f3s as celebra\u00e7\u00f5es religiosas.<\/p>\n<div class=\"img-container\">\n    <img loading=\"lazy\" decoding=\"async\" src=\"https:\/\/ver-o-peso.com\/pt\/wp-content\/uploads\/2025\/06\/Arraial-de-Nazare-com-barracas-de-comidas-tipicas-e-parque-de-diversoes-proximo-a-Basilica-1024x1024.jpeg\" alt=\"Arraial de Nazar\u00e9 com barracas de comidas t\u00edpicas e parque de divers\u00f5es pr\u00f3ximo \u00e0 Bas\u00edlica\" title=\"Arraial de Nazar\u00e9 com barracas de comidas t\u00edpicas e parque de divers\u00f5es pr\u00f3ximo \u00e0 Bas\u00edlica\" width=\"660\" height=\"660\" class=\"aligncenter size-large wp-image-2925\" \/><\/p>\n<p class=\"img-caption\">O Arraial de Nazar\u00e9 \u00e9 um espa\u00e7o de confraterniza\u00e7\u00e3o e celebra\u00e7\u00e3o da cultura paraense<\/p>\n<\/p><\/div>\n<\/section>\n<section id=\"cultural-identity\">\n<h2>F\u00e9 e Identidade Cultural<\/h2>\n<p>O C\u00edrio de Nazar\u00e9 transcende o aspecto puramente religioso, constituindo-se como uma express\u00e3o genu\u00edna da identidade cultural amaz\u00f4nica. A festa une elementos da tradi\u00e7\u00e3o cat\u00f3lica com manifesta\u00e7\u00f5es culturais t\u00edpicas da regi\u00e3o, criando uma celebra\u00e7\u00e3o \u00fanica que reflete a alma do povo paraense.<\/p>\n<h3>Gastronomia do C\u00edrio<\/h3>\n<p>A culin\u00e1ria \u00e9 um aspecto fundamental das celebra\u00e7\u00f5es do C\u00edrio. Durante a quadra nazarena, as fam\u00edlias paraenses se re\u00fanem em torno de pratos tradicionais como a mani\u00e7oba (folhas da mandioca cozidas por sete dias com carnes diversas) e o pato no tucupi (pato assado servido com molho de tucupi, extra\u00eddo da mandioca). Estes pratos, que exigem longo tempo de preparo, simbolizam a espera e a celebra\u00e7\u00e3o do momento especial.<\/p>\n<div class=\"img-container\">\n    <img loading=\"lazy\" decoding=\"async\" src=\"https:\/\/ver-o-peso.com\/pt\/wp-content\/uploads\/2025\/06\/Mesa-tradicional-do-Cirio-com-manicoba-pato-no-tucupi-e-outras-iguarias-paraenses-1024x1024.jpeg\" alt=\"Mesa tradicional do C\u00edrio com mani\u00e7oba, pato no tucupi e outras iguarias paraenses\" title=\"Mesa tradicional do C\u00edrio com mani\u00e7oba, pato no tucupi e outras iguarias paraenses\" width=\"660\" height=\"660\" class=\"aligncenter size-large wp-image-2926\" \/><\/p>\n<p class=\"img-caption\">A gastronomia do C\u00edrio inclui pratos t\u00edpicos como mani\u00e7oba e pato no tucupi<\/p>\n<\/p><\/div>\n<h3>Express\u00f5es Art\u00edsticas<\/h3>\n<p>O C\u00edrio tamb\u00e9m inspira diversas manifesta\u00e7\u00f5es art\u00edsticas, desde a confec\u00e7\u00e3o dos carros aleg\u00f3ricos e decora\u00e7\u00e3o da berlinda at\u00e9 a produ\u00e7\u00e3o de artesanato relacionado \u00e0 festividade. Artistas locais criam obras que retratam a devo\u00e7\u00e3o \u00e0 Nossa Senhora de Nazar\u00e9 e as tradi\u00e7\u00f5es do C\u00edrio, contribuindo para a preserva\u00e7\u00e3o e renova\u00e7\u00e3o constante desta rica heran\u00e7a cultural.<\/p>\n<div class=\"blockquote\">\n<p>&#8220;A figura da m\u00e3e \u00e9 aquela que sempre conduz o filho, mas no C\u00edrio este papel se inverte. A corda proporciona o papel invertido: \u00e9 o filho que mesmo pedindo ajuda, pagando promessa, fica na condi\u00e7\u00e3o de conduzir a m\u00e3e. Por isso que a corda, ent\u00e3o, vai passar por um processo de sacraliza\u00e7\u00e3o, vai se tornar um dos maiores \u00edcones do s\u00edmbolos do C\u00edrio.&#8221;<\/p>\n<p class=\"blockquote-author\">M\u00e1rcio Neco, historiador e cientista da religi\u00e3o<\/p>\n<\/p><\/div>\n<\/section>\n<section id=\"social-impact\">\n<h2>Impacto Social e Tur\u00edstico<\/h2>\n<p>Reconhecido como Patrim\u00f4nio Cultural Imaterial pelo Instituto do Patrim\u00f4nio Hist\u00f3rico e Art\u00edstico Nacional (IPHAN) desde 2004 e declarado Patrim\u00f4nio Cultural da Humanidade pela UNESCO, o C\u00edrio de Nazar\u00e9 possui um impacto significativo na economia e no turismo de Bel\u00e9m do Par\u00e1.<\/p>\n<div class=\"img-container\">\n    <img loading=\"lazy\" decoding=\"async\" src=\"https:\/\/ver-o-peso.com\/pt\/wp-content\/uploads\/2025\/06\/Multidao-de-turistas-e-devotos-na-Praca-Santuario-durante-o-Cirio-de-Nazare-1024x1024.jpeg\" alt=\"Multid\u00e3o de turistas e devotos na Pra\u00e7a Santu\u00e1rio durante o C\u00edrio de Nazar\u00e9\" title=\"Multid\u00e3o de turistas e devotos na Pra\u00e7a Santu\u00e1rio durante o C\u00edrio de Nazar\u00e9\" width=\"660\" height=\"660\" class=\"aligncenter size-large wp-image-2927\" \/><\/p>\n<p class=\"img-caption\">O C\u00edrio atrai turistas de todo o Brasil e do exterior, impulsionando a economia local<\/p>\n<\/p><\/div>\n<p>Durante o m\u00eas de outubro, a cidade recebe milhares de turistas, movimentando setores como hotelaria, gastronomia, transporte e com\u00e9rcio. Estima-se que a festividade gere mais de 80 mil empregos tempor\u00e1rios e um impacto econ\u00f4mico superior a R$ 100 milh\u00f5es na economia local.<\/p>\n<p>Al\u00e9m do aspecto econ\u00f4mico, o C\u00edrio tamb\u00e9m desempenha um importante papel social, promovendo a solidariedade e o fortalecimento dos la\u00e7os comunit\u00e1rios. Diversas a\u00e7\u00f5es sociais s\u00e3o realizadas durante a quadra nazarena, como distribui\u00e7\u00e3o de alimentos, atendimentos m\u00e9dicos gratuitos e atividades culturais acess\u00edveis \u00e0 popula\u00e7\u00e3o.<\/p>\n<div class=\"highlight-box\">\n<h3>C\u00edrio em N\u00fameros<\/h3>\n<ul>\n<li>Mais de 2 milh\u00f5es de participantes na prociss\u00e3o principal<\/li>\n<li>14 romarias oficiais ao longo do m\u00eas de outubro<\/li>\n<li>Percurso de 3,6 quil\u00f4metros na Grande Romaria<\/li>\n<li>Corda de 400 metros de comprimento e 700 quilos<\/li>\n<li>Cerca de 7 mil promesseiros segurando a corda simultaneamente<\/li>\n<li>Mais de 80 mil empregos tempor\u00e1rios gerados<\/li>\n<li>Impacto econ\u00f4mico superior a R$ 100 milh\u00f5es<\/li>\n<\/ul><\/div>\n<\/section>\n<section id=\"testimonials\">\n<h2>Depoimentos e Curiosidades<\/h2>\n<div class=\"faq-container\">\n<div class=\"faq-item\">\n<h3 class=\"faq-question\">Curiosidades sobre o C\u00edrio de Nazar\u00e9<\/h3>\n<div class=\"faq-answer\">\n<ul class=\"custom-list\">\n<li>A prociss\u00e3o de 2009 foi a mais longa da hist\u00f3ria, com dura\u00e7\u00e3o de 9 horas e 15 minutos.<\/li>\n<li>Embora o C\u00edrio de Bel\u00e9m seja o mais conhecido, o C\u00edrio mais antigo do Brasil acontece em Saquarema, Rio de Janeiro, desde 1630.<\/li>\n<li>Em 2023, pela primeira vez, a corda foi produzida com fibras amaz\u00f4nicas (malva e juta) em vez do tradicional sisal.<\/li>\n<li>Durante a ditadura militar, a corda chegou a ser proibida por cinco anos (1926-1931), sendo reintroduzida ap\u00f3s press\u00e3o popular.<\/li>\n<li>Em 2024, o governador do Par\u00e1 presenteou o Papa Francisco com um peda\u00e7o da corda do C\u00edrio durante visita ao Vaticano.<\/li>\n<\/ul><\/div><\/div><\/div>\n<div class=\"img-container\">\n    <img loading=\"lazy\" decoding=\"async\" src=\"https:\/\/ver-o-peso.com\/pt\/wp-content\/uploads\/2025\/06\/Momento-emocionante-durante-o-Cirio-de-Nazare-com-devotos-erguendo-as-maos-para-a-berlinda-1024x1024.jpeg\" alt=\"Momento emocionante durante o C\u00edrio de Nazar\u00e9 com devotos erguendo as m\u00e3os para a berlinda\" title=\"Momento emocionante durante o C\u00edrio de Nazar\u00e9 com devotos erguendo as m\u00e3os para a berlinda\" width=\"660\" height=\"660\" class=\"aligncenter size-large wp-image-2928\" \/><\/p>\n<p class=\"img-caption\">A emo\u00e7\u00e3o dos fi\u00e9is \u00e9 uma das marcas mais fortes do C\u00edrio de Nazar\u00e9<\/p>\n<\/p><\/div>\n<div class=\"blockquote\">\n<p>&#8220;Quando o C\u00edrio acaba, todo mundo quer levar um peda\u00e7o da corda. Eu nunca entendi o porqu\u00ea, mas eu acho que a corda tem esse poder de transmitir \u2013 para outras pessoas \u2013 aquilo que s\u00f3 \u00e9 vivido no C\u00edrio.&#8221;<\/p>\n<p class=\"blockquote-author\">Valdo Ferreira, devoto de Nossa Senhora de Nazar\u00e9<\/p>\n<\/p><\/div>\n<p>Pesquisas realizadas pelo engenheiro mec\u00e2nico Nagib Charone, professor da Universidade Federal do Par\u00e1, revelam que a for\u00e7a exercida pelos promesseiros sobre a corda durante a prociss\u00e3o chega a 12 toneladas, fazendo com que ela se estique e aumente seu comprimento em at\u00e9 10% ao final do percurso.<\/p>\n<\/section>\n<section id=\"conclusion\">\n<h2>Um Patrim\u00f4nio Vivo da F\u00e9 Amaz\u00f4nica<\/h2>\n<p>O C\u00edrio de Nazar\u00e9 \u00e9 muito mais que uma prociss\u00e3o religiosa \u2013 \u00e9 um fen\u00f4meno cultural que sintetiza a alma do povo paraense e amaz\u00f4nico. Ao longo de mais de dois s\u00e9culos, esta celebra\u00e7\u00e3o tem se renovado e se adaptado, mantendo viva a ess\u00eancia da devo\u00e7\u00e3o \u00e0 Nossa Senhora de Nazar\u00e9 enquanto incorpora elementos da cultura local.<\/p>\n<div class=\"img-container\">\n    <img loading=\"lazy\" decoding=\"async\" src=\"https:\/\/ver-o-peso.com\/pt\/wp-content\/uploads\/2025\/06\/Basilica-Santuario-de-Nazare-iluminada-durante-a-noite-com-fieis-em-oracao-1024x1024.jpeg\" alt=\"Bas\u00edlica Santu\u00e1rio de Nazar\u00e9 iluminada durante a noite com fi\u00e9is em ora\u00e7\u00e3o\" title=\"Bas\u00edlica Santu\u00e1rio de Nazar\u00e9 iluminada durante a noite com fi\u00e9is em ora\u00e7\u00e3o\" width=\"660\" height=\"660\" class=\"aligncenter size-large wp-image-2929\" \/><\/p>\n<p class=\"img-caption\">A Bas\u00edlica Santu\u00e1rio de Nazar\u00e9, destino final da prociss\u00e3o e cora\u00e7\u00e3o espiritual da festividade<\/p>\n<\/p><\/div>\n<p>Para quem deseja vivenciar esta experi\u00eancia \u00fanica de f\u00e9 e cultura, o C\u00edrio de Nazar\u00e9 acontece anualmente no segundo domingo de outubro em Bel\u00e9m do Par\u00e1. Mais que uma festa religiosa, \u00e9 um encontro com as ra\u00edzes profundas da identidade amaz\u00f4nica e uma oportunidade de testemunhar uma das mais belas manifesta\u00e7\u00f5es de f\u00e9 do povo brasileiro.<\/p>\n<div class=\"cta-block\">\n<h3 class=\"cta-block-title\">Conhe\u00e7a mais sobre a cultura amaz\u00f4nica<\/h3>\n<p class=\"cta-block-text\">Aprofunde seus conhecimentos sobre as tradi\u00e7\u00f5es e manifesta\u00e7\u00f5es culturais da Amaz\u00f4nia em nossos outros artigos especiais:<\/p>\n<p>    <a href=\"#\" class=\"cta-btn\" target=\"_blank\">Lendas Amaz\u00f4nicas: Os Mitos que Moldam a Identidade Regional<\/a><br \/>\n    <a href=\"#\" class=\"cta-btn cta-btn-secondary\" target=\"_blank\">Festas Juninas do Par\u00e1: Tradi\u00e7\u00f5es e Sabores do Norte<\/a><br \/>\n    <a href=\"#\" class=\"cta-btn cta-btn-accent\" target=\"_blank\">Culin\u00e1ria Paraense: Sabores da Floresta \u00e0 Mesa<\/a>\n  <\/div>\n<\/section>\n<\/div>\n","protected":false},"excerpt":{"rendered":"<p>No segundo domingo de outubro, as ruas de Bel\u00e9m do Par\u00e1 se transformam em um imenso rio de f\u00e9 e devo\u00e7\u00e3o. Mais de 2 milh\u00f5es de pessoas se re\u00fanem para celebrar o C\u00edrio de Nazar\u00e9, a maior prociss\u00e3o cat\u00f3lica do Brasil e uma das maiores manifesta\u00e7\u00f5es religiosas do mundo. Este evento centen\u00e1rio n\u00e3o \u00e9 apenas &hellip; <a href=\"https:\/\/ver-o-peso.com\/pt\/2025\/06\/17\/cirio-de-nazare-a-maior-romaria-de-fe-e-devocao-da-amazonia\/\" class=\"more-link\">Continuar lendo <span class=\"screen-reader-text\">C\u00edrio de Nazar\u00e9: A Maior Romaria de F\u00e9 e Devo\u00e7\u00e3o da Amaz\u00f4nia<\/span><\/a><\/p>\n","protected":false},"author":1,"featured_media":2918,"comment_status":"open","ping_status":"open","sticky":false,"template":"","format":"standard","meta":{"footnotes":""},"categories":[20],"tags":[108,164,167,166,170,168,163,165,169],"class_list":["post-2917","post","type-post","status-publish","format-standard","has-post-thumbnail","hentry","category-amazonia","tag-cultura-paraense","tag-devocao-amazonica","tag-fe-catolica","tag-festividades-em-belem","tag-manifestacao-popular","tag-procissao-do-cirio","tag-romaria-de-fe","tag-tradicao-religiosa","tag-turismo-religioso"],"yoast_head":"<!-- This site is optimized with the Yoast SEO Premium plugin v25.3 (Yoast SEO v25.9) - https:\/\/yoast.com\/wordpress\/plugins\/seo\/ -->\n<title>C\u00edrio de Nazar\u00e9: A Maior Romaria de F\u00e9 e Devo\u00e7\u00e3o da Amaz\u00f4nia<\/title>\n<meta name=\"description\" content=\"Descubra a hist\u00f3ria, tradi\u00e7\u00f5es e significado cultural do C\u00edrio de Nazar\u00e9, a maior prociss\u00e3o religiosa do Brasil que re\u00fane mais de 2 milh\u00f5es de fi\u00e9is em Bel\u00e9m do Par\u00e1 todo outubro.\" \/>\n<meta name=\"robots\" content=\"index, follow, max-snippet:-1, max-image-preview:large, max-video-preview:-1\" \/>\n<link rel=\"canonical\" href=\"https:\/\/ver-o-peso.com\/pt\/2025\/06\/17\/cirio-de-nazare-a-maior-romaria-de-fe-e-devocao-da-amazonia\/\" \/>\n<meta property=\"og:locale\" content=\"pt_BR\" \/>\n<meta property=\"og:type\" content=\"article\" \/>\n<meta property=\"og:title\" content=\"C\u00edrio de Nazar\u00e9: A Maior Romaria de F\u00e9 e Devo\u00e7\u00e3o da Amaz\u00f4nia\" \/>\n<meta property=\"og:description\" content=\"Descubra a hist\u00f3ria, tradi\u00e7\u00f5es e significado cultural do C\u00edrio de Nazar\u00e9, a maior prociss\u00e3o religiosa do Brasil que re\u00fane mais de 2 milh\u00f5es de fi\u00e9is em Bel\u00e9m do Par\u00e1 todo outubro.\" \/>\n<meta property=\"og:url\" content=\"https:\/\/ver-o-peso.com\/pt\/2025\/06\/17\/cirio-de-nazare-a-maior-romaria-de-fe-e-devocao-da-amazonia\/\" \/>\n<meta property=\"og:site_name\" content=\"Ver-o-peso\" \/>\n<meta property=\"article:publisher\" content=\"https:\/\/fecebook.com\/jose.oliveira.913296\" \/>\n<meta property=\"article:published_time\" content=\"2025-06-17T20:13:10+00:00\" \/>\n<meta property=\"og:image\" content=\"https:\/\/ver-o-peso.com\/pt\/wp-content\/uploads\/2025\/06\/Procissao-do-Cirio-de-Nazare-em-Belem-do-Para-com-milhares-de-fieis-seguindo-a-berlinda-com-a.jpeg\" \/>\n\t<meta property=\"og:image:width\" content=\"1344\" \/>\n\t<meta property=\"og:image:height\" content=\"768\" \/>\n\t<meta property=\"og:image:type\" content=\"image\/jpeg\" \/>\n<meta name=\"author\" content=\"veropeso2025\" \/>\n<meta name=\"twitter:card\" content=\"summary_large_image\" \/>\n<meta name=\"twitter:label1\" content=\"Escrito por\" \/>\n\t<meta name=\"twitter:data1\" content=\"veropeso2025\" \/>\n\t<meta name=\"twitter:label2\" content=\"Est. tempo de leitura\" \/>\n\t<meta name=\"twitter:data2\" content=\"11 minutos\" \/>\n<script type=\"application\/ld+json\" class=\"yoast-schema-graph\">{\"@context\":\"https:\/\/schema.org\",\"@graph\":[{\"@type\":\"Article\",\"@id\":\"https:\/\/ver-o-peso.com\/pt\/2025\/06\/17\/cirio-de-nazare-a-maior-romaria-de-fe-e-devocao-da-amazonia\/#article\",\"isPartOf\":{\"@id\":\"https:\/\/ver-o-peso.com\/pt\/2025\/06\/17\/cirio-de-nazare-a-maior-romaria-de-fe-e-devocao-da-amazonia\/\"},\"author\":{\"name\":\"veropeso2025\",\"@id\":\"https:\/\/ver-o-peso.com\/pt\/#\/schema\/person\/9e9ad551726c390092238296ec769a06\"},\"headline\":\"C\u00edrio de Nazar\u00e9: A Maior Romaria de F\u00e9 e Devo\u00e7\u00e3o da Amaz\u00f4nia\",\"datePublished\":\"2025-06-17T20:13:10+00:00\",\"mainEntityOfPage\":{\"@id\":\"https:\/\/ver-o-peso.com\/pt\/2025\/06\/17\/cirio-de-nazare-a-maior-romaria-de-fe-e-devocao-da-amazonia\/\"},\"wordCount\":2181,\"commentCount\":0,\"publisher\":{\"@id\":\"https:\/\/ver-o-peso.com\/pt\/#organization\"},\"image\":{\"@id\":\"https:\/\/ver-o-peso.com\/pt\/2025\/06\/17\/cirio-de-nazare-a-maior-romaria-de-fe-e-devocao-da-amazonia\/#primaryimage\"},\"thumbnailUrl\":\"https:\/\/ver-o-peso.com\/pt\/wp-content\/uploads\/2025\/06\/Procissao-do-Cirio-de-Nazare-em-Belem-do-Para-com-milhares-de-fieis-seguindo-a-berlinda-com-a.jpeg\",\"keywords\":[\"Cultura Paraense\",\"Devo\u00e7\u00e3o Amaz\u00f4nica\",\"F\u00e9 Cat\u00f3lica\",\"Festividades em Bel\u00e9m\",\"Manifesta\u00e7\u00e3o Popular\",\"Prociss\u00e3o do C\u00edrio\",\"Romaria de F\u00e9\",\"Tradi\u00e7\u00e3o Religiosa\",\"Turismo Religioso\"],\"articleSection\":[\"Amaz\u00f4nia\"],\"inLanguage\":\"pt-BR\",\"potentialAction\":[{\"@type\":\"CommentAction\",\"name\":\"Comment\",\"target\":[\"https:\/\/ver-o-peso.com\/pt\/2025\/06\/17\/cirio-de-nazare-a-maior-romaria-de-fe-e-devocao-da-amazonia\/#respond\"]}]},{\"@type\":\"WebPage\",\"@id\":\"https:\/\/ver-o-peso.com\/pt\/2025\/06\/17\/cirio-de-nazare-a-maior-romaria-de-fe-e-devocao-da-amazonia\/\",\"url\":\"https:\/\/ver-o-peso.com\/pt\/2025\/06\/17\/cirio-de-nazare-a-maior-romaria-de-fe-e-devocao-da-amazonia\/\",\"name\":\"C\u00edrio de Nazar\u00e9: A Maior Romaria de F\u00e9 e Devo\u00e7\u00e3o da Amaz\u00f4nia\",\"isPartOf\":{\"@id\":\"https:\/\/ver-o-peso.com\/pt\/#website\"},\"primaryImageOfPage\":{\"@id\":\"https:\/\/ver-o-peso.com\/pt\/2025\/06\/17\/cirio-de-nazare-a-maior-romaria-de-fe-e-devocao-da-amazonia\/#primaryimage\"},\"image\":{\"@id\":\"https:\/\/ver-o-peso.com\/pt\/2025\/06\/17\/cirio-de-nazare-a-maior-romaria-de-fe-e-devocao-da-amazonia\/#primaryimage\"},\"thumbnailUrl\":\"https:\/\/ver-o-peso.com\/pt\/wp-content\/uploads\/2025\/06\/Procissao-do-Cirio-de-Nazare-em-Belem-do-Para-com-milhares-de-fieis-seguindo-a-berlinda-com-a.jpeg\",\"datePublished\":\"2025-06-17T20:13:10+00:00\",\"description\":\"Descubra a hist\u00f3ria, tradi\u00e7\u00f5es e significado cultural do C\u00edrio de Nazar\u00e9, a maior prociss\u00e3o religiosa do Brasil que re\u00fane mais de 2 milh\u00f5es de fi\u00e9is em Bel\u00e9m do Par\u00e1 todo outubro.\",\"breadcrumb\":{\"@id\":\"https:\/\/ver-o-peso.com\/pt\/2025\/06\/17\/cirio-de-nazare-a-maior-romaria-de-fe-e-devocao-da-amazonia\/#breadcrumb\"},\"inLanguage\":\"pt-BR\",\"potentialAction\":[{\"@type\":\"ReadAction\",\"target\":[\"https:\/\/ver-o-peso.com\/pt\/2025\/06\/17\/cirio-de-nazare-a-maior-romaria-de-fe-e-devocao-da-amazonia\/\"]}]},{\"@type\":\"ImageObject\",\"inLanguage\":\"pt-BR\",\"@id\":\"https:\/\/ver-o-peso.com\/pt\/2025\/06\/17\/cirio-de-nazare-a-maior-romaria-de-fe-e-devocao-da-amazonia\/#primaryimage\",\"url\":\"https:\/\/ver-o-peso.com\/pt\/wp-content\/uploads\/2025\/06\/Procissao-do-Cirio-de-Nazare-em-Belem-do-Para-com-milhares-de-fieis-seguindo-a-berlinda-com-a.jpeg\",\"contentUrl\":\"https:\/\/ver-o-peso.com\/pt\/wp-content\/uploads\/2025\/06\/Procissao-do-Cirio-de-Nazare-em-Belem-do-Para-com-milhares-de-fieis-seguindo-a-berlinda-com-a.jpeg\",\"width\":1344,\"height\":768,\"caption\":\"Prociss\u00e3o do C\u00edrio de Nazar\u00e9 em Bel\u00e9m do Par\u00e1 com milhares de fi\u00e9is seguindo a berlinda com a imagem de Nossa Senhora de Nazar\u00e9\"},{\"@type\":\"BreadcrumbList\",\"@id\":\"https:\/\/ver-o-peso.com\/pt\/2025\/06\/17\/cirio-de-nazare-a-maior-romaria-de-fe-e-devocao-da-amazonia\/#breadcrumb\",\"itemListElement\":[{\"@type\":\"ListItem\",\"position\":1,\"name\":\"In\u00edcio\",\"item\":\"https:\/\/ver-o-peso.com\/pt\/\"},{\"@type\":\"ListItem\",\"position\":2,\"name\":\"C\u00edrio de Nazar\u00e9: A Maior Romaria de F\u00e9 e Devo\u00e7\u00e3o da Amaz\u00f4nia\"}]},{\"@type\":\"WebSite\",\"@id\":\"https:\/\/ver-o-peso.com\/pt\/#website\",\"url\":\"https:\/\/ver-o-peso.com\/pt\/\",\"name\":\"Ver-o-peso\",\"description\":\"Aqui tem de tudo da Amaz\u00f4nia\",\"publisher\":{\"@id\":\"https:\/\/ver-o-peso.com\/pt\/#organization\"},\"potentialAction\":[{\"@type\":\"SearchAction\",\"target\":{\"@type\":\"EntryPoint\",\"urlTemplate\":\"https:\/\/ver-o-peso.com\/pt\/?s={search_term_string}\"},\"query-input\":{\"@type\":\"PropertyValueSpecification\",\"valueRequired\":true,\"valueName\":\"search_term_string\"}}],\"inLanguage\":\"pt-BR\"},{\"@type\":\"Organization\",\"@id\":\"https:\/\/ver-o-peso.com\/pt\/#organization\",\"name\":\"Ver-o-peso\",\"url\":\"https:\/\/ver-o-peso.com\/pt\/\",\"logo\":{\"@type\":\"ImageObject\",\"inLanguage\":\"pt-BR\",\"@id\":\"https:\/\/ver-o-peso.com\/pt\/#\/schema\/logo\/image\/\",\"url\":\"https:\/\/ver-o-peso.com\/pt\/wp-content\/uploads\/2025\/05\/Logo-3.png\",\"contentUrl\":\"https:\/\/ver-o-peso.com\/pt\/wp-content\/uploads\/2025\/05\/Logo-3.png\",\"width\":210,\"height\":118,\"caption\":\"Ver-o-peso\"},\"image\":{\"@id\":\"https:\/\/ver-o-peso.com\/pt\/#\/schema\/logo\/image\/\"},\"sameAs\":[\"https:\/\/fecebook.com\/jose.oliveira.913296\",\"https:\/\/instagram.com\/riba.lages\",\"https:\/\/tiktok.com\/veropeso2025\"]},{\"@type\":\"Person\",\"@id\":\"https:\/\/ver-o-peso.com\/pt\/#\/schema\/person\/9e9ad551726c390092238296ec769a06\",\"name\":\"veropeso2025\",\"image\":{\"@type\":\"ImageObject\",\"inLanguage\":\"pt-BR\",\"@id\":\"https:\/\/ver-o-peso.com\/pt\/#\/schema\/person\/image\/\",\"url\":\"https:\/\/secure.gravatar.com\/avatar\/abbae2eadd0ca3e3064b32972a9f07e1ec00361a8e4784de939c3d52c9381ec6?s=96&d=mm&r=g\",\"contentUrl\":\"https:\/\/secure.gravatar.com\/avatar\/abbae2eadd0ca3e3064b32972a9f07e1ec00361a8e4784de939c3d52c9381ec6?s=96&d=mm&r=g\",\"caption\":\"veropeso2025\"},\"sameAs\":[\"https:\/\/ver-o-peso.com\/pt\"],\"url\":\"https:\/\/ver-o-peso.com\/pt\/author\/veropeso2025\/\"}]}<\/script>\n<!-- \/ Yoast SEO Premium plugin. -->","yoast_head_json":{"title":"C\u00edrio de Nazar\u00e9: A Maior Romaria de F\u00e9 e Devo\u00e7\u00e3o da Amaz\u00f4nia","description":"Descubra a hist\u00f3ria, tradi\u00e7\u00f5es e significado cultural do C\u00edrio de Nazar\u00e9, a maior prociss\u00e3o religiosa do Brasil que re\u00fane mais de 2 milh\u00f5es de fi\u00e9is em Bel\u00e9m do Par\u00e1 todo outubro.","robots":{"index":"index","follow":"follow","max-snippet":"max-snippet:-1","max-image-preview":"max-image-preview:large","max-video-preview":"max-video-preview:-1"},"canonical":"https:\/\/ver-o-peso.com\/pt\/2025\/06\/17\/cirio-de-nazare-a-maior-romaria-de-fe-e-devocao-da-amazonia\/","og_locale":"pt_BR","og_type":"article","og_title":"C\u00edrio de Nazar\u00e9: A Maior Romaria de F\u00e9 e Devo\u00e7\u00e3o da Amaz\u00f4nia","og_description":"Descubra a hist\u00f3ria, tradi\u00e7\u00f5es e significado cultural do C\u00edrio de Nazar\u00e9, a maior prociss\u00e3o religiosa do Brasil que re\u00fane mais de 2 milh\u00f5es de fi\u00e9is em Bel\u00e9m do Par\u00e1 todo outubro.","og_url":"https:\/\/ver-o-peso.com\/pt\/2025\/06\/17\/cirio-de-nazare-a-maior-romaria-de-fe-e-devocao-da-amazonia\/","og_site_name":"Ver-o-peso","article_publisher":"https:\/\/fecebook.com\/jose.oliveira.913296","article_published_time":"2025-06-17T20:13:10+00:00","og_image":[{"width":1344,"height":768,"url":"https:\/\/ver-o-peso.com\/pt\/wp-content\/uploads\/2025\/06\/Procissao-do-Cirio-de-Nazare-em-Belem-do-Para-com-milhares-de-fieis-seguindo-a-berlinda-com-a.jpeg","type":"image\/jpeg"}],"author":"veropeso2025","twitter_card":"summary_large_image","twitter_misc":{"Escrito por":"veropeso2025","Est. tempo de leitura":"11 minutos"},"schema":{"@context":"https:\/\/schema.org","@graph":[{"@type":"Article","@id":"https:\/\/ver-o-peso.com\/pt\/2025\/06\/17\/cirio-de-nazare-a-maior-romaria-de-fe-e-devocao-da-amazonia\/#article","isPartOf":{"@id":"https:\/\/ver-o-peso.com\/pt\/2025\/06\/17\/cirio-de-nazare-a-maior-romaria-de-fe-e-devocao-da-amazonia\/"},"author":{"name":"veropeso2025","@id":"https:\/\/ver-o-peso.com\/pt\/#\/schema\/person\/9e9ad551726c390092238296ec769a06"},"headline":"C\u00edrio de Nazar\u00e9: A Maior Romaria de F\u00e9 e Devo\u00e7\u00e3o da Amaz\u00f4nia","datePublished":"2025-06-17T20:13:10+00:00","mainEntityOfPage":{"@id":"https:\/\/ver-o-peso.com\/pt\/2025\/06\/17\/cirio-de-nazare-a-maior-romaria-de-fe-e-devocao-da-amazonia\/"},"wordCount":2181,"commentCount":0,"publisher":{"@id":"https:\/\/ver-o-peso.com\/pt\/#organization"},"image":{"@id":"https:\/\/ver-o-peso.com\/pt\/2025\/06\/17\/cirio-de-nazare-a-maior-romaria-de-fe-e-devocao-da-amazonia\/#primaryimage"},"thumbnailUrl":"https:\/\/ver-o-peso.com\/pt\/wp-content\/uploads\/2025\/06\/Procissao-do-Cirio-de-Nazare-em-Belem-do-Para-com-milhares-de-fieis-seguindo-a-berlinda-com-a.jpeg","keywords":["Cultura Paraense","Devo\u00e7\u00e3o Amaz\u00f4nica","F\u00e9 Cat\u00f3lica","Festividades em Bel\u00e9m","Manifesta\u00e7\u00e3o Popular","Prociss\u00e3o do C\u00edrio","Romaria de F\u00e9","Tradi\u00e7\u00e3o Religiosa","Turismo Religioso"],"articleSection":["Amaz\u00f4nia"],"inLanguage":"pt-BR","potentialAction":[{"@type":"CommentAction","name":"Comment","target":["https:\/\/ver-o-peso.com\/pt\/2025\/06\/17\/cirio-de-nazare-a-maior-romaria-de-fe-e-devocao-da-amazonia\/#respond"]}]},{"@type":"WebPage","@id":"https:\/\/ver-o-peso.com\/pt\/2025\/06\/17\/cirio-de-nazare-a-maior-romaria-de-fe-e-devocao-da-amazonia\/","url":"https:\/\/ver-o-peso.com\/pt\/2025\/06\/17\/cirio-de-nazare-a-maior-romaria-de-fe-e-devocao-da-amazonia\/","name":"C\u00edrio de Nazar\u00e9: A Maior Romaria de F\u00e9 e Devo\u00e7\u00e3o da Amaz\u00f4nia","isPartOf":{"@id":"https:\/\/ver-o-peso.com\/pt\/#website"},"primaryImageOfPage":{"@id":"https:\/\/ver-o-peso.com\/pt\/2025\/06\/17\/cirio-de-nazare-a-maior-romaria-de-fe-e-devocao-da-amazonia\/#primaryimage"},"image":{"@id":"https:\/\/ver-o-peso.com\/pt\/2025\/06\/17\/cirio-de-nazare-a-maior-romaria-de-fe-e-devocao-da-amazonia\/#primaryimage"},"thumbnailUrl":"https:\/\/ver-o-peso.com\/pt\/wp-content\/uploads\/2025\/06\/Procissao-do-Cirio-de-Nazare-em-Belem-do-Para-com-milhares-de-fieis-seguindo-a-berlinda-com-a.jpeg","datePublished":"2025-06-17T20:13:10+00:00","description":"Descubra a hist\u00f3ria, tradi\u00e7\u00f5es e significado cultural do C\u00edrio de Nazar\u00e9, a maior prociss\u00e3o religiosa do Brasil que re\u00fane mais de 2 milh\u00f5es de fi\u00e9is em Bel\u00e9m do Par\u00e1 todo outubro.","breadcrumb":{"@id":"https:\/\/ver-o-peso.com\/pt\/2025\/06\/17\/cirio-de-nazare-a-maior-romaria-de-fe-e-devocao-da-amazonia\/#breadcrumb"},"inLanguage":"pt-BR","potentialAction":[{"@type":"ReadAction","target":["https:\/\/ver-o-peso.com\/pt\/2025\/06\/17\/cirio-de-nazare-a-maior-romaria-de-fe-e-devocao-da-amazonia\/"]}]},{"@type":"ImageObject","inLanguage":"pt-BR","@id":"https:\/\/ver-o-peso.com\/pt\/2025\/06\/17\/cirio-de-nazare-a-maior-romaria-de-fe-e-devocao-da-amazonia\/#primaryimage","url":"https:\/\/ver-o-peso.com\/pt\/wp-content\/uploads\/2025\/06\/Procissao-do-Cirio-de-Nazare-em-Belem-do-Para-com-milhares-de-fieis-seguindo-a-berlinda-com-a.jpeg","contentUrl":"https:\/\/ver-o-peso.com\/pt\/wp-content\/uploads\/2025\/06\/Procissao-do-Cirio-de-Nazare-em-Belem-do-Para-com-milhares-de-fieis-seguindo-a-berlinda-com-a.jpeg","width":1344,"height":768,"caption":"Prociss\u00e3o do C\u00edrio de Nazar\u00e9 em Bel\u00e9m do Par\u00e1 com milhares de fi\u00e9is seguindo a berlinda com a imagem de Nossa Senhora de Nazar\u00e9"},{"@type":"BreadcrumbList","@id":"https:\/\/ver-o-peso.com\/pt\/2025\/06\/17\/cirio-de-nazare-a-maior-romaria-de-fe-e-devocao-da-amazonia\/#breadcrumb","itemListElement":[{"@type":"ListItem","position":1,"name":"In\u00edcio","item":"https:\/\/ver-o-peso.com\/pt\/"},{"@type":"ListItem","position":2,"name":"C\u00edrio de Nazar\u00e9: A Maior Romaria de F\u00e9 e Devo\u00e7\u00e3o da Amaz\u00f4nia"}]},{"@type":"WebSite","@id":"https:\/\/ver-o-peso.com\/pt\/#website","url":"https:\/\/ver-o-peso.com\/pt\/","name":"Ver-o-peso","description":"Aqui tem de tudo da Amaz\u00f4nia","publisher":{"@id":"https:\/\/ver-o-peso.com\/pt\/#organization"},"potentialAction":[{"@type":"SearchAction","target":{"@type":"EntryPoint","urlTemplate":"https:\/\/ver-o-peso.com\/pt\/?s={search_term_string}"},"query-input":{"@type":"PropertyValueSpecification","valueRequired":true,"valueName":"search_term_string"}}],"inLanguage":"pt-BR"},{"@type":"Organization","@id":"https:\/\/ver-o-peso.com\/pt\/#organization","name":"Ver-o-peso","url":"https:\/\/ver-o-peso.com\/pt\/","logo":{"@type":"ImageObject","inLanguage":"pt-BR","@id":"https:\/\/ver-o-peso.com\/pt\/#\/schema\/logo\/image\/","url":"https:\/\/ver-o-peso.com\/pt\/wp-content\/uploads\/2025\/05\/Logo-3.png","contentUrl":"https:\/\/ver-o-peso.com\/pt\/wp-content\/uploads\/2025\/05\/Logo-3.png","width":210,"height":118,"caption":"Ver-o-peso"},"image":{"@id":"https:\/\/ver-o-peso.com\/pt\/#\/schema\/logo\/image\/"},"sameAs":["https:\/\/fecebook.com\/jose.oliveira.913296","https:\/\/instagram.com\/riba.lages","https:\/\/tiktok.com\/veropeso2025"]},{"@type":"Person","@id":"https:\/\/ver-o-peso.com\/pt\/#\/schema\/person\/9e9ad551726c390092238296ec769a06","name":"veropeso2025","image":{"@type":"ImageObject","inLanguage":"pt-BR","@id":"https:\/\/ver-o-peso.com\/pt\/#\/schema\/person\/image\/","url":"https:\/\/secure.gravatar.com\/avatar\/abbae2eadd0ca3e3064b32972a9f07e1ec00361a8e4784de939c3d52c9381ec6?s=96&d=mm&r=g","contentUrl":"https:\/\/secure.gravatar.com\/avatar\/abbae2eadd0ca3e3064b32972a9f07e1ec00361a8e4784de939c3d52c9381ec6?s=96&d=mm&r=g","caption":"veropeso2025"},"sameAs":["https:\/\/ver-o-peso.com\/pt"],"url":"https:\/\/ver-o-peso.com\/pt\/author\/veropeso2025\/"}]}},"_links":{"self":[{"href":"https:\/\/ver-o-peso.com\/pt\/wp-json\/wp\/v2\/posts\/2917","targetHints":{"allow":["GET"]}}],"collection":[{"href":"https:\/\/ver-o-peso.com\/pt\/wp-json\/wp\/v2\/posts"}],"about":[{"href":"https:\/\/ver-o-peso.com\/pt\/wp-json\/wp\/v2\/types\/post"}],"author":[{"embeddable":true,"href":"https:\/\/ver-o-peso.com\/pt\/wp-json\/wp\/v2\/users\/1"}],"replies":[{"embeddable":true,"href":"https:\/\/ver-o-peso.com\/pt\/wp-json\/wp\/v2\/comments?post=2917"}],"version-history":[{"count":1,"href":"https:\/\/ver-o-peso.com\/pt\/wp-json\/wp\/v2\/posts\/2917\/revisions"}],"predecessor-version":[{"id":2930,"href":"https:\/\/ver-o-peso.com\/pt\/wp-json\/wp\/v2\/posts\/2917\/revisions\/2930"}],"wp:featuredmedia":[{"embeddable":true,"href":"https:\/\/ver-o-peso.com\/pt\/wp-json\/wp\/v2\/media\/2918"}],"wp:attachment":[{"href":"https:\/\/ver-o-peso.com\/pt\/wp-json\/wp\/v2\/media?parent=2917"}],"wp:term":[{"taxonomy":"category","embeddable":true,"href":"https:\/\/ver-o-peso.com\/pt\/wp-json\/wp\/v2\/categories?post=2917"},{"taxonomy":"post_tag","embeddable":true,"href":"https:\/\/ver-o-peso.com\/pt\/wp-json\/wp\/v2\/tags?post=2917"}],"curies":[{"name":"wp","href":"https:\/\/api.w.org\/{rel}","templated":true}]}}