{"id":2932,"date":"2025-06-17T15:09:16","date_gmt":"2025-06-17T18:09:16","guid":{"rendered":"https:\/\/ver-o-peso.com\/pt\/?p=2932"},"modified":"2025-06-17T15:11:44","modified_gmt":"2025-06-17T18:11:44","slug":"relatorio-abrangente-sobre-os-principais-problemas-que-afetam-a-amazonia","status":"publish","type":"post","link":"https:\/\/ver-o-peso.com\/pt\/2025\/06\/17\/relatorio-abrangente-sobre-os-principais-problemas-que-afetam-a-amazonia\/","title":{"rendered":"Relat\u00f3rio Abrangente sobre os Principais Problemas que Afetam a Amaz\u00f4nia"},"content":{"rendered":"<p class=\"ai-optimize-7 ai-optimize-introduction\"><b>Introdu\u00e7\u00e3o\u00a0<\/b><\/p>\n<p class=\"ai-optimize-8\"><span style=\"font-weight: 400;\">A Amaz\u00f4nia, a maior floresta tropical do mundo, \u00e9 um ecossistema de import\u00e2ncia global, abrigando uma biodiversidade inestim\u00e1vel e desempenhando um papel crucial na regula\u00e7\u00e3o do clima do planeta. Seus &#8220;rios voadores&#8221; influenciam o regime de chuvas em grande parte da Am\u00e9rica do Sul, e sua vasta extens\u00e3o de floresta atua como um sumidouro vital de carbono, ajudando a mitigar os efeitos das mudan\u00e7as clim\u00e1ticas. No entanto, este bioma vital enfrenta uma s\u00e9rie de amea\u00e7as complexas e interconectadas que colocam em risco sua integridade ecol\u00f3gica e a subsist\u00eancia de milh\u00f5es de pessoas que dependem dela.\u00a0<\/span><\/p>\n<p class=\"ai-optimize-9\"><span style=\"font-weight: 400;\">Este relat\u00f3rio visa fornecer uma an\u00e1lise abrangente e detalhada dos principais problemas que afetam a Amaz\u00f4nia, com o objetivo de informar e conscientizar um p\u00fablico amplo \u2013 incluindo estudantes, pesquisadores, jornalistas, formuladores de pol\u00edticas e o p\u00fablico em geral. Abordaremos as causas e consequ\u00eancias do desmatamento e da degrada\u00e7\u00e3o florestal, os impactos devastadores da minera\u00e7\u00e3o ilegal, a rela\u00e7\u00e3o entre queimadas e seca, os conflitos socioambientais que assolam a regi\u00e3o, os efeitos das mudan\u00e7as clim\u00e1ticas, a expans\u00e3o da infraestrutura e o tr\u00e1fico de fauna e flora. Ao apresentar dados atualizados e citar fontes confi\u00e1veis, esperamos contribuir para uma compreens\u00e3o mais profunda dos desafios enfrentados pela Amaz\u00f4nia e inspirar a\u00e7\u00f5es urgentes e coordenadas para sua conserva\u00e7\u00e3o.\u00a0<\/span><\/p>\n<p class=\"ai-optimize-10\"><b>Desmatamento e Degrada\u00e7\u00e3o Florestal\u00a0<\/b><\/p>\n<p class=\"ai-optimize-11\"><b>Causas Principais\u00a0<\/b><\/p>\n<p class=\"ai-optimize-12\"><span style=\"font-weight: 400;\">O desmatamento na Amaz\u00f4nia \u00e9 um fen\u00f4meno complexo, impulsionado por uma combina\u00e7\u00e3o de fatores econ\u00f4micos, sociais e pol\u00edticos. A principal causa, respons\u00e1vel por aproximadamente 80% das \u00e1reas desmatadas, \u00e9 a <\/span><b>expans\u00e3o da agropecu\u00e1ria<\/b><span style=\"font-weight: 400;\">, que inclui a cria\u00e7\u00e3o de gado e o cultivo de gr\u00e3os em larga escala, como a soja [1]. A demanda por carne e commodities agr\u00edcolas impulsiona a convers\u00e3o de florestas em pastagens e lavouras, muitas vezes de forma ilegal.<\/span><\/p>\n<p class=\"ai-optimize-13\"><span style=\"font-weight: 400;\">A <\/span><b>explora\u00e7\u00e3o madeireira<\/b><span style=\"font-weight: 400;\">, tanto legal quanto ilegal, tamb\u00e9m desempenha um papel significativo. A extra\u00e7\u00e3o ilegal de madeira, em particular, atua como uma porta de entrada para outras atividades destrutivas, pois as estradas abertas para o transporte da madeira facilitam o acesso de grileiros e fazendeiros a \u00e1reas antes preservadas [2].\u00a0<\/span><\/p>\n<p class=\"ai-optimize-14\"><span style=\"font-weight: 400;\">A <\/span><b>grilagem de terras<\/b><span style=\"font-weight: 400;\">, que consiste na apropria\u00e7\u00e3o ilegal de terras p\u00fablicas, \u00e9 outro motor poderoso do desmatamento. Indiv\u00edduos e grupos se apossam de terras da Uni\u00e3o, muitas vezes utilizando documentos falsos, com o objetivo de especular ou expandir suas atividades agropecu\u00e1rias. Essa pr\u00e1tica gera conflitos fundi\u00e1rios e contribui para a impunidade dos crimes ambientais [3].\u00a0<\/span><\/p>\n<p class=\"ai-optimize-15\"><span style=\"font-weight: 400;\">Por fim, a constru\u00e7\u00e3o de <\/span><b>infraestrutura<\/b><span style=\"font-weight: 400;\">, como estradas, hidrel\u00e9tricas e ferrovias, embora essencial para o desenvolvimento, pode abrir novas frentes de desmatamento e facilitar a explora\u00e7\u00e3o de recursos em \u00e1reas remotas, intensificando a press\u00e3o sobre a floresta [4].\u00a0<\/span><\/p>\n<p class=\"ai-optimize-16\"><b>Dados Recentes e Hist\u00f3ricos sobre as Taxas de Desmatamento\u00a0<\/b><\/p>\n<p class=\"ai-optimize-17\"><span style=\"font-weight: 400;\">O monitoramento do desmatamento na Amaz\u00f4nia \u00e9 realizado principalmente pelo Instituto Nacional de Pesquisas Espaciais (INPE) atrav\u00e9s de dois sistemas cruciais: o\u00a0 <\/span><b>PRODES <\/b><span style=\"font-weight: 400;\">(Projeto de Monitoramento do Desmatamento na Amaz\u00f4nia Legal por Sat\u00e9lite) e o <\/span><b>DETER <\/b><span style=\"font-weight: 400;\">(Detec\u00e7\u00e3o de Desmatamento em Tempo Real). O PRODES fornece a taxa anual consolidada de desmatamento, enquanto o DETER emite alertas di\u00e1rios, auxiliando na fiscaliza\u00e7\u00e3o e no combate ao desmatamento em tempo real [5].\u00a0<\/span><\/p>\n<p class=\"ai-optimize-18\"><span style=\"font-weight: 400;\">Historicamente, as taxas de desmatamento na Amaz\u00f4nia apresentaram flutua\u00e7\u00f5es significativas. Ap\u00f3s um pico no in\u00edcio dos anos 2000, houve uma redu\u00e7\u00e3o consider\u00e1vel, mas a partir de 2012, as taxas voltaram a subir. No entanto, dados mais recentes indicam uma tend\u00eancia de queda. Entre agosto de 2022 e julho de 2023, a taxa consolidada de desmatamento na Amaz\u00f4nia Legal foi de 9.064 km\u00b2, representando uma redu\u00e7\u00e3o em compara\u00e7\u00e3o com anos anteriores [6]. Alertas de desmatamento tamb\u00e9m t\u00eam mostrado diminui\u00e7\u00e3o em per\u00edodos mais recentes, como em fevereiro de 2025, que registrou o menor valor hist\u00f3rico para o m\u00eas [7].\u00a0<\/span><\/p>\n<p class=\"ai-optimize-19\"><b>Impactos Ambientais\u00a0<\/b><\/p>\n<p class=\"ai-optimize-20\"><span style=\"font-weight: 400;\">O desmatamento na Amaz\u00f4nia acarreta uma s\u00e9rie de impactos ambientais devastadores, com consequ\u00eancias que se estendem muito al\u00e9m das fronteiras da floresta:\u00a0<\/span><\/p>\n<ul>\n<li><\/li>\n<\/ul>\n<p class=\"ai-optimize-21\"><b>Perda de Biodiversidade<\/b><span style=\"font-weight: 400;\">: A Amaz\u00f4nia \u00e9 o bioma com a maior biodiversidade do planeta, abrigando milh\u00f5es de esp\u00e9cies de plantas, animais e microrganismos, muitos dos quais ainda n\u00e3o foram catalogados. O desmatamento destr\u00f3i habitats,\u00a0<\/span><\/p>\n<p class=\"ai-optimize-22\"><span style=\"font-weight: 400;\">fragmenta ecossistemas e leva \u00e0 extin\u00e7\u00e3o de esp\u00e9cies, resultando na perda irrevers\u00edvel de material gen\u00e9tico e de servi\u00e7os ecossist\u00eamicos essenciais [8]. \u2022\u00a0\u00a0<\/span><\/p>\n<p class=\"ai-optimize-23\"><b>Altera\u00e7\u00f5es Clim\u00e1ticas<\/b><span style=\"font-weight: 400;\">: A floresta amaz\u00f4nica desempenha um papel crucial na regula\u00e7\u00e3o do clima global, atuando como um gigantesco sumidouro de carbono. A remo\u00e7\u00e3o da vegeta\u00e7\u00e3o libera grandes quantidades de di\u00f3xido de carbono (CO2) na atmosfera, um dos principais gases de efeito estufa, contribuindo diretamente para o aquecimento global e intensificando as mudan\u00e7as clim\u00e1ticas. Al\u00e9m disso, a perda da floresta pode levar a um clima mais seco e quente na regi\u00e3o e em outras partes do Brasil e do mundo, afetando a produ\u00e7\u00e3o agr\u00edcola e a disponibilidade de \u00e1gua [9].\u00a0<\/span><\/p>\n<ul>\n<li><\/li>\n<\/ul>\n<p class=\"ai-optimize-24\"><b>Ciclos Hidrol\u00f3gicos<\/b><span style=\"font-weight: 400;\">: A Amaz\u00f4nia \u00e9 fundamental para os ciclos hidrol\u00f3gicos, produzindo grande parte da chuva que irriga n\u00e3o apenas a pr\u00f3pria regi\u00e3o, mas tamb\u00e9m outras \u00e1reas da Am\u00e9rica do Sul, atrav\u00e9s dos chamados \u201crios voadores\u201d. O desmatamento reduz a capacidade da floresta de reciclar a \u00e1gua da chuva atrav\u00e9s da evapotranspira\u00e7\u00e3o, diminuindo a quantidade e a regularidade das precipita\u00e7\u00f5es. Isso pode levar a secas mais severas e prolongadas em regi\u00f5es distantes, como o Sudeste do Brasil, afetando o abastecimento de \u00e1gua e a gera\u00e7\u00e3o de energia [10].\u00a0<\/span><\/p>\n<p class=\"ai-optimize-25\"><b>Impactos Sociais\u00a0<\/b><\/p>\n<p class=\"ai-optimize-26\"><span style=\"font-weight: 400;\">Os impactos sociais do desmatamento s\u00e3o igualmente graves e afetam diretamente as popula\u00e7\u00f5es que vivem na e da floresta:\u00a0<\/span><\/p>\n<ul>\n<li><\/li>\n<\/ul>\n<p class=\"ai-optimize-27\"><b>Conflitos por Terra<\/b><span style=\"font-weight: 400;\">: A expans\u00e3o da agropecu\u00e1ria e a grilagem intensificam os conflitos por terra na Amaz\u00f4nia. Comunidades tradicionais, como povos ind\u00edgenas, quilombolas e ribeirinhos, s\u00e3o frequentemente confrontadas por grileiros, fazendeiros e madeireiros que buscam expandir suas propriedades. A Amaz\u00f4nia concentra a maioria das \u00e1reas de conflito por terra no Brasil, resultando em viol\u00eancia, amea\u00e7as e assassinatos de l\u00edderes comunit\u00e1rios e defensores do meio ambiente [11].\u00a0<\/span><\/p>\n<ul>\n<li><\/li>\n<\/ul>\n<p class=\"ai-optimize-28\"><b>Deslocamento de Comunidades<\/b><span style=\"font-weight: 400;\">: O avan\u00e7o do desmatamento, da minera\u00e7\u00e3o ilegal e da constru\u00e7\u00e3o de infraestrutura for\u00e7a o deslocamento de comunidades tradicionais e ind\u00edgenas de suas terras ancestrais. Esse deslocamento resulta na perda de seus modos de vida, de sua cultura, de sua identidade e do acesso a recursos naturais essenciais para sua subsist\u00eancia, gerando problemas sociais e de sa\u00fade p\u00fablica [12].\u00a0<\/span><\/p>\n<p class=\"ai-optimize-29\"><b>Minera\u00e7\u00e3o Ilegal (Garimpo)\u00a0<\/b><\/p>\n<p class=\"ai-optimize-30\"><b>Principais Min\u00e9rios Explorados Ilegalmente\u00a0<\/b><\/p>\n<p class=\"ai-optimize-31\"><span style=\"font-weight: 400;\">O garimpo ilegal na Amaz\u00f4nia \u00e9 uma das atividades mais destrutivas e lucrativas, focando principalmente na extra\u00e7\u00e3o de <\/span><b>ouro <\/b><span style=\"font-weight: 400;\">e <\/span><b>cassiterita<\/b><span style=\"font-weight: 400;\">. O ouro \u00e9 o mineral mais visado devido ao seu alto valor de mercado e \u00e0 facilidade de escoamento, impulsionando uma verdadeira corrida do ouro na regi\u00e3o. A cassiterita, um min\u00e9rio de estanho, tamb\u00e9m tem se tornado um alvo crescente, especialmente em terras ind\u00edgenas, sendo muitas vezes referida como &#8220;ouro negro&#8221; devido ao seu valor e \u00e0 sua ocorr\u00eancia em locais pr\u00f3ximos a jazidas de ouro [13].\u00a0<\/span><\/p>\n<p class=\"ai-optimize-32\"><b>\u00c1reas Mais Afetadas e Rotas de Escoamento\u00a0<\/b><\/p>\n<p class=\"ai-optimize-33\"><span style=\"font-weight: 400;\">As \u00e1reas mais afetadas pelo garimpo ilegal na Amaz\u00f4nia s\u00e3o as Terras Ind\u00edgenas (TIs), que s\u00e3o alvos constantes de invas\u00f5es. Destacam-se as TIs <\/span><b>Yanomami <\/b><span style=\"font-weight: 400;\">(entre Roraima e Amazonas), <\/span><b>Munduruku <\/b><span style=\"font-weight: 400;\">(Par\u00e1) e <\/span><b>Kayap\u00f3 <\/b><span style=\"font-weight: 400;\">(Par\u00e1), que sofrem com a presen\u00e7a massiva de garimpeiros e os impactos associados. Outras bacias hidrogr\u00e1ficas severamente impactadas incluem Tapaj\u00f3s, Teles Pires, Jamanxim e Xingu [14].\u00a0<\/span><\/p>\n<p class=\"ai-optimize-34\"><span style=\"font-weight: 400;\">As rotas de escoamento do ouro ilegal s\u00e3o complexas e bem estabelecidas. O garimpo utiliza centenas de pistas de pouso clandestinas e uma intrincada rede de rios e estradas vicinais para o transporte de equipamentos, suprimentos e, principalmente, para o escoamento do ouro. Ap\u00f3s o cerco da fiscaliza\u00e7\u00e3o no Brasil, o ouro ilegal tem encontrado novas rotas para pa\u00edses vizinhos como Guiana, Venezuela e Suriname, onde \u00e9 &#8220;lavado&#8221; e exportado para o mercado internacional, dificultando o rastreamento e o combate [15].\u00a0<\/span><\/p>\n<p class=\"ai-optimize-35\"><b>Impactos Ambientais Devastadores\u00a0<\/b><\/p>\n<p class=\"ai-optimize-36\"><span style=\"font-weight: 400;\">Os impactos ambientais do garimpo ilegal s\u00e3o catastr\u00f3ficos e de dif\u00edcil revers\u00e3o:\u00a0<\/span><\/p>\n<ul>\n<li><\/li>\n<\/ul>\n<p class=\"ai-optimize-37\"><b>Contamina\u00e7\u00e3o por Merc\u00fario<\/b><span style=\"font-weight: 400;\">: O merc\u00fario \u00e9 amplamente utilizado no processo de amalgama\u00e7\u00e3o para separar o ouro, sendo liberado diretamente nos rios e solos. Essa contamina\u00e7\u00e3o afeta toda a cadeia alimentar, acumulando-se em peixes e, consequentemente, nas popula\u00e7\u00f5es humanas que dependem desses recursos para sua subsist\u00eancia. A exposi\u00e7\u00e3o ao merc\u00fario causa graves problemas de sa\u00fade, incluindo danos neurol\u00f3gicos, renais, gastrointestinais e reprodutivos, al\u00e9m de afetar o desenvolvimento infantil [16].\u00a0<\/span><\/p>\n<ul>\n<li><\/li>\n<\/ul>\n<p class=\"ai-optimize-38\"><b>Desmatamento<\/b><span style=\"font-weight: 400;\">: Para a instala\u00e7\u00e3o dos garimpos, grandes \u00e1reas de floresta s\u00e3o derrubadas, expondo o solo \u00e0 eros\u00e3o e contribuindo para a perda de\u00a0<\/span><\/p>\n<p class=\"ai-optimize-39\"><span style=\"font-weight: 400;\">biodiversidade. A vegeta\u00e7\u00e3o \u00e9 removida para dar lugar a acampamentos, pistas de pouso e \u00e1reas de extra\u00e7\u00e3o, deixando cicatrizes permanentes na paisagem [17]. \u2022\u00a0\u00a0<\/span><\/p>\n<p class=\"ai-optimize-40\"><b>Assoreamento dos Rios<\/b><span style=\"font-weight: 400;\">: A remo\u00e7\u00e3o da vegeta\u00e7\u00e3o ciliar e o revolvimento do solo nas margens dos rios e igarap\u00e9s levam ao assoreamento, alterando o curso dos rios, prejudicando a navega\u00e7\u00e3o, a pesca e a vida aqu\u00e1tica. A turbidez da \u00e1gua tamb\u00e9m afeta a fotoss\u00edntese de organismos aqu\u00e1ticos e a qualidade da \u00e1gua para consumo humano [18].\u00a0<\/span><\/p>\n<p class=\"ai-optimize-41\"><b>Impactos Sociais\u00a0<\/b><\/p>\n<p class=\"ai-optimize-42\"><span style=\"font-weight: 400;\">Os impactos sociais do garimpo ilegal s\u00e3o igualmente alarmantes e afetam diretamente as comunidades locais, especialmente os povos ind\u00edgenas:\u00a0<\/span><\/p>\n<ul>\n<li><\/li>\n<\/ul>\n<p class=\"ai-optimize-43\"><b>Viol\u00eancia e Explora\u00e7\u00e3o de Trabalho<\/b><span style=\"font-weight: 400;\">: A presen\u00e7a de garimpeiros ilegais frequentemente resulta em aumento da viol\u00eancia, conflitos por terra e explora\u00e7\u00e3o de trabalho, incluindo trabalho an\u00e1logo \u00e0 escravid\u00e3o, explora\u00e7\u00e3o sexual e aliciamento de menores. A falta de fiscaliza\u00e7\u00e3o e a impunidade contribuem para a prolifera\u00e7\u00e3o dessas pr\u00e1ticas [19].\u00a0<\/span><\/p>\n<ul>\n<li><\/li>\n<\/ul>\n<p class=\"ai-optimize-44\"><b>Prolifera\u00e7\u00e3o de Doen\u00e7as<\/b><span style=\"font-weight: 400;\">: A invas\u00e3o de terras ind\u00edgenas e a falta de saneamento b\u00e1sico nos garimpos contribuem para a prolifera\u00e7\u00e3o de doen\u00e7as como mal\u00e1ria,\u00a0<\/span><\/p>\n<p class=\"ai-optimize-45\"><span style=\"font-weight: 400;\">desnutri\u00e7\u00e3o, tuberculose e outras enfermidades, que afetam gravemente as comunidades locais, especialmente os povos ind\u00edgenas, que t\u00eam sua sa\u00fade e bem estar comprometidos [20].\u00a0<\/span><\/p>\n<ul>\n<li><\/li>\n<\/ul>\n<p class=\"ai-optimize-46\"><b>Invas\u00e3o de Terras Ind\u00edgenas<\/b><span style=\"font-weight: 400;\">: O garimpo ilegal \u00e9 uma das principais causas de invas\u00e3o de terras ind\u00edgenas, violando direitos territoriais e culturais e colocando em risco a sobreviv\u00eancia desses povos. A presen\u00e7a de garimpeiros desestrutura a organiza\u00e7\u00e3o social das comunidades, imp\u00f5e novos h\u00e1bitos e doen\u00e7as, e amea\u00e7a a soberania e a cultura ind\u00edgena [21].\u00a0<\/span><\/p>\n<p class=\"ai-optimize-47\"><b>Desafios no Combate e Fiscaliza\u00e7\u00e3o\u00a0<\/b><\/p>\n<p class=\"ai-optimize-48\"><span style=\"font-weight: 400;\">O combate ao garimpo ilegal enfrenta diversos desafios, que dificultam a erradica\u00e7\u00e3o dessa atividade. A vastid\u00e3o da Amaz\u00f4nia, a dificuldade de acesso a \u00e1reas remotas, a log\u00edstica complexa dos garimpeiros (com pistas clandestinas e rotas de fuga), a corrup\u00e7\u00e3o e a articula\u00e7\u00e3o com o crime organizado s\u00e3o alguns dos principais obst\u00e1culos. Apesar das opera\u00e7\u00f5es de fiscaliza\u00e7\u00e3o, a atividade persiste devido \u00e0 alta rentabilidade e \u00e0 impunidade. A retirada dos garimpeiros das terras ind\u00edgenas \u00e9 um passo fundamental, mas a solu\u00e7\u00e3o exige uma abordagem multifacetada que inclua fiscaliza\u00e7\u00e3o cont\u00ednua, intelig\u00eancia, desarticula\u00e7\u00e3o das redes de financiamento e comercializa\u00e7\u00e3o do ouro ilegal, e a promo\u00e7\u00e3o de alternativas econ\u00f4micas sustent\u00e1veis para as comunidades locais [22].\u00a0<\/span><\/p>\n<p class=\"ai-optimize-49\"><b>Queimadas\u00a0<\/b><\/p>\n<p class=\"ai-optimize-50\"><b>Rela\u00e7\u00e3o com o Desmatamento e a Seca\u00a0<\/b><\/p>\n<p class=\"ai-optimize-51\"><span style=\"font-weight: 400;\">As queimadas na Amaz\u00f4nia est\u00e3o intrinsecamente ligadas ao desmatamento e aos per\u00edodos de seca, formando um ciclo vicioso que agrava a degrada\u00e7\u00e3o da floresta. A maior parte do fogo na Amaz\u00f4nia n\u00e3o \u00e9 natural; ele \u00e9 usado intencionalmente para &#8220;limpar&#8221; \u00e1reas rec\u00e9m-desmatadas, preparar o solo para a agropecu\u00e1ria ou para renovar pastagens [23]. Em per\u00edodos de seca, a floresta se torna mais vulner\u00e1vel ao fogo, e as queimadas se alastram com maior facilidade e intensidade, atingindo \u00e1reas de floresta prim\u00e1ria que n\u00e3o seriam naturalmente suscet\u00edveis ao fogo. A seca severa, como a observada em 2023 e 2024, exacerba esse problema, tornando a floresta mais inflam\u00e1vel e as queimadas mais dif\u00edceis de controlar [24]. Dados recentes indicam que as queimadas t\u00eam feito o desmatamento crescer em alguns per\u00edodos, e que a degrada\u00e7\u00e3o da Amaz\u00f4nia, que inclui o fogo, emitiu mais gases de efeito estufa do que o desmatamento direto em 2024 [25].\u00a0<\/span><\/p>\n<p class=\"ai-optimize-52\"><b>Impactos na Sa\u00fade Humana e na Biodiversidade\u00a0<\/b><\/p>\n<p class=\"ai-optimize-53\"><span style=\"font-weight: 400;\">Os impactos das queimadas s\u00e3o severos para a sa\u00fade humana e para a biodiversidade:\u00a0<\/span><\/p>\n<ul>\n<li><\/li>\n<\/ul>\n<p class=\"ai-optimize-54\"><b>Sa\u00fade Humana<\/b><span style=\"font-weight: 400;\">: A fuma\u00e7a das queimadas libera grandes quantidades de material particulado e gases t\u00f3xicos na atmosfera, como mon\u00f3xido de carbono, \u00f3xidos de nitrog\u00eanio e hidrocarbonetos. Essa polui\u00e7\u00e3o do ar causa e agrava doen\u00e7as respirat\u00f3rias (asma, bronquite), cardiovasculares e oculares, afetando principalmente crian\u00e7as, idosos e pessoas com condi\u00e7\u00f5es preexistentes. A fuma\u00e7a pode se espalhar por grandes dist\u00e2ncias, afetando a qualidade do ar em cidades amaz\u00f4nicas e at\u00e9 em outras regi\u00f5es do Brasil [26].\u00a0<\/span><\/p>\n<ul>\n<li><\/li>\n<\/ul>\n<p class=\"ai-optimize-55\"><b>Biodiversidade<\/b><span style=\"font-weight: 400;\">: As queimadas destroem diretamente a flora e a fauna, eliminando plantas, animais e microrganismos. Muitas esp\u00e9cies n\u00e3o conseguem escapar do fogo ou perdem seus habitats e fontes de alimento, levando \u00e0 diminui\u00e7\u00e3o populacional e, em casos extremos, \u00e0 extin\u00e7\u00e3o. O fogo tamb\u00e9m altera a estrutura da floresta, favorecendo esp\u00e9cies mais resistentes ao fogo e diminuindo a diversidade de esp\u00e9cies sens\u00edveis, al\u00e9m de prejudicar a regenera\u00e7\u00e3o natural [27].\u00a0<\/span><\/p>\n<p class=\"ai-optimize-56\"><b>Efeitos nas Emiss\u00f5es de Gases de Efeito Estufa\u00a0<\/b><\/p>\n<p class=\"ai-optimize-57\"><span style=\"font-weight: 400;\">As queimadas s\u00e3o uma das principais fontes de emiss\u00e3o de gases de efeito estufa (GEE) na Amaz\u00f4nia, contribuindo significativamente para as mudan\u00e7as clim\u00e1ticas. Quando a biomassa \u00e9 queimada, o carbono armazenado nas \u00e1rvores e no solo \u00e9 liberado na atmosfera na forma de di\u00f3xido de carbono (CO2), metano (CH4) e \u00f3xido nitroso (N2O),\u00a0<\/span><\/p>\n<p class=\"ai-optimize-58\"><span style=\"font-weight: 400;\">que s\u00e3o potentes GEE. A Amaz\u00f4nia, que historicamente atuava como um sumidouro de carbono, tem se tornado um emissor l\u00edquido de GEE devido ao desmatamento e \u00e0s queimadas. Em alguns per\u00edodos, as emiss\u00f5es de GEE provenientes das queimadas na Amaz\u00f4nia t\u00eam crescido significativamente, contribuindo para que a regi\u00e3o se torne um dos maiores emissores de GEE do planeta [28].\u00a0<\/span><\/p>\n<p class=\"ai-optimize-59\"><b>Conflitos Socioambientais\u00a0<\/b><\/p>\n<p class=\"ai-optimize-60\"><b>Tipos de Conflitos\u00a0<\/b><\/p>\n<p class=\"ai-optimize-61\"><span style=\"font-weight: 400;\">Os conflitos socioambientais na Amaz\u00f4nia s\u00e3o complexos e multifacetados, resultando da disputa por terras e recursos naturais. Os principais tipos incluem:\u00a0<\/span><\/p>\n<ul>\n<li><\/li>\n<\/ul>\n<p class=\"ai-optimize-62\"><b>Conflitos por Terras<\/b><span style=\"font-weight: 400;\">: A grilagem de terras p\u00fablicas, a expans\u00e3o da fronteira agr\u00edcola e pecu\u00e1ria, e a especula\u00e7\u00e3o imobili\u00e1ria geram disputas violentas pela posse da terra. Essas disputas frequentemente envolvem a apropria\u00e7\u00e3o ilegal de grandes extens\u00f5es de terra, muitas vezes com o uso de documentos falsos [29]. \u2022\u00a0\u00a0<\/span><\/p>\n<p class=\"ai-optimize-63\"><b>Conflitos por Recursos Naturais<\/b><span style=\"font-weight: 400;\">: A explora\u00e7\u00e3o ilegal de madeira, a minera\u00e7\u00e3o ilegal (garimpo) e a pesca predat\u00f3ria levam a confrontos diretos entre os exploradores e as comunidades locais que dependem desses recursos para sua subsist\u00eancia e cultura [30].\u00a0<\/span><\/p>\n<ul>\n<li><\/li>\n<\/ul>\n<p class=\"ai-optimize-64\"><b>Grilagem<\/b><span style=\"font-weight: 400;\">: A grilagem \u00e9 um crime que consiste na apropria\u00e7\u00e3o ilegal de terras p\u00fablicas, muitas vezes com o uso de viol\u00eancia e fraude. \u00c9 um dos principais motores do desmatamento e da viol\u00eancia no campo, pois abre caminho para a explora\u00e7\u00e3o de recursos e a expans\u00e3o de atividades ilegais [31].\u00a0<\/span><\/p>\n<p class=\"ai-optimize-65\"><b>Principais Atores Envolvidos\u00a0<\/b><\/p>\n<p class=\"ai-optimize-66\"><span style=\"font-weight: 400;\">Os conflitos socioambientais na Amaz\u00f4nia envolvem uma gama diversificada de atores, com interesses e poderes desiguais:\u00a0<\/span><\/p>\n<ul>\n<li><\/li>\n<\/ul>\n<p class=\"ai-optimize-67\"><b>Povos Ind\u00edgenas, Quilombolas e Ribeirinhos<\/b><span style=\"font-weight: 400;\">: S\u00e3o as comunidades mais\u00a0<\/span><\/p>\n<p class=\"ai-optimize-68\"><span style=\"font-weight: 400;\">vulner\u00e1veis e diretamente afetadas pelos conflitos. Suas terras e modos de vida tradicionais s\u00e3o amea\u00e7ados pela invas\u00e3o de grileiros, garimpeiros e madeireiros. Eles s\u00e3o os guardi\u00f5es da floresta e frequentemente se tornam alvos de viol\u00eancia por defenderem seus territ\u00f3rios [32].\u00a0<\/span><\/p>\n<ul>\n<li><\/li>\n<\/ul>\n<p class=\"ai-optimize-69\"><b>Garimpeiros e Madeireiros Ilegais<\/b><span style=\"font-weight: 400;\">: Atuam na explora\u00e7\u00e3o ilegal de recursos, muitas vezes com o apoio de redes criminosas. S\u00e3o respons\u00e1veis por grande parte do desmatamento, da contamina\u00e7\u00e3o ambiental e da viol\u00eancia na regi\u00e3o [33].\u00a0<\/span><\/p>\n<ul>\n<li><\/li>\n<\/ul>\n<p class=\"ai-optimize-70\"><b>Grandes Propriet\u00e1rios de Terra<\/b><span style=\"font-weight: 400;\">: Fazendeiros e empres\u00e1rios do agroneg\u00f3cio que buscam expandir suas propriedades, muitas vezes atrav\u00e9s da grilagem e do desmatamento, contribuindo para a concentra\u00e7\u00e3o fundi\u00e1ria e os conflitos [34].\u00a0<\/span><\/p>\n<ul>\n<li><\/li>\n<\/ul>\n<p class=\"ai-optimize-71\"><b>Grileiros<\/b><span style=\"font-weight: 400;\">: Indiv\u00edduos ou grupos que se apropriam ilegalmente de terras p\u00fablicas, utilizando-as para fins de especula\u00e7\u00e3o ou para a explora\u00e7\u00e3o de recursos [35].\u00a0<\/span><\/p>\n<p class=\"ai-optimize-72\"><b>Viol\u00eancia e Assassinatos de Defensores do Meio Ambiente e Direitos Humanos\u00a0<\/b><\/p>\n<p class=\"ai-optimize-73\"><span style=\"font-weight: 400;\">A Amaz\u00f4nia \u00e9 uma das regi\u00f5es mais perigosas do mundo para defensores do meio ambiente e direitos humanos. Aqueles que se op\u00f5em \u00e0 destrui\u00e7\u00e3o da floresta e defendem os direitos das comunidades locais frequentemente enfrentam amea\u00e7as, viol\u00eancia e, em muitos casos, s\u00e3o assassinados. O Brasil, e a Amaz\u00f4nia em particular, figura entre os pa\u00edses com o maior n\u00famero de assassinatos de defensores da terra e do meio ambiente. Esses crimes muitas vezes permanecem impunes, o que perpetua o ciclo de viol\u00eancia e intimida\u00e7\u00e3o. A viol\u00eancia est\u00e1 diretamente ligada \u00e0 expans\u00e3o do garimpo ilegal e do desmatamento, financiados por organiza\u00e7\u00f5es criminosas [36].\u00a0<\/span><\/p>\n<p class=\"ai-optimize-74\"><b>Impacto das Mudan\u00e7as Clim\u00e1ticas\u00a0<\/b><\/p>\n<p class=\"ai-optimize-75\"><b>Altera\u00e7\u00f5es nos Regimes de Chuva e Temperatura\u00a0<\/b><\/p>\n<p class=\"ai-optimize-76\"><span style=\"font-weight: 400;\">As mudan\u00e7as clim\u00e1ticas globais est\u00e3o impactando profundamente a Amaz\u00f4nia, alterando os regimes de chuva e temperatura. Observa-se um aumento nas temperaturas m\u00e9dias da regi\u00e3o e mudan\u00e7as nos padr\u00f5es de precipita\u00e7\u00e3o, com algumas \u00e1reas experimentando chuvas mais intensas e outras, per\u00edodos de seca mais prolongados. Essa altera\u00e7\u00e3o no regime hidrol\u00f3gico afeta diretamente a floresta, que \u00e9 altamente dependente da umidade para sua sobreviv\u00eancia e funcionamento [37].\u00a0<\/span><\/p>\n<p class=\"ai-optimize-77\"><b>Aumento da Frequ\u00eancia e Intensidade de Secas e Inunda\u00e7\u00f5es\u00a0<\/b><\/p>\n<p class=\"ai-optimize-78\"><span style=\"font-weight: 400;\">Uma das consequ\u00eancias mais vis\u00edveis das mudan\u00e7as clim\u00e1ticas na Amaz\u00f4nia \u00e9 o aumento da frequ\u00eancia e intensidade de eventos clim\u00e1ticos extremos, como secas e inunda\u00e7\u00f5es. A seca severa de 2023, por exemplo, foi a maior j\u00e1 registrada, causando a queda recorde nos n\u00edveis dos rios e afetando milh\u00f5es de pessoas e a biodiversidade. Da mesma forma, inunda\u00e7\u00f5es catastr\u00f3ficas t\u00eam se tornado mais comuns, desabrigando comunidades e causando perdas econ\u00f4micas. Esses eventos extremos s\u00e3o exacerbados pelo desmatamento, que diminui a capacidade da floresta de regular o clima e a umidade [38].\u00a0<\/span><\/p>\n<p class=\"ai-optimize-79\"><b>Risco de \\&#8217;Pontos de Inflex\u00e3o\\&#8217; (Tipping Points) e Savaniza\u00e7\u00e3o da Floresta\u00a0<\/b><\/p>\n<p class=\"ai-optimize-80\"><span style=\"font-weight: 400;\">A Amaz\u00f4nia est\u00e1 se aproximando de &#8220;pontos de inflex\u00e3o&#8221; ou &#8220;tipping points&#8221;, que s\u00e3o limiares a partir dos quais grandes e irrevers\u00edveis mudan\u00e7as podem ocorrer no ecossistema. A combina\u00e7\u00e3o de desmatamento, queimadas e mudan\u00e7as clim\u00e1ticas pode levar a uma savaniza\u00e7\u00e3o de grandes \u00e1reas da floresta, transformando-a em um ecossistema mais seco e com vegeta\u00e7\u00e3o de savana. Estudos indicam que a perda de uma porcentagem significativa da floresta pode desencadear esse processo, com consequ\u00eancias globais para o clima e a biodiversidade. A savaniza\u00e7\u00e3o da Amaz\u00f4nia teria impactos devastadores, liberando ainda mais carbono na atmosfera e acelerando o aquecimento global [39].\u00a0<\/span><\/p>\n<p class=\"ai-optimize-81\"><b>Efeitos sobre a Biodiversidade e os Servi\u00e7os Ecossist\u00eamicos\u00a0<\/b><\/p>\n<p class=\"ai-optimize-82\"><span style=\"font-weight: 400;\">As mudan\u00e7as clim\u00e1ticas representam uma grave amea\u00e7a \u00e0 rica biodiversidade da Amaz\u00f4nia. O aumento da temperatura e as altera\u00e7\u00f5es nos regimes de chuva podem levar \u00e0 extin\u00e7\u00e3o de esp\u00e9cies que n\u00e3o conseguem se adaptar \u00e0s novas condi\u00e7\u00f5es. Al\u00e9m disso, os servi\u00e7os ecossist\u00eamicos prestados pela floresta, como a regula\u00e7\u00e3o do clima, a produ\u00e7\u00e3o de chuva, a purifica\u00e7\u00e3o da \u00e1gua e a poliniza\u00e7\u00e3o, s\u00e3o comprometidos. A perda desses servi\u00e7os afeta n\u00e3o apenas a Amaz\u00f4nia, mas tamb\u00e9m outras regi\u00f5es do Brasil e do mundo, que dependem da floresta para a manuten\u00e7\u00e3o de seus sistemas naturais e produtivos [40].\u00a0<\/span><\/p>\n<p class=\"ai-optimize-83\"><b>Expans\u00e3o da Infraestrutura\u00a0<\/b><\/p>\n<p class=\"ai-optimize-84\"><b>Impacto de Grandes Projetos (Hidrel\u00e9tricas, Estradas, Ferrovias) sobre a Floresta e as Comunidades\u00a0<\/b><\/p>\n<p class=\"ai-optimize-85\"><span style=\"font-weight: 400;\">A constru\u00e7\u00e3o de grandes projetos de infraestrutura na Amaz\u00f4nia, como hidrel\u00e9tricas, estradas e ferrovias, tem um impacto profundo e muitas vezes devastador sobre a floresta e as comunidades locais. Embora esses projetos sejam frequentemente justificados como essenciais para o desenvolvimento econ\u00f4mico, eles trazem consigo uma s\u00e9rie de consequ\u00eancias negativas:\u00a0<\/span><\/p>\n<ul>\n<li><\/li>\n<\/ul>\n<p class=\"ai-optimize-86\"><b>Hidrel\u00e9tricas<\/b><span style=\"font-weight: 400;\">: A constru\u00e7\u00e3o de barragens para hidrel\u00e9tricas inunda vastas \u00e1reas de floresta, resultando na perda de biodiversidade, deslocamento de comunidades ind\u00edgenas e ribeirinhas, e altera\u00e7\u00e3o dos regimes h\u00eddricos dos rios. A decomposi\u00e7\u00e3o da mat\u00e9ria org\u00e2nica submersa nos reservat\u00f3rios tamb\u00e9m libera gases de efeito estufa, como metano, contribuindo para as mudan\u00e7as clim\u00e1ticas [41].\u00a0<\/span><\/p>\n<ul>\n<li><\/li>\n<\/ul>\n<p class=\"ai-optimize-87\"><b>Estradas e Ferrovias<\/b><span style=\"font-weight: 400;\">: A abertura de novas estradas e ferrovias, ou a pavimenta\u00e7\u00e3o\u00a0<\/span><\/p>\n<p class=\"ai-optimize-88\"><span style=\"font-weight: 400;\">e amplia\u00e7\u00e3o das existentes, facilita o acesso a \u00e1reas remotas da floresta. Isso, por sua vez, impulsiona o desmatamento, a grilagem de terras, a explora\u00e7\u00e3o madeireira ilegal e o garimpo. As estradas atuam como vetores de desmatamento, criando novas frentes de destrui\u00e7\u00e3o e fragmentando habitats, o que isola popula\u00e7\u00f5es de animais e plantas e as torna mais vulner\u00e1veis [42].\u00a0<\/span><\/p>\n<p class=\"ai-optimize-89\"><b>Abertura de Novas Frentes de Desmatamento e Explora\u00e7\u00e3o\u00a0<\/b><\/p>\n<p class=\"ai-optimize-90\"><span style=\"font-weight: 400;\">Os projetos de infraestrutura, especialmente as estradas, s\u00e3o conhecidos por abrir novas frentes de desmatamento e explora\u00e7\u00e3o. Ao facilitar o transporte de produtos e o acesso a \u00e1reas antes intocadas, eles atraem atividades econ\u00f4micas predat\u00f3rias, como a agropecu\u00e1ria em larga escala, a minera\u00e7\u00e3o e a explora\u00e7\u00e3o madeireira. A infraestrutura tamb\u00e9m pode levar ao aumento da press\u00e3o sobre as terras ind\u00edgenas e unidades de conserva\u00e7\u00e3o, que se tornam mais acess\u00edveis e, consequentemente, mais vulner\u00e1veis \u00e0 invas\u00e3o e \u00e0 explora\u00e7\u00e3o ilegal. O legado socioambiental desses projetos muitas vezes \u00e9 danoso, com impactos que se estendem por d\u00e9cadas e afetam gera\u00e7\u00f5es de comunidades locais [43].\u00a0<\/span><\/p>\n<p class=\"ai-optimize-91\"><b>Tr\u00e1fico de Fauna e Flora\u00a0<\/b><\/p>\n<p class=\"ai-optimize-92\"><b>Esp\u00e9cies Mais Visadas e Rotas do Tr\u00e1fico\u00a0<\/b><\/p>\n<p class=\"ai-optimize-93\"><span style=\"font-weight: 400;\">O tr\u00e1fico de fauna e flora na Amaz\u00f4nia \u00e9 uma atividade ilegal altamente lucrativa, que amea\u00e7a a biodiversidade e o equil\u00edbrio dos ecossistemas. As esp\u00e9cies mais visadas incluem aves (papagaios, araras, tucanos), r\u00e9pteis (cobras, jabutis), mam\u00edferos (macacos, on\u00e7as) e peixes ornamentais. No caso da flora, o tr\u00e1fico se concentra em madeiras nobres, plantas medicinais e ornamentais. As rotas do tr\u00e1fico s\u00e3o complexas e envolvem desde a captura e coleta na floresta at\u00e9 a comercializa\u00e7\u00e3o em mercados clandestinos nacionais e internacionais. Muitas vezes, essas rotas se sobrep\u00f5em \u00e0s do tr\u00e1fico de drogas e armas, utilizando a mesma infraestrutura e log\u00edstica [44].\u00a0<\/span><\/p>\n<p class=\"ai-optimize-94\"><b>Impactos na Biodiversidade e nas Popula\u00e7\u00f5es de Esp\u00e9cies Amea\u00e7adas <\/b><span style=\"font-weight: 400;\">Os impactos do tr\u00e1fico de fauna e flora s\u00e3o devastadores:\u00a0<\/span><\/p>\n<ul>\n<li><\/li>\n<\/ul>\n<p class=\"ai-optimize-95\"><b>Biodiversidade<\/b><span style=\"font-weight: 400;\">: A remo\u00e7\u00e3o de indiv\u00edduos da natureza desequilibra as popula\u00e7\u00f5es, afetando a reprodu\u00e7\u00e3o e a sobreviv\u00eancia das esp\u00e9cies. Isso pode levar \u00e0 diminui\u00e7\u00e3o de popula\u00e7\u00f5es e, em casos extremos, \u00e0 extin\u00e7\u00e3o local ou global de esp\u00e9cies amea\u00e7adas [45].\u00a0<\/span><\/p>\n<ul>\n<li><\/li>\n<\/ul>\n<p class=\"ai-optimize-96\"><b>Popula\u00e7\u00f5es de Esp\u00e9cies Amea\u00e7adas<\/b><span style=\"font-weight: 400;\">: Esp\u00e9cies j\u00e1 amea\u00e7adas de extin\u00e7\u00e3o s\u00e3o particularmente vulner\u00e1veis ao tr\u00e1fico, pois suas popula\u00e7\u00f5es s\u00e3o pequenas e a remo\u00e7\u00e3o de poucos indiv\u00edduos pode ter um impacto desproporcional. O tr\u00e1fico\u00a0<\/span><\/p>\n<p class=\"ai-optimize-97\"><span style=\"font-weight: 400;\">agrava a situa\u00e7\u00e3o dessas esp\u00e9cies, dificultando os esfor\u00e7os de conserva\u00e7\u00e3o [46]. \u2022\u00a0<\/span><\/p>\n<p class=\"ai-optimize-98\"><b>Sa\u00fade P\u00fablica<\/b><span style=\"font-weight: 400;\">: O tr\u00e1fico de animais silvestres tamb\u00e9m representa um risco para a sa\u00fade p\u00fablica, pois pode facilitar a transmiss\u00e3o de doen\u00e7as (zoonoses) de animais para humanos, como j\u00e1 observado em outras partes do mundo [47].\u00a0<\/span><\/p>\n<p class=\"ai-optimize-99\"><b>Conclus\u00e3o\u00a0<\/b><\/p>\n<p class=\"ai-optimize-100\"><span style=\"font-weight: 400;\">A Amaz\u00f4nia, um tesouro de biodiversidade e um pilar fundamental para o equil\u00edbrio clim\u00e1tico global, encontra-se em um momento cr\u00edtico. Os problemas abordados neste relat\u00f3rio \u2013 desmatamento, minera\u00e7\u00e3o ilegal, queimadas, conflitos socioambientais, impactos das mudan\u00e7as clim\u00e1ticas, expans\u00e3o da infraestrutura e tr\u00e1fico de fauna e flora \u2013 n\u00e3o s\u00e3o isolados, mas sim profundamente interconectados, formando um ciclo vicioso de degrada\u00e7\u00e3o. O desmatamento abre caminho para o garimpo e a agropecu\u00e1ria, que por sua vez intensificam as queimadas e os conflitos por terra. As mudan\u00e7as clim\u00e1ticas exacerbam a seca, tornando a floresta mais vulner\u00e1vel ao fogo e acelerando o processo de savaniza\u00e7\u00e3o. Enquanto isso, a viol\u00eancia contra os defensores da floresta e de seus povos persiste, muitas vezes impune.\u00a0<\/span><\/p>\n<p class=\"ai-optimize-101\"><span style=\"font-weight: 400;\">A urg\u00eancia de a\u00e7\u00f5es coordenadas e eficazes nunca foi t\u00e3o evidente. A perda cont\u00ednua da floresta amaz\u00f4nica n\u00e3o afeta apenas a regi\u00e3o, mas tem repercuss\u00f5es globais, impactando o clima, a biodiversidade e a seguran\u00e7a h\u00eddrica e alimentar. A prote\u00e7\u00e3o da Amaz\u00f4nia \u00e9 uma responsabilidade compartilhada que exige o engajamento de indiv\u00edduos, governos, setor privado e sociedade civil em todo o mundo.\u00a0<\/span><\/p>\n<p class=\"ai-optimize-102\"><span style=\"font-weight: 400;\">\u00c9 imperativo que as pol\u00edticas p\u00fablicas sejam fortalecidas e implementadas de forma rigorosa, combatendo a ilegalidade, promovendo o desenvolvimento sustent\u00e1vel e garantindo os direitos dos povos da floresta. A fiscaliza\u00e7\u00e3o ambiental precisa ser robusta, e as cadeias de valor dos produtos amaz\u00f4nicos devem ser transparentes e livres de ilegalidades. Al\u00e9m disso, a pesquisa cient\u00edfica e o monitoramento cont\u00ednuo s\u00e3o essenciais para compreender a din\u00e2mica da floresta e orientar as a\u00e7\u00f5es de conserva\u00e7\u00e3o.\u00a0<\/span><\/p>\n<p class=\"ai-optimize-103\"><span style=\"font-weight: 400;\">O futuro da Amaz\u00f4nia e, em grande medida, o futuro do nosso planeta, dependem das escolhas que fazemos hoje. A conscientiza\u00e7\u00e3o e o engajamento de cada um s\u00e3o passos cruciais para reverter o cen\u00e1rio de degrada\u00e7\u00e3o e garantir que a Amaz\u00f4nia continue a prosperar como um bioma vital para a vida na Terra.\u00a0<\/span><\/p>\n<p class=\"ai-optimize-104\"><b>Sugest\u00f5es de A\u00e7\u00f5es: O que pode ser feito por indiv\u00edduos, governos e sociedade para mitigar esses problemas\u00a0<\/b><\/p>\n<p class=\"ai-optimize-105\"><b>Para Indiv\u00edduos:\u00a0<\/b><\/p>\n<ul>\n<li><\/li>\n<\/ul>\n<p class=\"ai-optimize-106\"><b>Consumo Consciente<\/b><span style=\"font-weight: 400;\">: Opte por produtos com certifica\u00e7\u00e3o de origem sustent\u00e1vel, que n\u00e3o contribuam para o desmatamento ou a explora\u00e7\u00e3o ilegal. Reduza o consumo de carne e produtos que sabidamente impulsionam a expans\u00e3o da agropecu\u00e1ria em \u00e1reas de floresta.\u00a0<\/span><\/p>\n<ul>\n<li><\/li>\n<\/ul>\n<p class=\"ai-optimize-107\"><b>Informa\u00e7\u00e3o e Conscientiza\u00e7\u00e3o<\/b><span style=\"font-weight: 400;\">: Busque informa\u00e7\u00f5es em fontes confi\u00e1veis e\u00a0<\/span><\/p>\n<p class=\"ai-optimize-108\"><span style=\"font-weight: 400;\">compartilhe o conhecimento sobre os problemas da Amaz\u00f4nia. Participe de debates e campanhas de conscientiza\u00e7\u00e3o.\u00a0<\/span><\/p>\n<ul>\n<li><\/li>\n<\/ul>\n<p class=\"ai-optimize-109\"><b>Apoio a Iniciativas de Conserva\u00e7\u00e3o<\/b><span style=\"font-weight: 400;\">: Apoie financeiramente ou como volunt\u00e1rio organiza\u00e7\u00f5es n\u00e3o governamentais e projetos que atuam na prote\u00e7\u00e3o da Amaz\u00f4nia e no apoio \u00e0s comunidades locais.\u00a0<\/span><\/p>\n<ul>\n<li><\/li>\n<\/ul>\n<p class=\"ai-optimize-110\"><b>Press\u00e3o por Pol\u00edticas P\u00fablicas<\/b><span style=\"font-weight: 400;\">: Exija de seus representantes pol\u00edticos o\u00a0<\/span><\/p>\n<p class=\"ai-optimize-111\"><span style=\"font-weight: 400;\">fortalecimento da legisla\u00e7\u00e3o ambiental, a fiscaliza\u00e7\u00e3o rigorosa e a implementa\u00e7\u00e3o de pol\u00edticas de desenvolvimento sustent\u00e1vel para a Amaz\u00f4nia.\u00a0<\/span><\/p>\n<p class=\"ai-optimize-112\"><b>Para Governos:\u00a0<\/b><\/p>\n<ul>\n<li><\/li>\n<\/ul>\n<p class=\"ai-optimize-113\"><b>Fortalecimento da Fiscaliza\u00e7\u00e3o e Combate \u00e0 Ilegalidade<\/b><span style=\"font-weight: 400;\">: Aumentar o efetivo e os recursos dos \u00f3rg\u00e3os de fiscaliza\u00e7\u00e3o (IBAMA, ICMBio, Pol\u00edcia Federal) para combater\u00a0<\/span><\/p>\n<p class=\"ai-optimize-114\"><span style=\"font-weight: 400;\">o desmatamento ilegal, o garimpo ilegal, a explora\u00e7\u00e3o madeireira ilegal e o tr\u00e1fico de fauna e flora. Punir rigorosamente os crimes ambientais e desarticular as redes criminosas.\u00a0<\/span><\/p>\n<ul>\n<li><\/li>\n<\/ul>\n<p class=\"ai-optimize-115\"><b>Demarca\u00e7\u00e3o e Prote\u00e7\u00e3o de Terras Ind\u00edgenas e Unidades de Conserva\u00e7\u00e3o<\/b><span style=\"font-weight: 400;\">:\u00a0<\/span><\/p>\n<p class=\"ai-optimize-116\"><span style=\"font-weight: 400;\">Acelerar a demarca\u00e7\u00e3o de terras ind\u00edgenas e a cria\u00e7\u00e3o e implementa\u00e7\u00e3o de unidades de conserva\u00e7\u00e3o, garantindo a prote\u00e7\u00e3o desses territ\u00f3rios e os direitos de seus povos.\u00a0<\/span><\/p>\n<ul>\n<li><\/li>\n<\/ul>\n<p class=\"ai-optimize-117\"><b>Fomento \u00e0 Bioeconomia e Desenvolvimento Sustent\u00e1vel<\/b><span style=\"font-weight: 400;\">: Investir em modelos\u00a0<\/span><\/p>\n<p class=\"ai-optimize-118\"><span style=\"font-weight: 400;\">econ\u00f4micos que valorizem a floresta em p\u00e9, como o manejo florestal sustent\u00e1vel, a produ\u00e7\u00e3o de produtos da sociobiodiversidade e o ecoturismo, gerando renda para as comunidades locais sem destruir a floresta.\u00a0<\/span><\/p>\n<ul>\n<li><\/li>\n<\/ul>\n<p class=\"ai-optimize-119\"><b>Pol\u00edticas Clim\u00e1ticas Robustas<\/b><span style=\"font-weight: 400;\">: Implementar e cumprir metas ambiciosas de redu\u00e7\u00e3o de emiss\u00f5es de gases de efeito estufa, com foco no desmatamento zero e na restaura\u00e7\u00e3o florestal.\u00a0<\/span><\/p>\n<ul>\n<li><\/li>\n<\/ul>\n<p class=\"ai-optimize-120\"><b>Coopera\u00e7\u00e3o Internacional<\/b><span style=\"font-weight: 400;\">: Fortalecer a coopera\u00e7\u00e3o com outros pa\u00edses amaz\u00f4nicos e com a comunidade internacional para o combate aos crimes transfronteiri\u00e7os e para a capta\u00e7\u00e3o de recursos para a conserva\u00e7\u00e3o.\u00a0<\/span><\/p>\n<p class=\"ai-optimize-121\"><b>Para a Sociedade Civil (ONGs, Empresas, Academia):\u00a0<\/b><\/p>\n<ul>\n<li><\/li>\n<\/ul>\n<p class=\"ai-optimize-122\"><b>Monitoramento e Den\u00fancia<\/b><span style=\"font-weight: 400;\">: Continuar o trabalho de monitoramento do\u00a0<\/span><\/p>\n<p class=\"ai-optimize-123\"><span style=\"font-weight: 400;\">desmatamento, queimadas e outras ilegalidades, denunciando os crimes e pressionando as autoridades.\u00a0<\/span><\/p>\n<ul>\n<li><\/li>\n<\/ul>\n<p class=\"ai-optimize-124\"><b>Pesquisa e Inova\u00e7\u00e3o<\/b><span style=\"font-weight: 400;\">: Desenvolver pesquisas que aprofundem o conhecimento\u00a0<\/span><\/p>\n<p class=\"ai-optimize-125\"><span style=\"font-weight: 400;\">sobre a Amaz\u00f4nia, seus problemas e solu\u00e7\u00f5es, e inovar em tecnologias e pr\u00e1ticas para a conserva\u00e7\u00e3o e o desenvolvimento sustent\u00e1vel.\u00a0<\/span><\/p>\n<ul>\n<li><\/li>\n<\/ul>\n<p class=\"ai-optimize-126\"><b>Engajamento e Mobiliza\u00e7\u00e3o<\/b><span style=\"font-weight: 400;\">: Promover a mobiliza\u00e7\u00e3o social, campanhas de\u00a0<\/span><\/p>\n<p class=\"ai-optimize-127\"><span style=\"font-weight: 400;\">conscientiza\u00e7\u00e3o e advocacy para influenciar pol\u00edticas p\u00fablicas e o comportamento da sociedade.\u00a0<\/span><\/p>\n<ul>\n<li><\/li>\n<\/ul>\n<p class=\"ai-optimize-128\"><b>Responsabilidade Corporativa<\/b><span style=\"font-weight: 400;\">: Empresas devem adotar cadeias de suprimentos livres de desmatamento e ilegalidades, investindo em pr\u00e1ticas sustent\u00e1veis e transparentes.\u00a0<\/span><\/p>\n<p class=\"ai-optimize-129\"><b>Fontes e Refer\u00eancias\u00a0<\/b><\/p>\n<p class=\"ai-optimize-130\"><span style=\"font-weight: 400;\">[1] Greenpeace Brasil. <\/span><i><span style=\"font-weight: 400;\">Desmatamento na Amaz\u00f4nia: conhe\u00e7a os impactos<\/span><\/i><span style=\"font-weight: 400;\">. Dispon\u00edvel em: <\/span><span style=\"font-weight: 400;\">https:\/\/www.greenpeace.org\/brasil\/blog\/desmatamento-na-amazonia\/<\/span><span style=\"font-weight: 400;\">\u00a0<\/span><\/p>\n<p class=\"ai-optimize-131\"><span style=\"font-weight: 400;\">[2] Brasil Escola. <\/span><i><span style=\"font-weight: 400;\">Desmatamento na Amaz\u00f4nia: causas e efeitos<\/span><\/i><span style=\"font-weight: 400;\">. Dispon\u00edvel em: <\/span><span style=\"font-weight: 400;\">https:\/\/<\/span> <span style=\"font-weight: 400;\">brasilescola.uol.com.br\/brasil\/desmatamento-da-amazonia.htm<\/span><span style=\"font-weight: 400;\">\u00a0<\/span><\/p>\n<p class=\"ai-optimize-132\"><span style=\"font-weight: 400;\">[3] IPAM Amaz\u00f4nia. <\/span><i><span style=\"font-weight: 400;\">O que \u00e9 grilagem de terras e como combater esse crime na Amaz\u00f4nia<\/span><\/i><span style=\"font-weight: 400;\">. Dispon\u00edvel em: <\/span><span style=\"font-weight: 400;\">https:\/\/ipam.org.br\/grilagem\/<\/span><span style=\"font-weight: 400;\">\u00a0<\/span><\/p>\n<p class=\"ai-optimize-133\"><span style=\"font-weight: 400;\">[4] Floresta Amaz\u00f4nica News. <\/span><i><span style=\"font-weight: 400;\">Impacto da Infraestrutura e Grandes Projetos na Floresta Amaz\u00f4nica<\/span><\/i><span style=\"font-weight: 400;\">. Dispon\u00edvel em: <\/span><span style=\"font-weight: 400;\">https:\/\/florestaamazonicanews.com.br\/impacto-da infraestrutura-e-grandes-projetos-na-floresta-amazonica\/<\/span><span style=\"font-weight: 400;\">\u00a0<\/span><\/p>\n<p class=\"ai-optimize-134\"><span style=\"font-weight: 400;\">[5] InfoAmazonia. <\/span><i><span style=\"font-weight: 400;\">Prodes e Deter: conhe\u00e7a os sistemas estrat\u00e9gicos no combate ao desmatamento na Amaz\u00f4nia<\/span><\/i><span style=\"font-weight: 400;\">. Dispon\u00edvel em: <\/span><span style=\"font-weight: 400;\">https:\/\/infoamazonia.org\/2022\/02\/15\/<\/span> <span style=\"font-weight: 400;\">prodes-deter-sistemas-estrategicos-combate-desmatamento-amazonia\/<\/span><span style=\"font-weight: 400;\">\u00a0<\/span><\/p>\n<p class=\"ai-optimize-135\"><span style=\"font-weight: 400;\">[6] G1. <\/span><i><span style=\"font-weight: 400;\">Inpe: taxa de desmatamento cai 21,8% na Amaz\u00f4nia e 9% no Cerrado<\/span><\/i><span style=\"font-weight: 400;\">. Dispon\u00edvel em: <\/span><span style=\"font-weight: 400;\">https:\/\/g1.globo.com\/meio-ambiente\/noticia\/2024\/05\/08\/inpe-taxa-de desmatamento-consolidada.ghtml<\/span><span style=\"font-weight: 400;\">\u00a0<\/span><\/p>\n<p class=\"ai-optimize-136\"><span style=\"font-weight: 400;\">[7] G1. <\/span><i><span style=\"font-weight: 400;\">Inpe: alertas de desmatamento na Amaz\u00f4nia alcan\u00e7am menor valor hist\u00f3rico para fevereiro<\/span><\/i><span style=\"font-weight: 400;\">. Dispon\u00edvel em: <\/span><span style=\"font-weight: 400;\">https:\/\/g1.globo.com\/meio-ambiente\/noticia\/2025\/03\/12\/<\/span> <span style=\"font-weight: 400;\">inpe-alertas-de-desmatamento-na-amazonia-alcancam-menor-valor-historico-para fevereiro.ghtml<\/span><span style=\"font-weight: 400;\">\u00a0<\/span><\/p>\n<p class=\"ai-optimize-137\"><span style=\"font-weight: 400;\">[8] National Geographic Brasil. <\/span><i><span style=\"font-weight: 400;\">Quais os impactos ambientais da perda da Floresta Amaz\u00f4nica?<\/span><\/i><span style=\"font-weight: 400;\">. Dispon\u00edvel em: <\/span><span style=\"font-weight: 400;\">https:\/\/www.nationalgeographicbrasil.com\/meio ambiente\/2023\/04\/quais-os-impactos-ambientais-da-perda-da-floresta-amazonica<\/span><span style=\"font-weight: 400;\">\u00a0<\/span><\/p>\n<p class=\"ai-optimize-138\"><span style=\"font-weight: 400;\">[9] IPAM Amaz\u00f4nia. <\/span><i><span style=\"font-weight: 400;\">Como o desmatamento acelera as mudan\u00e7as clim\u00e1ticas?<\/span><\/i><span style=\"font-weight: 400;\">. Dispon\u00edvel em: <\/span><span style=\"font-weight: 400;\">https:\/\/ipam.org.br\/entenda\/desmatamento-clima\/<\/span><span style=\"font-weight: 400;\">\u00a0<\/span><\/p>\n<p class=\"ai-optimize-139\"><span style=\"font-weight: 400;\">[10] IHU Unisinos. <\/span><i><span style=\"font-weight: 400;\">Impactos do desmatamento da Amaz\u00f4nia nas chuvas e no clima do Brasil e do mundo<\/span><\/i><span style=\"font-weight: 400;\">. Dispon\u00edvel em: <\/span><span style=\"font-weight: 400;\">https:\/\/www.ihu.unisinos.br\/categorias\/628475-<\/span> <span style=\"font-weight: 400;\">impactos-do-desmatamento-da-amazonia-nas-chuvas-e-no-clima-do-brasil-e-do mundo<\/span><span style=\"font-weight: 400;\">\u00a0<\/span><\/p>\n<p class=\"ai-optimize-140\"><span style=\"font-weight: 400;\">[11] Brasil de Fato. <\/span><i><span style=\"font-weight: 400;\">Amaz\u00f4nia responde por 97% das \u00e1reas de conflito por terras no Brasil, aponta CPT<\/span><\/i><span style=\"font-weight: 400;\">. Dispon\u00edvel em: <\/span><span style=\"font-weight: 400;\">https:\/\/www.brasildefato.com.br\/2022\/04\/18\/<\/span> <span style=\"font-weight: 400;\">amazonia-responde-por-97-das-areas-de-conflito-por-terras-no-brasil-aponta-cpt\/<\/span><span style=\"font-weight: 400;\">\u00a0<\/span><\/p>\n<p class=\"ai-optimize-141\"><span style=\"font-weight: 400;\">[12] Mapadeconflitos.ensp.fiocruz.br. <\/span><i><span style=\"font-weight: 400;\">Impacto socioambiental Desmatamento e\/ou queimada<\/span><\/i><span style=\"font-weight: 400;\">. Dispon\u00edvel em: <\/span><span style=\"font-weight: 400;\">https:\/\/mapadeconflitos.ensp.fiocruz.br\/impacto\/<\/span> <span style=\"font-weight: 400;\">desmatamento-e-ou-queimada\/<\/span><span style=\"font-weight: 400;\">\u00a0<\/span><\/p>\n<p class=\"ai-optimize-142\"><span style=\"font-weight: 400;\">[13] G1. <\/span><i><span style=\"font-weight: 400;\">Cassiterita entra na lista de min\u00e9rios explorados ilegalmente em terras Yanomami<\/span><\/i><span style=\"font-weight: 400;\">. Dispon\u00edvel em: <\/span><span style=\"font-weight: 400;\">https:\/\/g1.globo.com\/jornal-nacional\/noticia\/2023\/02\/10\/<\/span> <span style=\"font-weight: 400;\">cassiterita-entra-na-lista-de-minerios-explorados-ilegalmente-em-terras yanomami.ghtml<\/span><span style=\"font-weight: 400;\">\u00a0<\/span><\/p>\n<p class=\"ai-optimize-143\"><span style=\"font-weight: 400;\">[14] MapBiomas. <\/span><i><span style=\"font-weight: 400;\">Amaz\u00f4nia concentra mais de 90% do garimpo no Brasil<\/span><\/i><span style=\"font-weight: 400;\">. Dispon\u00edvel em:\u00a0 <\/span><span style=\"font-weight: 400;\">https:\/\/brasil.mapbiomas.org\/2023\/09\/22\/amazonia-concentra-mais-de-90-do-garimpo no-brasil\/<\/span><span style=\"font-weight: 400;\">\u00a0<\/span><\/p>\n<p class=\"ai-optimize-144\"><span style=\"font-weight: 400;\">[15] O Globo. <\/span><i><span style=\"font-weight: 400;\">Ouro ilegal da Amaz\u00f4nia ganha rotas para Guiana, Venezuela e Suriname<\/span><\/i><span style=\"font-weight: 400;\">. Dispon\u00edvel em: <\/span><span style=\"font-weight: 400;\">https:\/\/oglobo.globo.com\/brasil\/noticia\/2024\/12\/26\/apos-cerco-do-stf-e receita-sobre-comercio-no-brasil-ouro-ilegal-da-amazonia-ganha-rotas-para-guiana venezuela-e-suriname.ghtml<\/span><span style=\"font-weight: 400;\">\u00a0<\/span><\/p>\n<p class=\"ai-optimize-145\"><span style=\"font-weight: 400;\">[16] Greenpeace Brasil. <\/span><i><span style=\"font-weight: 400;\">Garimpo Ilegal: saiba seus impactos no Brasil<\/span><\/i><span style=\"font-weight: 400;\">. Dispon\u00edvel em:\u00a0 <\/span><span style=\"font-weight: 400;\">https:\/\/www.greenpeace.org\/brasil\/blog\/garimpo-ilegal-e-seus-impactos\/<\/span><span style=\"font-weight: 400;\">\u00a0<\/span><\/p>\n<p class=\"ai-optimize-146\"><span style=\"font-weight: 400;\">[17] WWF Brasil. <\/span><i><span style=\"font-weight: 400;\">Impactos do Garimpo<\/span><\/i><span style=\"font-weight: 400;\">. Dispon\u00edvel em: <\/span><span style=\"font-weight: 400;\">https:\/\/www.wwf.org.br\/<\/span> <span style=\"font-weight: 400;\">nosso_trabalho\/impactosdogarimpo\/<\/span><\/p>\n<p class=\"ai-optimize-147\"><span style=\"font-weight: 400;\">[18] Brasil Escola. <\/span><i><span style=\"font-weight: 400;\">Garimpo: o que \u00e9, objetivos, consequ\u00eancias<\/span><\/i><span style=\"font-weight: 400;\">. Dispon\u00edvel em: <\/span><span style=\"font-weight: 400;\">https:\/\/<\/span> <span style=\"font-weight: 400;\">brasilescola.uol.com.br\/geografia\/garimpo.htm<\/span><span style=\"font-weight: 400;\">\u00a0<\/span><\/p>\n<p class=\"ai-optimize-148\"><span style=\"font-weight: 400;\">[19] Ag\u00eancia Brasil. <\/span><i><span style=\"font-weight: 400;\">Ind\u00edgenas yanomami mostram impactos sociais graves do garimpo ilegal<\/span><\/i><span style=\"font-weight: 400;\">. Dispon\u00edvel em: <\/span><span style=\"font-weight: 400;\">https:\/\/agenciabrasil.ebc.com.br\/direitos-humanos\/noticia\/<\/span> <span style=\"font-weight: 400;\">2023-02\/indigenas-yanomami-descrevem-impactos-do-garimpo-na-saude-e-na-cultura<\/span><span style=\"font-weight: 400;\">\u00a0<\/span><\/p>\n<p class=\"ai-optimize-149\"><span style=\"font-weight: 400;\">[20] WWF Brasil. <\/span><i><span style=\"font-weight: 400;\">Ind\u00edgenas alertam sobre os graves impactos do garimpo ilegal em seus territ\u00f3rios<\/span><\/i><span style=\"font-weight: 400;\">. Dispon\u00edvel em: <\/span><span style=\"font-weight: 400;\">https:\/\/www.wwf.org.br\/?85520\/Indigenas-alertam-sobre-os graves-impactos-do-garimpo-em-seus-territorios<\/span><span style=\"font-weight: 400;\">\u00a0<\/span><\/p>\n<p class=\"ai-optimize-150\"><span style=\"font-weight: 400;\">[21] Brasil de Fato. <\/span><i><span style=\"font-weight: 400;\">Entenda como acontece o garimpo ilegal em terras ind\u00edgenas na regi\u00e3o Norte do Brasil<\/span><\/i><span style=\"font-weight: 400;\">. Dispon\u00edvel em: <\/span><span style=\"font-weight: 400;\">https:\/\/www.brasildefato.com.br\/2021\/04\/08\/<\/span> <span style=\"font-weight: 400;\">entenda-como-acontece-o-garimpo-ilegal-em-terras-indigenas-na-regiao-norte-do brasil\/<\/span><span style=\"font-weight: 400;\">\u00a0<\/span><\/p>\n<p class=\"ai-optimize-151\"><span style=\"font-weight: 400;\">[22] Rep\u00f3rter Brasil. <\/span><i><span style=\"font-weight: 400;\">\\&#8221;Garimpo ilegal zero\\&#8221;: nove medidas urgentes para acabar com o crime<\/span><\/i><span style=\"font-weight: 400;\">. Dispon\u00edvel em: <\/span><span style=\"font-weight: 400;\">https:\/\/reporterbrasil.org.br\/2023\/02\/garimpo-ilegal-zero-nove medidas-urgentes-para-acabar-com-o-crime\/<\/span><span style=\"font-weight: 400;\">\u00a0<\/span><\/p>\n<p class=\"ai-optimize-152\"><span style=\"font-weight: 400;\">[23] Brasil Escola. <\/span><i><span style=\"font-weight: 400;\">Queimadas na Amaz\u00f4nia: causas, impactos<\/span><\/i><span style=\"font-weight: 400;\">. Dispon\u00edvel em: <\/span><span style=\"font-weight: 400;\">https:\/\/<\/span> <span style=\"font-weight: 400;\">brasilescola.uol.com.br\/brasil\/queimadas-na-amazonia.htm<\/span><span style=\"font-weight: 400;\">\u00a0<\/span><\/p>\n<p class=\"ai-optimize-153\"><span style=\"font-weight: 400;\">[24] IPAM Amaz\u00f4nia. <\/span><i><span style=\"font-weight: 400;\">Amaz\u00f4nia em chamas: entendendo a rela\u00e7\u00e3o entre o fogo e desmatamento em 2023<\/span><\/i><span style=\"font-weight: 400;\">. Dispon\u00edvel em: <\/span><span style=\"font-weight: 400;\">https:\/\/ipam.org.br\/bibliotecas\/amazonia-em chamas-no-12-entendendo-a-relacao-entre-o-fogo-e-desmatamento-em-2023\/<\/span><span style=\"font-weight: 400;\">\u00a0<\/span><\/p>\n<p class=\"ai-optimize-154\"><span style=\"font-weight: 400;\">[25] InfoAmazonia. <\/span><i><span style=\"font-weight: 400;\">Degrada\u00e7\u00e3o da Amaz\u00f4nia emitiu 2,5 mais gases de efeito estufa que desmatamento em 2024<\/span><\/i><span style=\"font-weight: 400;\">. Dispon\u00edvel em: <\/span><span style=\"font-weight: 400;\">https:\/\/infoamazonia.org\/2025\/02\/25\/<\/span> <span style=\"font-weight: 400;\">degradacao-da-amazonia-emitiu-25-mais-gases-de-efeito-estufa-que-desmatamento em-2024\/<\/span><span style=\"font-weight: 400;\">\u00a0<\/span><\/p>\n<p class=\"ai-optimize-155\"><span style=\"font-weight: 400;\">[26] FAS Amaz\u00f4nia. <\/span><i><span style=\"font-weight: 400;\">Como o desmatamento na Amaz\u00f4nia tem afetado a sa\u00fade p\u00fablica?<\/span><\/i><span style=\"font-weight: 400;\">. Dispon\u00edvel em: <\/span><span style=\"font-weight: 400;\">https:\/\/fas-amazonia.org\/blog-da-fas\/2023\/11\/24\/como-o desmatamento-na-amazonia-tem-afetado-a-saude-publica\/<\/span><span style=\"font-weight: 400;\">\u00a0<\/span><\/p>\n<p class=\"ai-optimize-156\"><span style=\"font-weight: 400;\">[27] Greenpeace Brasil. <\/span><i><span style=\"font-weight: 400;\">Fuma\u00e7a de queimada faz mal? Veja seus impactos<\/span><\/i><span style=\"font-weight: 400;\">. Dispon\u00edvel em: <\/span><span style=\"font-weight: 400;\">https:\/\/www.greenpeace.org\/brasil\/blog\/nuvem-toxica-como-a-fumaca-das queimadas-impacta-a-saude-de-quem-vive-na-amazonia\/<\/span><span style=\"font-weight: 400;\">\u00a0<\/span><\/p>\n<p class=\"ai-optimize-157\"><span style=\"font-weight: 400;\">[28] O Globo. <\/span><i><span style=\"font-weight: 400;\">Amaz\u00f4nia se torna o maior emissor de gases de efeito estufa do planeta<\/span><\/i><span style=\"font-weight: 400;\">. Dispon\u00edvel em: <\/span><span style=\"font-weight: 400;\">https:\/\/oglobo.globo.com\/brasil\/meio-ambiente\/noticia\/2024\/09\/12\/<\/span> <span style=\"font-weight: 400;\">amazonia-se-torna-o-maior-emissor-de-gases-de-efeito-estufa-do-planeta.ghtml<\/span><\/p>\n<p class=\"ai-optimize-158\"><span style=\"font-weight: 400;\">[29] Climate Policy Initiative. <\/span><i><span style=\"font-weight: 400;\">Combate \u00e0 Grilagem de Terras na Amaz\u00f4nia: O Papel do Poder Judici\u00e1rio<\/span><\/i><span style=\"font-weight: 400;\">. Dispon\u00edvel em: <\/span><span style=\"font-weight: 400;\">https:\/\/www.climatepolicyinitiative.org\/pt-br\/<\/span> <span style=\"font-weight: 400;\">publication\/combate-a-grilagem-de-terras-na-amazonia-o-papel-do-poder-judiciario\/<\/span><span style=\"font-weight: 400;\">\u00a0<\/span><\/p>\n<p class=\"ai-optimize-159\"><span style=\"font-weight: 400;\">[30] Latindadd. <\/span><i><span style=\"font-weight: 400;\">Caracteriza\u00e7\u00e3o dos conflitos socioambientais na Amaz\u00f4nia brasileira<\/span><\/i><span style=\"font-weight: 400;\">. Dispon\u00edvel em: <\/span><span style=\"font-weight: 400;\">https:\/\/latindadd.org\/wp-content\/uploads\/2023\/04\/<\/span> <span style=\"font-weight: 400;\">Caracterizacao_dos_conflitos_socioambientais_na_amazonia_brasileira.pdf<\/span><span style=\"font-weight: 400;\">\u00a0<\/span><\/p>\n<p class=\"ai-optimize-160\"><span style=\"font-weight: 400;\">[31] Instituto Claro. <\/span><i><span style=\"font-weight: 400;\">O que \u00e9 grilagem de terras e quais s\u00e3o seus impactos?<\/span><\/i><span style=\"font-weight: 400;\">. Dispon\u00edvel em: <\/span><span style=\"font-weight: 400;\">https:\/\/www.institutoclaro.org.br\/cidadania\/nossas-novidades\/reportagens\/o-que e-grilagem-de-terras-e-quais-sao-seus-impactos\/<\/span><span style=\"font-weight: 400;\">\u00a0<\/span><\/p>\n<p class=\"ai-optimize-161\"><span style=\"font-weight: 400;\">[32] Conflitos Ambientais no Brasil. <\/span><i><span style=\"font-weight: 400;\">Conflitos-Ambientais-no-Brasil-Acselrad-Henri.pdf<\/span><\/i><span style=\"font-weight: 400;\">. Dispon\u00edvel em: <\/span><span style=\"font-weight: 400;\">https:\/\/conflitosambientais.org\/wp-content\/uploads\/2023\/06\/Conflitos Ambientais-no-Brasil-Acselrad-Henri.pdf<\/span><span style=\"font-weight: 400;\">\u00a0<\/span><\/p>\n<p class=\"ai-optimize-162\"><span style=\"font-weight: 400;\">[33] Plataforma CIP\u00d3. <\/span><i><span style=\"font-weight: 400;\">Crimes ambientais na Amaz\u00f4nia<\/span><\/i><span style=\"font-weight: 400;\">. Dispon\u00edvel em: <\/span><span style=\"font-weight: 400;\">https:\/\/<\/span> <span style=\"font-weight: 400;\">plataformacipo.org\/wp-content\/uploads\/2024\/04\/web-na-linha-de-frente-cipo-3.pdf<\/span><span style=\"font-weight: 400;\">\u00a0<\/span><\/p>\n<p class=\"ai-optimize-163\"><span style=\"font-weight: 400;\">[34] UFRGS. <\/span><i><span style=\"font-weight: 400;\">Conflitos pela terra na Amaz\u00f4nia: o caso da regi\u00e3o sudeste do Par\u00e1<\/span><\/i><span style=\"font-weight: 400;\">. Dispon\u00edvel em: <\/span><span style=\"font-weight: 400;\">https:\/\/www.professor.ufrgs.br\/dagnino\/publications\/conflitos-pela terra-na-amaz%C3%B4nia-o-caso-da-regi%C3%A3o-sudeste-do-par%C3%A1<\/span><span style=\"font-weight: 400;\">\u00a0<\/span><\/p>\n<p class=\"ai-optimize-164\"><span style=\"font-weight: 400;\">[35] SBPC. <\/span><i><span style=\"font-weight: 400;\">Pol\u00edticas Agr\u00e1rias e Ambientais: Conflitos<\/span><\/i><span style=\"font-weight: 400;\">. Dispon\u00edvel em: <\/span><span style=\"font-weight: 400;\">http:\/\/<\/span> <span style=\"font-weight: 400;\">portal.sbpcnet.org.br\/livro\/povostradicionais12.pdf<\/span><span style=\"font-weight: 400;\">\u00a0<\/span><\/p>\n<p class=\"ai-optimize-165\"><span style=\"font-weight: 400;\">[36] Ag\u00eancia Brasil. <\/span><i><span style=\"font-weight: 400;\">Amaz\u00f4nia re\u00fane 22% das mortes de defensores da terra em todo o mundo<\/span><\/i><span style=\"font-weight: 400;\">. Dispon\u00edvel em: <\/span><span style=\"font-weight: 400;\">https:\/\/agenciabrasil.ebc.com.br\/direitos-humanos\/noticia\/<\/span> <span style=\"font-weight: 400;\">2023-09\/amazonia-reune-22-das-mortes-de-defensores-da-terra-em-todo-o-mundo<\/span><span style=\"font-weight: 400;\">\u00a0<\/span><\/p>\n<p class=\"ai-optimize-166\"><span style=\"font-weight: 400;\">[37] InfoAmazonia. <\/span><i><span style=\"font-weight: 400;\">O impacto das mudan\u00e7as do clima na Amaz\u00f4nia<\/span><\/i><span style=\"font-weight: 400;\">. Dispon\u00edvel em:\u00a0 <\/span><span style=\"font-weight: 400;\">https:\/\/infoamazonia.org\/2024\/06\/20\/rio-em-fluxo\/<\/span><span style=\"font-weight: 400;\">\u00a0<\/span><\/p>\n<p class=\"ai-optimize-167\"><span style=\"font-weight: 400;\">[38] O Eco. <\/span><i><span style=\"font-weight: 400;\">Secas extremas duram mais e podem isolar 50% das comunidades da Amaz\u00f4nia<\/span><\/i><span style=\"font-weight: 400;\">. Dispon\u00edvel em: <\/span><span style=\"font-weight: 400;\">https:\/\/www.oc.eco.br\/secas-extremas-duram-mais-e podem-isolar-50-das-comunidades-da-amazonia\/<\/span><span style=\"font-weight: 400;\">\u00a0<\/span><\/p>\n<p class=\"ai-optimize-168\"><span style=\"font-weight: 400;\">[39] O Eco. <\/span><i><span style=\"font-weight: 400;\">Parte da Amaz\u00f4nia j\u00e1 atingiu \u201cponto de virada\u201d, sugere estudo<\/span><\/i><span style=\"font-weight: 400;\">. Dispon\u00edvel em: <\/span><span style=\"font-weight: 400;\">https:\/\/www.oc.eco.br\/parte-da-amazonia-ja-atingiu-ponto-de-virada-sugere estudo\/<\/span><span style=\"font-weight: 400;\">\u00a0<\/span><\/p>\n<p class=\"ai-optimize-169\"><span style=\"font-weight: 400;\">[40] Prioridade Absoluta. <\/span><i><span style=\"font-weight: 400;\">Mudan\u00e7as Clim\u00e1ticas: impactos e cen\u00e1rios para a Amaz\u00f4nia<\/span><\/i><span style=\"font-weight: 400;\">. Dispon\u00edvel em: <\/span><span style=\"font-weight: 400;\">https:\/\/prioridadeabsoluta.org.br\/wp-content\/uploads\/2019\/05\/<\/span> <span style=\"font-weight: 400;\">relatorio_mudancas_climaticas-amazonia.pdf<\/span><\/p>\n<p class=\"ai-optimize-170\"><span style=\"font-weight: 400;\">[41] Ag\u00eancia FAPESP. <\/span><i><span style=\"font-weight: 400;\">Grandes projetos de infraestrutura na Amaz\u00f4nia deixaram legado socioambiental danoso, dizem cientistas<\/span><\/i><span style=\"font-weight: 400;\">. Dispon\u00edvel em: <\/span><span style=\"font-weight: 400;\">https:\/\/agencia.fapesp.br\/<\/span> <span style=\"font-weight: 400;\">grandes-projetos-de-infraestrutura-na-amazonia-deixaram-legado-socioambiental danoso-dizem-cientistas\/36934<\/span><span style=\"font-weight: 400;\">\u00a0<\/span><\/p>\n<p class=\"ai-optimize-171\"><span style=\"font-weight: 400;\">[42] Dialogue Earth. <\/span><i><span style=\"font-weight: 400;\">Ferrovias, e n\u00e3o rodovias, s\u00e3o op\u00e7\u00e3o de menor impacto para a Amaz\u00f4nia<\/span><\/i><span style=\"font-weight: 400;\">. Dispon\u00edvel em: <\/span><span style=\"font-weight: 400;\">https:\/\/dialogue.earth\/pt-br\/florestas\/54517-ferrovias-e-nao rodovias-sao-opcao-de-menor-impacto-para-a-amazonia\/<\/span><span style=\"font-weight: 400;\">\u00a0<\/span><\/p>\n<p class=\"ai-optimize-172\"><span style=\"font-weight: 400;\">[43] Ecodebate. <\/span><i><span style=\"font-weight: 400;\">Destrui\u00e7\u00e3o na Amaz\u00f4nia: Impactos de Infraestrutura e Minera\u00e7\u00e3o<\/span><\/i><span style=\"font-weight: 400;\">. Dispon\u00edvel em: <\/span><span style=\"font-weight: 400;\">https:\/\/www.ecodebate.com.br\/2024\/10\/06\/destruicao-na-amazonia impactos-de-infraestrutura-e-mineracao\/<\/span><span style=\"font-weight: 400;\">\u00a0<\/span><\/p>\n<p class=\"ai-optimize-173\"><span style=\"font-weight: 400;\">[44] Mongabay. <\/span><i><span style=\"font-weight: 400;\">Brazilian Amazon drained of millions of wild animals by wildlife trafficking<\/span><\/i><span style=\"font-weight: 400;\">. Dispon\u00edvel em: <\/span><span style=\"font-weight: 400;\">https:\/\/news.mongabay.com\/2023\/08\/brazilian-amazon drained-of-millions-of-wild-animals-by-wildlife-trafficking\/<\/span><span style=\"font-weight: 400;\">\u00a0<\/span><\/p>\n<p class=\"ai-optimize-174\"><span style=\"font-weight: 400;\">[45] WCS Brasil. <\/span><i><span style=\"font-weight: 400;\">Com\u00e9rcio ilegal de animais silvestres: 1.617 animais vivos resgatados em 2022<\/span><\/i><span style=\"font-weight: 400;\">. Dispon\u00edvel em: <\/span><span style=\"font-weight: 400;\">https:\/\/brasil.wcs.org\/pt-br\/Not%C3%ADcias\/Com%C3%A9rcio ilegal-de-animais-silvestres-1-617-animais-vivos-resgatados-em-2022.aspx<\/span><span style=\"font-weight: 400;\">\u00a0<\/span><\/p>\n<p class=\"ai-optimize-175\"><span style=\"font-weight: 400;\">[46] Mongabay Brasil. <\/span><i><span style=\"font-weight: 400;\">As redes de tr\u00e1fico que est\u00e3o acelerando a extin\u00e7\u00e3o de esp\u00e9cies na Amaz\u00f4nia<\/span><\/i><span style=\"font-weight: 400;\">. Dispon\u00edvel em: <\/span><span style=\"font-weight: 400;\">https:\/\/brasil.mongabay.com\/2023\/08\/as-redes-de-trafico que-estao-acelerando-a-extincao-de-especies-na-amazonia\/<\/span><span style=\"font-weight: 400;\">\u00a0<\/span><\/p>\n<p class=\"ai-optimize-176\"><span style=\"font-weight: 400;\">[47] Di\u00e1logo Americas. <\/span><i><span style=\"font-weight: 400;\">Crime organizado aumenta tr\u00e1fico de animais na Amaz\u00f4nia<\/span><\/i><span style=\"font-weight: 400;\">. Dispon\u00edvel em: <\/span><span style=\"font-weight: 400;\">https:\/\/dialogo-americas.com\/articles\/organized-crime-increases animal-trafficking-in-the-amazon\/<\/span><\/p>\n","protected":false},"excerpt":{"rendered":"<p>Introdu\u00e7\u00e3o\u00a0 A Amaz\u00f4nia, a maior floresta tropical do mundo, \u00e9 um ecossistema de import\u00e2ncia global, abrigando uma biodiversidade inestim\u00e1vel e desempenhando um papel crucial na regula\u00e7\u00e3o do clima do planeta. Seus &#8220;rios voadores&#8221; influenciam o regime de chuvas em grande parte da Am\u00e9rica do Sul, e sua vasta extens\u00e3o de floresta atua como um sumidouro &hellip; <a href=\"https:\/\/ver-o-peso.com\/pt\/2025\/06\/17\/relatorio-abrangente-sobre-os-principais-problemas-que-afetam-a-amazonia\/\" class=\"more-link\">Continuar lendo <span class=\"screen-reader-text\">Relat\u00f3rio Abrangente sobre os Principais Problemas que Afetam a Amaz\u00f4nia<\/span><\/a><\/p>\n","protected":false},"author":1,"featured_media":2934,"comment_status":"open","ping_status":"open","sticky":false,"template":"","format":"standard","meta":{"footnotes":""},"categories":[20],"tags":[119,87,91,92],"class_list":["post-2932","post","type-post","status-publish","format-standard","has-post-thumbnail","hentry","category-amazonia","tag-amazonia","tag-cultura-amazonica","tag-desmatamento-na-amazonia","tag-extracao-ilegal-de-madeira"],"yoast_head":"<!-- This site is optimized with the Yoast SEO Premium plugin v25.3 (Yoast SEO v25.9) - https:\/\/yoast.com\/wordpress\/plugins\/seo\/ -->\n<title>Relat\u00f3rio Abrangente sobre os Principais Problemas que Afetam a Amaz\u00f4nia - Ver-o-peso<\/title>\n<meta name=\"robots\" content=\"index, follow, max-snippet:-1, max-image-preview:large, max-video-preview:-1\" \/>\n<link rel=\"canonical\" href=\"https:\/\/ver-o-peso.com\/pt\/2025\/06\/17\/relatorio-abrangente-sobre-os-principais-problemas-que-afetam-a-amazonia\/\" \/>\n<meta property=\"og:locale\" content=\"pt_BR\" \/>\n<meta property=\"og:type\" content=\"article\" \/>\n<meta property=\"og:title\" content=\"Relat\u00f3rio Abrangente sobre os Principais Problemas que Afetam a Amaz\u00f4nia\" \/>\n<meta property=\"og:description\" content=\"Introdu\u00e7\u00e3o\u00a0 A Amaz\u00f4nia, a maior floresta tropical do mundo, \u00e9 um ecossistema de import\u00e2ncia global, abrigando uma biodiversidade inestim\u00e1vel e desempenhando um papel crucial na regula\u00e7\u00e3o do clima do planeta. Seus &#8220;rios voadores&#8221; influenciam o regime de chuvas em grande parte da Am\u00e9rica do Sul, e sua vasta extens\u00e3o de floresta atua como um sumidouro &hellip; Continuar lendo Relat\u00f3rio Abrangente sobre os Principais Problemas que Afetam a Amaz\u00f4nia\" \/>\n<meta property=\"og:url\" content=\"https:\/\/ver-o-peso.com\/pt\/2025\/06\/17\/relatorio-abrangente-sobre-os-principais-problemas-que-afetam-a-amazonia\/\" \/>\n<meta property=\"og:site_name\" content=\"Ver-o-peso\" \/>\n<meta property=\"article:publisher\" content=\"https:\/\/fecebook.com\/jose.oliveira.913296\" \/>\n<meta property=\"article:published_time\" content=\"2025-06-17T18:09:16+00:00\" \/>\n<meta property=\"article:modified_time\" content=\"2025-06-17T18:11:44+00:00\" \/>\n<meta property=\"og:image\" content=\"https:\/\/ver-o-peso.com\/pt\/wp-content\/uploads\/2025\/06\/bb321693-f484-4f48-b182-a318e997b427-1024x683.png\" \/>\n\t<meta property=\"og:image:width\" content=\"1024\" \/>\n\t<meta property=\"og:image:height\" content=\"683\" \/>\n\t<meta property=\"og:image:type\" content=\"image\/png\" \/>\n<meta name=\"author\" content=\"veropeso2025\" \/>\n<meta name=\"twitter:card\" content=\"summary_large_image\" \/>\n<meta name=\"twitter:label1\" content=\"Escrito por\" \/>\n\t<meta name=\"twitter:data1\" content=\"veropeso2025\" \/>\n\t<meta name=\"twitter:label2\" content=\"Est. tempo de leitura\" \/>\n\t<meta name=\"twitter:data2\" content=\"29 minutos\" \/>\n<script type=\"application\/ld+json\" class=\"yoast-schema-graph\">{\"@context\":\"https:\/\/schema.org\",\"@graph\":[{\"@type\":\"Article\",\"@id\":\"https:\/\/ver-o-peso.com\/pt\/2025\/06\/17\/relatorio-abrangente-sobre-os-principais-problemas-que-afetam-a-amazonia\/#article\",\"isPartOf\":{\"@id\":\"https:\/\/ver-o-peso.com\/pt\/2025\/06\/17\/relatorio-abrangente-sobre-os-principais-problemas-que-afetam-a-amazonia\/\"},\"author\":{\"name\":\"veropeso2025\",\"@id\":\"https:\/\/ver-o-peso.com\/pt\/#\/schema\/person\/9e9ad551726c390092238296ec769a06\"},\"headline\":\"Relat\u00f3rio Abrangente sobre os Principais Problemas que Afetam a Amaz\u00f4nia\",\"datePublished\":\"2025-06-17T18:09:16+00:00\",\"dateModified\":\"2025-06-17T18:11:44+00:00\",\"mainEntityOfPage\":{\"@id\":\"https:\/\/ver-o-peso.com\/pt\/2025\/06\/17\/relatorio-abrangente-sobre-os-principais-problemas-que-afetam-a-amazonia\/\"},\"wordCount\":5973,\"commentCount\":0,\"publisher\":{\"@id\":\"https:\/\/ver-o-peso.com\/pt\/#organization\"},\"image\":{\"@id\":\"https:\/\/ver-o-peso.com\/pt\/2025\/06\/17\/relatorio-abrangente-sobre-os-principais-problemas-que-afetam-a-amazonia\/#primaryimage\"},\"thumbnailUrl\":\"https:\/\/ver-o-peso.com\/pt\/wp-content\/uploads\/2025\/06\/bb321693-f484-4f48-b182-a318e997b427.png\",\"keywords\":[\"Amaz\u00f4nia\",\"Cultura Amaz\u00f4nica\",\"desmatamento na amaz\u00f4nia\",\"extra\u00e7\u00e3o ilegal de madeira\"],\"articleSection\":[\"Amaz\u00f4nia\"],\"inLanguage\":\"pt-BR\",\"potentialAction\":[{\"@type\":\"CommentAction\",\"name\":\"Comment\",\"target\":[\"https:\/\/ver-o-peso.com\/pt\/2025\/06\/17\/relatorio-abrangente-sobre-os-principais-problemas-que-afetam-a-amazonia\/#respond\"]}]},{\"@type\":\"WebPage\",\"@id\":\"https:\/\/ver-o-peso.com\/pt\/2025\/06\/17\/relatorio-abrangente-sobre-os-principais-problemas-que-afetam-a-amazonia\/\",\"url\":\"https:\/\/ver-o-peso.com\/pt\/2025\/06\/17\/relatorio-abrangente-sobre-os-principais-problemas-que-afetam-a-amazonia\/\",\"name\":\"Relat\u00f3rio Abrangente sobre os Principais Problemas que Afetam a Amaz\u00f4nia - Ver-o-peso\",\"isPartOf\":{\"@id\":\"https:\/\/ver-o-peso.com\/pt\/#website\"},\"primaryImageOfPage\":{\"@id\":\"https:\/\/ver-o-peso.com\/pt\/2025\/06\/17\/relatorio-abrangente-sobre-os-principais-problemas-que-afetam-a-amazonia\/#primaryimage\"},\"image\":{\"@id\":\"https:\/\/ver-o-peso.com\/pt\/2025\/06\/17\/relatorio-abrangente-sobre-os-principais-problemas-que-afetam-a-amazonia\/#primaryimage\"},\"thumbnailUrl\":\"https:\/\/ver-o-peso.com\/pt\/wp-content\/uploads\/2025\/06\/bb321693-f484-4f48-b182-a318e997b427.png\",\"datePublished\":\"2025-06-17T18:09:16+00:00\",\"dateModified\":\"2025-06-17T18:11:44+00:00\",\"breadcrumb\":{\"@id\":\"https:\/\/ver-o-peso.com\/pt\/2025\/06\/17\/relatorio-abrangente-sobre-os-principais-problemas-que-afetam-a-amazonia\/#breadcrumb\"},\"inLanguage\":\"pt-BR\",\"potentialAction\":[{\"@type\":\"ReadAction\",\"target\":[\"https:\/\/ver-o-peso.com\/pt\/2025\/06\/17\/relatorio-abrangente-sobre-os-principais-problemas-que-afetam-a-amazonia\/\"]}]},{\"@type\":\"ImageObject\",\"inLanguage\":\"pt-BR\",\"@id\":\"https:\/\/ver-o-peso.com\/pt\/2025\/06\/17\/relatorio-abrangente-sobre-os-principais-problemas-que-afetam-a-amazonia\/#primaryimage\",\"url\":\"https:\/\/ver-o-peso.com\/pt\/wp-content\/uploads\/2025\/06\/bb321693-f484-4f48-b182-a318e997b427.png\",\"contentUrl\":\"https:\/\/ver-o-peso.com\/pt\/wp-content\/uploads\/2025\/06\/bb321693-f484-4f48-b182-a318e997b427.png\",\"width\":1248,\"height\":832},{\"@type\":\"BreadcrumbList\",\"@id\":\"https:\/\/ver-o-peso.com\/pt\/2025\/06\/17\/relatorio-abrangente-sobre-os-principais-problemas-que-afetam-a-amazonia\/#breadcrumb\",\"itemListElement\":[{\"@type\":\"ListItem\",\"position\":1,\"name\":\"In\u00edcio\",\"item\":\"https:\/\/ver-o-peso.com\/pt\/\"},{\"@type\":\"ListItem\",\"position\":2,\"name\":\"Relat\u00f3rio Abrangente sobre os Principais Problemas que Afetam a Amaz\u00f4nia\"}]},{\"@type\":\"WebSite\",\"@id\":\"https:\/\/ver-o-peso.com\/pt\/#website\",\"url\":\"https:\/\/ver-o-peso.com\/pt\/\",\"name\":\"Ver-o-peso\",\"description\":\"Aqui tem de tudo da Amaz\u00f4nia\",\"publisher\":{\"@id\":\"https:\/\/ver-o-peso.com\/pt\/#organization\"},\"potentialAction\":[{\"@type\":\"SearchAction\",\"target\":{\"@type\":\"EntryPoint\",\"urlTemplate\":\"https:\/\/ver-o-peso.com\/pt\/?s={search_term_string}\"},\"query-input\":{\"@type\":\"PropertyValueSpecification\",\"valueRequired\":true,\"valueName\":\"search_term_string\"}}],\"inLanguage\":\"pt-BR\"},{\"@type\":\"Organization\",\"@id\":\"https:\/\/ver-o-peso.com\/pt\/#organization\",\"name\":\"Ver-o-peso\",\"url\":\"https:\/\/ver-o-peso.com\/pt\/\",\"logo\":{\"@type\":\"ImageObject\",\"inLanguage\":\"pt-BR\",\"@id\":\"https:\/\/ver-o-peso.com\/pt\/#\/schema\/logo\/image\/\",\"url\":\"https:\/\/ver-o-peso.com\/pt\/wp-content\/uploads\/2025\/05\/Logo-3.png\",\"contentUrl\":\"https:\/\/ver-o-peso.com\/pt\/wp-content\/uploads\/2025\/05\/Logo-3.png\",\"width\":210,\"height\":118,\"caption\":\"Ver-o-peso\"},\"image\":{\"@id\":\"https:\/\/ver-o-peso.com\/pt\/#\/schema\/logo\/image\/\"},\"sameAs\":[\"https:\/\/fecebook.com\/jose.oliveira.913296\",\"https:\/\/instagram.com\/riba.lages\",\"https:\/\/tiktok.com\/veropeso2025\"]},{\"@type\":\"Person\",\"@id\":\"https:\/\/ver-o-peso.com\/pt\/#\/schema\/person\/9e9ad551726c390092238296ec769a06\",\"name\":\"veropeso2025\",\"image\":{\"@type\":\"ImageObject\",\"inLanguage\":\"pt-BR\",\"@id\":\"https:\/\/ver-o-peso.com\/pt\/#\/schema\/person\/image\/\",\"url\":\"https:\/\/secure.gravatar.com\/avatar\/abbae2eadd0ca3e3064b32972a9f07e1ec00361a8e4784de939c3d52c9381ec6?s=96&d=mm&r=g\",\"contentUrl\":\"https:\/\/secure.gravatar.com\/avatar\/abbae2eadd0ca3e3064b32972a9f07e1ec00361a8e4784de939c3d52c9381ec6?s=96&d=mm&r=g\",\"caption\":\"veropeso2025\"},\"sameAs\":[\"https:\/\/ver-o-peso.com\/pt\"],\"url\":\"https:\/\/ver-o-peso.com\/pt\/author\/veropeso2025\/\"}]}<\/script>\n<!-- \/ Yoast SEO Premium plugin. -->","yoast_head_json":{"title":"Relat\u00f3rio Abrangente sobre os Principais Problemas que Afetam a Amaz\u00f4nia - Ver-o-peso","robots":{"index":"index","follow":"follow","max-snippet":"max-snippet:-1","max-image-preview":"max-image-preview:large","max-video-preview":"max-video-preview:-1"},"canonical":"https:\/\/ver-o-peso.com\/pt\/2025\/06\/17\/relatorio-abrangente-sobre-os-principais-problemas-que-afetam-a-amazonia\/","og_locale":"pt_BR","og_type":"article","og_title":"Relat\u00f3rio Abrangente sobre os Principais Problemas que Afetam a Amaz\u00f4nia","og_description":"Introdu\u00e7\u00e3o\u00a0 A Amaz\u00f4nia, a maior floresta tropical do mundo, \u00e9 um ecossistema de import\u00e2ncia global, abrigando uma biodiversidade inestim\u00e1vel e desempenhando um papel crucial na regula\u00e7\u00e3o do clima do planeta. Seus &#8220;rios voadores&#8221; influenciam o regime de chuvas em grande parte da Am\u00e9rica do Sul, e sua vasta extens\u00e3o de floresta atua como um sumidouro &hellip; Continuar lendo Relat\u00f3rio Abrangente sobre os Principais Problemas que Afetam a Amaz\u00f4nia","og_url":"https:\/\/ver-o-peso.com\/pt\/2025\/06\/17\/relatorio-abrangente-sobre-os-principais-problemas-que-afetam-a-amazonia\/","og_site_name":"Ver-o-peso","article_publisher":"https:\/\/fecebook.com\/jose.oliveira.913296","article_published_time":"2025-06-17T18:09:16+00:00","article_modified_time":"2025-06-17T18:11:44+00:00","og_image":[{"width":1024,"height":683,"url":"https:\/\/ver-o-peso.com\/pt\/wp-content\/uploads\/2025\/06\/bb321693-f484-4f48-b182-a318e997b427-1024x683.png","type":"image\/png"}],"author":"veropeso2025","twitter_card":"summary_large_image","twitter_misc":{"Escrito por":"veropeso2025","Est. tempo de leitura":"29 minutos"},"schema":{"@context":"https:\/\/schema.org","@graph":[{"@type":"Article","@id":"https:\/\/ver-o-peso.com\/pt\/2025\/06\/17\/relatorio-abrangente-sobre-os-principais-problemas-que-afetam-a-amazonia\/#article","isPartOf":{"@id":"https:\/\/ver-o-peso.com\/pt\/2025\/06\/17\/relatorio-abrangente-sobre-os-principais-problemas-que-afetam-a-amazonia\/"},"author":{"name":"veropeso2025","@id":"https:\/\/ver-o-peso.com\/pt\/#\/schema\/person\/9e9ad551726c390092238296ec769a06"},"headline":"Relat\u00f3rio Abrangente sobre os Principais Problemas que Afetam a Amaz\u00f4nia","datePublished":"2025-06-17T18:09:16+00:00","dateModified":"2025-06-17T18:11:44+00:00","mainEntityOfPage":{"@id":"https:\/\/ver-o-peso.com\/pt\/2025\/06\/17\/relatorio-abrangente-sobre-os-principais-problemas-que-afetam-a-amazonia\/"},"wordCount":5973,"commentCount":0,"publisher":{"@id":"https:\/\/ver-o-peso.com\/pt\/#organization"},"image":{"@id":"https:\/\/ver-o-peso.com\/pt\/2025\/06\/17\/relatorio-abrangente-sobre-os-principais-problemas-que-afetam-a-amazonia\/#primaryimage"},"thumbnailUrl":"https:\/\/ver-o-peso.com\/pt\/wp-content\/uploads\/2025\/06\/bb321693-f484-4f48-b182-a318e997b427.png","keywords":["Amaz\u00f4nia","Cultura Amaz\u00f4nica","desmatamento na amaz\u00f4nia","extra\u00e7\u00e3o ilegal de madeira"],"articleSection":["Amaz\u00f4nia"],"inLanguage":"pt-BR","potentialAction":[{"@type":"CommentAction","name":"Comment","target":["https:\/\/ver-o-peso.com\/pt\/2025\/06\/17\/relatorio-abrangente-sobre-os-principais-problemas-que-afetam-a-amazonia\/#respond"]}]},{"@type":"WebPage","@id":"https:\/\/ver-o-peso.com\/pt\/2025\/06\/17\/relatorio-abrangente-sobre-os-principais-problemas-que-afetam-a-amazonia\/","url":"https:\/\/ver-o-peso.com\/pt\/2025\/06\/17\/relatorio-abrangente-sobre-os-principais-problemas-que-afetam-a-amazonia\/","name":"Relat\u00f3rio Abrangente sobre os Principais Problemas que Afetam a Amaz\u00f4nia - Ver-o-peso","isPartOf":{"@id":"https:\/\/ver-o-peso.com\/pt\/#website"},"primaryImageOfPage":{"@id":"https:\/\/ver-o-peso.com\/pt\/2025\/06\/17\/relatorio-abrangente-sobre-os-principais-problemas-que-afetam-a-amazonia\/#primaryimage"},"image":{"@id":"https:\/\/ver-o-peso.com\/pt\/2025\/06\/17\/relatorio-abrangente-sobre-os-principais-problemas-que-afetam-a-amazonia\/#primaryimage"},"thumbnailUrl":"https:\/\/ver-o-peso.com\/pt\/wp-content\/uploads\/2025\/06\/bb321693-f484-4f48-b182-a318e997b427.png","datePublished":"2025-06-17T18:09:16+00:00","dateModified":"2025-06-17T18:11:44+00:00","breadcrumb":{"@id":"https:\/\/ver-o-peso.com\/pt\/2025\/06\/17\/relatorio-abrangente-sobre-os-principais-problemas-que-afetam-a-amazonia\/#breadcrumb"},"inLanguage":"pt-BR","potentialAction":[{"@type":"ReadAction","target":["https:\/\/ver-o-peso.com\/pt\/2025\/06\/17\/relatorio-abrangente-sobre-os-principais-problemas-que-afetam-a-amazonia\/"]}]},{"@type":"ImageObject","inLanguage":"pt-BR","@id":"https:\/\/ver-o-peso.com\/pt\/2025\/06\/17\/relatorio-abrangente-sobre-os-principais-problemas-que-afetam-a-amazonia\/#primaryimage","url":"https:\/\/ver-o-peso.com\/pt\/wp-content\/uploads\/2025\/06\/bb321693-f484-4f48-b182-a318e997b427.png","contentUrl":"https:\/\/ver-o-peso.com\/pt\/wp-content\/uploads\/2025\/06\/bb321693-f484-4f48-b182-a318e997b427.png","width":1248,"height":832},{"@type":"BreadcrumbList","@id":"https:\/\/ver-o-peso.com\/pt\/2025\/06\/17\/relatorio-abrangente-sobre-os-principais-problemas-que-afetam-a-amazonia\/#breadcrumb","itemListElement":[{"@type":"ListItem","position":1,"name":"In\u00edcio","item":"https:\/\/ver-o-peso.com\/pt\/"},{"@type":"ListItem","position":2,"name":"Relat\u00f3rio Abrangente sobre os Principais Problemas que Afetam a Amaz\u00f4nia"}]},{"@type":"WebSite","@id":"https:\/\/ver-o-peso.com\/pt\/#website","url":"https:\/\/ver-o-peso.com\/pt\/","name":"Ver-o-peso","description":"Aqui tem de tudo da Amaz\u00f4nia","publisher":{"@id":"https:\/\/ver-o-peso.com\/pt\/#organization"},"potentialAction":[{"@type":"SearchAction","target":{"@type":"EntryPoint","urlTemplate":"https:\/\/ver-o-peso.com\/pt\/?s={search_term_string}"},"query-input":{"@type":"PropertyValueSpecification","valueRequired":true,"valueName":"search_term_string"}}],"inLanguage":"pt-BR"},{"@type":"Organization","@id":"https:\/\/ver-o-peso.com\/pt\/#organization","name":"Ver-o-peso","url":"https:\/\/ver-o-peso.com\/pt\/","logo":{"@type":"ImageObject","inLanguage":"pt-BR","@id":"https:\/\/ver-o-peso.com\/pt\/#\/schema\/logo\/image\/","url":"https:\/\/ver-o-peso.com\/pt\/wp-content\/uploads\/2025\/05\/Logo-3.png","contentUrl":"https:\/\/ver-o-peso.com\/pt\/wp-content\/uploads\/2025\/05\/Logo-3.png","width":210,"height":118,"caption":"Ver-o-peso"},"image":{"@id":"https:\/\/ver-o-peso.com\/pt\/#\/schema\/logo\/image\/"},"sameAs":["https:\/\/fecebook.com\/jose.oliveira.913296","https:\/\/instagram.com\/riba.lages","https:\/\/tiktok.com\/veropeso2025"]},{"@type":"Person","@id":"https:\/\/ver-o-peso.com\/pt\/#\/schema\/person\/9e9ad551726c390092238296ec769a06","name":"veropeso2025","image":{"@type":"ImageObject","inLanguage":"pt-BR","@id":"https:\/\/ver-o-peso.com\/pt\/#\/schema\/person\/image\/","url":"https:\/\/secure.gravatar.com\/avatar\/abbae2eadd0ca3e3064b32972a9f07e1ec00361a8e4784de939c3d52c9381ec6?s=96&d=mm&r=g","contentUrl":"https:\/\/secure.gravatar.com\/avatar\/abbae2eadd0ca3e3064b32972a9f07e1ec00361a8e4784de939c3d52c9381ec6?s=96&d=mm&r=g","caption":"veropeso2025"},"sameAs":["https:\/\/ver-o-peso.com\/pt"],"url":"https:\/\/ver-o-peso.com\/pt\/author\/veropeso2025\/"}]}},"_links":{"self":[{"href":"https:\/\/ver-o-peso.com\/pt\/wp-json\/wp\/v2\/posts\/2932","targetHints":{"allow":["GET"]}}],"collection":[{"href":"https:\/\/ver-o-peso.com\/pt\/wp-json\/wp\/v2\/posts"}],"about":[{"href":"https:\/\/ver-o-peso.com\/pt\/wp-json\/wp\/v2\/types\/post"}],"author":[{"embeddable":true,"href":"https:\/\/ver-o-peso.com\/pt\/wp-json\/wp\/v2\/users\/1"}],"replies":[{"embeddable":true,"href":"https:\/\/ver-o-peso.com\/pt\/wp-json\/wp\/v2\/comments?post=2932"}],"version-history":[{"count":2,"href":"https:\/\/ver-o-peso.com\/pt\/wp-json\/wp\/v2\/posts\/2932\/revisions"}],"predecessor-version":[{"id":2935,"href":"https:\/\/ver-o-peso.com\/pt\/wp-json\/wp\/v2\/posts\/2932\/revisions\/2935"}],"wp:featuredmedia":[{"embeddable":true,"href":"https:\/\/ver-o-peso.com\/pt\/wp-json\/wp\/v2\/media\/2934"}],"wp:attachment":[{"href":"https:\/\/ver-o-peso.com\/pt\/wp-json\/wp\/v2\/media?parent=2932"}],"wp:term":[{"taxonomy":"category","embeddable":true,"href":"https:\/\/ver-o-peso.com\/pt\/wp-json\/wp\/v2\/categories?post=2932"},{"taxonomy":"post_tag","embeddable":true,"href":"https:\/\/ver-o-peso.com\/pt\/wp-json\/wp\/v2\/tags?post=2932"}],"curies":[{"name":"wp","href":"https:\/\/api.w.org\/{rel}","templated":true}]}}