{"id":2968,"date":"2025-06-24T13:26:36","date_gmt":"2025-06-24T16:26:36","guid":{"rendered":"https:\/\/ver-o-peso.com\/pt\/?p=2968"},"modified":"2025-06-24T11:33:48","modified_gmt":"2025-06-24T14:33:48","slug":"a-floresta-amazonica-uma-maravilha-natural-para-se-ver","status":"publish","type":"post","link":"https:\/\/ver-o-peso.com\/pt\/2025\/06\/24\/a-floresta-amazonica-uma-maravilha-natural-para-se-ver\/","title":{"rendered":"A Floresta Amaz\u00f4nica: Uma Maravilha Natural para se Ver"},"content":{"rendered":"<p class=\"ai-optimize-6 ai-optimize-introduction\">A <strong>Floresta Amaz\u00f4nica<\/strong> \u00e9 a maior floresta tropical \u00famida do <em>planeta<\/em>, cobrindo impressionantes 6,7 milh\u00f5es de km\u00b2. Localizada principalmente na <strong>Am\u00e9rica do Sul<\/strong>, 62% de sua extens\u00e3o est\u00e1 no Brasil, ocupando 47% da superf\u00edcie do continente. Este bioma \u00e9 um tesouro natural que abriga 10% da biodiversidade global, incluindo 30 mil esp\u00e9cies vegetais e 1.800 esp\u00e9cies de peixes.<\/p>\n<p class=\"ai-optimize-7\">Al\u00e9m de sua riqueza biol\u00f3gica, a Floresta Amaz\u00f4nica desempenha um papel crucial na regula\u00e7\u00e3o do clima mundial. Sua vegeta\u00e7\u00e3o densa atua como um pulm\u00e3o para o <strong>mundo<\/strong>, absorvendo grandes quantidades de di\u00f3xido de carbono e liberando oxig\u00eanio. No entanto, esse bioma enfrenta s\u00e9rias amea\u00e7as, com 17% de sua \u00e1rea j\u00e1 desmatada at\u00e9 2020.<\/p>\n<p class=\"ai-optimize-8\">\u00c9 essencial que reconhe\u00e7amos a import\u00e2ncia de preservar esse ecossistema \u00fanico. A Floresta Amaz\u00f4nica n\u00e3o \u00e9 apenas um patrim\u00f4nio brasileiro, mas um recurso vital para todo o <em>planeta<\/em>.<\/p>\n<h3 class=\"ai-optimize-9\">Principais Pontos<\/h3>\n<ul>\n<li class=\"ai-optimize-10\">A Floresta Amaz\u00f4nica \u00e9 a maior floresta tropical \u00famida do mundo.<\/li>\n<li class=\"ai-optimize-11\">62% de sua extens\u00e3o est\u00e1 localizada no Brasil.<\/li>\n<li class=\"ai-optimize-12\">Abriga 10% da biodiversidade global.<\/li>\n<li class=\"ai-optimize-13\">Desempenha um papel crucial na regula\u00e7\u00e3o do clima mundial.<\/li>\n<li class=\"ai-optimize-14\">17% do bioma j\u00e1 foi desmatado at\u00e9 2020.<\/li>\n<\/ul>\n<h2 class=\"ai-optimize-15\">Introdu\u00e7\u00e3o \u00e0 Floresta Amaz\u00f4nica<\/h2>\n<p class=\"ai-optimize-16\">O bioma amaz\u00f4nico \u00e9 um dos mais complexos e vitais ecossistemas da Terra. Ele n\u00e3o apenas abriga milhares de <strong>esp\u00e9cies<\/strong>, mas tamb\u00e9m desempenha um papel crucial na regula\u00e7\u00e3o do clima global. Sua vegeta\u00e7\u00e3o densa armazena entre 90 e 140 bilh\u00f5es de toneladas de CO\u2082, ajudando a mitigar os efeitos das mudan\u00e7as clim\u00e1ticas.<\/p>\n<p><img loading=\"lazy\" decoding=\"async\" class=\"aligncenter size-large wp-image-2970\" title=\"Bioma Amaz\u00f4nia\" src=\"https:\/\/ver-o-peso.com\/pt\/wp-content\/uploads\/2025\/06\/Bioma-Amazonia-1024x1024.jpeg\" alt=\"Bioma Amaz\u00f4nia\" width=\"660\" height=\"660\" \/><\/p>\n<p class=\"ai-optimize-17\">Um dos fen\u00f4menos mais fascinantes desse bioma \u00e9 a evapotranspira\u00e7\u00e3o, processo que libera cerca de 20 bilh\u00f5es de toneladas de \u00e1gua na atmosfera diariamente. Essa umidade forma os chamados &#8220;rios voadores&#8221;, que influenciam o clima em v\u00e1rias regi\u00f5es da Am\u00e9rica do Sul.<\/p>\n<p class=\"ai-optimize-18\">Al\u00e9m disso, a <strong>import\u00e2ncia floresta amaz\u00f4nica<\/strong> vai al\u00e9m da natureza. Ela \u00e9 lar de 385 grupos ind\u00edgenas e mais de 30 milh\u00f5es de pessoas que dependem diretamente de seus recursos. Essas comunidades mant\u00eam culturas ancestrais e um profundo conhecimento sobre o ecossistema.<\/p>\n<p class=\"ai-optimize-19\">Outro aspecto fundamental \u00e9 a contribui\u00e7\u00e3o da Amaz\u00f4nia para o ciclo hidrol\u00f3gico global. Estima-se que 20% da \u00e1gua doce que chega aos oceanos tenha origem nesse bioma. Isso refor\u00e7a a necessidade de preservar essa regi\u00e3o para o equil\u00edbrio do planeta.<\/p>\n<h2 class=\"ai-optimize-20\">Caracter\u00edsticas da Floresta Amaz\u00f4nica<\/h2>\n<p class=\"ai-optimize-21\">Com um <strong>clima<\/strong> equatorial e <strong>solo<\/strong> peculiar, essa \u00e1rea natural \u00e9 um exemplo de adapta\u00e7\u00e3o e resili\u00eancia. Sua localiza\u00e7\u00e3o estrat\u00e9gica na Am\u00e9rica do Sul abrange nove pa\u00edses, com a maior parte no Brasil. Essa extens\u00e3o imensa contribui para sua diversidade e import\u00e2ncia global.<\/p>\n<p><img loading=\"lazy\" decoding=\"async\" class=\"aligncenter size-large wp-image-2971\" title=\"Clima e Solo da Amaz\u00f4nia\" src=\"https:\/\/ver-o-peso.com\/pt\/wp-content\/uploads\/2025\/06\/Clima-e-Solo-da-Amazonia-1024x1024.jpeg\" alt=\"Clima e Solo da Amaz\u00f4nia\" width=\"660\" height=\"660\" \/><\/p>\n<h3 class=\"ai-optimize-22\">Localiza\u00e7\u00e3o e Extens\u00e3o<\/h3>\n<p class=\"ai-optimize-23\">A regi\u00e3o amaz\u00f4nica se estende por mais de 6,7 milh\u00f5es de km\u00b2, sendo um dos maiores biomas do mundo. Sua vasta \u00e1rea inclui florestas densas, rios extensos e uma variedade de ecossistemas interconectados. Essa localiza\u00e7\u00e3o geogr\u00e1fica influencia diretamente seu <strong>clima<\/strong> e caracter\u00edsticas ed\u00e1ficas.<\/p>\n<h3 class=\"ai-optimize-24\">Clima e Solo<\/h3>\n<p class=\"ai-optimize-25\">O <strong>clima<\/strong> da Amaz\u00f4nia \u00e9 marcado por temperaturas m\u00e9dias de 25 a 27\u00b0C e umidade relativa de 70 a 80%. Essas condi\u00e7\u00f5es favorecem a forma\u00e7\u00e3o de chuvas intensas, com m\u00e9dia de 3.000 mm por ano. O <strong>solo<\/strong>, por sua vez, \u00e9 arenoso e possui apenas 14% de fertilidade natural.<\/p>\n<p class=\"ai-optimize-26\">Um fen\u00f4meno interessante \u00e9 a lixivia\u00e7\u00e3o, que remove <strong>nutrientes<\/strong> do solo. No entanto, a serrapilheira (camada de folhas e mat\u00e9ria org\u00e2nica) se torna uma fonte vital de <strong>nutrientes<\/strong> para a vegeta\u00e7\u00e3o. Esse ciclo mant\u00e9m a floresta viva e pr\u00f3spera.<\/p>\n<blockquote><p>&#8220;A intera\u00e7\u00e3o entre clima, solo e vegeta\u00e7\u00e3o na Amaz\u00f4nia \u00e9 um exemplo perfeito de equil\u00edbrio natural.&#8221;<\/p><\/blockquote>\n<p class=\"ai-optimize-27\">Essas caracter\u00edsticas ed\u00e1ficas tamb\u00e9m t\u00eam impacto na agricultura sustent\u00e1vel. Compreender o <strong>solo<\/strong> e seu manejo \u00e9 essencial para pr\u00e1ticas que preservem esse ecossistema \u00fanico. A \u00e1gua, abundante na regi\u00e3o, desempenha um papel crucial nesse processo, alimentando rios e mantendo a umidade do ar.<\/p>\n<h2 class=\"ai-optimize-28\">Biodiversidade da Floresta Amaz\u00f4nica<\/h2>\n<p class=\"ai-optimize-29\">Entre os biomas mais ricos em vida, destaca-se a variedade \u00fanica de esp\u00e9cies encontradas. A <strong>flora<\/strong> e fauna dessa regi\u00e3o s\u00e3o essenciais para o equil\u00edbrio global, abrigando milhares de seres vivos que interagem de forma harmoniosa.<\/p>\n<p><img loading=\"lazy\" decoding=\"async\" class=\"aligncenter size-large wp-image-2972\" title=\"Biodiversidade da Amaz\u00f4nia\" src=\"https:\/\/ver-o-peso.com\/pt\/wp-content\/uploads\/2025\/06\/Biodiversidade-da-Amazonia-1024x1024.jpeg\" alt=\"Biodiversidade da Amaz\u00f4nia\" width=\"660\" height=\"660\" \/><\/p>\n<h3 class=\"ai-optimize-30\">Fauna<\/h3>\n<p class=\"ai-optimize-31\">A fauna \u00e9 incrivelmente diversa, com esp\u00e9cies que v\u00e3o desde pequenos insetos at\u00e9 grandes mam\u00edferos. Essa variedade \u00e9 resultado de condi\u00e7\u00f5es clim\u00e1ticas e ambientais \u00fanicas, que permitem a coexist\u00eancia de diferentes formas de vida.<\/p>\n<h3 class=\"ai-optimize-32\">Flora<\/h3>\n<p class=\"ai-optimize-33\">A <strong>vegeta\u00e7\u00e3o<\/strong> \u00e9 um dos aspectos mais marcantes desse ecossistema. Com mais de 16.000 esp\u00e9cies de \u00e1rvores e 400 bilh\u00f5es de indiv\u00edduos, a <strong>flora<\/strong> amaz\u00f4nica \u00e9 uma das mais ricas do mundo. A estratifica\u00e7\u00e3o vegetal, que inclui o dossel, sub-bosque e herb\u00e1ceas, cria um ambiente complexo e interdependente.<\/p>\n<p class=\"ai-optimize-34\">Algumas <strong>plantas<\/strong>, como a vit\u00f3ria-r\u00e9gia, possuem adapta\u00e7\u00f5es fascinantes. Suas folhas gigantes e flores noturnas s\u00e3o exemplos de como a vida se adapta \u00e0s condi\u00e7\u00f5es locais. Outras esp\u00e9cies, como a seringueira e a castanheira-do-par\u00e1, t\u00eam grande import\u00e2ncia econ\u00f4mica, sendo utilizadas em diversos setores.<\/p>\n<blockquote><p>&#8220;A intera\u00e7\u00e3o entre fauna e flora na Amaz\u00f4nia \u00e9 um exemplo perfeito de equil\u00edbrio natural.&#8221;<\/p><\/blockquote>\n<p class=\"ai-optimize-35\">No sub-bosque, onde a luminosidade \u00e9 baixa, as <strong>plantas<\/strong> desenvolveram mecanismos eficientes de fotoss\u00edntese. Esse processo \u00e9 essencial para a sobreviv\u00eancia da <strong>vegeta\u00e7\u00e3o<\/strong> em \u00e1reas mais sombrias.<\/p>\n<table>\n<tbody>\n<tr>\n<th>Esp\u00e9cie<\/th>\n<th>Caracter\u00edsticas<\/th>\n<th>Uso<\/th>\n<\/tr>\n<tr>\n<td>Vit\u00f3ria-R\u00e9gia<\/td>\n<td>Folhas gigantes, flores noturnas<\/td>\n<td>Ornamental<\/td>\n<\/tr>\n<tr>\n<td>Seringueira<\/td>\n<td>Produ\u00e7\u00e3o de l\u00e1tex<\/td>\n<td>Industrial<\/td>\n<\/tr>\n<tr>\n<td>Castanheira-do-Par\u00e1<\/td>\n<td>Frutos ricos em nutrientes<\/td>\n<td>Aliment\u00edcio<\/td>\n<\/tr>\n<\/tbody>\n<\/table>\n<p class=\"ai-optimize-36\">Projetos de bioprospec\u00e7\u00e3o sustent\u00e1vel est\u00e3o sendo desenvolvidos para explorar os recursos naturais de forma respons\u00e1vel. Essas iniciativas buscam preservar a biodiversidade enquanto geram benef\u00edcios econ\u00f4micos e sociais.<\/p>\n<h2 class=\"ai-optimize-37\">Import\u00e2ncia da Floresta Amaz\u00f4nica para o Planeta<\/h2>\n<p class=\"ai-optimize-38\">A Floresta Amaz\u00f4nica desempenha um papel vital para o <strong>equil\u00edbrio<\/strong> global, influenciando desde o clima at\u00e9 a economia. Ela sequestra cerca de 2,2 bilh\u00f5es de toneladas de CO\u2082 por ano, ajudando a mitigar os efeitos das <em>mudan\u00e7as clim\u00e1ticas<\/em>. Esse processo \u00e9 essencial para manter a estabilidade da <strong>atmosfera<\/strong> e garantir um futuro sustent\u00e1vel.<\/p>\n<p><img loading=\"lazy\" decoding=\"async\" class=\"aligncenter size-large wp-image-2973\" title=\"Import\u00e2ncia da Floresta Amaz\u00f4nica\" src=\"https:\/\/ver-o-peso.com\/pt\/wp-content\/uploads\/2025\/06\/Importancia-da-Floresta-Amazonica-1024x1024.jpeg\" alt=\"Import\u00e2ncia da Floresta Amaz\u00f4nica\" width=\"660\" height=\"660\" \/><\/p>\n<p class=\"ai-optimize-39\">Al\u00e9m de sua fun\u00e7\u00e3o clim\u00e1tica, a regi\u00e3o regula os padr\u00f5es pluviom\u00e9tricos em diversas \u00e1reas, incluindo o Sudeste do Brasil. O mecanismo dos &#8220;rios voadores&#8221; transporta umidade da Amaz\u00f4nia para outras regi\u00f5es, beneficiando o agroneg\u00f3cio e a agricultura. Esse fen\u00f4meno \u00e9 crucial para a produ\u00e7\u00e3o de alimentos e a economia local.<\/p>\n<p class=\"ai-optimize-40\">Mais de 34 milh\u00f5es de pessoas dependem diretamente dos recursos da Amaz\u00f4nia para sua subsist\u00eancia. Essa rela\u00e7\u00e3o destaca a <strong>import\u00e2ncia floresta amaz\u00f4nica<\/strong> n\u00e3o apenas para o meio ambiente, mas tamb\u00e9m para as comunidades que vivem nela. A preserva\u00e7\u00e3o desse ecossistema \u00e9, portanto, uma quest\u00e3o de sobreviv\u00eancia e desenvolvimento.<\/p>\n<p class=\"ai-optimize-41\">O ciclo hidrol\u00f3gico continental tamb\u00e9m \u00e9 fortemente influenciado pela Amaz\u00f4nia. A evapotranspira\u00e7\u00e3o libera bilh\u00f5es de toneladas de \u00e1gua na <strong>atmosfera<\/strong>, alimentando rios e mantendo o <strong>equil\u00edbrio<\/strong> h\u00eddrico. Esse processo \u00e9 vital para a vida no planeta e para a manuten\u00e7\u00e3o dos ecossistemas.<\/p>\n<p class=\"ai-optimize-42\">Segundo o IPCC, o desmatamento total da Amaz\u00f4nia poderia ter impactos catastr\u00f3ficos no clima global. A perda desse bioma afetaria os regimes de ventos e correntes oce\u00e2nicas, alterando padr\u00f5es clim\u00e1ticos em escala planet\u00e1ria. A preserva\u00e7\u00e3o da Amaz\u00f4nia \u00e9, portanto, uma responsabilidade global.<\/p>\n<table>\n<tbody>\n<tr>\n<th>Aspecto<\/th>\n<th>Impacto<\/th>\n<th>Dados<\/th>\n<\/tr>\n<tr>\n<td>Sequestro de CO\u2082<\/td>\n<td>Mitiga\u00e7\u00e3o das <em>mudan\u00e7as clim\u00e1ticas<\/em><\/td>\n<td>2,2 bilh\u00f5es de toneladas\/ano<\/td>\n<\/tr>\n<tr>\n<td>Rios Voadores<\/td>\n<td>Regula\u00e7\u00e3o pluviom\u00e9trica<\/td>\n<td>20 bilh\u00f5es de toneladas de \u00e1gua\/dia<\/td>\n<\/tr>\n<tr>\n<td>Depend\u00eancia Humana<\/td>\n<td>Subsist\u00eancia e economia<\/td>\n<td>34 milh\u00f5es de pessoas<\/td>\n<\/tr>\n<tr>\n<td>Ciclo Hidrol\u00f3gico<\/td>\n<td>Equil\u00edbrio h\u00eddrico global<\/td>\n<td>20% da \u00e1gua doce<\/td>\n<\/tr>\n<\/tbody>\n<\/table>\n<p class=\"ai-optimize-43\">A Amaz\u00f4nia \u00e9 um pilar para o <strong>equil\u00edbrio<\/strong> do planeta, influenciando desde o clima at\u00e9 a economia global. Sua preserva\u00e7\u00e3o \u00e9 essencial para garantir um futuro sustent\u00e1vel para todos.<\/p>\n<h2 class=\"ai-optimize-44\">Problemas e Amea\u00e7as Ambientais<\/h2>\n<p class=\"ai-optimize-45\">A preserva\u00e7\u00e3o do maior ecossistema tropical do mundo enfrenta desafios crescentes. As atividades humanas t\u00eam causado impactos profundos, colocando em risco a biodiversidade e o equil\u00edbrio natural. Entre os principais problemas est\u00e3o o desmatamento e as queimadas, que afetam diretamente o <strong>clima<\/strong> e o <strong>solo<\/strong>.<\/p>\n<p><img loading=\"lazy\" decoding=\"async\" class=\"aligncenter size-large wp-image-2974\" title=\"Problemas e Amea\u00e7as Ambientais\" src=\"https:\/\/ver-o-peso.com\/pt\/wp-content\/uploads\/2025\/06\/Problemas-e-Ameacas-Ambientais-1024x1024.jpeg\" alt=\"Problemas e Amea\u00e7as Ambientais\" width=\"660\" height=\"660\" \/><\/p>\n<h3 class=\"ai-optimize-46\">Desmatamento<\/h3>\n<p class=\"ai-optimize-47\">O desmatamento \u00e9 uma das maiores amea\u00e7as ao ecossistema. Em 2021, foram registrados 103.161 focos, um aumento de 33% em rela\u00e7\u00e3o ao ano anterior. Essa pr\u00e1tica n\u00e3o s\u00f3 destr\u00f3i habitats naturais, mas tamb\u00e9m contribui para a emiss\u00e3o de 1,5 bilh\u00e3o de toneladas de CO\u2082 equivalente.<\/p>\n<p class=\"ai-optimize-48\">Al\u00e9m disso, a perda de biodiversidade \u00e9 alarmante. Segundo o Painel Cient\u00edfico para a Amaz\u00f4nia, cerca de 400 esp\u00e9cies s\u00e3o extintas a cada <strong>ano<\/strong>. Esse cen\u00e1rio exige a\u00e7\u00f5es urgentes para frear a destrui\u00e7\u00e3o e promover a recupera\u00e7\u00e3o das \u00e1reas degradadas.<\/p>\n<h3 class=\"ai-optimize-49\">Queimadas<\/h3>\n<p class=\"ai-optimize-50\">As <strong>queimadas<\/strong> s\u00e3o outro problema grave, especialmente durante per\u00edodos de seca prolongada. Elas criam um ciclo vicioso: a falta de chuva aumenta o risco de inc\u00eandios, que, por sua vez, agravam as condi\u00e7\u00f5es do <strong>clima<\/strong> e do <strong>solo<\/strong>.<\/p>\n<p class=\"ai-optimize-51\">Os impactos v\u00e3o al\u00e9m do meio ambiente. A fuma\u00e7a das <strong>queimadas<\/strong> afeta a sa\u00fade p\u00fablica, aumentando os casos de doen\u00e7as respirat\u00f3rias. Al\u00e9m disso, o solo perde sua microbiota e nutrientes, tornando-se menos f\u00e9rtil e mais suscet\u00edvel \u00e0 eros\u00e3o.<\/p>\n<table>\n<tbody>\n<tr>\n<th>Problema<\/th>\n<th>Impacto<\/th>\n<th>Dados<\/th>\n<\/tr>\n<tr>\n<td>Desmatamento<\/td>\n<td>Perda de biodiversidade e emiss\u00e3o de CO\u2082<\/td>\n<td>103.161 focos em 2021<\/td>\n<\/tr>\n<tr>\n<td>Queimadas<\/td>\n<td>Degrada\u00e7\u00e3o do solo e sa\u00fade p\u00fablica<\/td>\n<td>1,5 bilh\u00e3o de toneladas de CO\u2082<\/td>\n<\/tr>\n<tr>\n<td>Extin\u00e7\u00e3o de Esp\u00e9cies<\/td>\n<td>Redu\u00e7\u00e3o da biodiversidade<\/td>\n<td>400 esp\u00e9cies\/ano<\/td>\n<\/tr>\n<\/tbody>\n<\/table>\n<p class=\"ai-optimize-52\">Estudos apontam para poss\u00edveis pontos de inflex\u00e3o, onde a savaniza\u00e7\u00e3o pode se tornar irrevers\u00edvel. Para combater esses desafios, tecnologias avan\u00e7adas est\u00e3o sendo desenvolvidas para monitorar e controlar inc\u00eandios em \u00e1reas remotas. A preserva\u00e7\u00e3o desse ecossistema \u00e9 essencial para garantir um futuro sustent\u00e1vel.<\/p>\n<h2 class=\"ai-optimize-53\">Amaz\u00f4nia Legal<\/h2>\n<p class=\"ai-optimize-54\">Criada em 1966, a Amaz\u00f4nia Legal abrange uma extens\u00e3o impressionante do territ\u00f3rio brasileiro. Com 5.015.067,86 km\u00b2, essa <strong>regi\u00e3o<\/strong> representa 59% do pa\u00eds, sendo a <strong>maior parte<\/strong> do <strong>bioma amaz\u00f4nia<\/strong>. Ela inclui nove estados e 772 munic\u00edpios, formando uma \u00e1rea estrat\u00e9gica para o desenvolvimento sustent\u00e1vel.<\/p>\n<p class=\"ai-optimize-55\">O conceito de Amaz\u00f4nia Legal surgiu como uma ferramenta de planejamento econ\u00f4mico regional. Desde ent\u00e3o, sua delimita\u00e7\u00e3o passou por altera\u00e7\u00f5es para melhor atender \u00e0s necessidades de preserva\u00e7\u00e3o e desenvolvimento. Essa <strong>regi\u00e3o<\/strong> \u00e9 essencial para pol\u00edticas p\u00fablicas que visam equilibrar crescimento e conserva\u00e7\u00e3o.<\/p>\n<p class=\"ai-optimize-56\">Comparada a outros biomas brasileiros, a Amaz\u00f4nia Legal se destaca pela sua vasta extens\u00e3o e biodiversidade. Enquanto o Cerrado e a Mata Atl\u00e2ntica cobrem \u00e1reas menores, o <strong>bioma amaz\u00f4nia<\/strong> \u00e9 o mais extenso e complexo, abrigando uma riqueza natural inigual\u00e1vel.<\/p>\n<p class=\"ai-optimize-57\">A Superintend\u00eancia do Desenvolvimento da Amaz\u00f4nia (Sudam) desempenha um papel crucial na promo\u00e7\u00e3o de pol\u00edticas de desenvolvimento sustent\u00e1vel. Entre as iniciativas, destacam-se projetos de Zoneamento Ecol\u00f3gico-Econ\u00f4mico, que buscam integrar atividades econ\u00f4micas com a preserva\u00e7\u00e3o ambiental.<\/p>\n<p class=\"ai-optimize-58\">Um dos grandes desafios \u00e9 a fiscaliza\u00e7\u00e3o de \u00e1reas transfronteiri\u00e7as. A Amaz\u00f4nia Legal compartilha fronteiras com outros <strong>pa\u00edses<\/strong>, o que exige coopera\u00e7\u00e3o internacional para combater pr\u00e1ticas ilegais, como o desmatamento e a explora\u00e7\u00e3o predat\u00f3ria.<\/p>\n<table>\n<tbody>\n<tr>\n<th>Caracter\u00edstica<\/th>\n<th>Detalhe<\/th>\n<\/tr>\n<tr>\n<td>Extens\u00e3o<\/td>\n<td>5.015.067,86 km\u00b2<\/td>\n<\/tr>\n<tr>\n<td>Estados<\/td>\n<td>9<\/td>\n<\/tr>\n<tr>\n<td>Munic\u00edpios<\/td>\n<td>772<\/td>\n<\/tr>\n<tr>\n<td>Ano de Cria\u00e7\u00e3o<\/td>\n<td>1966<\/td>\n<\/tr>\n<\/tbody>\n<\/table>\n<p class=\"ai-optimize-59\">Projetos de Zoneamento Ecol\u00f3gico-Econ\u00f4mico s\u00e3o fundamentais para o futuro da Amaz\u00f4nia Legal. Eles permitem o uso respons\u00e1vel dos recursos naturais, garantindo que a <strong>maior parte<\/strong> dessa \u00e1rea seja preservada para as gera\u00e7\u00f5es futuras. A integra\u00e7\u00e3o entre desenvolvimento e conserva\u00e7\u00e3o \u00e9 a chave para o sucesso dessas iniciativas.<\/p>\n<h2 class=\"ai-optimize-60\">Curiosidades sobre a Floresta Amaz\u00f4nica<\/h2>\n<p class=\"ai-optimize-61\">A cada dois dias, uma nova <strong>esp\u00e9cie<\/strong> \u00e9 descoberta nesse ecossistema \u00fanico. Essa taxa impressionante revela a riqueza da biodiversidade local, que ainda guarda muitos segredos. Segundo a WWF, esse ritmo de descobertas refor\u00e7a a import\u00e2ncia de preservar essa \u00e1rea para o <strong>mundo<\/strong>.<\/p>\n<p class=\"ai-optimize-62\">O Rio Amazonas \u00e9 outro destaque. Ele possui uma vaz\u00e3o maior do que os sete maiores rios do planeta juntos. Essa imensa quantidade de \u00e1gua sustenta n\u00e3o apenas a <strong>vida<\/strong> na regi\u00e3o, mas tamb\u00e9m influencia o clima global. Al\u00e9m disso, essa \u00e1rea abriga 20% das reservas de \u00e1gua doce superficial do <strong>mundo<\/strong>.<\/p>\n<p class=\"ai-optimize-63\">Entre as <strong>esp\u00e9cies<\/strong> \u00fanicas, destacam-se o peixe el\u00e9trico e a aranha-golias. O primeiro \u00e9 capaz de gerar descargas el\u00e9tricas para se defender, enquanto a segunda \u00e9 a maior aranha do <strong>mundo<\/strong>, podendo atingir at\u00e9 30 cm de envergadura.<\/p>\n<p class=\"ai-optimize-64\">Fen\u00f4menos naturais como a pororoca e o encontro das \u00e1guas tamb\u00e9m chamam a aten\u00e7\u00e3o. A pororoca \u00e9 uma onda gigante que ocorre durante a mar\u00e9 alta, enquanto o encontro das \u00e1guas mostra a conflu\u00eancia entre o Rio Negro e o Solim\u00f5es, com cores distintas que n\u00e3o se misturam por quil\u00f4metros.<\/p>\n<blockquote><p>&#8220;A Amaz\u00f4nia \u00e9 um laborat\u00f3rio vivo, onde a natureza e a cultura se entrela\u00e7am de forma \u00fanica.&#8221;<\/p><\/blockquote>\n<p class=\"ai-optimize-65\">As tecnologias ind\u00edgenas, como o uso do curare e t\u00e9cnicas agr\u00edcolas sustent\u00e1veis, demonstram o profundo conhecimento das comunidades locais. Al\u00e9m disso, mist\u00e9rios arqueol\u00f3gicos, como geoglifos e cidades perdidas, continuam a intrigar pesquisadores.<\/p>\n<p class=\"ai-optimize-66\">Estima-se que apenas 10% da biodiversidade dessa regi\u00e3o seja conhecida. Isso significa que, a cada <strong>ano<\/strong>, novas descobertas podem mudar nossa compreens\u00e3o sobre esse ecossistema. Proje\u00e7\u00f5es indicam que milhares de <strong>esp\u00e9cies<\/strong> ainda aguardam ser catalogadas.<\/p>\n<table>\n<tbody>\n<tr>\n<th>Curiosidade<\/th>\n<th>Detalhe<\/th>\n<\/tr>\n<tr>\n<td>Descoberta de Esp\u00e9cies<\/td>\n<td>1 nova a cada 2 dias<\/td>\n<\/tr>\n<tr>\n<td>Rio Amazonas<\/td>\n<td>Maior vaz\u00e3o do mundo<\/td>\n<\/tr>\n<tr>\n<td>\u00c1gua Doce<\/td>\n<td>20% das reservas globais<\/td>\n<\/tr>\n<tr>\n<td>Esp\u00e9cies \u00danicas<\/td>\n<td>Peixe el\u00e9trico e aranha-golias<\/td>\n<\/tr>\n<\/tbody>\n<\/table>\n<p class=\"ai-optimize-67\">Essas curiosidades mostram que essa regi\u00e3o \u00e9 um tesouro natural e cultural, cheio de mist\u00e9rios e maravilhas a serem exploradas. A cada <strong>ano<\/strong>, novas descobertas refor\u00e7am sua import\u00e2ncia para o planeta.<\/p>\n<h2 class=\"ai-optimize-68\">Ecossistemas da Floresta Amaz\u00f4nica<\/h2>\n<p class=\"ai-optimize-69\">A complexidade dos ecossistemas amaz\u00f4nicos \u00e9 um reflexo da intera\u00e7\u00e3o entre terra, \u00e1gua e vida. Cada um desses ambientes possui caracter\u00edsticas \u00fanicas que sustentam a biodiversidade e processos ecol\u00f3gicos essenciais. Vamos explorar os tr\u00eas principais tipos: Mata de Terra Firme, Mata de V\u00e1rzea e Mata de Igap\u00f3.<\/p>\n<h3 class=\"ai-optimize-70\">Mata de Terra Firme<\/h3>\n<p class=\"ai-optimize-71\">Este ecossistema \u00e9 caracterizado por \u00e1reas que n\u00e3o sofrem inunda\u00e7\u00f5es, com solo mais est\u00e1vel e rico em nutrientes. A <strong>flora<\/strong> \u00e9 densa e diversificada, incluindo \u00e1rvores de grande porte como a castanheira-do-par\u00e1. As <strong>condi\u00e7\u00f5es<\/strong> de \u00e1gua s\u00e3o mais controladas, permitindo o desenvolvimento de uma vegeta\u00e7\u00e3o robusta.<\/p>\n<p class=\"ai-optimize-72\">Adapta\u00e7\u00f5es radiculares, como as do buriti, s\u00e3o comuns aqui. Essas ra\u00edzes ajudam as plantas a acessar nutrientes em solos profundos. Al\u00e9m disso, a decomposi\u00e7\u00e3o aer\u00f3bica \u00e9 predominante, mantendo o ciclo de nutrientes ativo.<\/p>\n<h3 class=\"ai-optimize-73\">Mata de V\u00e1rzea<\/h3>\n<p class=\"ai-optimize-74\">Localizada ao longo dos <strong>rios<\/strong>, essa \u00e1rea \u00e9 periodicamente inundada, criando um ambiente din\u00e2mico. O solo \u00e9 rico em sedimentos trazidos pelas cheias, o que favorece a agricultura. A <strong>flora<\/strong> inclui esp\u00e9cies como a seringueira, que se adaptam \u00e0s mudan\u00e7as sazonais.<\/p>\n<p class=\"ai-optimize-75\">Peixes ornamentais, como o acar\u00e1-disco, s\u00e3o comuns aqui, atraindo interesse para o aquarismo. No entanto, a atividade humana, como o garimpo ilegal, tem impactado negativamente esse ecossistema, principalmente devido \u00e0 contamina\u00e7\u00e3o por merc\u00fario.<\/p>\n<h3 class=\"ai-optimize-76\">Mata de Igap\u00f3<\/h3>\n<p class=\"ai-optimize-77\">Este ecossistema \u00e9 marcado por inunda\u00e7\u00e3o permanente, com <strong>\u00e1gua<\/strong> \u00e1cida (pH 3.5-4.5). O solo \u00e9 hidrom\u00f3rfico, com mat\u00e9ria org\u00e2nica flutuante. A <strong>flora<\/strong> \u00e9 especializada, com esp\u00e9cies como o buriti, que desenvolvem adapta\u00e7\u00f5es para sobreviver nessas <strong>condi\u00e7\u00f5es<\/strong>.<\/p>\n<p class=\"ai-optimize-78\">Processos de decomposi\u00e7\u00e3o anaer\u00f3bica s\u00e3o comuns, criando um ambiente \u00fanico para microrganismos. O potencial ecotur\u00edstico \u00e9 alto, com destaque para parques como Anavilhanas, que atraem visitantes de todo o mundo.<\/p>\n<ul>\n<li class=\"ai-optimize-79\">Adapta\u00e7\u00f5es radiculares em esp\u00e9cies como o buriti.<\/li>\n<li class=\"ai-optimize-80\">Ecologia de peixes ornamentais e aquarismo.<\/li>\n<li class=\"ai-optimize-81\">Processos de decomposi\u00e7\u00e3o anaer\u00f3bica.<\/li>\n<li class=\"ai-optimize-82\">Impactos do merc\u00fario de garimpos ilegais.<\/li>\n<li class=\"ai-optimize-83\">Potencial ecotur\u00edstico em parques como Anavilhanas.<\/li>\n<\/ul>\n<p class=\"ai-optimize-84\">Esses ecossistemas s\u00e3o fundamentais para o equil\u00edbrio da regi\u00e3o, sustentando n\u00e3o apenas a biodiversidade, mas tamb\u00e9m as comunidades locais. Sua preserva\u00e7\u00e3o \u00e9 essencial para garantir um futuro sustent\u00e1vel.<\/p>\n<h2 class=\"ai-optimize-85\">Impacto da Floresta Amaz\u00f4nica no Clima Global<\/h2>\n<p class=\"ai-optimize-86\">A influ\u00eancia desse ecossistema no <strong>clima global<\/strong> vai al\u00e9m das fronteiras continentais. Ele regula padr\u00f5es pluviom\u00e9tricos que chegam at\u00e9 a \u00c1frica, demonstrando sua import\u00e2ncia para o <strong>equil\u00edbrio<\/strong> clim\u00e1tico mundial. Al\u00e9m disso, armazena carbono equivalente a 10 anos de emiss\u00f5es globais, atuando como um regulador natural da <strong>atmosfera<\/strong>.<\/p>\n<p class=\"ai-optimize-87\">Modelos clim\u00e1ticos do INPE indicam que o desmatamento total poderia levar a um aumento de 2,5\u00b0C na temperatura regional. Esse fen\u00f4meno, conhecido como savaniza\u00e7\u00e3o, teria efeitos catastr\u00f3ficos n\u00e3o apenas para o Brasil, mas para todo o <strong>planeta<\/strong>. A rela\u00e7\u00e3o com o El Ni\u00f1o Oscila\u00e7\u00e3o Sul (ENSO) tamb\u00e9m \u00e9 crucial, pois altera padr\u00f5es clim\u00e1ticos em escala global.<\/p>\n<p class=\"ai-optimize-88\">Outro aspecto importante \u00e9 o papel desse ecossistema na forma\u00e7\u00e3o de ciclones extratropicais. A umidade liberada influencia o regime de mon\u00e7\u00f5es asi\u00e1ticas, afetando a agricultura e a economia de diversas regi\u00f5es. Acordos internacionais, como o Tratado de Coopera\u00e7\u00e3o Amaz\u00f4nica, buscam promover a\u00e7\u00f5es conjuntas para preservar esse recurso vital.<\/p>\n<blockquote><p>&#8220;A preserva\u00e7\u00e3o desse ecossistema \u00e9 essencial para garantir a estabilidade clim\u00e1tica global.&#8221;<\/p><\/blockquote>\n<p class=\"ai-optimize-89\">Proje\u00e7\u00f5es indicam que, sem medidas eficazes, os impactos do desmatamento ser\u00e3o irrevers\u00edveis. A perda desse bioma afetaria n\u00e3o apenas o clima, mas tamb\u00e9m a biodiversidade e as comunidades que dependem dele. A\u00e7\u00f5es urgentes s\u00e3o necess\u00e1rias para evitar um cen\u00e1rio de crise clim\u00e1tica.<\/p>\n<table>\n<tbody>\n<tr>\n<th>Aspecto<\/th>\n<th>Impacto<\/th>\n<th>Dados<\/th>\n<\/tr>\n<tr>\n<td>Regula\u00e7\u00e3o Pluviom\u00e9trica<\/td>\n<td>Influ\u00eancia at\u00e9 a \u00c1frica<\/td>\n<td>Padr\u00f5es globais<\/td>\n<\/tr>\n<tr>\n<td>Armazenamento de Carbono<\/td>\n<td>Equivalente a 10 anos de emiss\u00f5es<\/td>\n<td>2,2 bilh\u00f5es de toneladas\/ano<\/td>\n<\/tr>\n<tr>\n<td>Proje\u00e7\u00e3o de Temperatura<\/td>\n<td>Aumento de 2,5\u00b0C<\/td>\n<td>Com desmatamento total<\/td>\n<\/tr>\n<tr>\n<td>Rela\u00e7\u00e3o com ENSO<\/td>\n<td>Altera padr\u00f5es clim\u00e1ticos<\/td>\n<td>Impacto global<\/td>\n<\/tr>\n<\/tbody>\n<\/table>\n<p class=\"ai-optimize-90\">Esses dados refor\u00e7am a necessidade de preservar esse ecossistema \u00fanico. A Amaz\u00f4nia n\u00e3o \u00e9 apenas um patrim\u00f4nio brasileiro, mas um recurso vital para o <strong>clima global<\/strong> e o futuro do <strong>planeta<\/strong>.<\/p>\n<h2 class=\"ai-optimize-91\">Conclus\u00e3o<\/h2>\n<p class=\"ai-optimize-92\">Preservar esse ecossistema \u00e9 essencial para o futuro do <strong>planeta<\/strong>. A <strong>floresta amaz\u00f4nica<\/strong> oferece servi\u00e7os ecossist\u00eamicos vitais, como regula\u00e7\u00e3o clim\u00e1tica e manuten\u00e7\u00e3o da biodiversidade. Com 30% das florestas tropicais remanescentes, sua <strong>import\u00e2ncia<\/strong> \u00e9 ineg\u00e1vel.<\/p>\n<p class=\"ai-optimize-93\">Governos e sociedade civil precisam agir. Iniciativas como o monitoramento via IA e projetos de bioeconomia, que geram US$ 8 bilh\u00f5es por ano, mostram caminhos promissores. Al\u00e9m disso, 47% do territ\u00f3rio est\u00e1 sob prote\u00e7\u00e3o legal, mas \u00e9 preciso mais.<\/p>\n<p class=\"ai-optimize-94\">Integrar desenvolvimento sustent\u00e1vel e conserva\u00e7\u00e3o \u00e9 a chave. A <strong>floresta amaz\u00f4nica<\/strong> n\u00e3o s\u00f3 sustenta a <strong>vida<\/strong> local, mas tamb\u00e9m impacta o <strong>mundo<\/strong> inteiro. Sua preserva\u00e7\u00e3o \u00e9 um compromisso global.<\/p>\n<section class=\"schema-section\">\n<h2 class=\"ai-optimize-95\">FAQ<\/h2>\n<div>\n<h3 class=\"ai-optimize-96\">Onde est\u00e1 localizada a Floresta Amaz\u00f4nica?<\/h3>\n<div>\n<div>\n<p class=\"ai-optimize-97\">A Floresta Amaz\u00f4nica est\u00e1 localizada na Am\u00e9rica do Sul, abrangendo principalmente o Brasil, mas tamb\u00e9m partes de outros pa\u00edses como Peru, Col\u00f4mbia e Venezuela.<\/p>\n<\/div>\n<\/div>\n<\/div>\n<div>\n<h3 class=\"ai-optimize-98\">Qual \u00e9 a import\u00e2ncia da Floresta Amaz\u00f4nica para o planeta?<\/h3>\n<div>\n<div>\n<p class=\"ai-optimize-99\">A Floresta Amaz\u00f4nica desempenha um papel crucial na regula\u00e7\u00e3o do clima global, na manuten\u00e7\u00e3o da biodiversidade e na produ\u00e7\u00e3o de oxig\u00eanio, al\u00e9m de ser essencial para o ciclo da \u00e1gua.<\/p>\n<\/div>\n<\/div>\n<\/div>\n<div>\n<h3 class=\"ai-optimize-100\">Quais s\u00e3o as principais amea\u00e7as \u00e0 Floresta Amaz\u00f4nica?<\/h3>\n<div>\n<div>\n<p class=\"ai-optimize-101\">As principais amea\u00e7as incluem o desmatamento, as queimadas e a explora\u00e7\u00e3o ilegal de recursos naturais, que comprometem a biodiversidade e o equil\u00edbrio ecol\u00f3gico.<\/p>\n<\/div>\n<\/div>\n<\/div>\n<div>\n<h3 class=\"ai-optimize-102\">Como o clima da Floresta Amaz\u00f4nica influencia o planeta?<\/h3>\n<div>\n<div>\n<p class=\"ai-optimize-103\">O clima \u00famido e quente da Floresta Amaz\u00f4nica contribui para a forma\u00e7\u00e3o dos chamados &#8220;rios voadores&#8221;, que transportam umidade para outras regi\u00f5es, influenciando padr\u00f5es clim\u00e1ticos globais.<\/p>\n<\/div>\n<\/div>\n<\/div>\n<div>\n<h3 class=\"ai-optimize-104\">Quais s\u00e3o os ecossistemas presentes na Floresta Amaz\u00f4nica?<\/h3>\n<div>\n<div>\n<p class=\"ai-optimize-105\">Os principais ecossistemas s\u00e3o a Mata de Terra Firme, a Mata de V\u00e1rzea e a Mata de Igap\u00f3, cada um com caracter\u00edsticas espec\u00edficas de vegeta\u00e7\u00e3o e adapta\u00e7\u00f5es ao solo e \u00e0 \u00e1gua.<\/p>\n<\/div>\n<\/div>\n<\/div>\n<div>\n<h3 class=\"ai-optimize-106\">Qual \u00e9 a biodiversidade da Floresta Amaz\u00f4nica?<\/h3>\n<div>\n<div>\n<p class=\"ai-optimize-107\">A Floresta Amaz\u00f4nica abriga uma das maiores biodiversidades do planeta, com milhares de esp\u00e9cies de plantas, animais, aves, mam\u00edferos e peixes, muitos dos quais s\u00e3o end\u00eamicos.<\/p>\n<\/div>\n<\/div>\n<\/div>\n<div>\n<h3 class=\"ai-optimize-108\">O que \u00e9 a Amaz\u00f4nia Legal?<\/h3>\n<div>\n<div>\n<p class=\"ai-optimize-109\">A Amaz\u00f4nia Legal \u00e9 uma regi\u00e3o que engloba nove estados brasileiros, criada para promover o desenvolvimento sustent\u00e1vel e a preserva\u00e7\u00e3o da Floresta Amaz\u00f4nica.<\/p>\n<\/div>\n<\/div>\n<\/div>\n<div>\n<h3 class=\"ai-optimize-110\">Como o desmatamento afeta a Floresta Amaz\u00f4nica?<\/h3>\n<div>\n<div>\n<p class=\"ai-optimize-111\">O desmatamento reduz a cobertura vegetal, afeta o ciclo da \u00e1gua, diminui a biodiversidade e contribui para as mudan\u00e7as clim\u00e1ticas, impactando negativamente o ecossistema.<\/p>\n<\/div>\n<\/div>\n<\/div>\n<div>\n<h3 class=\"ai-optimize-112\">Quais s\u00e3o as caracter\u00edsticas do solo da Floresta Amaz\u00f4nica?<\/h3>\n<div>\n<div>\n<p class=\"ai-optimize-113\">O solo da Floresta Amaz\u00f4nica \u00e9 geralmente pobre em nutrientes, mas a decomposi\u00e7\u00e3o da mat\u00e9ria org\u00e2nica na superf\u00edcie mant\u00e9m a fertilidade necess\u00e1ria para a vegeta\u00e7\u00e3o densa.<\/p>\n<\/div>\n<\/div>\n<\/div>\n<div>\n<h3 class=\"ai-optimize-114\">Como a Floresta Amaz\u00f4nica contribui para o equil\u00edbrio clim\u00e1tico?<\/h3>\n<div>\n<div>\n<p class=\"ai-optimize-115\">A Floresta Amaz\u00f4nica absorve grandes quantidades de di\u00f3xido de carbono, ajudando a regular a temperatura global e a reduzir os efeitos das mudan\u00e7as clim\u00e1ticas.<\/p>\n<\/div>\n<\/div>\n<\/div>\n<\/section>\n","protected":false},"excerpt":{"rendered":"<p>A Floresta Amaz\u00f4nica \u00e9 a maior floresta tropical \u00famida do planeta, cobrindo impressionantes 6,7 milh\u00f5es de km\u00b2. Localizada principalmente na Am\u00e9rica do Sul, 62% de sua extens\u00e3o est\u00e1 no Brasil, ocupando 47% da superf\u00edcie do continente. Este bioma \u00e9 um tesouro natural que abriga 10% da biodiversidade global, incluindo 30 mil esp\u00e9cies vegetais e 1.800 &hellip; <a href=\"https:\/\/ver-o-peso.com\/pt\/2025\/06\/24\/a-floresta-amazonica-uma-maravilha-natural-para-se-ver\/\" class=\"more-link\">Continuar lendo <span class=\"screen-reader-text\">A Floresta Amaz\u00f4nica: Uma Maravilha Natural para se Ver<\/span><\/a><\/p>\n","protected":false},"author":1,"featured_media":2969,"comment_status":"open","ping_status":"open","sticky":false,"template":"","format":"standard","meta":{"footnotes":""},"categories":[20],"tags":[189,184,190,91,188,186,183,185,187,191],"class_list":["post-2968","post","type-post","status-publish","format-standard","has-post-thumbnail","hentry","category-amazonia","tag-ameacas-a-floresta-amazonica","tag-biodiversidade-da-amazonia","tag-conservacao-da-natureza-na-amazonia","tag-desmatamento-na-amazonia","tag-ecossistema-amazonico","tag-ecoturismo-na-amazonia","tag-flora-e-fauna-da-floresta-amazonica","tag-importancia-da-preservacao-da-floresta-amazonica","tag-povos-indigenas-da-amazonia","tag-rios-da-amazonia"],"yoast_head":"<!-- This site is optimized with the Yoast SEO Premium plugin v25.3 (Yoast SEO v25.9) - https:\/\/yoast.com\/wordpress\/plugins\/seo\/ -->\n<title>The Amazon Rainforest: A Natural Wonder to Behold<\/title>\n<meta name=\"description\" content=\"Conhecemos a Floresta Amaz\u00f4nica, uma maravilha natural que abriga uma vasta riqueza ecol\u00f3gica.\" \/>\n<meta name=\"robots\" content=\"index, follow, max-snippet:-1, max-image-preview:large, max-video-preview:-1\" \/>\n<link rel=\"canonical\" href=\"https:\/\/ver-o-peso.com\/pt\/2025\/06\/24\/a-floresta-amazonica-uma-maravilha-natural-para-se-ver\/\" \/>\n<meta property=\"og:locale\" content=\"pt_BR\" \/>\n<meta property=\"og:type\" content=\"article\" \/>\n<meta property=\"og:title\" content=\"A Floresta Amaz\u00f4nica: Uma Maravilha Natural para se Ver\" \/>\n<meta property=\"og:description\" content=\"Conhecemos a Floresta Amaz\u00f4nica, uma maravilha natural que abriga uma vasta riqueza ecol\u00f3gica.\" \/>\n<meta property=\"og:url\" content=\"https:\/\/ver-o-peso.com\/pt\/2025\/06\/24\/a-floresta-amazonica-uma-maravilha-natural-para-se-ver\/\" \/>\n<meta property=\"og:site_name\" content=\"Ver-o-peso\" \/>\n<meta property=\"article:publisher\" content=\"https:\/\/fecebook.com\/jose.oliveira.913296\" \/>\n<meta property=\"article:published_time\" content=\"2025-06-24T16:26:36+00:00\" \/>\n<meta property=\"og:image\" content=\"https:\/\/ver-o-peso.com\/pt\/wp-content\/uploads\/2025\/06\/Floresta-Amazonica.jpeg\" \/>\n\t<meta property=\"og:image:width\" content=\"1344\" \/>\n\t<meta property=\"og:image:height\" content=\"768\" \/>\n\t<meta property=\"og:image:type\" content=\"image\/jpeg\" \/>\n<meta name=\"author\" content=\"veropeso2025\" \/>\n<meta name=\"twitter:card\" content=\"summary_large_image\" \/>\n<meta name=\"twitter:label1\" content=\"Escrito por\" \/>\n\t<meta name=\"twitter:data1\" content=\"veropeso2025\" \/>\n\t<meta name=\"twitter:label2\" content=\"Est. tempo de leitura\" \/>\n\t<meta name=\"twitter:data2\" content=\"19 minutos\" \/>\n<script type=\"application\/ld+json\" class=\"yoast-schema-graph\">{\"@context\":\"https:\/\/schema.org\",\"@graph\":[{\"@type\":\"Article\",\"@id\":\"https:\/\/ver-o-peso.com\/pt\/2025\/06\/24\/a-floresta-amazonica-uma-maravilha-natural-para-se-ver\/#article\",\"isPartOf\":{\"@id\":\"https:\/\/ver-o-peso.com\/pt\/2025\/06\/24\/a-floresta-amazonica-uma-maravilha-natural-para-se-ver\/\"},\"author\":{\"name\":\"veropeso2025\",\"@id\":\"https:\/\/ver-o-peso.com\/pt\/#\/schema\/person\/9e9ad551726c390092238296ec769a06\"},\"headline\":\"A Floresta Amaz\u00f4nica: Uma Maravilha Natural para se Ver\",\"datePublished\":\"2025-06-24T16:26:36+00:00\",\"mainEntityOfPage\":{\"@id\":\"https:\/\/ver-o-peso.com\/pt\/2025\/06\/24\/a-floresta-amazonica-uma-maravilha-natural-para-se-ver\/\"},\"wordCount\":3541,\"commentCount\":0,\"publisher\":{\"@id\":\"https:\/\/ver-o-peso.com\/pt\/#organization\"},\"image\":{\"@id\":\"https:\/\/ver-o-peso.com\/pt\/2025\/06\/24\/a-floresta-amazonica-uma-maravilha-natural-para-se-ver\/#primaryimage\"},\"thumbnailUrl\":\"https:\/\/ver-o-peso.com\/pt\/wp-content\/uploads\/2025\/06\/Floresta-Amazonica.jpeg\",\"keywords\":[\"Amea\u00e7as \u00e0 Floresta Amaz\u00f4nica\",\"Biodiversidade da Amaz\u00f4nia\",\"Conserva\u00e7\u00e3o da natureza na Amaz\u00f4nia\",\"desmatamento na amaz\u00f4nia\",\"Ecossistema amaz\u00f4nico\",\"Ecoturismo na Amaz\u00f4nia\",\"Flora e fauna da Floresta Amaz\u00f4nica\",\"Import\u00e2ncia da preserva\u00e7\u00e3o da Floresta Amaz\u00f4nica\",\"Povos ind\u00edgenas da Amaz\u00f4nia\",\"Rios da Amaz\u00f4nia\"],\"articleSection\":[\"Amaz\u00f4nia\"],\"inLanguage\":\"pt-BR\",\"potentialAction\":[{\"@type\":\"CommentAction\",\"name\":\"Comment\",\"target\":[\"https:\/\/ver-o-peso.com\/pt\/2025\/06\/24\/a-floresta-amazonica-uma-maravilha-natural-para-se-ver\/#respond\"]}]},{\"@type\":\"WebPage\",\"@id\":\"https:\/\/ver-o-peso.com\/pt\/2025\/06\/24\/a-floresta-amazonica-uma-maravilha-natural-para-se-ver\/\",\"url\":\"https:\/\/ver-o-peso.com\/pt\/2025\/06\/24\/a-floresta-amazonica-uma-maravilha-natural-para-se-ver\/\",\"name\":\"The Amazon Rainforest: A Natural Wonder to Behold\",\"isPartOf\":{\"@id\":\"https:\/\/ver-o-peso.com\/pt\/#website\"},\"primaryImageOfPage\":{\"@id\":\"https:\/\/ver-o-peso.com\/pt\/2025\/06\/24\/a-floresta-amazonica-uma-maravilha-natural-para-se-ver\/#primaryimage\"},\"image\":{\"@id\":\"https:\/\/ver-o-peso.com\/pt\/2025\/06\/24\/a-floresta-amazonica-uma-maravilha-natural-para-se-ver\/#primaryimage\"},\"thumbnailUrl\":\"https:\/\/ver-o-peso.com\/pt\/wp-content\/uploads\/2025\/06\/Floresta-Amazonica.jpeg\",\"datePublished\":\"2025-06-24T16:26:36+00:00\",\"description\":\"Conhecemos a Floresta Amaz\u00f4nica, uma maravilha natural que abriga uma vasta riqueza ecol\u00f3gica.\",\"breadcrumb\":{\"@id\":\"https:\/\/ver-o-peso.com\/pt\/2025\/06\/24\/a-floresta-amazonica-uma-maravilha-natural-para-se-ver\/#breadcrumb\"},\"inLanguage\":\"pt-BR\",\"potentialAction\":[{\"@type\":\"ReadAction\",\"target\":[\"https:\/\/ver-o-peso.com\/pt\/2025\/06\/24\/a-floresta-amazonica-uma-maravilha-natural-para-se-ver\/\"]}]},{\"@type\":\"ImageObject\",\"inLanguage\":\"pt-BR\",\"@id\":\"https:\/\/ver-o-peso.com\/pt\/2025\/06\/24\/a-floresta-amazonica-uma-maravilha-natural-para-se-ver\/#primaryimage\",\"url\":\"https:\/\/ver-o-peso.com\/pt\/wp-content\/uploads\/2025\/06\/Floresta-Amazonica.jpeg\",\"contentUrl\":\"https:\/\/ver-o-peso.com\/pt\/wp-content\/uploads\/2025\/06\/Floresta-Amazonica.jpeg\",\"width\":1344,\"height\":768,\"caption\":\"Floresta Amaz\u00f4nica\"},{\"@type\":\"BreadcrumbList\",\"@id\":\"https:\/\/ver-o-peso.com\/pt\/2025\/06\/24\/a-floresta-amazonica-uma-maravilha-natural-para-se-ver\/#breadcrumb\",\"itemListElement\":[{\"@type\":\"ListItem\",\"position\":1,\"name\":\"In\u00edcio\",\"item\":\"https:\/\/ver-o-peso.com\/pt\/\"},{\"@type\":\"ListItem\",\"position\":2,\"name\":\"A Floresta Amaz\u00f4nica: Uma Maravilha Natural para se Ver\"}]},{\"@type\":\"WebSite\",\"@id\":\"https:\/\/ver-o-peso.com\/pt\/#website\",\"url\":\"https:\/\/ver-o-peso.com\/pt\/\",\"name\":\"Ver-o-peso\",\"description\":\"Aqui tem de tudo da Amaz\u00f4nia\",\"publisher\":{\"@id\":\"https:\/\/ver-o-peso.com\/pt\/#organization\"},\"potentialAction\":[{\"@type\":\"SearchAction\",\"target\":{\"@type\":\"EntryPoint\",\"urlTemplate\":\"https:\/\/ver-o-peso.com\/pt\/?s={search_term_string}\"},\"query-input\":{\"@type\":\"PropertyValueSpecification\",\"valueRequired\":true,\"valueName\":\"search_term_string\"}}],\"inLanguage\":\"pt-BR\"},{\"@type\":\"Organization\",\"@id\":\"https:\/\/ver-o-peso.com\/pt\/#organization\",\"name\":\"Ver-o-peso\",\"url\":\"https:\/\/ver-o-peso.com\/pt\/\",\"logo\":{\"@type\":\"ImageObject\",\"inLanguage\":\"pt-BR\",\"@id\":\"https:\/\/ver-o-peso.com\/pt\/#\/schema\/logo\/image\/\",\"url\":\"https:\/\/ver-o-peso.com\/pt\/wp-content\/uploads\/2025\/05\/Logo-3.png\",\"contentUrl\":\"https:\/\/ver-o-peso.com\/pt\/wp-content\/uploads\/2025\/05\/Logo-3.png\",\"width\":210,\"height\":118,\"caption\":\"Ver-o-peso\"},\"image\":{\"@id\":\"https:\/\/ver-o-peso.com\/pt\/#\/schema\/logo\/image\/\"},\"sameAs\":[\"https:\/\/fecebook.com\/jose.oliveira.913296\",\"https:\/\/instagram.com\/riba.lages\",\"https:\/\/tiktok.com\/veropeso2025\"]},{\"@type\":\"Person\",\"@id\":\"https:\/\/ver-o-peso.com\/pt\/#\/schema\/person\/9e9ad551726c390092238296ec769a06\",\"name\":\"veropeso2025\",\"image\":{\"@type\":\"ImageObject\",\"inLanguage\":\"pt-BR\",\"@id\":\"https:\/\/ver-o-peso.com\/pt\/#\/schema\/person\/image\/\",\"url\":\"https:\/\/secure.gravatar.com\/avatar\/abbae2eadd0ca3e3064b32972a9f07e1ec00361a8e4784de939c3d52c9381ec6?s=96&d=mm&r=g\",\"contentUrl\":\"https:\/\/secure.gravatar.com\/avatar\/abbae2eadd0ca3e3064b32972a9f07e1ec00361a8e4784de939c3d52c9381ec6?s=96&d=mm&r=g\",\"caption\":\"veropeso2025\"},\"sameAs\":[\"https:\/\/ver-o-peso.com\/pt\"],\"url\":\"https:\/\/ver-o-peso.com\/pt\/author\/veropeso2025\/\"}]}<\/script>\n<!-- \/ Yoast SEO Premium plugin. -->","yoast_head_json":{"title":"The Amazon Rainforest: A Natural Wonder to Behold","description":"Conhecemos a Floresta Amaz\u00f4nica, uma maravilha natural que abriga uma vasta riqueza ecol\u00f3gica.","robots":{"index":"index","follow":"follow","max-snippet":"max-snippet:-1","max-image-preview":"max-image-preview:large","max-video-preview":"max-video-preview:-1"},"canonical":"https:\/\/ver-o-peso.com\/pt\/2025\/06\/24\/a-floresta-amazonica-uma-maravilha-natural-para-se-ver\/","og_locale":"pt_BR","og_type":"article","og_title":"A Floresta Amaz\u00f4nica: Uma Maravilha Natural para se Ver","og_description":"Conhecemos a Floresta Amaz\u00f4nica, uma maravilha natural que abriga uma vasta riqueza ecol\u00f3gica.","og_url":"https:\/\/ver-o-peso.com\/pt\/2025\/06\/24\/a-floresta-amazonica-uma-maravilha-natural-para-se-ver\/","og_site_name":"Ver-o-peso","article_publisher":"https:\/\/fecebook.com\/jose.oliveira.913296","article_published_time":"2025-06-24T16:26:36+00:00","og_image":[{"width":1344,"height":768,"url":"https:\/\/ver-o-peso.com\/pt\/wp-content\/uploads\/2025\/06\/Floresta-Amazonica.jpeg","type":"image\/jpeg"}],"author":"veropeso2025","twitter_card":"summary_large_image","twitter_misc":{"Escrito por":"veropeso2025","Est. tempo de leitura":"19 minutos"},"schema":{"@context":"https:\/\/schema.org","@graph":[{"@type":"Article","@id":"https:\/\/ver-o-peso.com\/pt\/2025\/06\/24\/a-floresta-amazonica-uma-maravilha-natural-para-se-ver\/#article","isPartOf":{"@id":"https:\/\/ver-o-peso.com\/pt\/2025\/06\/24\/a-floresta-amazonica-uma-maravilha-natural-para-se-ver\/"},"author":{"name":"veropeso2025","@id":"https:\/\/ver-o-peso.com\/pt\/#\/schema\/person\/9e9ad551726c390092238296ec769a06"},"headline":"A Floresta Amaz\u00f4nica: Uma Maravilha Natural para se Ver","datePublished":"2025-06-24T16:26:36+00:00","mainEntityOfPage":{"@id":"https:\/\/ver-o-peso.com\/pt\/2025\/06\/24\/a-floresta-amazonica-uma-maravilha-natural-para-se-ver\/"},"wordCount":3541,"commentCount":0,"publisher":{"@id":"https:\/\/ver-o-peso.com\/pt\/#organization"},"image":{"@id":"https:\/\/ver-o-peso.com\/pt\/2025\/06\/24\/a-floresta-amazonica-uma-maravilha-natural-para-se-ver\/#primaryimage"},"thumbnailUrl":"https:\/\/ver-o-peso.com\/pt\/wp-content\/uploads\/2025\/06\/Floresta-Amazonica.jpeg","keywords":["Amea\u00e7as \u00e0 Floresta Amaz\u00f4nica","Biodiversidade da Amaz\u00f4nia","Conserva\u00e7\u00e3o da natureza na Amaz\u00f4nia","desmatamento na amaz\u00f4nia","Ecossistema amaz\u00f4nico","Ecoturismo na Amaz\u00f4nia","Flora e fauna da Floresta Amaz\u00f4nica","Import\u00e2ncia da preserva\u00e7\u00e3o da Floresta Amaz\u00f4nica","Povos ind\u00edgenas da Amaz\u00f4nia","Rios da Amaz\u00f4nia"],"articleSection":["Amaz\u00f4nia"],"inLanguage":"pt-BR","potentialAction":[{"@type":"CommentAction","name":"Comment","target":["https:\/\/ver-o-peso.com\/pt\/2025\/06\/24\/a-floresta-amazonica-uma-maravilha-natural-para-se-ver\/#respond"]}]},{"@type":"WebPage","@id":"https:\/\/ver-o-peso.com\/pt\/2025\/06\/24\/a-floresta-amazonica-uma-maravilha-natural-para-se-ver\/","url":"https:\/\/ver-o-peso.com\/pt\/2025\/06\/24\/a-floresta-amazonica-uma-maravilha-natural-para-se-ver\/","name":"The Amazon Rainforest: A Natural Wonder to Behold","isPartOf":{"@id":"https:\/\/ver-o-peso.com\/pt\/#website"},"primaryImageOfPage":{"@id":"https:\/\/ver-o-peso.com\/pt\/2025\/06\/24\/a-floresta-amazonica-uma-maravilha-natural-para-se-ver\/#primaryimage"},"image":{"@id":"https:\/\/ver-o-peso.com\/pt\/2025\/06\/24\/a-floresta-amazonica-uma-maravilha-natural-para-se-ver\/#primaryimage"},"thumbnailUrl":"https:\/\/ver-o-peso.com\/pt\/wp-content\/uploads\/2025\/06\/Floresta-Amazonica.jpeg","datePublished":"2025-06-24T16:26:36+00:00","description":"Conhecemos a Floresta Amaz\u00f4nica, uma maravilha natural que abriga uma vasta riqueza ecol\u00f3gica.","breadcrumb":{"@id":"https:\/\/ver-o-peso.com\/pt\/2025\/06\/24\/a-floresta-amazonica-uma-maravilha-natural-para-se-ver\/#breadcrumb"},"inLanguage":"pt-BR","potentialAction":[{"@type":"ReadAction","target":["https:\/\/ver-o-peso.com\/pt\/2025\/06\/24\/a-floresta-amazonica-uma-maravilha-natural-para-se-ver\/"]}]},{"@type":"ImageObject","inLanguage":"pt-BR","@id":"https:\/\/ver-o-peso.com\/pt\/2025\/06\/24\/a-floresta-amazonica-uma-maravilha-natural-para-se-ver\/#primaryimage","url":"https:\/\/ver-o-peso.com\/pt\/wp-content\/uploads\/2025\/06\/Floresta-Amazonica.jpeg","contentUrl":"https:\/\/ver-o-peso.com\/pt\/wp-content\/uploads\/2025\/06\/Floresta-Amazonica.jpeg","width":1344,"height":768,"caption":"Floresta Amaz\u00f4nica"},{"@type":"BreadcrumbList","@id":"https:\/\/ver-o-peso.com\/pt\/2025\/06\/24\/a-floresta-amazonica-uma-maravilha-natural-para-se-ver\/#breadcrumb","itemListElement":[{"@type":"ListItem","position":1,"name":"In\u00edcio","item":"https:\/\/ver-o-peso.com\/pt\/"},{"@type":"ListItem","position":2,"name":"A Floresta Amaz\u00f4nica: Uma Maravilha Natural para se Ver"}]},{"@type":"WebSite","@id":"https:\/\/ver-o-peso.com\/pt\/#website","url":"https:\/\/ver-o-peso.com\/pt\/","name":"Ver-o-peso","description":"Aqui tem de tudo da Amaz\u00f4nia","publisher":{"@id":"https:\/\/ver-o-peso.com\/pt\/#organization"},"potentialAction":[{"@type":"SearchAction","target":{"@type":"EntryPoint","urlTemplate":"https:\/\/ver-o-peso.com\/pt\/?s={search_term_string}"},"query-input":{"@type":"PropertyValueSpecification","valueRequired":true,"valueName":"search_term_string"}}],"inLanguage":"pt-BR"},{"@type":"Organization","@id":"https:\/\/ver-o-peso.com\/pt\/#organization","name":"Ver-o-peso","url":"https:\/\/ver-o-peso.com\/pt\/","logo":{"@type":"ImageObject","inLanguage":"pt-BR","@id":"https:\/\/ver-o-peso.com\/pt\/#\/schema\/logo\/image\/","url":"https:\/\/ver-o-peso.com\/pt\/wp-content\/uploads\/2025\/05\/Logo-3.png","contentUrl":"https:\/\/ver-o-peso.com\/pt\/wp-content\/uploads\/2025\/05\/Logo-3.png","width":210,"height":118,"caption":"Ver-o-peso"},"image":{"@id":"https:\/\/ver-o-peso.com\/pt\/#\/schema\/logo\/image\/"},"sameAs":["https:\/\/fecebook.com\/jose.oliveira.913296","https:\/\/instagram.com\/riba.lages","https:\/\/tiktok.com\/veropeso2025"]},{"@type":"Person","@id":"https:\/\/ver-o-peso.com\/pt\/#\/schema\/person\/9e9ad551726c390092238296ec769a06","name":"veropeso2025","image":{"@type":"ImageObject","inLanguage":"pt-BR","@id":"https:\/\/ver-o-peso.com\/pt\/#\/schema\/person\/image\/","url":"https:\/\/secure.gravatar.com\/avatar\/abbae2eadd0ca3e3064b32972a9f07e1ec00361a8e4784de939c3d52c9381ec6?s=96&d=mm&r=g","contentUrl":"https:\/\/secure.gravatar.com\/avatar\/abbae2eadd0ca3e3064b32972a9f07e1ec00361a8e4784de939c3d52c9381ec6?s=96&d=mm&r=g","caption":"veropeso2025"},"sameAs":["https:\/\/ver-o-peso.com\/pt"],"url":"https:\/\/ver-o-peso.com\/pt\/author\/veropeso2025\/"}]}},"_links":{"self":[{"href":"https:\/\/ver-o-peso.com\/pt\/wp-json\/wp\/v2\/posts\/2968","targetHints":{"allow":["GET"]}}],"collection":[{"href":"https:\/\/ver-o-peso.com\/pt\/wp-json\/wp\/v2\/posts"}],"about":[{"href":"https:\/\/ver-o-peso.com\/pt\/wp-json\/wp\/v2\/types\/post"}],"author":[{"embeddable":true,"href":"https:\/\/ver-o-peso.com\/pt\/wp-json\/wp\/v2\/users\/1"}],"replies":[{"embeddable":true,"href":"https:\/\/ver-o-peso.com\/pt\/wp-json\/wp\/v2\/comments?post=2968"}],"version-history":[{"count":4,"href":"https:\/\/ver-o-peso.com\/pt\/wp-json\/wp\/v2\/posts\/2968\/revisions"}],"predecessor-version":[{"id":3031,"href":"https:\/\/ver-o-peso.com\/pt\/wp-json\/wp\/v2\/posts\/2968\/revisions\/3031"}],"wp:featuredmedia":[{"embeddable":true,"href":"https:\/\/ver-o-peso.com\/pt\/wp-json\/wp\/v2\/media\/2969"}],"wp:attachment":[{"href":"https:\/\/ver-o-peso.com\/pt\/wp-json\/wp\/v2\/media?parent=2968"}],"wp:term":[{"taxonomy":"category","embeddable":true,"href":"https:\/\/ver-o-peso.com\/pt\/wp-json\/wp\/v2\/categories?post=2968"},{"taxonomy":"post_tag","embeddable":true,"href":"https:\/\/ver-o-peso.com\/pt\/wp-json\/wp\/v2\/tags?post=2968"}],"curies":[{"name":"wp","href":"https:\/\/api.w.org\/{rel}","templated":true}]}}