{"id":2984,"date":"2025-06-24T13:27:24","date_gmt":"2025-06-24T16:27:24","guid":{"rendered":"https:\/\/ver-o-peso.com\/pt\/?p=2984"},"modified":"2025-06-24T11:31:36","modified_gmt":"2025-06-24T14:31:36","slug":"amazonia-legal-uncovering-the-secrets-of-brazils-rainforest","status":"publish","type":"post","link":"https:\/\/ver-o-peso.com\/pt\/2025\/06\/24\/amazonia-legal-uncovering-the-secrets-of-brazils-rainforest\/","title":{"rendered":"Amaz\u00f4nia Legal: Uncovering the Secrets of Brazil&#8217;s Rainforest"},"content":{"rendered":"<p>A <strong>Amaz\u00f4nia Legal<\/strong> \u00e9 uma das maiores florestas tropicais do mundo, cobrindo impressionantes 5,1 milh\u00f5es de km\u00b2. Essa extens\u00e3o representa cerca de 60% do <em>territ\u00f3rio brasileiro<\/em>, consolidando sua import\u00e2ncia global.<\/p>\n<p>Essa <strong>regi\u00e3o<\/strong> \u00e9 estrat\u00e9gica n\u00e3o apenas por sua vasta biodiversidade, mas tamb\u00e9m por abrigar uma das maiores <em>bacias<\/em> hidrogr\u00e1ficas do planeta. Al\u00e9m disso, \u00e9 composta por nove estados, que juntos formam um <em>bioma<\/em> \u00fanico e essencial para o equil\u00edbrio ambiental.<\/p>\n<p>Com uma popula\u00e7\u00e3o de 27,8 milh\u00f5es de habitantes, a <strong>Amaz\u00f4nia Legal<\/strong> representa 13,7% da popula\u00e7\u00e3o do Brasil. Seu PIB regional \u00e9 de R$922 bilh\u00f5es, contribuindo com 11,4% da economia nacional.<\/p>\n<p>No entanto, a regi\u00e3o enfrenta desafios ambientais e socioecon\u00f4micos significativos. A preserva\u00e7\u00e3o desse ecossistema \u00e9 crucial para o futuro do pa\u00eds e do planeta.<\/p>\n<p>\u00c9 importante diferenciar a <strong>Amaz\u00f4nia Legal<\/strong> da Amaz\u00f4nia Internacional. Enquanto a primeira abrange \u00e1reas espec\u00edficas do Brasil, a segunda se estende por outros pa\u00edses da Am\u00e9rica do Sul.<\/p>\n<h3>Principais Pontos<\/h3>\n<ul>\n<li>A Amaz\u00f4nia Legal cobre 60% do territ\u00f3rio brasileiro.<\/li>\n<li>\u00c9 composta por nove estados.<\/li>\n<li>Abriga uma das maiores bacias hidrogr\u00e1ficas do mundo.<\/li>\n<li>Tem uma popula\u00e7\u00e3o de 27,8 milh\u00f5es de habitantes.<\/li>\n<li>Contribui com 11,4% do PIB nacional.<\/li>\n<li>Enfrenta desafios ambientais e socioecon\u00f4micos.<\/li>\n<li>Diferencia-se da Amaz\u00f4nia Internacional.<\/li>\n<\/ul>\n<h2>Introdu\u00e7\u00e3o \u00e0 Amaz\u00f4nia Legal<\/h2>\n<p>Em 1953, a <strong>Lei 1.806<\/strong> deu origem a uma das regi\u00f5es mais estrat\u00e9gicas do Brasil. Essa legisla\u00e7\u00e3o estabeleceu a base para o planejamento econ\u00f4mico e a integra\u00e7\u00e3o nacional, com foco na <em>valoriza\u00e7\u00e3o econ\u00f4mica amaz\u00f4nica<\/em>. A \u00e1rea original inclu\u00eda partes de Goi\u00e1s e Maranh\u00e3o, expandindo-se ao longo dos anos.<\/p>\n<p><img loading=\"lazy\" decoding=\"async\" src=\"https:\/\/ver-o-peso.com\/pt\/wp-content\/uploads\/2025\/06\/regiao-amazonica-1024x1024.jpeg\" alt=\"regi\u00e3o amaz\u00f4nica\" title=\"regi\u00e3o amaz\u00f4nica\" width=\"660\" height=\"660\" class=\"aligncenter size-large wp-image-2986\" \/><\/p>\n<h3>O que \u00e9 a Amaz\u00f4nia Legal?<\/h3>\n<p>A <strong>regi\u00e3o amaz\u00f4nica<\/strong> \u00e9 definida tanto por seu conceito jur\u00eddico quanto geogr\u00e1fico. Juridicamente, foi criada para promover o desenvolvimento regional. Geograficamente, abrange uma vasta \u00e1rea de 5.014.107 km\u00b2, distribu\u00edda em 773 munic\u00edpios. Essa dualidade refor\u00e7a sua import\u00e2ncia para o <em>governo brasileiro<\/em> e para o pa\u00eds como um todo.<\/p>\n<h3>Objetivos da cria\u00e7\u00e3o da Amaz\u00f4nia Legal<\/h3>\n<p>Os objetivos iniciais inclu\u00edam a <em>valoriza\u00e7\u00e3o econ\u00f4mica amaz\u00f4nica<\/em> e a integra\u00e7\u00e3o nacional. A <strong>Superintend\u00eancia do Desenvolvimento da Amaz\u00f4nia (SUDAM)<\/strong> foi criada para executar pol\u00edticas p\u00fablicas voltadas ao desenvolvimento da regi\u00e3o. Um exemplo not\u00e1vel \u00e9 a Zona Franca de Manaus, que se tornou um modelo de sucesso em pol\u00edticas de desenvolvimento.<\/p>\n<p>A legisla\u00e7\u00e3o evoluiu ao longo dos anos, culminando na <strong>Lei Complementar 124\/2007<\/strong>. Essa atualiza\u00e7\u00e3o refor\u00e7ou o conceito de &#8220;regi\u00e3o de planejamento&#8221;, consolidando a import\u00e2ncia da \u00e1rea para o futuro do Brasil.<\/p>\n<h2>Geografia da Amaz\u00f4nia Legal<\/h2>\n<p>Com uma extens\u00e3o territorial que abrange quase 60% do Brasil, a regi\u00e3o amaz\u00f4nica \u00e9 \u00fanica. Sua geografia \u00e9 marcada por uma diversidade impressionante, que vai desde florestas densas at\u00e9 vastas bacias hidrogr\u00e1ficas. Essa \u00e1rea \u00e9 composta por <strong>nove estados<\/strong>, cada um com suas particularidades e contribui\u00e7\u00f5es para o conjunto.<\/p>\n<p><img loading=\"lazy\" decoding=\"async\" src=\"https:\/\/ver-o-peso.com\/pt\/wp-content\/uploads\/2025\/06\/limites-amazonia-legal-1024x1024.jpeg\" alt=\"limites amaz\u00f4nia legal\" title=\"limites amaz\u00f4nia legal\" width=\"660\" height=\"660\" class=\"aligncenter size-large wp-image-2987\" \/><\/p>\n<h3>Estados que comp\u00f5em a Amaz\u00f4nia Legal<\/h3>\n<p>Os <strong>nove estados<\/strong> que formam a regi\u00e3o s\u00e3o: Acre (AC), Amazonas (AM), Roraima (RR), Rond\u00f4nia (RO), Par\u00e1 (PA), Amap\u00e1 (AP), Mato Grosso (MT), Tocantins (TO) e Maranh\u00e3o (MA). No entanto, \u00e9 importante destacar que apenas <em>parte estado<\/em> do Maranh\u00e3o e Mato Grosso est\u00e3o inclu\u00eddos, seguindo o crit\u00e9rio do meridiano 44\u00ba.<\/p>\n<p>Essa divis\u00e3o geopol\u00edtica reflete a complexidade da regi\u00e3o. A Amaz\u00f4nia Ocidental, composta por quatro estados, contrasta com a Oriental, que abrange cinco. Essa dualidade influencia tanto a economia quanto a cultura local.<\/p>\n<h3>Limites e extens\u00e3o territorial<\/h3>\n<p>Os <strong>limites amaz\u00f4nia legal<\/strong> s\u00e3o definidos com precis\u00e3o, abrangendo 58,9% do territ\u00f3rio brasileiro. A regi\u00e3o inclui 773 munic\u00edpios, com uma malha municipal atualizada em 2024. O crit\u00e9rio t\u00e9cnico do meridiano 44\u00ba no <em>estado maranh\u00e3o<\/em> \u00e9 um exemplo dessa delimita\u00e7\u00e3o cuidadosa.<\/p>\n<p>A tabela abaixo detalha a \u00e1rea e a popula\u00e7\u00e3o de cada estado:<\/p>\n<table>\n<tr>\n<th>Estado<\/th>\n<th>\u00c1rea Inclu\u00edda (%)<\/th>\n<th>Popula\u00e7\u00e3o (milh\u00f5es)<\/th>\n<\/tr>\n<tr>\n<td>Acre (AC)<\/td>\n<td>100<\/td>\n<td>0,9<\/td>\n<\/tr>\n<tr>\n<td>Amazonas (AM)<\/td>\n<td>100<\/td>\n<td>4,2<\/td>\n<\/tr>\n<tr>\n<td>Roraima (RR)<\/td>\n<td>100<\/td>\n<td>0,6<\/td>\n<\/tr>\n<tr>\n<td>Rond\u00f4nia (RO)<\/td>\n<td>100<\/td>\n<td>1,8<\/td>\n<\/tr>\n<tr>\n<td>Par\u00e1 (PA)<\/td>\n<td>100<\/td>\n<td>8,7<\/td>\n<\/tr>\n<tr>\n<td>Amap\u00e1 (AP)<\/td>\n<td>100<\/td>\n<td>0,8<\/td>\n<\/tr>\n<tr>\n<td>Mato Grosso (MT)<\/td>\n<td>54<\/td>\n<td>3,5<\/td>\n<\/tr>\n<tr>\n<td>Tocantins (TO)<\/td>\n<td>100<\/td>\n<td>1,6<\/td>\n<\/tr>\n<tr>\n<td>Maranh\u00e3o (MA)<\/td>\n<td>37<\/td>\n<td>3,2<\/td>\n<\/tr>\n<\/table>\n<p>Esses dados mostram a import\u00e2ncia de cada <em>parte estado<\/em> na composi\u00e7\u00e3o da regi\u00e3o. A geografia da Amaz\u00f4nia Legal \u00e9, sem d\u00favida, um dos seus maiores tesouros.<\/p>\n<h2>Hist\u00f3ria da Amaz\u00f4nia Legal<\/h2>\n<p>Desde o per\u00edodo colonial, a regi\u00e3o que hoje conhecemos como Amaz\u00f4nia Legal passou por transforma\u00e7\u00f5es significativas. A ocupa\u00e7\u00e3o portuguesa marcou o in\u00edcio de uma longa jornada de explora\u00e7\u00e3o e integra\u00e7\u00e3o ao territ\u00f3rio nacional. Ao longo dos s\u00e9culos, pol\u00edticas p\u00fablicas e marcos legais moldaram sua identidade e import\u00e2ncia estrat\u00e9gica.<\/p>\n<p><img loading=\"lazy\" decoding=\"async\" src=\"https:\/\/ver-o-peso.com\/pt\/wp-content\/uploads\/2025\/06\/historia-amazonia-legal-1024x1024.jpeg\" alt=\"hist\u00f3ria amaz\u00f4nia legal\" title=\"hist\u00f3ria amaz\u00f4nia legal\" width=\"660\" height=\"660\" class=\"aligncenter size-large wp-image-2988\" \/><\/p>\n<h3>Origem e evolu\u00e7\u00e3o da regi\u00e3o<\/h3>\n<p>A hist\u00f3ria da regi\u00e3o remonta ao per\u00edodo colonial, quando os portugueses iniciaram a explora\u00e7\u00e3o de seus recursos naturais. No s\u00e9culo XX, a necessidade de promover o <strong>desenvolvimento<\/strong> regional levou \u00e0 cria\u00e7\u00e3o de institui\u00e7\u00f5es espec\u00edficas. Em 1953, foi estabelecida a Superintend\u00eancia do Plano de Valoriza\u00e7\u00e3o Econ\u00f4mica da Amaz\u00f4nia (SPVEA), marcando o in\u00edcio de uma nova era.<\/p>\n<p>Em 1966, a SPVEA foi transformada na Superintend\u00eancia do Desenvolvimento da Amaz\u00f4nia (SUDAM), com foco em pol\u00edticas p\u00fablicas mais eficazes. A <em>constitui\u00e7\u00e3o federal<\/em> de 1988 trouxe mudan\u00e7as significativas, incluindo a cria\u00e7\u00e3o do estado do Tocantins, que redefiniu os limites da regi\u00e3o.<\/p>\n<h3>Leis e decretos que definiram a Amaz\u00f4nia Legal<\/h3>\n<p>A legisla\u00e7\u00e3o que moldou a regi\u00e3o \u00e9 extensa e complexa. O Decreto 35.600, de 1953, foi o primeiro marco legal, seguido pela <strong>lei complementar<\/strong> 124\/2007, que consolidou o conceito de &#8220;regi\u00e3o de planejamento.&#8221; Esses instrumentos jur\u00eddicos foram essenciais para garantir a integra\u00e7\u00e3o e o <strong>desenvolvimento<\/strong> sustent\u00e1vel.<\/p>\n<p>Outro marco importante foi a cria\u00e7\u00e3o do Cons\u00f3rcio da Amaz\u00f4nia Legal em 2019, que refor\u00e7ou a coopera\u00e7\u00e3o entre os estados. A an\u00e1lise cr\u00edtica dos planos hist\u00f3ricos revela tanto avan\u00e7os quanto desafios, especialmente em rela\u00e7\u00e3o \u00e0 infraestrutura e \u00e0 preserva\u00e7\u00e3o ambiental.<\/p>\n<table>\n<tr>\n<th>Ano<\/th>\n<th>Marco Legal<\/th>\n<th>Impacto<\/th>\n<\/tr>\n<tr>\n<td>1953<\/td>\n<td>Cria\u00e7\u00e3o da SPVEA<\/td>\n<td>In\u00edcio do planejamento econ\u00f4mico<\/td>\n<\/tr>\n<tr>\n<td>1966<\/td>\n<td>Transforma\u00e7\u00e3o em SUDAM<\/td>\n<td>Foco em pol\u00edticas p\u00fablicas<\/td>\n<\/tr>\n<tr>\n<td>1988<\/td>\n<td>Constitui\u00e7\u00e3o Federal<\/td>\n<td>Redefini\u00e7\u00e3o dos limites<\/td>\n<\/tr>\n<tr>\n<td>2007<\/td>\n<td>Lei Complementar 124<\/td>\n<td>Consolida\u00e7\u00e3o do conceito<\/td>\n<\/tr>\n<tr>\n<td>2019<\/td>\n<td>Cria\u00e7\u00e3o do Cons\u00f3rcio<\/td>\n<td>Refor\u00e7o da coopera\u00e7\u00e3o<\/td>\n<\/tr>\n<\/table>\n<h2>Aspectos Socioecon\u00f4micos da Amaz\u00f4nia Legal<\/h2>\n<p>A regi\u00e3o que abriga a maior floresta tropical do mundo tamb\u00e9m \u00e9 marcada por uma diversidade socioecon\u00f4mica impressionante. Com uma popula\u00e7\u00e3o de 27,8 milh\u00f5es de habitantes, ela representa 13,7% da popula\u00e7\u00e3o brasileira. No entanto, 45% dessas pessoas vivem em situa\u00e7\u00e3o de pobreza, evidenciando desafios significativos.<\/p>\n<h3>Popula\u00e7\u00e3o e Demografia<\/h3>\n<p>A <strong>popula\u00e7\u00e3o ind\u00edgena<\/strong> \u00e9 um dos pilares da diversidade cultural da regi\u00e3o. Com 867.919 pessoas, ela representa 51% dos ind\u00edgenas brasileiros. Al\u00e9m disso, a densidade populacional varia amplamente, com \u00e1reas urbanas concentradas em <strong>munic\u00edpios<\/strong> como Manaus e Bel\u00e9m, enquanto vastas \u00e1reas rurais permanecem pouco habitadas.<\/p>\n<p>Comunidades tradicionais, como quilombolas e ribeirinhos, tamb\u00e9m desempenham um papel crucial na preserva\u00e7\u00e3o cultural e ambiental. No entanto, o acesso a servi\u00e7os b\u00e1sicos, como saneamento, \u00e9 limitado, com apenas 25% da popula\u00e7\u00e3o atendida adequadamente.<\/p>\n<h3>Atividades Econ\u00f4micas Principais<\/h3>\n<p>A <strong>economia<\/strong> da regi\u00e3o \u00e9 diversificada, com destaque para a agropecu\u00e1ria (23%) e a ind\u00fastria (34%). O Polo Industrial de Manaus \u00e9 um caso de sucesso, gerando empregos e impulsionando o desenvolvimento regional. No entanto, atividades ilegais, como o garimpo, representam um desafio para o <strong>desenvolvimento sustent\u00e1vel<\/strong>.<\/p>\n<p>Programas governamentais, como o Cons\u00f3rcio da Amaz\u00f4nia Legal, buscam promover pol\u00edticas p\u00fablicas eficazes. Essas iniciativas visam equilibrar o crescimento econ\u00f4mico com a preserva\u00e7\u00e3o ambiental e social.<\/p>\n<p><img loading=\"lazy\" decoding=\"async\" src=\"https:\/\/ver-o-peso.com\/pt\/wp-content\/uploads\/2025\/06\/atividades-economicas-amazonia-legal-1024x1024.jpeg\" alt=\"atividades econ\u00f4micas amaz\u00f4nia legal\" title=\"atividades econ\u00f4micas amaz\u00f4nia legal\" width=\"660\" height=\"660\" class=\"aligncenter size-large wp-image-2989\" \/><\/p>\n<p>A tabela abaixo resume os principais indicadores socioecon\u00f4micos da regi\u00e3o:<\/p>\n<table>\n<tr>\n<th>Indicador<\/th>\n<th>Dados<\/th>\n<\/tr>\n<tr>\n<td>Popula\u00e7\u00e3o Total<\/td>\n<td>27,8 milh\u00f5es<\/td>\n<\/tr>\n<tr>\n<td>Popula\u00e7\u00e3o Ind\u00edgena<\/td>\n<td>867.919<\/td>\n<\/tr>\n<tr>\n<td>PIB Regional (2021)<\/td>\n<td>R$922 bilh\u00f5es<\/td>\n<\/tr>\n<tr>\n<td>Taxa de Pobreza<\/td>\n<td>45%<\/td>\n<\/tr>\n<tr>\n<td>Acesso a Saneamento<\/td>\n<td>25%<\/td>\n<\/tr>\n<\/table>\n<blockquote><p>&#8220;O desenvolvimento da Amaz\u00f4nia Legal deve ser equilibrado, garantindo crescimento econ\u00f4mico sem comprometer sua riqueza natural e cultural.&#8221;<\/p><\/blockquote>\n<p>Esses dados refor\u00e7am a necessidade de pol\u00edticas p\u00fablicas que promovam a inclus\u00e3o social e o <strong>desenvolvimento sustent\u00e1vel<\/strong>. A regi\u00e3o tem um potencial imenso, mas enfrenta desafios que exigem a\u00e7\u00f5es coordenadas e eficazes.<\/p>\n<h2>Desafios Ambientais na Amaz\u00f4nia Legal<\/h2>\n<p>Os desafios ambientais enfrentados pela maior floresta tropical do mundo s\u00e3o complexos e urgentes. A regi\u00e3o, conhecida por sua biodiversidade \u00fanica, enfrenta amea\u00e7as como o <strong>desmatamento<\/strong> e as <strong>queimadas<\/strong>, que comprometem seu equil\u00edbrio ecol\u00f3gico.<\/p>\n<p><img loading=\"lazy\" decoding=\"async\" src=\"https:\/\/ver-o-peso.com\/pt\/wp-content\/uploads\/2025\/06\/desmatamento-amazonia-legal-1024x1024.jpeg\" alt=\"desmatamento amaz\u00f4nia legal\" title=\"desmatamento amaz\u00f4nia legal\" width=\"660\" height=\"660\" class=\"aligncenter size-large wp-image-2990\" \/><\/p>\n<h3>Desmatamento e queimadas<\/h3>\n<p>Em 2022, foram registrados 18,2 mil km\u00b2 de \u00e1reas desmatadas, um aumento significativo em rela\u00e7\u00e3o aos anos anteriores. As <strong>queimadas<\/strong> tamb\u00e9m s\u00e3o um problema grave, com tr\u00eas vezes mais focos do que em outras regi\u00f5es do pa\u00eds.<\/p>\n<p>A expans\u00e3o agr\u00edcola \u00e9 uma das principais causas desse cen\u00e1rio. Projetos como a BR-163 e o cultivo de soja no Mato Grosso s\u00e3o exemplos emblem\u00e1ticos dessa rela\u00e7\u00e3o entre desenvolvimento econ\u00f4mico e perda florestal.<\/p>\n<h3>Impactos das atividades humanas<\/h3>\n<p>As atividades humanas t\u00eam um <strong>impacto ambiental<\/strong> profundo na regi\u00e3o. Cerca de 20% do <strong>bioma amaz\u00f4nia<\/strong> j\u00e1 est\u00e1 degradado, afetando n\u00e3o apenas a flora e a fauna, mas tamb\u00e9m as comunidades ind\u00edgenas que dependem desses recursos.<\/p>\n<p>Um estudo de caso na Terra Ind\u00edgena Yanomami revelou como o garimpo ilegal e as queimadas afetam diretamente a sa\u00fade e a cultura dessas popula\u00e7\u00f5es. Al\u00e9m disso, as emiss\u00f5es de CO2 equivalentes provenientes dessas atividades contribuem para as mudan\u00e7as clim\u00e1ticas globais.<\/p>\n<ul>\n<li>An\u00e1lise temporal do <strong>desmatamento<\/strong> (2017-2023) mostra tend\u00eancias preocupantes.<\/li>\n<li>Correla\u00e7\u00e3o entre expans\u00e3o agr\u00edcola e perda florestal \u00e9 evidente.<\/li>\n<li>Pol\u00edticas de combate \u00e0s <strong>queimadas<\/strong> t\u00eam sido implementadas, mas ainda insuficientes.<\/li>\n<li>Tecnologias de monitoramento por sat\u00e9lite, como as do INPE, s\u00e3o essenciais para a <strong>preserva\u00e7\u00e3o amaz\u00f4nia<\/strong>.<\/li>\n<\/ul>\n<p>Esses desafios exigem a\u00e7\u00f5es coordenadas e eficazes para garantir a sustentabilidade da regi\u00e3o. A <strong>preserva\u00e7\u00e3o amaz\u00f4nia<\/strong> n\u00e3o \u00e9 apenas uma quest\u00e3o local, mas global, dada sua import\u00e2ncia para o equil\u00edbrio clim\u00e1tico do planeta.<\/p>\n<h2>Import\u00e2ncia da Amaz\u00f4nia Legal<\/h2>\n<p>A import\u00e2ncia da maior <strong>floresta<\/strong> tropical do mundo vai al\u00e9m de suas fronteiras geogr\u00e1ficas. Ela desempenha um papel crucial na manuten\u00e7\u00e3o da <strong>biodiversidade<\/strong> e no equil\u00edbrio ambiental global. Sua vasta extens\u00e3o abriga uma riqueza natural incompar\u00e1vel, essencial para o planeta.<\/p>\n<h3>Biodiversidade e recursos naturais<\/h3>\n<p>A regi\u00e3o \u00e9 respons\u00e1vel por 1\/3 das <strong>florestas<\/strong> tropicais \u00famidas do planeta. Isso a torna um dos ecossistemas mais ricos em <strong>biodiversidade<\/strong>, com mais de 40 mil esp\u00e9cies de plantas registradas. Muitas dessas esp\u00e9cies s\u00e3o end\u00eamicas, ou seja, s\u00f3 existem nessa \u00e1rea.<\/p>\n<p>Al\u00e9m disso, a regi\u00e3o concentra 20% da <strong>\u00e1gua pot\u00e1vel<\/strong> mundial, um recurso vital para a sobreviv\u00eancia humana e para a manuten\u00e7\u00e3o dos ciclos h\u00eddricos. A preserva\u00e7\u00e3o desses <strong>recursos naturais<\/strong> \u00e9 fundamental para garantir a seguran\u00e7a h\u00eddrica global.<\/p>\n<h3>Papel no equil\u00edbrio clim\u00e1tico global<\/h3>\n<p>A regi\u00e3o amaz\u00f4nica \u00e9 um dos principais reguladores do clima do planeta. Ela desempenha um papel essencial nos ciclos de carbono, absorvendo grandes quantidades de CO2 e ajudando a mitigar as mudan\u00e7as clim\u00e1ticas. Os chamados &#8220;rios voadores&#8221; transportam umidade para outras partes do continente, influenciando padr\u00f5es clim\u00e1ticos.<\/p>\n<p>Proje\u00e7\u00f5es indicam que o desmatamento em larga escala pode alterar drasticamente o <strong>equil\u00edbrio clim\u00e1tico<\/strong>, com impactos negativos em todo o mundo. A preserva\u00e7\u00e3o dessa \u00e1rea \u00e9, portanto, uma quest\u00e3o de interesse global.<\/p>\n<ul>\n<li>Esp\u00e9cies end\u00eamicas s\u00e3o um tesouro biol\u00f3gico \u00fanico.<\/li>\n<li>Servi\u00e7os ecossist\u00eamicos incluem regula\u00e7\u00e3o h\u00eddrica e clim\u00e1tica.<\/li>\n<li>O potencial farmac\u00eautico da regi\u00e3o ainda \u00e9 pouco explorado.<\/li>\n<li>Corredores ecol\u00f3gicos e unidades de conserva\u00e7\u00e3o s\u00e3o estrat\u00e9gicos.<\/li>\n<\/ul>\n<p>Em resumo, a regi\u00e3o amaz\u00f4nica \u00e9 um patrim\u00f4nio natural insubstitu\u00edvel. Sua preserva\u00e7\u00e3o \u00e9 essencial para o futuro do planeta e das gera\u00e7\u00f5es que vir\u00e3o.<\/p>\n<h2>Conclus\u00e3o<\/h2>\n<p>A regi\u00e3o amaz\u00f4nica, com sua riqueza natural e cultural, exige a\u00e7\u00f5es urgentes para garantir seu <strong>futuro<\/strong>. A <strong>preserva\u00e7\u00e3o amaz\u00f4nia<\/strong> \u00e9 essencial n\u00e3o apenas para o Brasil, mas para o equil\u00edbrio global. Precisamos unir esfor\u00e7os para promover o <strong>desenvolvimento sustent\u00e1vel<\/strong>, alinhando-nos \u00e0s metas do Acordo de Paris.<\/p>\n<p>O turismo sustent\u00e1vel surge como uma alternativa econ\u00f4mica vi\u00e1vel, capaz de gerar renda sem comprometer o meio ambiente. Al\u00e9m disso, a educa\u00e7\u00e3o ambiental nas comunidades locais \u00e9 fundamental para construir uma <strong>consci\u00eancia ambiental<\/strong> coletiva.<\/p>\n<p>Com a COP30 marcada para Bel\u00e9m em 2025, h\u00e1 uma oportunidade \u00fanica de refor\u00e7ar <strong>pol\u00edticas p\u00fablicas<\/strong> eficazes. Dados recentes mostram uma redu\u00e7\u00e3o no desmatamento em 2023, um sinal positivo que precisa ser mantido. Juntos, podemos garantir um futuro pr\u00f3spero para essa regi\u00e3o t\u00e3o vital.<\/p>\n<section class=\"schema-section\">\n<h2>FAQ<\/h2>\n<div>\n<h3>O que \u00e9 a Amaz\u00f4nia Legal?<\/h3>\n<div>\n<div>\n<p>A Amaz\u00f4nia Legal \u00e9 uma regi\u00e3o que abrange nove estados brasileiros, criada para promover o desenvolvimento econ\u00f4mico e social, al\u00e9m de preservar o bioma amaz\u00f4nico. Ela foi estabelecida pela Lei Complementar n\u00ba 1.806, de 6 de janeiro de 1953.<\/p>\n<\/div>\n<\/div>\n<\/div>\n<div>\n<h3>Quais s\u00e3o os objetivos da cria\u00e7\u00e3o da Amaz\u00f4nia Legal?<\/h3>\n<div>\n<div>\n<p>Os principais objetivos incluem a valoriza\u00e7\u00e3o econ\u00f4mica da regi\u00e3o, o planejamento de a\u00e7\u00f5es sustent\u00e1veis e a prote\u00e7\u00e3o da biodiversidade. A Superintend\u00eancia do Desenvolvimento da Amaz\u00f4nia (SUDAM) foi criada para coordenar essas iniciativas.<\/p>\n<\/div>\n<\/div>\n<\/div>\n<div>\n<h3>Quais estados comp\u00f5em a Amaz\u00f4nia Legal?<\/h3>\n<div>\n<div>\n<p>A regi\u00e3o \u00e9 formada por Acre, Amap\u00e1, Amazonas, Maranh\u00e3o, Mato Grosso, Par\u00e1, Rond\u00f4nia, Roraima e Tocantins. Parte do estado do Maranh\u00e3o e do Mato Grosso tamb\u00e9m est\u00e3o inclu\u00eddos.<\/p>\n<\/div>\n<\/div>\n<\/div>\n<div>\n<h3>Quais s\u00e3o os limites e a extens\u00e3o territorial da Amaz\u00f4nia Legal?<\/h3>\n<div>\n<div>\n<p>A Amaz\u00f4nia Legal ocupa cerca de 5 milh\u00f5es de km\u00b2, o que corresponde a aproximadamente 60% do territ\u00f3rio brasileiro. Ela abrange a bacia amaz\u00f4nica e parte do bioma Cerrado.<\/p>\n<\/div>\n<\/div>\n<\/div>\n<div>\n<h3>Quais s\u00e3o as principais atividades econ\u00f4micas da Amaz\u00f4nia Legal?<\/h3>\n<div>\n<div>\n<p>As atividades incluem agricultura, pecu\u00e1ria, extrativismo vegetal e mineral, al\u00e9m do turismo ecol\u00f3gico. A regi\u00e3o tamb\u00e9m \u00e9 rica em recursos naturais, como madeira e min\u00e9rios.<\/p>\n<\/div>\n<\/div>\n<\/div>\n<div>\n<h3>Quais s\u00e3o os principais desafios ambientais na Amaz\u00f4nia Legal?<\/h3>\n<div>\n<div>\n<p>O desmatamento, as queimadas e a explora\u00e7\u00e3o predat\u00f3ria dos recursos naturais s\u00e3o os maiores desafios. Essas pr\u00e1ticas impactam diretamente a biodiversidade e o equil\u00edbrio clim\u00e1tico global.<\/p>\n<\/div>\n<\/div>\n<\/div>\n<div>\n<h3>Qual \u00e9 a import\u00e2ncia da Amaz\u00f4nia Legal para o equil\u00edbrio clim\u00e1tico?<\/h3>\n<div>\n<div>\n<p>A regi\u00e3o desempenha um papel crucial na regula\u00e7\u00e3o do clima global, atuando como um grande sumidouro de carbono. Sua preserva\u00e7\u00e3o \u00e9 essencial para mitigar os efeitos das mudan\u00e7as clim\u00e1ticas.<\/p>\n<\/div>\n<\/div>\n<\/div>\n<\/section>\n","protected":false},"excerpt":{"rendered":"<p>A Amaz\u00f4nia Legal \u00e9 uma das maiores florestas tropicais do mundo, cobrindo impressionantes 5,1 milh\u00f5es de km\u00b2. Essa extens\u00e3o representa cerca de 60% do territ\u00f3rio brasileiro, consolidando sua import\u00e2ncia global. Essa regi\u00e3o \u00e9 estrat\u00e9gica n\u00e3o apenas por sua vasta biodiversidade, mas tamb\u00e9m por abrigar uma das maiores bacias hidrogr\u00e1ficas do planeta. Al\u00e9m disso, \u00e9 composta &hellip; <a href=\"https:\/\/ver-o-peso.com\/pt\/2025\/06\/24\/amazonia-legal-uncovering-the-secrets-of-brazils-rainforest\/\" class=\"more-link\">Continuar lendo <span class=\"screen-reader-text\">Amaz\u00f4nia Legal: Uncovering the Secrets of Brazil&#8217;s Rainforest<\/span><\/a><\/p>\n","protected":false},"author":1,"featured_media":2985,"comment_status":"open","ping_status":"open","sticky":false,"template":"","format":"standard","meta":{"footnotes":""},"categories":[20],"tags":[196,198,197,199,201,200],"class_list":["post-2984","post","type-post","status-publish","format-standard","has-post-thumbnail","hentry","category-amazonia","tag-amazonia-legal","tag-biodiversity-conservation","tag-brazils-rainforest","tag-deforestation-in-amazon","tag-environmental-protection","tag-indigenous-communities"],"yoast_head":"<!-- This site is optimized with the Yoast SEO Premium plugin v25.3 (Yoast SEO v25.9) - https:\/\/yoast.com\/wordpress\/plugins\/seo\/ -->\n<title>Amaz\u00f4nia Legal: Uncovering the Secrets of Brazil&#039;s Rainforest<\/title>\n<meta name=\"description\" content=\"Explore a Amaz\u00f4nia Legal: nosso guia completo sobre a maior floresta tropical do mundo, suas caracter\u00edsticas e desafios atuais.\" \/>\n<meta name=\"robots\" content=\"index, follow, max-snippet:-1, max-image-preview:large, max-video-preview:-1\" \/>\n<link rel=\"canonical\" href=\"https:\/\/ver-o-peso.com\/pt\/2025\/06\/24\/amazonia-legal-uncovering-the-secrets-of-brazils-rainforest\/\" \/>\n<meta property=\"og:locale\" content=\"pt_BR\" \/>\n<meta property=\"og:type\" content=\"article\" \/>\n<meta property=\"og:title\" content=\"Amaz\u00f4nia Legal: Uncovering the Secrets of Brazil&#039;s Rainforest\" \/>\n<meta property=\"og:description\" content=\"Explore a Amaz\u00f4nia Legal: nosso guia completo sobre a maior floresta tropical do mundo, suas caracter\u00edsticas e desafios atuais.\" \/>\n<meta property=\"og:url\" content=\"https:\/\/ver-o-peso.com\/pt\/2025\/06\/24\/amazonia-legal-uncovering-the-secrets-of-brazils-rainforest\/\" \/>\n<meta property=\"og:site_name\" content=\"Ver-o-peso\" \/>\n<meta property=\"article:publisher\" content=\"https:\/\/fecebook.com\/jose.oliveira.913296\" \/>\n<meta property=\"article:published_time\" content=\"2025-06-24T16:27:24+00:00\" \/>\n<meta property=\"og:image\" content=\"https:\/\/ver-o-peso.com\/pt\/wp-content\/uploads\/2025\/06\/Amazonia-Legal.jpeg\" \/>\n\t<meta property=\"og:image:width\" content=\"1344\" \/>\n\t<meta property=\"og:image:height\" content=\"768\" \/>\n\t<meta property=\"og:image:type\" content=\"image\/jpeg\" \/>\n<meta name=\"author\" content=\"veropeso2025\" \/>\n<meta name=\"twitter:card\" content=\"summary_large_image\" \/>\n<meta name=\"twitter:label1\" content=\"Escrito por\" \/>\n\t<meta name=\"twitter:data1\" content=\"veropeso2025\" \/>\n\t<meta name=\"twitter:label2\" content=\"Est. tempo de leitura\" \/>\n\t<meta name=\"twitter:data2\" content=\"12 minutos\" \/>\n<script type=\"application\/ld+json\" class=\"yoast-schema-graph\">{\"@context\":\"https:\/\/schema.org\",\"@graph\":[{\"@type\":\"Article\",\"@id\":\"https:\/\/ver-o-peso.com\/pt\/2025\/06\/24\/amazonia-legal-uncovering-the-secrets-of-brazils-rainforest\/#article\",\"isPartOf\":{\"@id\":\"https:\/\/ver-o-peso.com\/pt\/2025\/06\/24\/amazonia-legal-uncovering-the-secrets-of-brazils-rainforest\/\"},\"author\":{\"name\":\"veropeso2025\",\"@id\":\"https:\/\/ver-o-peso.com\/pt\/#\/schema\/person\/9e9ad551726c390092238296ec769a06\"},\"headline\":\"Amaz\u00f4nia Legal: Uncovering the Secrets of Brazil&#8217;s Rainforest\",\"datePublished\":\"2025-06-24T16:27:24+00:00\",\"mainEntityOfPage\":{\"@id\":\"https:\/\/ver-o-peso.com\/pt\/2025\/06\/24\/amazonia-legal-uncovering-the-secrets-of-brazils-rainforest\/\"},\"wordCount\":2483,\"commentCount\":0,\"publisher\":{\"@id\":\"https:\/\/ver-o-peso.com\/pt\/#organization\"},\"image\":{\"@id\":\"https:\/\/ver-o-peso.com\/pt\/2025\/06\/24\/amazonia-legal-uncovering-the-secrets-of-brazils-rainforest\/#primaryimage\"},\"thumbnailUrl\":\"https:\/\/ver-o-peso.com\/pt\/wp-content\/uploads\/2025\/06\/Amazonia-Legal.jpeg\",\"keywords\":[\"Amaz\u00f4nia Legal\",\"Biodiversity Conservation\",\"Brazil's Rainforest\",\"Deforestation in Amazon\",\"Environmental Protection\",\"Indigenous Communities\"],\"articleSection\":[\"Amaz\u00f4nia\"],\"inLanguage\":\"pt-BR\",\"potentialAction\":[{\"@type\":\"CommentAction\",\"name\":\"Comment\",\"target\":[\"https:\/\/ver-o-peso.com\/pt\/2025\/06\/24\/amazonia-legal-uncovering-the-secrets-of-brazils-rainforest\/#respond\"]}]},{\"@type\":\"WebPage\",\"@id\":\"https:\/\/ver-o-peso.com\/pt\/2025\/06\/24\/amazonia-legal-uncovering-the-secrets-of-brazils-rainforest\/\",\"url\":\"https:\/\/ver-o-peso.com\/pt\/2025\/06\/24\/amazonia-legal-uncovering-the-secrets-of-brazils-rainforest\/\",\"name\":\"Amaz\u00f4nia Legal: Uncovering the Secrets of Brazil's Rainforest\",\"isPartOf\":{\"@id\":\"https:\/\/ver-o-peso.com\/pt\/#website\"},\"primaryImageOfPage\":{\"@id\":\"https:\/\/ver-o-peso.com\/pt\/2025\/06\/24\/amazonia-legal-uncovering-the-secrets-of-brazils-rainforest\/#primaryimage\"},\"image\":{\"@id\":\"https:\/\/ver-o-peso.com\/pt\/2025\/06\/24\/amazonia-legal-uncovering-the-secrets-of-brazils-rainforest\/#primaryimage\"},\"thumbnailUrl\":\"https:\/\/ver-o-peso.com\/pt\/wp-content\/uploads\/2025\/06\/Amazonia-Legal.jpeg\",\"datePublished\":\"2025-06-24T16:27:24+00:00\",\"description\":\"Explore a Amaz\u00f4nia Legal: nosso guia completo sobre a maior floresta tropical do mundo, suas caracter\u00edsticas e desafios atuais.\",\"breadcrumb\":{\"@id\":\"https:\/\/ver-o-peso.com\/pt\/2025\/06\/24\/amazonia-legal-uncovering-the-secrets-of-brazils-rainforest\/#breadcrumb\"},\"inLanguage\":\"pt-BR\",\"potentialAction\":[{\"@type\":\"ReadAction\",\"target\":[\"https:\/\/ver-o-peso.com\/pt\/2025\/06\/24\/amazonia-legal-uncovering-the-secrets-of-brazils-rainforest\/\"]}]},{\"@type\":\"ImageObject\",\"inLanguage\":\"pt-BR\",\"@id\":\"https:\/\/ver-o-peso.com\/pt\/2025\/06\/24\/amazonia-legal-uncovering-the-secrets-of-brazils-rainforest\/#primaryimage\",\"url\":\"https:\/\/ver-o-peso.com\/pt\/wp-content\/uploads\/2025\/06\/Amazonia-Legal.jpeg\",\"contentUrl\":\"https:\/\/ver-o-peso.com\/pt\/wp-content\/uploads\/2025\/06\/Amazonia-Legal.jpeg\",\"width\":1344,\"height\":768,\"caption\":\"Amaz\u00f4nia Legal\"},{\"@type\":\"BreadcrumbList\",\"@id\":\"https:\/\/ver-o-peso.com\/pt\/2025\/06\/24\/amazonia-legal-uncovering-the-secrets-of-brazils-rainforest\/#breadcrumb\",\"itemListElement\":[{\"@type\":\"ListItem\",\"position\":1,\"name\":\"In\u00edcio\",\"item\":\"https:\/\/ver-o-peso.com\/pt\/\"},{\"@type\":\"ListItem\",\"position\":2,\"name\":\"Amaz\u00f4nia Legal: Uncovering the Secrets of Brazil&#8217;s Rainforest\"}]},{\"@type\":\"WebSite\",\"@id\":\"https:\/\/ver-o-peso.com\/pt\/#website\",\"url\":\"https:\/\/ver-o-peso.com\/pt\/\",\"name\":\"Ver-o-peso\",\"description\":\"Aqui tem de tudo da Amaz\u00f4nia\",\"publisher\":{\"@id\":\"https:\/\/ver-o-peso.com\/pt\/#organization\"},\"potentialAction\":[{\"@type\":\"SearchAction\",\"target\":{\"@type\":\"EntryPoint\",\"urlTemplate\":\"https:\/\/ver-o-peso.com\/pt\/?s={search_term_string}\"},\"query-input\":{\"@type\":\"PropertyValueSpecification\",\"valueRequired\":true,\"valueName\":\"search_term_string\"}}],\"inLanguage\":\"pt-BR\"},{\"@type\":\"Organization\",\"@id\":\"https:\/\/ver-o-peso.com\/pt\/#organization\",\"name\":\"Ver-o-peso\",\"url\":\"https:\/\/ver-o-peso.com\/pt\/\",\"logo\":{\"@type\":\"ImageObject\",\"inLanguage\":\"pt-BR\",\"@id\":\"https:\/\/ver-o-peso.com\/pt\/#\/schema\/logo\/image\/\",\"url\":\"https:\/\/ver-o-peso.com\/pt\/wp-content\/uploads\/2025\/05\/Logo-3.png\",\"contentUrl\":\"https:\/\/ver-o-peso.com\/pt\/wp-content\/uploads\/2025\/05\/Logo-3.png\",\"width\":210,\"height\":118,\"caption\":\"Ver-o-peso\"},\"image\":{\"@id\":\"https:\/\/ver-o-peso.com\/pt\/#\/schema\/logo\/image\/\"},\"sameAs\":[\"https:\/\/fecebook.com\/jose.oliveira.913296\",\"https:\/\/instagram.com\/riba.lages\",\"https:\/\/tiktok.com\/veropeso2025\"]},{\"@type\":\"Person\",\"@id\":\"https:\/\/ver-o-peso.com\/pt\/#\/schema\/person\/9e9ad551726c390092238296ec769a06\",\"name\":\"veropeso2025\",\"image\":{\"@type\":\"ImageObject\",\"inLanguage\":\"pt-BR\",\"@id\":\"https:\/\/ver-o-peso.com\/pt\/#\/schema\/person\/image\/\",\"url\":\"https:\/\/secure.gravatar.com\/avatar\/abbae2eadd0ca3e3064b32972a9f07e1ec00361a8e4784de939c3d52c9381ec6?s=96&d=mm&r=g\",\"contentUrl\":\"https:\/\/secure.gravatar.com\/avatar\/abbae2eadd0ca3e3064b32972a9f07e1ec00361a8e4784de939c3d52c9381ec6?s=96&d=mm&r=g\",\"caption\":\"veropeso2025\"},\"sameAs\":[\"https:\/\/ver-o-peso.com\/pt\"],\"url\":\"https:\/\/ver-o-peso.com\/pt\/author\/veropeso2025\/\"}]}<\/script>\n<!-- \/ Yoast SEO Premium plugin. -->","yoast_head_json":{"title":"Amaz\u00f4nia Legal: Uncovering the Secrets of Brazil's Rainforest","description":"Explore a Amaz\u00f4nia Legal: nosso guia completo sobre a maior floresta tropical do mundo, suas caracter\u00edsticas e desafios atuais.","robots":{"index":"index","follow":"follow","max-snippet":"max-snippet:-1","max-image-preview":"max-image-preview:large","max-video-preview":"max-video-preview:-1"},"canonical":"https:\/\/ver-o-peso.com\/pt\/2025\/06\/24\/amazonia-legal-uncovering-the-secrets-of-brazils-rainforest\/","og_locale":"pt_BR","og_type":"article","og_title":"Amaz\u00f4nia Legal: Uncovering the Secrets of Brazil's Rainforest","og_description":"Explore a Amaz\u00f4nia Legal: nosso guia completo sobre a maior floresta tropical do mundo, suas caracter\u00edsticas e desafios atuais.","og_url":"https:\/\/ver-o-peso.com\/pt\/2025\/06\/24\/amazonia-legal-uncovering-the-secrets-of-brazils-rainforest\/","og_site_name":"Ver-o-peso","article_publisher":"https:\/\/fecebook.com\/jose.oliveira.913296","article_published_time":"2025-06-24T16:27:24+00:00","og_image":[{"width":1344,"height":768,"url":"https:\/\/ver-o-peso.com\/pt\/wp-content\/uploads\/2025\/06\/Amazonia-Legal.jpeg","type":"image\/jpeg"}],"author":"veropeso2025","twitter_card":"summary_large_image","twitter_misc":{"Escrito por":"veropeso2025","Est. tempo de leitura":"12 minutos"},"schema":{"@context":"https:\/\/schema.org","@graph":[{"@type":"Article","@id":"https:\/\/ver-o-peso.com\/pt\/2025\/06\/24\/amazonia-legal-uncovering-the-secrets-of-brazils-rainforest\/#article","isPartOf":{"@id":"https:\/\/ver-o-peso.com\/pt\/2025\/06\/24\/amazonia-legal-uncovering-the-secrets-of-brazils-rainforest\/"},"author":{"name":"veropeso2025","@id":"https:\/\/ver-o-peso.com\/pt\/#\/schema\/person\/9e9ad551726c390092238296ec769a06"},"headline":"Amaz\u00f4nia Legal: Uncovering the Secrets of Brazil&#8217;s Rainforest","datePublished":"2025-06-24T16:27:24+00:00","mainEntityOfPage":{"@id":"https:\/\/ver-o-peso.com\/pt\/2025\/06\/24\/amazonia-legal-uncovering-the-secrets-of-brazils-rainforest\/"},"wordCount":2483,"commentCount":0,"publisher":{"@id":"https:\/\/ver-o-peso.com\/pt\/#organization"},"image":{"@id":"https:\/\/ver-o-peso.com\/pt\/2025\/06\/24\/amazonia-legal-uncovering-the-secrets-of-brazils-rainforest\/#primaryimage"},"thumbnailUrl":"https:\/\/ver-o-peso.com\/pt\/wp-content\/uploads\/2025\/06\/Amazonia-Legal.jpeg","keywords":["Amaz\u00f4nia Legal","Biodiversity Conservation","Brazil's Rainforest","Deforestation in Amazon","Environmental Protection","Indigenous Communities"],"articleSection":["Amaz\u00f4nia"],"inLanguage":"pt-BR","potentialAction":[{"@type":"CommentAction","name":"Comment","target":["https:\/\/ver-o-peso.com\/pt\/2025\/06\/24\/amazonia-legal-uncovering-the-secrets-of-brazils-rainforest\/#respond"]}]},{"@type":"WebPage","@id":"https:\/\/ver-o-peso.com\/pt\/2025\/06\/24\/amazonia-legal-uncovering-the-secrets-of-brazils-rainforest\/","url":"https:\/\/ver-o-peso.com\/pt\/2025\/06\/24\/amazonia-legal-uncovering-the-secrets-of-brazils-rainforest\/","name":"Amaz\u00f4nia Legal: Uncovering the Secrets of Brazil's Rainforest","isPartOf":{"@id":"https:\/\/ver-o-peso.com\/pt\/#website"},"primaryImageOfPage":{"@id":"https:\/\/ver-o-peso.com\/pt\/2025\/06\/24\/amazonia-legal-uncovering-the-secrets-of-brazils-rainforest\/#primaryimage"},"image":{"@id":"https:\/\/ver-o-peso.com\/pt\/2025\/06\/24\/amazonia-legal-uncovering-the-secrets-of-brazils-rainforest\/#primaryimage"},"thumbnailUrl":"https:\/\/ver-o-peso.com\/pt\/wp-content\/uploads\/2025\/06\/Amazonia-Legal.jpeg","datePublished":"2025-06-24T16:27:24+00:00","description":"Explore a Amaz\u00f4nia Legal: nosso guia completo sobre a maior floresta tropical do mundo, suas caracter\u00edsticas e desafios atuais.","breadcrumb":{"@id":"https:\/\/ver-o-peso.com\/pt\/2025\/06\/24\/amazonia-legal-uncovering-the-secrets-of-brazils-rainforest\/#breadcrumb"},"inLanguage":"pt-BR","potentialAction":[{"@type":"ReadAction","target":["https:\/\/ver-o-peso.com\/pt\/2025\/06\/24\/amazonia-legal-uncovering-the-secrets-of-brazils-rainforest\/"]}]},{"@type":"ImageObject","inLanguage":"pt-BR","@id":"https:\/\/ver-o-peso.com\/pt\/2025\/06\/24\/amazonia-legal-uncovering-the-secrets-of-brazils-rainforest\/#primaryimage","url":"https:\/\/ver-o-peso.com\/pt\/wp-content\/uploads\/2025\/06\/Amazonia-Legal.jpeg","contentUrl":"https:\/\/ver-o-peso.com\/pt\/wp-content\/uploads\/2025\/06\/Amazonia-Legal.jpeg","width":1344,"height":768,"caption":"Amaz\u00f4nia Legal"},{"@type":"BreadcrumbList","@id":"https:\/\/ver-o-peso.com\/pt\/2025\/06\/24\/amazonia-legal-uncovering-the-secrets-of-brazils-rainforest\/#breadcrumb","itemListElement":[{"@type":"ListItem","position":1,"name":"In\u00edcio","item":"https:\/\/ver-o-peso.com\/pt\/"},{"@type":"ListItem","position":2,"name":"Amaz\u00f4nia Legal: Uncovering the Secrets of Brazil&#8217;s Rainforest"}]},{"@type":"WebSite","@id":"https:\/\/ver-o-peso.com\/pt\/#website","url":"https:\/\/ver-o-peso.com\/pt\/","name":"Ver-o-peso","description":"Aqui tem de tudo da Amaz\u00f4nia","publisher":{"@id":"https:\/\/ver-o-peso.com\/pt\/#organization"},"potentialAction":[{"@type":"SearchAction","target":{"@type":"EntryPoint","urlTemplate":"https:\/\/ver-o-peso.com\/pt\/?s={search_term_string}"},"query-input":{"@type":"PropertyValueSpecification","valueRequired":true,"valueName":"search_term_string"}}],"inLanguage":"pt-BR"},{"@type":"Organization","@id":"https:\/\/ver-o-peso.com\/pt\/#organization","name":"Ver-o-peso","url":"https:\/\/ver-o-peso.com\/pt\/","logo":{"@type":"ImageObject","inLanguage":"pt-BR","@id":"https:\/\/ver-o-peso.com\/pt\/#\/schema\/logo\/image\/","url":"https:\/\/ver-o-peso.com\/pt\/wp-content\/uploads\/2025\/05\/Logo-3.png","contentUrl":"https:\/\/ver-o-peso.com\/pt\/wp-content\/uploads\/2025\/05\/Logo-3.png","width":210,"height":118,"caption":"Ver-o-peso"},"image":{"@id":"https:\/\/ver-o-peso.com\/pt\/#\/schema\/logo\/image\/"},"sameAs":["https:\/\/fecebook.com\/jose.oliveira.913296","https:\/\/instagram.com\/riba.lages","https:\/\/tiktok.com\/veropeso2025"]},{"@type":"Person","@id":"https:\/\/ver-o-peso.com\/pt\/#\/schema\/person\/9e9ad551726c390092238296ec769a06","name":"veropeso2025","image":{"@type":"ImageObject","inLanguage":"pt-BR","@id":"https:\/\/ver-o-peso.com\/pt\/#\/schema\/person\/image\/","url":"https:\/\/secure.gravatar.com\/avatar\/abbae2eadd0ca3e3064b32972a9f07e1ec00361a8e4784de939c3d52c9381ec6?s=96&d=mm&r=g","contentUrl":"https:\/\/secure.gravatar.com\/avatar\/abbae2eadd0ca3e3064b32972a9f07e1ec00361a8e4784de939c3d52c9381ec6?s=96&d=mm&r=g","caption":"veropeso2025"},"sameAs":["https:\/\/ver-o-peso.com\/pt"],"url":"https:\/\/ver-o-peso.com\/pt\/author\/veropeso2025\/"}]}},"_links":{"self":[{"href":"https:\/\/ver-o-peso.com\/pt\/wp-json\/wp\/v2\/posts\/2984","targetHints":{"allow":["GET"]}}],"collection":[{"href":"https:\/\/ver-o-peso.com\/pt\/wp-json\/wp\/v2\/posts"}],"about":[{"href":"https:\/\/ver-o-peso.com\/pt\/wp-json\/wp\/v2\/types\/post"}],"author":[{"embeddable":true,"href":"https:\/\/ver-o-peso.com\/pt\/wp-json\/wp\/v2\/users\/1"}],"replies":[{"embeddable":true,"href":"https:\/\/ver-o-peso.com\/pt\/wp-json\/wp\/v2\/comments?post=2984"}],"version-history":[{"count":1,"href":"https:\/\/ver-o-peso.com\/pt\/wp-json\/wp\/v2\/posts\/2984\/revisions"}],"predecessor-version":[{"id":2991,"href":"https:\/\/ver-o-peso.com\/pt\/wp-json\/wp\/v2\/posts\/2984\/revisions\/2991"}],"wp:featuredmedia":[{"embeddable":true,"href":"https:\/\/ver-o-peso.com\/pt\/wp-json\/wp\/v2\/media\/2985"}],"wp:attachment":[{"href":"https:\/\/ver-o-peso.com\/pt\/wp-json\/wp\/v2\/media?parent=2984"}],"wp:term":[{"taxonomy":"category","embeddable":true,"href":"https:\/\/ver-o-peso.com\/pt\/wp-json\/wp\/v2\/categories?post=2984"},{"taxonomy":"post_tag","embeddable":true,"href":"https:\/\/ver-o-peso.com\/pt\/wp-json\/wp\/v2\/tags?post=2984"}],"curies":[{"name":"wp","href":"https:\/\/api.w.org\/{rel}","templated":true}]}}