{"id":3008,"date":"2025-06-24T13:28:42","date_gmt":"2025-06-24T16:28:42","guid":{"rendered":"https:\/\/ver-o-peso.com\/pt\/?p=3008"},"modified":"2025-06-24T11:30:56","modified_gmt":"2025-06-24T14:30:56","slug":"amazonia-descubra-os-segredos-da-floresta-tropical","status":"publish","type":"post","link":"https:\/\/ver-o-peso.com\/pt\/2025\/06\/24\/amazonia-descubra-os-segredos-da-floresta-tropical\/","title":{"rendered":"Amaz\u00f4nia: Descubra os segredos da floresta tropical"},"content":{"rendered":"<p>A <strong>Amaz\u00f4nia<\/strong> \u00e9 um ecossistema \u00fanico e essencial para o equil\u00edbrio do nosso <em>planeta<\/em>. Com uma \u00e1rea total de 5,5 milh\u00f5es de km\u00b2, ela se estende por nove pa\u00edses da Am\u00e9rica do Sul, sendo 60% de seu territ\u00f3rio localizado no Brasil. Sua vastid\u00e3o \u00e9 t\u00e3o impressionante que equivale ao tamanho de 40 pa\u00edses europeus juntos.<\/p>\n<p>Desde sua forma\u00e7\u00e3o no per\u00edodo Eoceno, a Amaz\u00f4nia evoluiu para se tornar a <strong>maior floresta tropical<\/strong> do <em>mundo<\/em>. Em 2000, ela foi reconhecida como Patrim\u00f4nio da Humanidade pela UNESCO, destacando sua import\u00e2ncia global. Al\u00e9m disso, o conceito de &#8220;Amaz\u00f4nia Legal&#8221; \u00e9 fundamental para orientar pol\u00edticas p\u00fablicas que visam sua preserva\u00e7\u00e3o e desenvolvimento sustent\u00e1vel.<\/p>\n<h3>Principais Pontos<\/h3>\n<ul>\n<li>A Amaz\u00f4nia \u00e9 a maior floresta tropical do mundo.<\/li>\n<li>Ela cobre 5,5 milh\u00f5es de km\u00b2 e abrange nove pa\u00edses.<\/li>\n<li>60% de sua \u00e1rea est\u00e1 no territ\u00f3rio brasileiro.<\/li>\n<li>Reconhecida como Patrim\u00f4nio da Humanidade pela UNESCO.<\/li>\n<li>O conceito de &#8220;Amaz\u00f4nia Legal&#8221; \u00e9 crucial para pol\u00edticas p\u00fablicas.<\/li>\n<\/ul>\n<h2>Introdu\u00e7\u00e3o \u00e0 Amaz\u00f4nia<\/h2>\n<p>Descubra o que torna a maior <strong>floresta tropical<\/strong> do planeta t\u00e3o especial. Esse <strong>bioma<\/strong> \u00e9 um sistema integrado de ecossistemas terrestres e aqu\u00e1ticos, que se estende por uma vasta \u00e1rea e abriga uma <em>biodiversidade<\/em> impressionante.<\/p>\n<h3>O que \u00e9 a Amaz\u00f4nia?<\/h3>\n<p>A Amaz\u00f4nia \u00e9 uma combina\u00e7\u00e3o \u00fanica de bacia hidrogr\u00e1fica e <strong>floresta tropical<\/strong>. Ela abriga o Rio Amazonas, que cont\u00e9m 20% da <em>\u00e1gua<\/em> doce mundial. Al\u00e9m disso, esse <strong>bioma<\/strong> armazena entre 90 e 140 bilh\u00f5es de toneladas de CO\u2082, desempenhando um papel crucial no <em>clima global<\/em>.<\/p>\n<h3>Por que a Amaz\u00f4nia \u00e9 importante?<\/h3>\n<p>Esse ecossistema \u00e9 essencial para a regula\u00e7\u00e3o h\u00eddrica continental, gra\u00e7as aos chamados &#8220;rios voadores.&#8221; Ele tamb\u00e9m atua como um termorregulador global e um sumidouro de carbono. Economicamente, a <em>biodiversidade<\/em> da Amaz\u00f4nia oferece recursos medicinais e biotecnol\u00f3gicos valiosos.<\/p>\n<p>Al\u00e9m disso, a Amaz\u00f4nia mant\u00e9m uma rela\u00e7\u00e3o simbi\u00f3tica com 385 povos ind\u00edgenas, cujas culturas e conhecimentos tradicionais s\u00e3o fundamentais para a preserva\u00e7\u00e3o desse bioma.<\/p>\n<h2>A Localiza\u00e7\u00e3o da Amaz\u00f4nia<\/h2>\n<p>Distribu\u00edda por nove pa\u00edses, a floresta tropical mais extensa do mundo possui uma localiza\u00e7\u00e3o estrat\u00e9gica. Essa vasta <strong>\u00e1rea<\/strong> se estende por uma <em>regi\u00e3o<\/em> que abrange partes significativas da <strong>Am\u00e9rica Sul<\/strong>, conectando ecossistemas e culturas diversas.<\/p>\n<p><img loading=\"lazy\" decoding=\"async\" src=\"https:\/\/ver-o-peso.com\/pt\/wp-content\/uploads\/2025\/06\/paises-da-amazonia-1024x1024.jpeg\" alt=\"pa\u00edses da amaz\u00f4nia\" title=\"pa\u00edses da amaz\u00f4nia\" width=\"660\" height=\"660\" class=\"aligncenter size-large wp-image-3010\" \/><\/p>\n<h3>Pa\u00edses que abrangem a Amaz\u00f4nia<\/h3>\n<p>A maior parte da floresta est\u00e1 no Brasil, com 60% do territ\u00f3rio. Outros <strong>pa\u00edses<\/strong> que compartilham essa riqueza natural incluem Peru (16%), Col\u00f4mbia (6,95%) e Bol\u00edvia (6,87%). Essa distribui\u00e7\u00e3o transfronteiri\u00e7a cria desafios e oportunidades para a conserva\u00e7\u00e3o e o desenvolvimento sustent\u00e1vel.<\/p>\n<h3>A Amaz\u00f4nia no Brasil<\/h3>\n<p>No Brasil, a floresta cobre estados como Amazonas, Par\u00e1, Acre, Rond\u00f4nia e Amap\u00e1. O <strong>Mato Grosso<\/strong>, por exemplo, \u00e9 uma \u00e1rea estrat\u00e9gica devido \u00e0 sua fronteira agr\u00edcola e ao chamado Arco do Desmatamento. A <em>regi\u00e3o<\/em> abriga cerca de 33 milh\u00f5es de habitantes, que dependem diretamente dos recursos naturais.<\/p>\n<blockquote><p>&#8220;A Amaz\u00f4nia Legal, que engloba nove estados brasileiros, \u00e9 um conceito crucial para pol\u00edticas p\u00fablicas de preserva\u00e7\u00e3o e desenvolvimento.&#8221;<\/p><\/blockquote>\n<p>Essa divis\u00e3o biogeogr\u00e1fica vai al\u00e9m das fronteiras pol\u00edticas, destacando a import\u00e2ncia de uma abordagem integrada para a conserva\u00e7\u00e3o desse bioma \u00fanico.<\/p>\n<h2>A Biodiversidade da Amaz\u00f4nia<\/h2>\n<p>A riqueza natural da maior floresta tropical do planeta \u00e9 um espet\u00e1culo de vida e adapta\u00e7\u00e3o. Com mais de 40.000 <strong>esp\u00e9cies<\/strong> vegetais catalogadas, essa regi\u00e3o \u00e9 um verdadeiro tesouro de <em>biodiversidade<\/em>. A cada dois dias, uma nova esp\u00e9cie \u00e9 descoberta, refor\u00e7ando a import\u00e2ncia de sua preserva\u00e7\u00e3o.<\/p>\n<h3>Esp\u00e9cies de plantas e animais<\/h3>\n<p>A <strong>flora<\/strong> da Amaz\u00f4nia \u00e9 marcada por exemplares \u00fanicos, como a vit\u00f3ria-r\u00e9gia e a suma\u00fama. Essas plantas desenvolveram mecanismos de adapta\u00e7\u00e3o para sobreviver em ambientes alagados. Na <strong>fauna<\/strong>, a ariranha \u00e9 um dos casos emblem\u00e1ticos, representando a complexa rela\u00e7\u00e3o predador-presa nos diferentes estratos florestais.<\/p>\n<h3>Esp\u00e9cies end\u00eamicas<\/h3>\n<p>Muitas <strong>esp\u00e9cies<\/strong> s\u00e3o encontradas apenas em \u00e1reas espec\u00edficas, como as campinaranas. Esses endemismos destacam a singularidade de cada ecossistema dentro da floresta. Programas de monitoramento s\u00e3o essenciais para proteger essas esp\u00e9cies amea\u00e7adas.<\/p>\n<table>\n<tr>\n<th>Esp\u00e9cie<\/th>\n<th>Caracter\u00edstica<\/th>\n<th>Habitat<\/th>\n<\/tr>\n<tr>\n<td>Vit\u00f3ria-r\u00e9gia<\/td>\n<td>Folhas flutuantes gigantes<\/td>\n<td>\u00c1reas alagadas<\/td>\n<\/tr>\n<tr>\n<td>Suma\u00fama<\/td>\n<td>\u00c1rvore de grande porte<\/td>\n<td>Terras firmes<\/td>\n<\/tr>\n<tr>\n<td>Ariranha<\/td>\n<td>Predador aqu\u00e1tico<\/td>\n<td>Rios e lagos<\/td>\n<\/tr>\n<\/table>\n<h2>O Clima da Amaz\u00f4nia<\/h2>\n<p>O <strong>clima<\/strong> da maior floresta tropical do mundo \u00e9 marcado por caracter\u00edsticas \u00fanicas. Ele \u00e9 influenciado por fatores como a proximidade com a linha do Equador e a intera\u00e7\u00e3o entre massas de ar continentais e oce\u00e2nicas. Essa combina\u00e7\u00e3o cria um ambiente que sustenta uma biodiversidade impressionante.<\/p>\n<p><img loading=\"lazy\" decoding=\"async\" src=\"https:\/\/ver-o-peso.com\/pt\/wp-content\/uploads\/2025\/06\/clima-da-amazonia-1024x1024.jpeg\" alt=\"clima da amaz\u00f4nia\" title=\"clima da amaz\u00f4nia\" width=\"660\" height=\"660\" class=\"aligncenter size-large wp-image-3011\" \/><\/p>\n<h3>Clima equatorial \u00famido<\/h3>\n<p>O <strong>clima<\/strong> equatorial \u00famido \u00e9 predominante na regi\u00e3o. As temperaturas variam entre 22\u00b0C e 28\u00b0C ao longo do ano, com uma <em>umidade<\/em> relativa do ar em torno de 80%. Essa alta umidade contribui para a forma\u00e7\u00e3o de <strong>chuvas<\/strong> intensas, com uma precipita\u00e7\u00e3o m\u00e9dia anual de 2.300 mm.<\/p>\n<h3>Esta\u00e7\u00f5es chuvosa e seca<\/h3>\n<p>A regi\u00e3o apresenta duas esta\u00e7\u00f5es principais: a chuvosa e a seca. Durante a esta\u00e7\u00e3o das <strong>chuvas<\/strong>, que ocorre entre dezembro e maio, os rios transbordam, inundando vastas \u00e1reas. J\u00e1 na esta\u00e7\u00e3o seca, de junho a novembro, os n\u00edveis de \u00e1gua diminuem, revelando praias fluviais e facilitando a navega\u00e7\u00e3o.<\/p>\n<p>O fen\u00f4meno El Ni\u00f1o tem um impacto significativo, causando secas extremas em alguns <em>anos<\/em>. Al\u00e9m disso, a floresta abriga diversos microclimas, que variam conforme a fitofisionomia local.<\/p>\n<blockquote><p>&#8220;A din\u00e2mica clim\u00e1tica da Amaz\u00f4nia \u00e9 essencial para a regula\u00e7\u00e3o do clima global.&#8221;<\/p><\/blockquote>\n<table>\n<tr>\n<th>Caracter\u00edstica<\/th>\n<th>Valor<\/th>\n<\/tr>\n<tr>\n<td>Precipita\u00e7\u00e3o m\u00e9dia anual<\/td>\n<td>2.300 mm<\/td>\n<\/tr>\n<tr>\n<td>Temperatura m\u00e9dia<\/td>\n<td>22\u00b0C a 28\u00b0C<\/td>\n<\/tr>\n<tr>\n<td>Umidade relativa do ar<\/td>\n<td>80%<\/td>\n<\/tr>\n<\/table>\n<p>Desde o Pleistoceno, padr\u00f5es hist\u00f3ricos de varia\u00e7\u00e3o clim\u00e1tica t\u00eam moldado a regi\u00e3o. Proje\u00e7\u00f5es para cen\u00e1rios de aquecimento global indicam mudan\u00e7as significativas, refor\u00e7ando a necessidade de preserva\u00e7\u00e3o.<\/p>\n<h2>A Hidrografia da Amaz\u00f4nia<\/h2>\n<p>A din\u00e2mica fluvial da Amaz\u00f4nia \u00e9 um dos aspectos mais fascinantes desse ecossistema. Com uma extensa rede de <strong>rios<\/strong>, essa regi\u00e3o abriga a maior <strong>bacia<\/strong> hidrogr\u00e1fica do mundo, essencial para a vida local e global.<\/p>\n<h3>O Rio Amazonas e seus afluentes<\/h3>\n<p>O <strong>Rio Amazonas<\/strong>, com 7.000 km de extens\u00e3o, \u00e9 o segundo maior rio do mundo. Sua vaz\u00e3o m\u00e9dia de 209.000 m\u00b3\/s \u00e9 impressionante, transportando sedimentos que fertilizam as \u00e1reas ao longo de seu curso. Ele \u00e9 alimentado por in\u00fameros <strong>afluentes<\/strong>, que formam uma rede complexa e vital para o ecossistema.<\/p>\n<p>Os pulsos de inunda\u00e7\u00e3o s\u00e3o um fen\u00f4meno \u00fanico, onde os n\u00edveis dos <strong>rios<\/strong> sobem e descem de acordo com as esta\u00e7\u00f5es. Esse ciclo \u00e9 crucial para a renova\u00e7\u00e3o dos nutrientes do solo e a manuten\u00e7\u00e3o da biodiversidade.<\/p>\n<h3>Rios de \u00e1guas brancas, pretas e claras<\/h3>\n<p>Os <strong>rios<\/strong> da Amaz\u00f4nia s\u00e3o classificados em tr\u00eas tipos principais: brancos, pretos e claros. Os rios de <strong>\u00e1guas<\/strong> brancas, como o Solim\u00f5es, carregam sedimentos que lhes d\u00e3o uma tonalidade barrenta. J\u00e1 os rios de <strong>\u00e1guas<\/strong> pretas, como o Rio Negro, possuem taninos que escurecem a \u00e1gua.<\/p>\n<p>Os rios claros, como o Tapaj\u00f3s, t\u00eam origem em rochas cristalinas e apresentam \u00e1guas transparentes. Cada tipo de rio tem caracter\u00edsticas qu\u00edmicas e ecol\u00f3gicas distintas, influenciando a vida ao seu redor.<\/p>\n<p>Os igarap\u00e9s, pequenos cursos d\u2019\u00e1gua, funcionam como corredores biol\u00f3gicos, conectando diferentes habitats e permitindo o fluxo de esp\u00e9cies. No entanto, a navega\u00e7\u00e3o e o transporte fluvial enfrentam desafios devido \u00e0 varia\u00e7\u00e3o dos n\u00edveis de \u00e1gua e \u00e0 complexidade da rede hidrogr\u00e1fica.<\/p>\n<h2>O Relevo da Amaz\u00f4nia<\/h2>\n<p>O relevo da maior floresta tropical do mundo \u00e9 t\u00e3o diverso quanto sua biodiversidade. Composto por plan\u00edcies, planaltos e depress\u00f5es, essa <strong>\u00e1rea<\/strong> apresenta uma <em>forma\u00e7\u00e3o<\/em> geol\u00f3gica \u00fanica, moldada por milh\u00f5es de anos de processos naturais.<\/p>\n<p><img loading=\"lazy\" decoding=\"async\" src=\"https:\/\/ver-o-peso.com\/pt\/wp-content\/uploads\/2025\/06\/relevo-da-amazonia-1024x1024.jpeg\" alt=\"relevo da amaz\u00f4nia\" title=\"relevo da amaz\u00f4nia\" width=\"660\" height=\"660\" class=\"aligncenter size-large wp-image-3012\" \/><\/p>\n<p>As plan\u00edcies s\u00e3o predominantes, especialmente nas \u00e1reas pr\u00f3ximas aos rios, onde o <strong>solo<\/strong> \u00e9 frequentemente inundado. J\u00e1 os planaltos, como o Escudo das Guianas, s\u00e3o caracterizados por forma\u00e7\u00f5es rochosas pr\u00e9-cambrianas, que oferecem um potencial mineral\u00f3gico significativo.<\/p>\n<h3>Plan\u00edcies, planaltos e depress\u00f5es<\/h3>\n<p>As plan\u00edcies amaz\u00f4nicas s\u00e3o marcadas por um <strong>solo<\/strong> f\u00e9rtil, ideal para a <em>vegeta\u00e7\u00e3o<\/em> densa. Essas \u00e1reas s\u00e3o frequentemente alagadas durante a esta\u00e7\u00e3o chuvosa, criando ecossistemas \u00fanicos. Por outro lado, os planaltos, como o Escudo das Guianas, s\u00e3o mais elevados e menos propensos a inunda\u00e7\u00f5es.<\/p>\n<p>A Depress\u00e3o Norte-Amaz\u00f4nica, com uma altitude m\u00e9dia de 200 metros, \u00e9 uma das \u00e1reas mais baixas da <strong>regi\u00e3o<\/strong>. Essa depress\u00e3o \u00e9 crucial para a drenagem dos rios e a forma\u00e7\u00e3o de lagos e igarap\u00e9s.<\/p>\n<h3>O Pico da Neblina<\/h3>\n<p>O Pico da Neblina, com 2.995 metros de altitude, \u00e9 o ponto mais alto do Brasil. Localizado na fronteira com a Venezuela, ele faz parte do Escudo das Guianas. Sua <em>forma\u00e7\u00e3o<\/em> geol\u00f3gica \u00e9 resultado de processos erosivos e sedimentares que ocorreram ao longo de milh\u00f5es de anos.<\/p>\n<blockquote><p>&#8220;O Pico da Neblina \u00e9 um s\u00edmbolo da grandiosidade e diversidade do relevo amaz\u00f4nico.&#8221;<\/p><\/blockquote>\n<p>Essa montanha \u00e9 um desafio para exploradores e cientistas, devido ao seu terreno acidentado e ao clima inst\u00e1vel. Al\u00e9m disso, sua presen\u00e7a influencia os padr\u00f5es clim\u00e1ticos locais, contribuindo para a forma\u00e7\u00e3o de microclimas.<\/p>\n<table>\n<tr>\n<th>Caracter\u00edstica<\/th>\n<th>Descri\u00e7\u00e3o<\/th>\n<\/tr>\n<tr>\n<td>Plan\u00edcies<\/td>\n<td>\u00c1reas baixas e alag\u00e1veis, com solo f\u00e9rtil.<\/td>\n<\/tr>\n<tr>\n<td>Planaltos<\/td>\n<td>\u00c1reas elevadas, com forma\u00e7\u00f5es rochosas antigas.<\/td>\n<\/tr>\n<tr>\n<td>Depress\u00f5es<\/td>\n<td>\u00c1reas baixas, essenciais para drenagem.<\/td>\n<\/tr>\n<tr>\n<td>Pico da Neblina<\/td>\n<td>Ponto mais alto do Brasil, com 2.995 metros.<\/td>\n<\/tr>\n<\/table>\n<h2>A Vegeta\u00e7\u00e3o da Amaz\u00f4nia<\/h2>\n<p>Explorar a <strong>vegeta\u00e7\u00e3o<\/strong> dessa regi\u00e3o revela adapta\u00e7\u00f5es incr\u00edveis ao ambiente. A flora \u00e9 um dos pilares que sustentam esse ecossistema \u00fanico, com diferentes tipos de <strong>plantas<\/strong> e <strong>\u00e1rvores<\/strong> que se adaptam \u00e0s condi\u00e7\u00f5es espec\u00edficas do <strong>solo<\/strong> e da <strong>\u00e1gua<\/strong>.<\/p>\n<h3>Mata de terra firme<\/h3>\n<p>A mata de terra firme cobre cerca de 90% da cobertura florestal. Essa \u00e1rea n\u00e3o \u00e9 inundada, permitindo o crescimento de <strong>\u00e1rvores<\/strong> de grande porte, como a castanheira e o pau-rosa. A estratifica\u00e7\u00e3o vertical \u00e9 marcante, com diferentes n\u00edveis de vegeta\u00e7\u00e3o que abrigam uma biodiversidade impressionante.<\/p>\n<h3>Mata de igap\u00f3 e v\u00e1rzea<\/h3>\n<p>As matas de igap\u00f3 e v\u00e1rzea s\u00e3o caracterizadas por \u00e1reas alagadas. No igap\u00f3, a inunda\u00e7\u00e3o \u00e9 permanente, durando mais de 10 meses por ano. J\u00e1 a v\u00e1rzea \u00e9 marcada por ciclos de cheias e secas, abrigando at\u00e9 140 esp\u00e9cies por hectare. Essas \u00e1reas possuem adapta\u00e7\u00f5es radiculares \u00fanicas, como ra\u00edzes a\u00e9reas, que permitem a sobreviv\u00eancia das <strong>plantas<\/strong> em ambientes alagados.<\/p>\n<p>A sucess\u00e3o ecol\u00f3gica p\u00f3s-alaga\u00e7\u00e3o \u00e9 um fen\u00f4meno fascinante, onde novas esp\u00e9cies colonizam \u00e1reas ap\u00f3s as cheias. T\u00e9cnicas ind\u00edgenas de manejo florestal tamb\u00e9m s\u00e3o fundamentais para a preserva\u00e7\u00e3o desses ecossistemas.<\/p>\n<table>\n<tr>\n<th>Tipo de Vegeta\u00e7\u00e3o<\/th>\n<th>Caracter\u00edsticas<\/th>\n<th>Esp\u00e9cies-Chave<\/th>\n<\/tr>\n<tr>\n<td>Mata de terra firme<\/td>\n<td>N\u00e3o inundada, estratifica\u00e7\u00e3o vertical<\/td>\n<td>Castanheira, Pau-rosa<\/td>\n<\/tr>\n<tr>\n<td>Mata de igap\u00f3<\/td>\n<td>Inunda\u00e7\u00e3o permanente<\/td>\n<td>Vit\u00f3ria-r\u00e9gia<\/td>\n<\/tr>\n<tr>\n<td>Mata de v\u00e1rzea<\/td>\n<td>Ciclos de cheias e secas<\/td>\n<td>Suma\u00fama<\/td>\n<\/tr>\n<\/table>\n<h2>A Fauna da Amaz\u00f4nia<\/h2>\n<p>Com uma <strong>biodiversidade<\/strong> impressionante, a <strong>fauna<\/strong> local \u00e9 essencial para o equil\u00edbrio do ecossistema. A regi\u00e3o abriga milh\u00f5es de <strong>esp\u00e9cies<\/strong>, desde insetos at\u00e9 grandes mam\u00edferos, cada um desempenhando um papel crucial na manuten\u00e7\u00e3o da <em>vida<\/em> na floresta.<\/p>\n<p><img loading=\"lazy\" decoding=\"async\" src=\"https:\/\/ver-o-peso.com\/pt\/wp-content\/uploads\/2025\/06\/fauna-da-amazonia-1024x1024.jpeg\" alt=\"fauna da amaz\u00f4nia\" title=\"fauna da amaz\u00f4nia\" width=\"660\" height=\"660\" class=\"aligncenter size-large wp-image-3013\" \/><\/p>\n<h3>Mam\u00edferos, aves e r\u00e9pteis<\/h3>\n<p>A diversidade de mam\u00edferos inclui desde on\u00e7as-pintadas at\u00e9 botos-cor-de-rosa. As aves, como o imponente gavi\u00e3o-real, s\u00e3o fundamentais para a dispers\u00e3o de sementes. J\u00e1 os r\u00e9pteis, como jacar\u00e9s e tartarugas, s\u00e3o bioindicadores da sa\u00fade dos ecossistemas aqu\u00e1ticos.<\/p>\n<p>Os padr\u00f5es migrat\u00f3rios de aves e quel\u00f4nios s\u00e3o fascinantes. Eles refletem a complexidade dos nichos ecol\u00f3gicos presentes em diferentes estratos da floresta. Esses padr\u00f5es s\u00e3o estudados h\u00e1 <em>anos<\/em>, revelando a interconex\u00e3o entre esp\u00e9cies e habitats.<\/p>\n<h3>Esp\u00e9cies emblem\u00e1ticas<\/h3>\n<p>Algumas <strong>esp\u00e9cies<\/strong> s\u00e3o s\u00edmbolos da regi\u00e3o, como a ariranha, conhecida por seu comportamento social complexo. Esses animais s\u00e3o bioindicadores, refletindo a qualidade do ambiente em que vivem. Programas de conserva\u00e7\u00e3o, especialmente para quel\u00f4nios, t\u00eam sido essenciais para proteger essas esp\u00e9cies amea\u00e7adas.<\/p>\n<p>Al\u00e9m disso, a <strong>fauna<\/strong> local est\u00e1 profundamente ligada \u00e0 cultura ind\u00edgena. Mitos e lendas associados a animais como a on\u00e7a-pintada e o boto s\u00e3o parte integrante das tradi\u00e7\u00f5es locais, refor\u00e7ando a import\u00e2ncia dessas esp\u00e9cies para as comunidades.<\/p>\n<table>\n<tr>\n<th>Esp\u00e9cie<\/th>\n<th>Caracter\u00edstica<\/th>\n<th>Papel Ecol\u00f3gico<\/th>\n<\/tr>\n<tr>\n<td>On\u00e7a-pintada<\/td>\n<td>Predador de topo<\/td>\n<td>Controle populacional<\/td>\n<\/tr>\n<tr>\n<td>Gavi\u00e3o-real<\/td>\n<td>Maior ave de rapina<\/td>\n<td>Dispers\u00e3o de sementes<\/td>\n<\/tr>\n<tr>\n<td>Ariranha<\/td>\n<td>Predador aqu\u00e1tico<\/td>\n<td>Bioindicador<\/td>\n<\/tr>\n<\/table>\n<h2>Os Ecossistemas da Amaz\u00f4nia<\/h2>\n<p>A intera\u00e7\u00e3o entre diferentes habitats na Amaz\u00f4nia cria um mosaico \u00fanico de vida. Essa <strong>regi\u00e3o<\/strong> abriga uma variedade de <strong>ecossistemas<\/strong>, desde densas <strong>florestas<\/strong> tropicais at\u00e9 vastas <strong>savanas<\/strong> e extensos <strong>manguezais<\/strong>. Cada um desses ambientes possui caracter\u00edsticas espec\u00edficas que sustentam uma biodiversidade impressionante.<\/p>\n<h3>Florestas tropicais<\/h3>\n<p>As <strong>florestas<\/strong> tropicais s\u00e3o o cora\u00e7\u00e3o da Amaz\u00f4nia, cobrindo a maior parte da <strong>regi\u00e3o<\/strong>. Elas s\u00e3o marcadas por uma estratifica\u00e7\u00e3o vertical, com diferentes n\u00edveis de vegeta\u00e7\u00e3o que abrigam milh\u00f5es de esp\u00e9cies. A mata de terra firme, por exemplo, \u00e9 caracterizada por \u00e1rvores de grande porte, como a castanheira e o pau-rosa.<\/p>\n<p>Al\u00e9m disso, as matas de igap\u00f3 e v\u00e1rzea s\u00e3o adaptadas a ambientes alagados, com esp\u00e9cies como a vit\u00f3ria-r\u00e9gia. Essas \u00e1reas s\u00e3o essenciais para a regula\u00e7\u00e3o h\u00eddrica e a manuten\u00e7\u00e3o da biodiversidade.<\/p>\n<h3>Savanas e manguezais<\/h3>\n<p>As <strong>savanas<\/strong>, como as campinaranas, representam cerca de 8% do bioma amaz\u00f4nico. Essas \u00e1reas s\u00e3o marcadas por vegeta\u00e7\u00e3o rasteira e solos arenosos, abrigando esp\u00e9cies especializadas. J\u00e1 os <strong>manguezais<\/strong> na foz do Amazonas formam o maior complexo do mundo, desempenhando um papel crucial na prote\u00e7\u00e3o costeira e na reprodu\u00e7\u00e3o de esp\u00e9cies marinhas.<\/p>\n<p>Os tepuis, forma\u00e7\u00f5es geol\u00f3gicas \u00fanicas, tamb\u00e9m fazem parte dessa diversidade. Essas montanhas abrigam ecossistemas isolados, com esp\u00e9cies end\u00eamicas que evolu\u00edram em ambientes espec\u00edficos.<\/p>\n<blockquote><p>&#8220;A interdepend\u00eancia entre ecossistemas terrestres e aqu\u00e1ticos \u00e9 fundamental para a preserva\u00e7\u00e3o da biodiversidade amaz\u00f4nica.&#8221;<\/p><\/blockquote>\n<p>No entanto, as press\u00f5es antr\u00f3picas, como o desmatamento e a urbaniza\u00e7\u00e3o, amea\u00e7am esses habitats. A cria\u00e7\u00e3o de corredores ecol\u00f3gicos \u00e9 uma estrat\u00e9gia essencial para conectar \u00e1reas isoladas e garantir a sobreviv\u00eancia das esp\u00e9cies.<\/p>\n<h2>A Hist\u00f3ria da Amaz\u00f4nia<\/h2>\n<p>A hist\u00f3ria da maior floresta tropical do mundo \u00e9 marcada por transforma\u00e7\u00f5es geol\u00f3gicas e culturais que moldaram sua identidade ao longo dos s\u00e9culos. Desde sua <strong>forma\u00e7\u00e3o<\/strong> at\u00e9 a presen\u00e7a humana, essa regi\u00e3o guarda segredos que continuam a ser desvendados por pesquisadores.<\/p>\n<p><img loading=\"lazy\" decoding=\"async\" src=\"https:\/\/ver-o-peso.com\/pt\/wp-content\/uploads\/2025\/06\/historia-da-amazonia-1024x1024.jpeg\" alt=\"hist\u00f3ria da amaz\u00f4nia\" title=\"hist\u00f3ria da amaz\u00f4nia\" width=\"660\" height=\"660\" class=\"aligncenter size-large wp-image-3014\" \/><\/p>\n<h3>Forma\u00e7\u00e3o geol\u00f3gica<\/h3>\n<p>A Amaz\u00f4nia surgiu h\u00e1 milh\u00f5es de <strong>anos<\/strong>, durante o per\u00edodo Eoceno. Sua <strong>forma\u00e7\u00e3o<\/strong> foi influenciada por mudan\u00e7as clim\u00e1ticas e movimentos tect\u00f4nicos, que criaram um ambiente prop\u00edcio para o desenvolvimento de uma biodiversidade \u00fanica. A intera\u00e7\u00e3o entre rios, solos e vegeta\u00e7\u00e3o moldou o ecossistema que conhecemos hoje.<\/p>\n<p>Geoglifos encontrados no Acre, com at\u00e9 2.500 <strong>anos<\/strong>, s\u00e3o testemunhas da ocupa\u00e7\u00e3o humana antiga. Essas estruturas revelam t\u00e9cnicas avan\u00e7adas de engenharia e agricultura, como o uso da terra preta, um solo f\u00e9rtil criado por civiliza\u00e7\u00f5es ancestrais.<\/p>\n<h3>Presen\u00e7a humana ao longo dos s\u00e9culos<\/h3>\n<p>A ocupa\u00e7\u00e3o humana na regi\u00e3o remonta a 11.000 <strong>anos<\/strong>. Com mais de 410 s\u00edtios arqueol\u00f3gicos identificados, a Amaz\u00f4nia \u00e9 um tesouro para a <strong>pesquisa<\/strong> arqueol\u00f3gica. Teorias sobre migra\u00e7\u00f5es pr\u00e9-colombianas sugerem que povos antigos se deslocaram por <strong>longo<\/strong> tempo, adaptando-se a diferentes ambientes.<\/p>\n<p>Durante a \u00e9poca colonial, conflitos culturais entre europeus e <strong>ind\u00edgenas<\/strong> alteraram a din\u00e2mica social da regi\u00e3o. A arqueologia subaqu\u00e1tica tem revelado s\u00edtios inundados, mostrando o legado das civiliza\u00e7\u00f5es hidr\u00e1ulicas que dominavam t\u00e9cnicas avan\u00e7adas de manejo de \u00e1gua.<\/p>\n<blockquote><p>&#8220;A hist\u00f3ria da Amaz\u00f4nia \u00e9 um testemunho da resili\u00eancia humana e da complexidade da natureza.&#8221;<\/p><\/blockquote>\n<ul>\n<li>Teorias sobre migra\u00e7\u00f5es pr\u00e9-colombianas.<\/li>\n<li>T\u00e9cnicas agr\u00edcolas ancestrais, como a terra preta.<\/li>\n<li>Conflitos culturais durante o per\u00edodo colonial.<\/li>\n<li>Descobertas da arqueologia subaqu\u00e1tica.<\/li>\n<li>Legado das civiliza\u00e7\u00f5es hidr\u00e1ulicas.<\/li>\n<\/ul>\n<h2>A Amaz\u00f4nia e o Clima Global<\/h2>\n<p>O equil\u00edbrio clim\u00e1tico do <strong>planeta<\/strong> depende diretamente dessa <strong>regi\u00e3o<\/strong>. A maior floresta tropical do mundo desempenha um papel essencial na regula\u00e7\u00e3o do <em>clima global<\/em>, influenciando padr\u00f5es clim\u00e1ticos em diferentes partes do mundo.<\/p>\n<h3>O papel da Amaz\u00f4nia no ciclo do carbono<\/h3>\n<p>A floresta atua como um enorme sumidouro de carbono, armazenando bilh\u00f5es de toneladas de CO\u2082. Esse processo \u00e9 crucial para mitigar as <strong>mudan\u00e7as clim\u00e1ticas<\/strong>. No entanto, o desmatamento libera grandes quantidades de carbono na atmosfera, agravando o aquecimento global.<\/p>\n<p>Mecanismos de retroalimenta\u00e7\u00e3o clim\u00e1tica, como a savaniza\u00e7\u00e3o, podem transformar a floresta em uma fonte de emiss\u00f5es. Proje\u00e7\u00f5es do IPCC indicam que, em cen\u00e1rios de aumento de 4\u00b0C, a <strong>regi\u00e3o<\/strong> pode perder parte de sua capacidade de armazenar carbono.<\/p>\n<h3>Rios voadores e o clima no Brasil<\/h3>\n<p>Os chamados &#8220;rios voadores&#8221; s\u00e3o massas de <strong>\u00e1gua<\/strong> evaporada que viajam pela atmosfera. Diariamente, cerca de 20 bilh\u00f5es de toneladas de \u00e1gua s\u00e3o evaporadas, influenciando as chuvas no Centro-Oeste brasileiro. Esse fen\u00f4meno \u00e9 vital para a agricultura e o abastecimento de \u00e1gua no pa\u00eds.<\/p>\n<p>O desmatamento pode interromper esse ciclo, reduzindo as chuvas e afetando ecossistemas distantes. Iniciativas internacionais de compensa\u00e7\u00e3o buscam proteger esses servi\u00e7os ecossist\u00eamicos, que s\u00e3o quantificados economicamente em bilh\u00f5es de d\u00f3lares.<\/p>\n<blockquote><p>&#8220;A preserva\u00e7\u00e3o da floresta \u00e9 essencial para garantir a estabilidade do <em>clima global<\/em> e a seguran\u00e7a h\u00eddrica do Brasil.&#8221;<\/p><\/blockquote>\n<h2>Amea\u00e7as \u00e0 Amaz\u00f4nia<\/h2>\n<p>A preserva\u00e7\u00e3o da maior floresta tropical do mundo enfrenta desafios cr\u00edticos. O <strong>desmatamento<\/strong> e as <strong>mudan\u00e7as clim\u00e1ticas<\/strong> s\u00e3o as principais amea\u00e7as, impactando n\u00e3o apenas a biodiversidade, mas tamb\u00e9m o equil\u00edbrio global.<\/p>\n<h3>Desmatamento e suas consequ\u00eancias<\/h3>\n<p>At\u00e9 2023, cerca de 17% da <strong>\u00e1rea<\/strong> florestal foi desmatada. A taxa anual de perda \u00e9 de aproximadamente 4.000 km\u00b2, um n\u00famero alarmante. A expans\u00e3o agropecu\u00e1ria \u00e9 um dos principais motores desse processo, levando \u00e0 fragmenta\u00e7\u00e3o de habitats e \u00e0 perda de esp\u00e9cies.<\/p>\n<p>A minera\u00e7\u00e3o ilegal em terras ind\u00edgenas tamb\u00e9m contribui para o problema. Al\u00e9m disso, o <strong>efeito borda<\/strong> aumenta a vulnerabilidade das <strong>\u00e1reas<\/strong> remanescentes, expondo-as a invas\u00f5es e degrada\u00e7\u00e3o.<\/p>\n<h3>Mudan\u00e7as clim\u00e1ticas<\/h3>\n<p>As <strong>mudan\u00e7as clim\u00e1ticas<\/strong> intensificam os desafios. Secas extremas e inc\u00eandios florestais t\u00eam se tornado mais frequentes, criando um ciclo vicioso de destrui\u00e7\u00e3o. A sinergia entre fogo e secas pode levar a cen\u00e1rios de <strong>tipping point<\/strong> ecol\u00f3gico, onde a floresta perde sua capacidade de se regenerar.<\/p>\n<p>O uso do <strong>solo<\/strong> para atividades humanas \u00e9 respons\u00e1vel por 75% das emiss\u00f5es brasileiras de gases de efeito estufa. Isso refor\u00e7a a necessidade de pol\u00edticas eficazes para mitigar esses impactos.<\/p>\n<table>\n<tr>\n<th>Amea\u00e7a<\/th>\n<th>Impacto<\/th>\n<th>Solu\u00e7\u00e3o Potencial<\/th>\n<\/tr>\n<tr>\n<td>Desmatamento<\/td>\n<td>Perda de biodiversidade, fragmenta\u00e7\u00e3o de habitats<\/td>\n<td>Fortalecimento de \u00e1reas protegidas<\/td>\n<\/tr>\n<tr>\n<td>Mudan\u00e7as clim\u00e1ticas<\/td>\n<td>Secas extremas, inc\u00eandios florestais<\/td>\n<td>Redu\u00e7\u00e3o de emiss\u00f5es de carbono<\/td>\n<\/tr>\n<tr>\n<td>Minera\u00e7\u00e3o ilegal<\/td>\n<td>Degrada\u00e7\u00e3o de terras ind\u00edgenas<\/td>\n<td>Fiscaliza\u00e7\u00e3o e monitoramento<\/td>\n<\/tr>\n<\/table>\n<p>Proteger essa floresta \u00e9 essencial para garantir a estabilidade do clima global e a sobreviv\u00eancia de milh\u00f5es de esp\u00e9cies. A\u00e7\u00f5es coordenadas entre governos, comunidades e organiza\u00e7\u00f5es s\u00e3o fundamentais para reverter esse cen\u00e1rio.<\/p>\n<h2>Conserva\u00e7\u00e3o da Amaz\u00f4nia<\/h2>\n<p>A prote\u00e7\u00e3o da maior floresta tropical do mundo \u00e9 um desafio global que exige a\u00e7\u00f5es coordenadas. Com 52% do bioma sob prote\u00e7\u00e3o legal, diversas estrat\u00e9gias t\u00eam sido implementadas para garantir a <strong>conserva\u00e7\u00e3o<\/strong> dessa <strong>\u00e1rea<\/strong> vital.<\/p>\n<h3>\u00c1reas protegidas e parques nacionais<\/h3>\n<p>As <strong>\u00e1reas<\/strong> protegidas s\u00e3o essenciais para a preserva\u00e7\u00e3o da biodiversidade. O Projeto ARPA (\u00c1reas Protegidas da Amaz\u00f4nia) \u00e9 uma iniciativa que visa expandir e fortalecer essas zonas. Al\u00e9m disso, o Corredor Ecol\u00f3gico da Amaz\u00f4nia Meridional conecta diferentes regi\u00f5es, promovendo a <strong>conserva\u00e7\u00e3o<\/strong> integrada.<\/p>\n<h3>Iniciativas de preserva\u00e7\u00e3o<\/h3>\n<p>Diversas iniciativas t\u00eam sido desenvolvidas para proteger a <strong>vegeta\u00e7\u00e3o<\/strong> e a fauna local. Tecnologias de monitoramento por sat\u00e9lite permitem a detec\u00e7\u00e3o de desmatamento em tempo real. Parcerias p\u00fablico-privadas em REDD+ tamb\u00e9m t\u00eam sido fundamentais para financiar projetos de <strong>conserva\u00e7\u00e3o<\/strong>.<\/p>\n<p>Casos de sucesso na recupera\u00e7\u00e3o de <strong>\u00e1reas<\/strong> degradadas mostram que \u00e9 poss\u00edvel reverter danos ambientais. A educa\u00e7\u00e3o ambiental com comunidades tradicionais \u00e9 outra estrat\u00e9gia importante, promovendo a conscientiza\u00e7\u00e3o e o engajamento local.<\/p>\n<blockquote><p>&#8220;A integra\u00e7\u00e3o de esfor\u00e7os entre diferentes <strong>pa\u00edses<\/strong> e setores \u00e9 crucial para a preserva\u00e7\u00e3o da Amaz\u00f4nia.&#8221;<\/p><\/blockquote>\n<ul>\n<li>Estrat\u00e9gias de gest\u00e3o integrada fronteiri\u00e7a.<\/li>\n<li>Uso de tecnologias avan\u00e7adas para monitoramento.<\/li>\n<li>Parcerias p\u00fablico-privadas em REDD+.<\/li>\n<li>Recupera\u00e7\u00e3o de \u00e1reas degradadas.<\/li>\n<li>Educa\u00e7\u00e3o ambiental com comunidades tradicionais.<\/li>\n<\/ul>\n<h2>A Cultura Ind\u00edgena na Amaz\u00f4nia<\/h2>\n<p>As comunidades ind\u00edgenas da regi\u00e3o guardam saberes milenares que sustentam a <strong>biodiversidade<\/strong> local. Com mais de 180 l\u00ednguas em risco, essas culturas enfrentam desafios para preservar suas tradi\u00e7\u00f5es e conhecimentos ancestrais.<\/p>\n<h3>Comunidades ind\u00edgenas e suas tradi\u00e7\u00f5es<\/h3>\n<p>Os povos ind\u00edgenas ocupam cerca de 28% do territ\u00f3rio amaz\u00f4nico, \u00e1reas reconhecidas como Terras Ind\u00edgenas (TIs). Essas comunidades desenvolveram sistemas agroflorestais que harmonizam agricultura e preserva\u00e7\u00e3o ambiental. Ao longo de <strong>anos<\/strong>, eles domesticaram mais de 600 esp\u00e9cies de <strong>plantas<\/strong>, contribuindo para a diversidade gen\u00e9tica.<\/p>\n<p>Al\u00e9m disso, a medicina tradicional ind\u00edgena tem sido fundamental para a descoberta de novos f\u00e1rmacos. Muitos rem\u00e9dios modernos t\u00eam origem em <strong>conhecimento<\/strong> ancestral, destacando a import\u00e2ncia dessas pr\u00e1ticas para a ci\u00eancia.<\/p>\n<h3>O conhecimento tradicional e a biodiversidade<\/h3>\n<p>O <strong>conhecimento<\/strong> ind\u00edgena \u00e9 um pilar para a conserva\u00e7\u00e3o da <strong>biodiversidade<\/strong>. T\u00e9cnicas de manejo sustent\u00e1vel, como a rota\u00e7\u00e3o de culturas e o uso de terra preta, s\u00e3o exemplos de pr\u00e1ticas que equilibram produ\u00e7\u00e3o e preserva\u00e7\u00e3o. No entanto, conflitos fundi\u00e1rios e a explora\u00e7\u00e3o ilegal de recursos amea\u00e7am essas tradi\u00e7\u00f5es.<\/p>\n<p>Projetos de etnoturismo sustent\u00e1vel t\u00eam surgido como uma alternativa para valorizar a cultura ind\u00edgena e gerar renda. Al\u00e9m disso, iniciativas de digitaliza\u00e7\u00e3o de l\u00ednguas amea\u00e7adas buscam preservar a riqueza lingu\u00edstica dessas comunidades.<\/p>\n<blockquote><p>&#8220;A sabedoria ind\u00edgena \u00e9 um legado que deve ser protegido para garantir o equil\u00edbrio ecol\u00f3gico e cultural da regi\u00e3o.&#8221;<\/p><\/blockquote>\n<table>\n<tr>\n<th>Iniciativa<\/th>\n<th>Benef\u00edcio<\/th>\n<\/tr>\n<tr>\n<td>Sistemas agroflorestais<\/td>\n<td>Preserva\u00e7\u00e3o ambiental e produ\u00e7\u00e3o sustent\u00e1vel<\/td>\n<\/tr>\n<tr>\n<td>Medicina tradicional<\/td>\n<td>Descoberta de novos f\u00e1rmacos<\/td>\n<\/tr>\n<tr>\n<td>Etnoturismo<\/td>\n<td>Valoriza\u00e7\u00e3o cultural e gera\u00e7\u00e3o de renda<\/td>\n<\/tr>\n<tr>\n<td>Digitaliza\u00e7\u00e3o de l\u00ednguas<\/td>\n<td>Preserva\u00e7\u00e3o da diversidade lingu\u00edstica<\/td>\n<\/tr>\n<\/table>\n<h2>Curiosidades sobre a Amaz\u00f4nia<\/h2>\n<p>A Amaz\u00f4nia guarda segredos fascinantes que continuam a surpreender cientistas e exploradores. Com uma biodiversidade impressionante, essa regi\u00e3o \u00e9 um verdadeiro tesouro de <strong>curiosidades<\/strong> e <strong>descobertas<\/strong> que revelam a complexidade da <em>vida<\/em> na floresta.<\/p>\n<h3>Fatos surpreendentes<\/h3>\n<p>Voc\u00ea sabia que existem mais de 1.300 esp\u00e9cies de morcegos na Amaz\u00f4nia? Esses animais desempenham um papel crucial na dispers\u00e3o de sementes e no equil\u00edbrio do ecossistema. Outro fato impressionante \u00e9 que as formigas praticam agricultura h\u00e1 50 milh\u00f5es de anos, cultivando fungos para alimenta\u00e7\u00e3o.<\/p>\n<p>Al\u00e9m disso, a regi\u00e3o abriga registros de megavertebrados pr\u00e9-hist\u00f3ricos, como pregui\u00e7as gigantes e tatus enormes. Esses animais dominaram a paisagem h\u00e1 milhares de anos, deixando um legado que ainda \u00e9 estudado por cientistas.<\/p>\n<h3>Descobertas recentes<\/h3>\n<p>Recentemente, uma nova esp\u00e9cie de macaco foi descoberta: o Mura&#8217;s saddleback tamarin. Essa descoberta refor\u00e7a a import\u00e2ncia da <strong>pesquisa<\/strong> cient\u00edfica na regi\u00e3o, que continua a revelar novas esp\u00e9cies e fen\u00f4menos \u00fanicos.<\/p>\n<p>Microrganismos com potencial biotecnol\u00f3gico tamb\u00e9m t\u00eam sido encontrados, abrindo caminho para inova\u00e7\u00f5es na medicina e na ind\u00fastria. Fen\u00f4menos \u00f3pticos atmosf\u00e9ricos, como halos e arco-\u00edris noturnos, s\u00e3o observados em \u00e1reas espec\u00edficas, adicionando um toque de magia \u00e0 floresta.<\/p>\n<p>Expedi\u00e7\u00f5es cient\u00edficas recentes em \u00e1reas inexploradas t\u00eam trazido \u00e0 tona tecnologias ind\u00edgenas de engenharia ecol\u00f3gica, mostrando como as comunidades locais harmonizam produ\u00e7\u00e3o e preserva\u00e7\u00e3o.<\/p>\n<ul>\n<li>Mais de 1.300 esp\u00e9cies de morcegos.<\/li>\n<li>Formigas praticam agricultura h\u00e1 50 milh\u00f5es de anos.<\/li>\n<li>Nova esp\u00e9cie de macaco: Mura&#8217;s saddleback tamarin.<\/li>\n<li>Microrganismos com potencial biotecnol\u00f3gico.<\/li>\n<li>Fen\u00f4menos \u00f3pticos atmosf\u00e9ricos \u00fanicos.<\/li>\n<\/ul>\n<h2>Conclus\u00e3o<\/h2>\n<p>Preservar a <strong>Amaz\u00f4nia<\/strong> \u00e9 essencial para o <em>futuro<\/em> do nosso <strong>planeta<\/strong>. Enfrentamos desafios como o desmatamento e as mudan\u00e7as clim\u00e1ticas, mas tamb\u00e9m h\u00e1 oportunidades para a <strong>conserva\u00e7\u00e3o<\/strong> e o desenvolvimento sustent\u00e1vel.<\/p>\n<p>A coopera\u00e7\u00e3o internacional \u00e9 fundamental para proteger esse bioma \u00fanico. O Brasil, como guardi\u00e3o da floresta, tem um papel crucial na implementa\u00e7\u00e3o de pol\u00edticas eficazes e na promo\u00e7\u00e3o de modelos sustent\u00e1veis.<\/p>\n<p>Engajar-se individual e coletivamente \u00e9 um passo importante. <strong>Todos<\/strong> podemos contribuir, seja apoiando iniciativas de preserva\u00e7\u00e3o ou adotando pr\u00e1ticas mais conscientes. Juntos, podemos garantir um futuro mais equilibrado para a Amaz\u00f4nia e para o mundo.<\/p>\n<section class=\"schema-section\">\n<h2>FAQ<\/h2>\n<div>\n<h3>O que \u00e9 a Amaz\u00f4nia?<\/h3>\n<div>\n<div>\n<p>A Amaz\u00f4nia \u00e9 a maior floresta tropical do mundo, abrangendo nove pa\u00edses da Am\u00e9rica do Sul. Ela \u00e9 conhecida por sua biodiversidade \u00fanica e seu papel crucial no equil\u00edbrio clim\u00e1tico global.<\/p>\n<\/div>\n<\/div>\n<\/div>\n<div>\n<h3>Por que a Amaz\u00f4nia \u00e9 importante?<\/h3>\n<div>\n<div>\n<p>A Amaz\u00f4nia \u00e9 vital para o planeta, pois regula o clima, armazena carbono e abriga milh\u00f5es de esp\u00e9cies de plantas e animais. Al\u00e9m disso, ela influencia os padr\u00f5es de chuva em v\u00e1rias regi\u00f5es.<\/p>\n<\/div>\n<\/div>\n<\/div>\n<div>\n<h3>Quais pa\u00edses abrangem a Amaz\u00f4nia?<\/h3>\n<div>\n<div>\n<p>A Amaz\u00f4nia se estende por Brasil, Peru, Col\u00f4mbia, Venezuela, Equador, Bol\u00edvia, Guiana, Suriname e Guiana Francesa, cobrindo uma vasta \u00e1rea na Am\u00e9rica do Sul.<\/p>\n<\/div>\n<\/div>\n<\/div>\n<div>\n<h3>Como \u00e9 o clima da Amaz\u00f4nia?<\/h3>\n<div>\n<div>\n<p>O clima \u00e9 equatorial \u00famido, com duas esta\u00e7\u00f5es principais: a chuvosa e a seca. A alta umidade e as temperaturas elevadas s\u00e3o caracter\u00edsticas marcantes.<\/p>\n<\/div>\n<\/div>\n<\/div>\n<div>\n<h3>Quais s\u00e3o os principais rios da Amaz\u00f4nia?<\/h3>\n<div>\n<div>\n<p>O Rio Amazonas \u00e9 o principal, acompanhado por seus afluentes, como o Rio Negro e o Rio Solim\u00f5es. Esses rios s\u00e3o classificados como \u00e1guas brancas, pretas e claras.<\/p>\n<\/div>\n<\/div>\n<\/div>\n<div>\n<h3>Quais s\u00e3o as amea\u00e7as \u00e0 Amaz\u00f4nia?<\/h3>\n<div>\n<div>\n<p>O desmatamento, as mudan\u00e7as clim\u00e1ticas e a explora\u00e7\u00e3o ilegal de recursos s\u00e3o as principais amea\u00e7as, colocando em risco a biodiversidade e o equil\u00edbrio ecol\u00f3gico.<\/p>\n<\/div>\n<\/div>\n<\/div>\n<div>\n<h3>Como podemos conservar a Amaz\u00f4nia?<\/h3>\n<div>\n<div>\n<p>A cria\u00e7\u00e3o de \u00e1reas protegidas, parques nacionais e o apoio a iniciativas de preserva\u00e7\u00e3o s\u00e3o essenciais para garantir a conserva\u00e7\u00e3o desse ecossistema \u00fanico.<\/p>\n<\/div>\n<\/div>\n<\/div>\n<div>\n<h3>Qual \u00e9 o papel da Amaz\u00f4nia no ciclo do carbono?<\/h3>\n<div>\n<div>\n<p>A floresta atua como um grande sumidouro de carbono, absorvendo CO2 da atmosfera e ajudando a mitigar os efeitos das mudan\u00e7as clim\u00e1ticas.<\/p>\n<\/div>\n<\/div>\n<\/div>\n<div>\n<h3>Quais s\u00e3o as esp\u00e9cies emblem\u00e1ticas da Amaz\u00f4nia?<\/h3>\n<div>\n<div>\n<p>Entre as esp\u00e9cies mais ic\u00f4nicas est\u00e3o a on\u00e7a-pintada, o boto-cor-de-rosa, a arara-azul e a vit\u00f3ria-r\u00e9gia, s\u00edmbolos da rica fauna e flora da regi\u00e3o.<\/p>\n<\/div>\n<\/div>\n<\/div>\n<div>\n<h3>Qual \u00e9 a import\u00e2ncia das comunidades ind\u00edgenas na Amaz\u00f4nia?<\/h3>\n<div>\n<div>\n<p>As comunidades ind\u00edgenas desempenham um papel crucial na preserva\u00e7\u00e3o da biodiversidade, utilizando conhecimentos tradicionais para manter o equil\u00edbrio ecol\u00f3gico.<\/p>\n<\/div>\n<\/div>\n<\/div>\n<\/section>\n","protected":false},"excerpt":{"rendered":"<p>A Amaz\u00f4nia \u00e9 um ecossistema \u00fanico e essencial para o equil\u00edbrio do nosso planeta. Com uma \u00e1rea total de 5,5 milh\u00f5es de km\u00b2, ela se estende por nove pa\u00edses da Am\u00e9rica do Sul, sendo 60% de seu territ\u00f3rio localizado no Brasil. Sua vastid\u00e3o \u00e9 t\u00e3o impressionante que equivale ao tamanho de 40 pa\u00edses europeus juntos. &hellip; <a href=\"https:\/\/ver-o-peso.com\/pt\/2025\/06\/24\/amazonia-descubra-os-segredos-da-floresta-tropical\/\" class=\"more-link\">Continuar lendo <span class=\"screen-reader-text\">Amaz\u00f4nia: Descubra os segredos da floresta tropical<\/span><\/a><\/p>\n","protected":false},"author":1,"featured_media":3009,"comment_status":"open","ping_status":"open","sticky":false,"template":"","format":"standard","meta":{"footnotes":""},"categories":[20],"tags":[119,213,211],"class_list":["post-3008","post","type-post","status-publish","format-standard","has-post-thumbnail","hentry","category-amazonia","tag-amazonia","tag-biodiversidade","tag-floresta-amazonica"],"yoast_head":"<!-- This site is optimized with the Yoast SEO Premium plugin v25.3 (Yoast SEO v25.9) - https:\/\/yoast.com\/wordpress\/plugins\/seo\/ -->\n<title>Amaz\u00f4nia: Uncover the Secrets of the Rainforest<\/title>\n<meta name=\"description\" content=\"Descubra a Amaz\u00f4nia em nosso guia definitivo. Conhe\u00e7a as maravilhas e segredos da maior floresta tropical do planeta.\" \/>\n<meta name=\"robots\" content=\"index, follow, max-snippet:-1, max-image-preview:large, max-video-preview:-1\" \/>\n<link rel=\"canonical\" href=\"https:\/\/ver-o-peso.com\/pt\/2025\/06\/24\/amazonia-descubra-os-segredos-da-floresta-tropical\/\" \/>\n<meta property=\"og:locale\" content=\"pt_BR\" \/>\n<meta property=\"og:type\" content=\"article\" \/>\n<meta property=\"og:title\" content=\"Amaz\u00f4nia: Descubra os segredos da floresta tropical\" \/>\n<meta property=\"og:description\" content=\"Descubra a Amaz\u00f4nia em nosso guia definitivo. Conhe\u00e7a as maravilhas e segredos da maior floresta tropical do planeta.\" \/>\n<meta property=\"og:url\" content=\"https:\/\/ver-o-peso.com\/pt\/2025\/06\/24\/amazonia-descubra-os-segredos-da-floresta-tropical\/\" \/>\n<meta property=\"og:site_name\" content=\"Ver-o-peso\" \/>\n<meta property=\"article:publisher\" content=\"https:\/\/fecebook.com\/jose.oliveira.913296\" \/>\n<meta property=\"article:published_time\" content=\"2025-06-24T16:28:42+00:00\" \/>\n<meta property=\"og:image\" content=\"https:\/\/ver-o-peso.com\/pt\/wp-content\/uploads\/2025\/06\/Amazonia.jpeg\" \/>\n\t<meta property=\"og:image:width\" content=\"1344\" \/>\n\t<meta property=\"og:image:height\" content=\"768\" \/>\n\t<meta property=\"og:image:type\" content=\"image\/jpeg\" \/>\n<meta name=\"author\" content=\"veropeso2025\" \/>\n<meta name=\"twitter:card\" content=\"summary_large_image\" \/>\n<meta name=\"twitter:label1\" content=\"Escrito por\" \/>\n\t<meta name=\"twitter:data1\" content=\"veropeso2025\" \/>\n\t<meta name=\"twitter:label2\" content=\"Est. tempo de leitura\" \/>\n\t<meta name=\"twitter:data2\" content=\"23 minutos\" \/>\n<script type=\"application\/ld+json\" class=\"yoast-schema-graph\">{\"@context\":\"https:\/\/schema.org\",\"@graph\":[{\"@type\":\"Article\",\"@id\":\"https:\/\/ver-o-peso.com\/pt\/2025\/06\/24\/amazonia-descubra-os-segredos-da-floresta-tropical\/#article\",\"isPartOf\":{\"@id\":\"https:\/\/ver-o-peso.com\/pt\/2025\/06\/24\/amazonia-descubra-os-segredos-da-floresta-tropical\/\"},\"author\":{\"name\":\"veropeso2025\",\"@id\":\"https:\/\/ver-o-peso.com\/pt\/#\/schema\/person\/9e9ad551726c390092238296ec769a06\"},\"headline\":\"Amaz\u00f4nia: Descubra os segredos da floresta tropical\",\"datePublished\":\"2025-06-24T16:28:42+00:00\",\"mainEntityOfPage\":{\"@id\":\"https:\/\/ver-o-peso.com\/pt\/2025\/06\/24\/amazonia-descubra-os-segredos-da-floresta-tropical\/\"},\"wordCount\":4587,\"commentCount\":0,\"publisher\":{\"@id\":\"https:\/\/ver-o-peso.com\/pt\/#organization\"},\"image\":{\"@id\":\"https:\/\/ver-o-peso.com\/pt\/2025\/06\/24\/amazonia-descubra-os-segredos-da-floresta-tropical\/#primaryimage\"},\"thumbnailUrl\":\"https:\/\/ver-o-peso.com\/pt\/wp-content\/uploads\/2025\/06\/Amazonia.jpeg\",\"keywords\":[\"Amaz\u00f4nia\",\"Biodiversidade\",\"Floresta Amaz\u00f4nica\"],\"articleSection\":[\"Amaz\u00f4nia\"],\"inLanguage\":\"pt-BR\",\"potentialAction\":[{\"@type\":\"CommentAction\",\"name\":\"Comment\",\"target\":[\"https:\/\/ver-o-peso.com\/pt\/2025\/06\/24\/amazonia-descubra-os-segredos-da-floresta-tropical\/#respond\"]}]},{\"@type\":\"WebPage\",\"@id\":\"https:\/\/ver-o-peso.com\/pt\/2025\/06\/24\/amazonia-descubra-os-segredos-da-floresta-tropical\/\",\"url\":\"https:\/\/ver-o-peso.com\/pt\/2025\/06\/24\/amazonia-descubra-os-segredos-da-floresta-tropical\/\",\"name\":\"Amaz\u00f4nia: Uncover the Secrets of the Rainforest\",\"isPartOf\":{\"@id\":\"https:\/\/ver-o-peso.com\/pt\/#website\"},\"primaryImageOfPage\":{\"@id\":\"https:\/\/ver-o-peso.com\/pt\/2025\/06\/24\/amazonia-descubra-os-segredos-da-floresta-tropical\/#primaryimage\"},\"image\":{\"@id\":\"https:\/\/ver-o-peso.com\/pt\/2025\/06\/24\/amazonia-descubra-os-segredos-da-floresta-tropical\/#primaryimage\"},\"thumbnailUrl\":\"https:\/\/ver-o-peso.com\/pt\/wp-content\/uploads\/2025\/06\/Amazonia.jpeg\",\"datePublished\":\"2025-06-24T16:28:42+00:00\",\"description\":\"Descubra a Amaz\u00f4nia em nosso guia definitivo. Conhe\u00e7a as maravilhas e segredos da maior floresta tropical do planeta.\",\"breadcrumb\":{\"@id\":\"https:\/\/ver-o-peso.com\/pt\/2025\/06\/24\/amazonia-descubra-os-segredos-da-floresta-tropical\/#breadcrumb\"},\"inLanguage\":\"pt-BR\",\"potentialAction\":[{\"@type\":\"ReadAction\",\"target\":[\"https:\/\/ver-o-peso.com\/pt\/2025\/06\/24\/amazonia-descubra-os-segredos-da-floresta-tropical\/\"]}]},{\"@type\":\"ImageObject\",\"inLanguage\":\"pt-BR\",\"@id\":\"https:\/\/ver-o-peso.com\/pt\/2025\/06\/24\/amazonia-descubra-os-segredos-da-floresta-tropical\/#primaryimage\",\"url\":\"https:\/\/ver-o-peso.com\/pt\/wp-content\/uploads\/2025\/06\/Amazonia.jpeg\",\"contentUrl\":\"https:\/\/ver-o-peso.com\/pt\/wp-content\/uploads\/2025\/06\/Amazonia.jpeg\",\"width\":1344,\"height\":768,\"caption\":\"Amaz\u00f4nia\"},{\"@type\":\"BreadcrumbList\",\"@id\":\"https:\/\/ver-o-peso.com\/pt\/2025\/06\/24\/amazonia-descubra-os-segredos-da-floresta-tropical\/#breadcrumb\",\"itemListElement\":[{\"@type\":\"ListItem\",\"position\":1,\"name\":\"In\u00edcio\",\"item\":\"https:\/\/ver-o-peso.com\/pt\/\"},{\"@type\":\"ListItem\",\"position\":2,\"name\":\"Amaz\u00f4nia: Descubra os segredos da floresta tropical\"}]},{\"@type\":\"WebSite\",\"@id\":\"https:\/\/ver-o-peso.com\/pt\/#website\",\"url\":\"https:\/\/ver-o-peso.com\/pt\/\",\"name\":\"Ver-o-peso\",\"description\":\"Aqui tem de tudo da Amaz\u00f4nia\",\"publisher\":{\"@id\":\"https:\/\/ver-o-peso.com\/pt\/#organization\"},\"potentialAction\":[{\"@type\":\"SearchAction\",\"target\":{\"@type\":\"EntryPoint\",\"urlTemplate\":\"https:\/\/ver-o-peso.com\/pt\/?s={search_term_string}\"},\"query-input\":{\"@type\":\"PropertyValueSpecification\",\"valueRequired\":true,\"valueName\":\"search_term_string\"}}],\"inLanguage\":\"pt-BR\"},{\"@type\":\"Organization\",\"@id\":\"https:\/\/ver-o-peso.com\/pt\/#organization\",\"name\":\"Ver-o-peso\",\"url\":\"https:\/\/ver-o-peso.com\/pt\/\",\"logo\":{\"@type\":\"ImageObject\",\"inLanguage\":\"pt-BR\",\"@id\":\"https:\/\/ver-o-peso.com\/pt\/#\/schema\/logo\/image\/\",\"url\":\"https:\/\/ver-o-peso.com\/pt\/wp-content\/uploads\/2025\/05\/Logo-3.png\",\"contentUrl\":\"https:\/\/ver-o-peso.com\/pt\/wp-content\/uploads\/2025\/05\/Logo-3.png\",\"width\":210,\"height\":118,\"caption\":\"Ver-o-peso\"},\"image\":{\"@id\":\"https:\/\/ver-o-peso.com\/pt\/#\/schema\/logo\/image\/\"},\"sameAs\":[\"https:\/\/fecebook.com\/jose.oliveira.913296\",\"https:\/\/instagram.com\/riba.lages\",\"https:\/\/tiktok.com\/veropeso2025\"]},{\"@type\":\"Person\",\"@id\":\"https:\/\/ver-o-peso.com\/pt\/#\/schema\/person\/9e9ad551726c390092238296ec769a06\",\"name\":\"veropeso2025\",\"image\":{\"@type\":\"ImageObject\",\"inLanguage\":\"pt-BR\",\"@id\":\"https:\/\/ver-o-peso.com\/pt\/#\/schema\/person\/image\/\",\"url\":\"https:\/\/secure.gravatar.com\/avatar\/abbae2eadd0ca3e3064b32972a9f07e1ec00361a8e4784de939c3d52c9381ec6?s=96&d=mm&r=g\",\"contentUrl\":\"https:\/\/secure.gravatar.com\/avatar\/abbae2eadd0ca3e3064b32972a9f07e1ec00361a8e4784de939c3d52c9381ec6?s=96&d=mm&r=g\",\"caption\":\"veropeso2025\"},\"sameAs\":[\"https:\/\/ver-o-peso.com\/pt\"],\"url\":\"https:\/\/ver-o-peso.com\/pt\/author\/veropeso2025\/\"}]}<\/script>\n<!-- \/ Yoast SEO Premium plugin. -->","yoast_head_json":{"title":"Amaz\u00f4nia: Uncover the Secrets of the Rainforest","description":"Descubra a Amaz\u00f4nia em nosso guia definitivo. Conhe\u00e7a as maravilhas e segredos da maior floresta tropical do planeta.","robots":{"index":"index","follow":"follow","max-snippet":"max-snippet:-1","max-image-preview":"max-image-preview:large","max-video-preview":"max-video-preview:-1"},"canonical":"https:\/\/ver-o-peso.com\/pt\/2025\/06\/24\/amazonia-descubra-os-segredos-da-floresta-tropical\/","og_locale":"pt_BR","og_type":"article","og_title":"Amaz\u00f4nia: Descubra os segredos da floresta tropical","og_description":"Descubra a Amaz\u00f4nia em nosso guia definitivo. Conhe\u00e7a as maravilhas e segredos da maior floresta tropical do planeta.","og_url":"https:\/\/ver-o-peso.com\/pt\/2025\/06\/24\/amazonia-descubra-os-segredos-da-floresta-tropical\/","og_site_name":"Ver-o-peso","article_publisher":"https:\/\/fecebook.com\/jose.oliveira.913296","article_published_time":"2025-06-24T16:28:42+00:00","og_image":[{"width":1344,"height":768,"url":"https:\/\/ver-o-peso.com\/pt\/wp-content\/uploads\/2025\/06\/Amazonia.jpeg","type":"image\/jpeg"}],"author":"veropeso2025","twitter_card":"summary_large_image","twitter_misc":{"Escrito por":"veropeso2025","Est. tempo de leitura":"23 minutos"},"schema":{"@context":"https:\/\/schema.org","@graph":[{"@type":"Article","@id":"https:\/\/ver-o-peso.com\/pt\/2025\/06\/24\/amazonia-descubra-os-segredos-da-floresta-tropical\/#article","isPartOf":{"@id":"https:\/\/ver-o-peso.com\/pt\/2025\/06\/24\/amazonia-descubra-os-segredos-da-floresta-tropical\/"},"author":{"name":"veropeso2025","@id":"https:\/\/ver-o-peso.com\/pt\/#\/schema\/person\/9e9ad551726c390092238296ec769a06"},"headline":"Amaz\u00f4nia: Descubra os segredos da floresta tropical","datePublished":"2025-06-24T16:28:42+00:00","mainEntityOfPage":{"@id":"https:\/\/ver-o-peso.com\/pt\/2025\/06\/24\/amazonia-descubra-os-segredos-da-floresta-tropical\/"},"wordCount":4587,"commentCount":0,"publisher":{"@id":"https:\/\/ver-o-peso.com\/pt\/#organization"},"image":{"@id":"https:\/\/ver-o-peso.com\/pt\/2025\/06\/24\/amazonia-descubra-os-segredos-da-floresta-tropical\/#primaryimage"},"thumbnailUrl":"https:\/\/ver-o-peso.com\/pt\/wp-content\/uploads\/2025\/06\/Amazonia.jpeg","keywords":["Amaz\u00f4nia","Biodiversidade","Floresta Amaz\u00f4nica"],"articleSection":["Amaz\u00f4nia"],"inLanguage":"pt-BR","potentialAction":[{"@type":"CommentAction","name":"Comment","target":["https:\/\/ver-o-peso.com\/pt\/2025\/06\/24\/amazonia-descubra-os-segredos-da-floresta-tropical\/#respond"]}]},{"@type":"WebPage","@id":"https:\/\/ver-o-peso.com\/pt\/2025\/06\/24\/amazonia-descubra-os-segredos-da-floresta-tropical\/","url":"https:\/\/ver-o-peso.com\/pt\/2025\/06\/24\/amazonia-descubra-os-segredos-da-floresta-tropical\/","name":"Amaz\u00f4nia: Uncover the Secrets of the Rainforest","isPartOf":{"@id":"https:\/\/ver-o-peso.com\/pt\/#website"},"primaryImageOfPage":{"@id":"https:\/\/ver-o-peso.com\/pt\/2025\/06\/24\/amazonia-descubra-os-segredos-da-floresta-tropical\/#primaryimage"},"image":{"@id":"https:\/\/ver-o-peso.com\/pt\/2025\/06\/24\/amazonia-descubra-os-segredos-da-floresta-tropical\/#primaryimage"},"thumbnailUrl":"https:\/\/ver-o-peso.com\/pt\/wp-content\/uploads\/2025\/06\/Amazonia.jpeg","datePublished":"2025-06-24T16:28:42+00:00","description":"Descubra a Amaz\u00f4nia em nosso guia definitivo. Conhe\u00e7a as maravilhas e segredos da maior floresta tropical do planeta.","breadcrumb":{"@id":"https:\/\/ver-o-peso.com\/pt\/2025\/06\/24\/amazonia-descubra-os-segredos-da-floresta-tropical\/#breadcrumb"},"inLanguage":"pt-BR","potentialAction":[{"@type":"ReadAction","target":["https:\/\/ver-o-peso.com\/pt\/2025\/06\/24\/amazonia-descubra-os-segredos-da-floresta-tropical\/"]}]},{"@type":"ImageObject","inLanguage":"pt-BR","@id":"https:\/\/ver-o-peso.com\/pt\/2025\/06\/24\/amazonia-descubra-os-segredos-da-floresta-tropical\/#primaryimage","url":"https:\/\/ver-o-peso.com\/pt\/wp-content\/uploads\/2025\/06\/Amazonia.jpeg","contentUrl":"https:\/\/ver-o-peso.com\/pt\/wp-content\/uploads\/2025\/06\/Amazonia.jpeg","width":1344,"height":768,"caption":"Amaz\u00f4nia"},{"@type":"BreadcrumbList","@id":"https:\/\/ver-o-peso.com\/pt\/2025\/06\/24\/amazonia-descubra-os-segredos-da-floresta-tropical\/#breadcrumb","itemListElement":[{"@type":"ListItem","position":1,"name":"In\u00edcio","item":"https:\/\/ver-o-peso.com\/pt\/"},{"@type":"ListItem","position":2,"name":"Amaz\u00f4nia: Descubra os segredos da floresta tropical"}]},{"@type":"WebSite","@id":"https:\/\/ver-o-peso.com\/pt\/#website","url":"https:\/\/ver-o-peso.com\/pt\/","name":"Ver-o-peso","description":"Aqui tem de tudo da Amaz\u00f4nia","publisher":{"@id":"https:\/\/ver-o-peso.com\/pt\/#organization"},"potentialAction":[{"@type":"SearchAction","target":{"@type":"EntryPoint","urlTemplate":"https:\/\/ver-o-peso.com\/pt\/?s={search_term_string}"},"query-input":{"@type":"PropertyValueSpecification","valueRequired":true,"valueName":"search_term_string"}}],"inLanguage":"pt-BR"},{"@type":"Organization","@id":"https:\/\/ver-o-peso.com\/pt\/#organization","name":"Ver-o-peso","url":"https:\/\/ver-o-peso.com\/pt\/","logo":{"@type":"ImageObject","inLanguage":"pt-BR","@id":"https:\/\/ver-o-peso.com\/pt\/#\/schema\/logo\/image\/","url":"https:\/\/ver-o-peso.com\/pt\/wp-content\/uploads\/2025\/05\/Logo-3.png","contentUrl":"https:\/\/ver-o-peso.com\/pt\/wp-content\/uploads\/2025\/05\/Logo-3.png","width":210,"height":118,"caption":"Ver-o-peso"},"image":{"@id":"https:\/\/ver-o-peso.com\/pt\/#\/schema\/logo\/image\/"},"sameAs":["https:\/\/fecebook.com\/jose.oliveira.913296","https:\/\/instagram.com\/riba.lages","https:\/\/tiktok.com\/veropeso2025"]},{"@type":"Person","@id":"https:\/\/ver-o-peso.com\/pt\/#\/schema\/person\/9e9ad551726c390092238296ec769a06","name":"veropeso2025","image":{"@type":"ImageObject","inLanguage":"pt-BR","@id":"https:\/\/ver-o-peso.com\/pt\/#\/schema\/person\/image\/","url":"https:\/\/secure.gravatar.com\/avatar\/abbae2eadd0ca3e3064b32972a9f07e1ec00361a8e4784de939c3d52c9381ec6?s=96&d=mm&r=g","contentUrl":"https:\/\/secure.gravatar.com\/avatar\/abbae2eadd0ca3e3064b32972a9f07e1ec00361a8e4784de939c3d52c9381ec6?s=96&d=mm&r=g","caption":"veropeso2025"},"sameAs":["https:\/\/ver-o-peso.com\/pt"],"url":"https:\/\/ver-o-peso.com\/pt\/author\/veropeso2025\/"}]}},"_links":{"self":[{"href":"https:\/\/ver-o-peso.com\/pt\/wp-json\/wp\/v2\/posts\/3008","targetHints":{"allow":["GET"]}}],"collection":[{"href":"https:\/\/ver-o-peso.com\/pt\/wp-json\/wp\/v2\/posts"}],"about":[{"href":"https:\/\/ver-o-peso.com\/pt\/wp-json\/wp\/v2\/types\/post"}],"author":[{"embeddable":true,"href":"https:\/\/ver-o-peso.com\/pt\/wp-json\/wp\/v2\/users\/1"}],"replies":[{"embeddable":true,"href":"https:\/\/ver-o-peso.com\/pt\/wp-json\/wp\/v2\/comments?post=3008"}],"version-history":[{"count":3,"href":"https:\/\/ver-o-peso.com\/pt\/wp-json\/wp\/v2\/posts\/3008\/revisions"}],"predecessor-version":[{"id":3058,"href":"https:\/\/ver-o-peso.com\/pt\/wp-json\/wp\/v2\/posts\/3008\/revisions\/3058"}],"wp:featuredmedia":[{"embeddable":true,"href":"https:\/\/ver-o-peso.com\/pt\/wp-json\/wp\/v2\/media\/3009"}],"wp:attachment":[{"href":"https:\/\/ver-o-peso.com\/pt\/wp-json\/wp\/v2\/media?parent=3008"}],"wp:term":[{"taxonomy":"category","embeddable":true,"href":"https:\/\/ver-o-peso.com\/pt\/wp-json\/wp\/v2\/categories?post=3008"},{"taxonomy":"post_tag","embeddable":true,"href":"https:\/\/ver-o-peso.com\/pt\/wp-json\/wp\/v2\/tags?post=3008"}],"curies":[{"name":"wp","href":"https:\/\/api.w.org\/{rel}","templated":true}]}}