{"id":3016,"date":"2025-06-24T13:29:02","date_gmt":"2025-06-24T16:29:02","guid":{"rendered":"https:\/\/ver-o-peso.com\/pt\/?p=3016"},"modified":"2025-07-01T21:38:54","modified_gmt":"2025-07-02T00:38:54","slug":"descubra-os-segredos-da-america-do-sul","status":"publish","type":"post","link":"https:\/\/ver-o-peso.com\/pt\/2025\/06\/24\/descubra-os-segredos-da-america-do-sul\/","title":{"rendered":"Descubra os segredos da Am\u00e9rica do Sul"},"content":{"rendered":"<div class=\"bot-name gds-title-s ng-tns-c2644251525-150 ng-star-inserted\"><\/div>\n<div class=\"response-content ng-tns-c2644251525-150\">\n<div id=\"model-response-message-contentr_912e818f30f8ea30\" class=\"markdown markdown-main-panel enable-updated-hr-color\" dir=\"ltr\">\n<hr \/>\n<h2 class=\"ai-optimize-7\">Am\u00e9rica do Sul: O Continente Que \u00c9 Zica!<\/h2>\n<p class=\"ai-optimize-8 ai-optimize-introduction\">Pensa num lugar cabuloso, meu camarada! A <b>Am\u00e9rica do Sul<\/b> \u00e9 um dos continentes mais irados do planeta, sem ca\u00f4. Com um territ\u00f3rio gigantesco de <b>17,8 milh\u00f5es de km\u00b2<\/b> e uma galera que chega junto, mais de <b>434 milh\u00f5es de habitantes<\/b>, \u00e9 a casa de <b>12 pa\u00edses<\/b> e ainda tem a <b>Guiana Francesa<\/b> no rol\u00ea.<\/p>\n<p class=\"ai-optimize-9\">A diversidade aqui \u00e9 de cair o queixo, par\u00e7a! A geografia \u00e9 de outro mundo: vai desde o verd\u00e3o da <b>Floresta Amaz\u00f4nica<\/b>, que \u00e9 um pulm\u00e3o pro planeta, at\u00e9 as montanhas sinistras da <b>Cordilheira dos Andes<\/b>, que rasgam o c\u00e9u. \u00c9 paisagem pra ningu\u00e9m botar defeito!<\/p>\n<hr \/>\n<h2 class=\"ai-optimize-14\">Am\u00e9rica do Sul: Tesouro Estrat\u00e9gico e Biodiversidade de Respeito<\/h2>\n<p class=\"ai-optimize-15\">E a\u00ed, par\u00e7a! A Am\u00e9rica do Sul n\u00e3o \u00e9 s\u00f3 um rostinho bonito, n\u00e3o. Ela tem um <b>papel estrat\u00e9gico<\/b> sinistro no cen\u00e1rio mundial, t\u00e1 ligado? A parada \u00e9 que a <b>biodiversidade<\/b> daqui \u00e9 coisa de cinema, \u00fanica no planeta!<\/p>\n<p class=\"ai-optimize-16\">Nossos <b>ecossistemas s\u00e3o variados<\/b> demais, e isso \u00e9 crucial pro equil\u00edbrio ambiental global. Pensa numa quantidade de vida, de esp\u00e9cie diferente, que a gente tem o dever de proteger. \u00c9 muita riqueza natural que o mundo inteiro se beneficia.<\/p>\n<p class=\"ai-optimize-17\">Explorar essa regi\u00e3o \u00e9 tipo embarcar numa viagem insana. \u00c9 se jogar de cabe\u00e7a em <b>hist\u00f3rias<\/b> que v\u00eam de longe, em <b>tradi\u00e7\u00f5es<\/b> que moldaram a nossa gente e em <b>paisagens<\/b> que te deixam de queixo ca\u00eddo e com o cora\u00e7\u00e3o batendo mais forte. \u00c9 pura inspira\u00e7\u00e3o, meu truta!<\/p>\n<p class=\"ai-optimize-18\">A Am\u00e9rica do Sul \u00e9 um <b>tesouro<\/b> que merece ser valorizado e conhecido de perto. Se liga nessa for\u00e7a!<\/p>\n<\/div>\n<\/div>\n<h3 class=\"ai-optimize-8\">Principais Pontos<\/h3>\n<ul>\n<li class=\"ai-optimize-9\">\u00c1rea territorial de 17,8 milh\u00f5es de km\u00b2.<\/li>\n<li class=\"ai-optimize-10\">Popula\u00e7\u00e3o de 434 milh\u00f5es de habitantes.<\/li>\n<li class=\"ai-optimize-11\">12 pa\u00edses e a Guiana Francesa.<\/li>\n<li class=\"ai-optimize-12\">Floresta Amaz\u00f4nica e Cordilheira dos Andes.<\/li>\n<li class=\"ai-optimize-13\">Import\u00e2ncia estrat\u00e9gica no contexto global.<\/li>\n<\/ul>\n<h2 class=\"ai-optimize-19\">Am\u00e9rica do Sul: Nosso Territ\u00f3rio \u00c9 Chave!<\/h2>\n<p class=\"ai-optimize-20\">Pensa num lugar estrat\u00e9gico no mapa, meu camarada! A <b>Am\u00e9rica do Sul<\/b> t\u00e1 localizada no hemisf\u00e9rio sul, cercada pelo <b>Oceano Atl\u00e2ntico<\/b> de um lado e o <b>Pac\u00edfico<\/b> do outro. Essa posi\u00e7\u00e3o \u00e9 tipo uma jogada de mestre, favorecendo as rotas mar\u00edtimas e as trocas comerciais que s\u00e3o essenciais pro desenrolar da economia. \u00c9 um lugar que conecta o mundo, t\u00e1 ligado?<\/p>\n<p class=\"ai-optimize-21\">Quase 80% do nosso territ\u00f3rio t\u00e1 ali na <b>zona intertropical<\/b>, pertinho da linha do Equador, bem aqui na nossa regi\u00e3o de Bel\u00e9m, onde o calor \u00e9 certo! Isso faz a gente ter uma <b>diversidade clim\u00e1tica<\/b> que \u00e9 de pirar a cabe\u00e7a: vai desde as florestas tropicais mais densas, que s\u00e3o um pulm\u00e3o pro planeta, at\u00e9 umas \u00e1reas des\u00e9rticas de rachar. A <b>Zona de Converg\u00eancia Intertropical<\/b> manda um papo forte nesse clima todo, fazendo a parada acontecer.<\/p>\n<p class=\"ai-optimize-22\">E tem mais, a conex\u00e3o com a Am\u00e9rica Central, ali na \u00e1rea entre a <b>Col\u00f4mbia e o Panam\u00e1<\/b>, s\u00f3 refor\u00e7a a import\u00e2ncia geopol\u00edtica dessa regi\u00e3o. Essa liga\u00e7\u00e3o facilita demais o tr\u00e2nsito da galera e das mercadorias, consolidando a Am\u00e9rica do Sul como um ponto-chave no mapa-m\u00fandi. \u00c9 um continente com muita hist\u00f3ria pra contar e muito futuro pra construir!<\/p>\n<h2 class=\"ai-optimize-18\">Geografia da Am\u00e9rica do Sul<\/h2>\n<h2 class=\"ai-optimize-23\">Geografia da Am\u00e9rica do Sul: Um Show de Contrastes Naturais<\/h2>\n<p class=\"ai-optimize-24\">Explorar a geografia daqui \u00e9 tipo descobrir um mundo de pura diferen\u00e7a, meu camarada! A gente tem de tudo um pouco, desde umas <b>montanhas gigantescas<\/b> que parecem tocar o c\u00e9u at\u00e9 umas <b>plan\u00edcies imensas<\/b> que se estendem at\u00e9 onde a vista alcan\u00e7a. O relevo sul-americano \u00e9 um dos mais variados do planeta, sem ca\u00f4!<\/p>\n<p class=\"ai-optimize-25\">Pensa na <b>Cordilheira dos Andes<\/b>, por exemplo. Essa corrente de montanhas \u00e9 um monstro! Se estende por mais de <b>7.000 km<\/b>, atravessando sete pa\u00edses e metendo a colher diretamente no clima e na vegeta\u00e7\u00e3o de cada lugar. \u00c9 tipo a espinha dorsal do nosso continente, e ela manda muito na temperatura, na chuva e no tipo de planta que nasce por ali.<\/p>\n<p class=\"ai-optimize-26\">\u00c9 um cen\u00e1rio que te deixa de queixo ca\u00eddo, com paisagens que mudam a cada quil\u00f4metro. \u00c9 muita beleza natural pra uma regi\u00e3o s\u00f3!<\/p>\n<p><img loading=\"lazy\" decoding=\"async\" class=\"aligncenter size-large wp-image-3018\" title=\"geografia am\u00e9rica\" src=\"https:\/\/ver-o-peso.com\/pt\/wp-content\/uploads\/2025\/06\/geografia-america-1024x1024.jpeg\" alt=\"geografia am\u00e9rica\" width=\"660\" height=\"660\" \/><\/p>\n<h2 class=\"ai-optimize-27\">Relevo Sul-Americano: Tr\u00eas Gigantes da Geografia<\/h2>\n<p class=\"ai-optimize-28\">Aqui na Am\u00e9rica do Sul, a gente tem tr\u00eas tipos de forma\u00e7\u00e3o de relevo que dominam a parada, t\u00e1 ligado? \u00c9 tipo um trio pesad\u00e3o que molda a paisagem: a <b>regi\u00e3o andina<\/b>, os <b>planaltos<\/b> e as <b>plan\u00edcies<\/b>.<\/p>\n<p class=\"ai-optimize-29\">A <b>Cordilheira dos Andes<\/b> \u00e9 a verdadeira estrela dessa fita! Ela \u00e9 a cadeia de montanhas <b>mais extensa do mundo<\/b>, meu camarada. Pensa em uns picos que voam acima dos 6.000 metros de altura, tipo uns arranha-c\u00e9us naturais! Essa parte \u00e9 de tirar o f\u00f4lego, com montanhas nevadas e paisagens que parecem de outro planeta.<\/p>\n<p class=\"ai-optimize-30\">E do outro lado da moeda, a gente tem as <b>plan\u00edcies<\/b>, que tamb\u00e9m s\u00e3o cruciais pro nosso continente. A <b>Plan\u00edcie Amaz\u00f4nica<\/b>, por exemplo, \u00e9 um gigante verde que n\u00e3o tem pra ningu\u00e9m! Ela \u00e9 essencial pra <b>biodiversidade<\/b> do nosso planeta, com uma quantidade de vida que \u00e9 inacredit\u00e1vel, e tamb\u00e9m \u00e9 vital pra <b>economia regional<\/b>, com rios que servem de rota e um monte de recurso natural.<\/p>\n<p class=\"ai-optimize-31\">Ent\u00e3o, \u00e9 essa mistura de montanhas gigantes, planaltos e plan\u00edcies imensas que faz do relevo da Am\u00e9rica do Sul um bagulho \u00fanico e de muita import\u00e2ncia, tanto pra natureza quanto pra galera que vive por aqui.<\/p>\n<h2 class=\"ai-optimize-32\">Clima Sul-Americano: Da Chuva \u00e0 Seca Extrema<\/h2>\n<p class=\"ai-optimize-33\">O clima aqui na Am\u00e9rica do Sul \u00e9 tipo uma montanha-russa, meu camarada! Varia demais de um canto pro outro. Pensa que a <b>zona equatorial<\/b>, que cobre quase 40% do nosso territ\u00f3rio \u2014 bem pertinho de Bel\u00e9m, por exemplo, onde a gente sabe o que \u00e9 calor e umidade! \u2014, \u00e9 a casa da <b>Floresta Amaz\u00f4nica<\/b>. L\u00e1, o bagulho \u00e9 <b>chuva intensa<\/b> o ano todo, um regime pluviom\u00e9trico que n\u00e3o d\u00e1 tr\u00e9gua. \u00c9 \u00e1gua que n\u00e3o acaba mais, mantendo a floresta no pique.<\/p>\n<p class=\"ai-optimize-34\">Mas do outro lado da moeda, no Chile, a gente tem o <b>Deserto do Atacama<\/b>. Essa parada \u00e9 uma das <b>\u00e1reas mais secas do mundo<\/b>, tipo n\u00e3o chove nunca! A precipita\u00e7\u00e3o \u00e9 quase zero. \u00c9 um contraste absurdo, que mostra como a geografia do nosso continente \u00e9 insana, n\u00e9?<\/p>\n<p class=\"ai-optimize-35\">Ent\u00e3o, \u00e9 essa varia\u00e7\u00e3o maluca de climas, do \u00famido equatorial ao \u00e1rido des\u00e9rtico, que faz da Am\u00e9rica do Sul um lugar com uma diversidade natural fora do comum.<\/p>\n<h2 class=\"ai-optimize-36\">Hidrografia Sul-Americana: O Reinado das \u00c1guas!<\/h2>\n<p class=\"ai-optimize-37\">Aqui na Am\u00e9rica do Sul, o que manda na hidrografia \u00e9 a <b>Bacia Amaz\u00f4nica<\/b>, meu camarada! Ela \u00e9 a <b>maior do mundo<\/b>, sem ca\u00f4, com uns 6,9 milh\u00f5es de km\u00b2 de puro poder aqu\u00e1tico. \u00c9 \u00e1gua que n\u00e3o acaba mais, alimentando a floresta e sustentando uma biodiversidade que \u00e9 coisa de outro planeta.<\/p>\n<p class=\"ai-optimize-38\">Mas n\u00e3o \u00e9 s\u00f3 o Amazonas que brilha, n\u00e3o! Outros rios, tipo o <b>Paran\u00e1<\/b> e o <b>Orinoco<\/b>, tamb\u00e9m s\u00e3o cruciais demais. Eles n\u00e3o servem s\u00f3 pra refrescar, t\u00e1 ligado? Desempenham um papel fundamental no <b>transporte<\/b>, levando a galera e as mercadorias pra l\u00e1 e pra c\u00e1, e tamb\u00e9m na <b>irriga\u00e7\u00e3o<\/b>, molhando a terra pra agricultura.<\/p>\n<p class=\"ai-optimize-39\">Essas bacias hidrogr\u00e1ficas s\u00e3o a vida da regi\u00e3o, meu truta! Elas s\u00e3o a base pra toda a <b>vegeta\u00e7\u00e3o<\/b> que a gente tem e pra <b>vida selvagem<\/b> que habita essas paradas. Sem esses rios, a fita seria outra, com certeza.<\/p>\n<table>\n<tbody>\n<tr>\n<th>Zona Clim\u00e1tica<\/th>\n<th>Caracter\u00edsticas<\/th>\n<th>Impacto Econ\u00f4mico<\/th>\n<\/tr>\n<tr>\n<td>Equatorial<\/td>\n<td>Chuvas intensas, alta umidade<\/td>\n<td>Agricultura e biodiversidade<\/td>\n<\/tr>\n<tr>\n<td>Tropical<\/td>\n<td>Esta\u00e7\u00f5es secas e chuvosas<\/td>\n<td>Pecu\u00e1ria e cultivo de gr\u00e3os<\/td>\n<\/tr>\n<tr>\n<td>\u00c1rido<\/td>\n<td>Baixa precipita\u00e7\u00e3o, desertos<\/td>\n<td>Minera\u00e7\u00e3o e turismo<\/td>\n<\/tr>\n<\/tbody>\n<\/table>\n<h2 class=\"ai-optimize-40\">Os Pa\u00edses da Am\u00e9rica do Sul e Suas Capitais<\/h2>\n<p>&nbsp;<\/p>\n<p class=\"ai-optimize-41\">A Am\u00e9rica do Sul \u00e9 um territ\u00f3rio irado, com uma galera que se espalha por <b>12 na\u00e7\u00f5es independentes<\/b> e ainda tem a <b>Guiana Francesa<\/b>, que \u00e9 tipo um pedacinho da Fran\u00e7a aqui no nosso peda\u00e7o. Cada um desses lugares tem uma vibe diferente, desde a geografia at\u00e9 a cultura.<\/p>\n<p class=\"ai-optimize-42\">O <b>Brasil<\/b>, nossa casa, \u00e9 o grand\u00e3o da \u00e1rea, com mais de 8,5 milh\u00f5es de km\u00b2. A capital, <b>Bras\u00edlia<\/b>, \u00e9 um show de arquitetura moderna, com as ideias do Niemeyer voando alto. J\u00e1 o <b>Suriname<\/b>, menorzinho, com s\u00f3 163.820 km\u00b2, \u00e9 menor no tamanho, mas gigante na hist\u00f3ria, com a capital <b>Paramaribo<\/b> cheia de causos pra contar.<\/p>\n<p class=\"ai-optimize-43\">Abaixo, se liga na lista completa dos pa\u00edses, suas capitais e a popula\u00e7\u00e3o, pra voc\u00ea ficar por dentro:<\/p>\n<hr \/>\n<div class=\"table-block-component\">\n<div class=\"table-block has-export-button\">\n<div class=\"table-content not-end-of-paragraph\">\n<table>\n<thead>\n<tr>\n<td>\n<p class=\"ai-optimize-44\">Pa\u00eds<\/p>\n<\/td>\n<td>\n<p class=\"ai-optimize-45\">Capital<\/p>\n<\/td>\n<td>\n<p class=\"ai-optimize-46\">Popula\u00e7\u00e3o (estimativa 2025)<\/p>\n<\/td>\n<\/tr>\n<\/thead>\n<tbody>\n<tr>\n<td>\n<p class=\"ai-optimize-47\"><b>Argentina<\/b><\/p>\n<\/td>\n<td>\n<p class=\"ai-optimize-48\">Buenos Aires<\/p>\n<\/td>\n<td>\n<p class=\"ai-optimize-49\">46.5 milh\u00f5es<\/p>\n<\/td>\n<\/tr>\n<tr>\n<td>\n<p class=\"ai-optimize-50\"><b>Bol\u00edvia<\/b><\/p>\n<\/td>\n<td>\n<p class=\"ai-optimize-51\">La Paz\/Sucre<\/p>\n<\/td>\n<td>\n<p class=\"ai-optimize-52\">12.5 milh\u00f5es<\/p>\n<\/td>\n<\/tr>\n<tr>\n<td>\n<p class=\"ai-optimize-53\"><b>Brasil<\/b><\/p>\n<\/td>\n<td>\n<p class=\"ai-optimize-54\">Bras\u00edlia<\/p>\n<\/td>\n<td>\n<p class=\"ai-optimize-55\">218.5 milh\u00f5es<\/p>\n<\/td>\n<\/tr>\n<tr>\n<td>\n<p class=\"ai-optimize-56\"><b>Chile<\/b><\/p>\n<\/td>\n<td>\n<p class=\"ai-optimize-57\">Santiago<\/p>\n<\/td>\n<td>\n<p class=\"ai-optimize-58\">19.9 milh\u00f5es<\/p>\n<\/td>\n<\/tr>\n<tr>\n<td>\n<p class=\"ai-optimize-59\"><b>Col\u00f4mbia<\/b><\/p>\n<\/td>\n<td>\n<p class=\"ai-optimize-60\">Bogot\u00e1<\/p>\n<\/td>\n<td>\n<p class=\"ai-optimize-61\">52.8 milh\u00f5es<\/p>\n<\/td>\n<\/tr>\n<tr>\n<td>\n<p class=\"ai-optimize-62\"><b>Equador<\/b><\/p>\n<\/td>\n<td>\n<p class=\"ai-optimize-63\">Quito<\/p>\n<\/td>\n<td>\n<p class=\"ai-optimize-64\">18.3 milh\u00f5es<\/p>\n<\/td>\n<\/tr>\n<tr>\n<td>\n<p class=\"ai-optimize-65\"><b>Guiana<\/b><\/p>\n<\/td>\n<td>\n<p class=\"ai-optimize-66\">Georgetown<\/p>\n<\/td>\n<td>\n<p class=\"ai-optimize-67\">0.8 milh\u00f5es<\/p>\n<\/td>\n<\/tr>\n<tr>\n<td>\n<p class=\"ai-optimize-68\"><b>Paraguai<\/b><\/p>\n<\/td>\n<td>\n<p class=\"ai-optimize-69\">Assun\u00e7\u00e3o<\/p>\n<\/td>\n<td>\n<p class=\"ai-optimize-70\">7.0 milh\u00f5es<\/p>\n<\/td>\n<\/tr>\n<tr>\n<td>\n<p class=\"ai-optimize-71\"><b>Peru<\/b><\/p>\n<\/td>\n<td>\n<p class=\"ai-optimize-72\">Lima<\/p>\n<\/td>\n<td>\n<p class=\"ai-optimize-73\">34.7 milh\u00f5es<\/p>\n<\/td>\n<\/tr>\n<tr>\n<td>\n<p class=\"ai-optimize-74\"><b>Suriname<\/b><\/p>\n<\/td>\n<td>\n<p class=\"ai-optimize-75\">Paramaribo<\/p>\n<\/td>\n<td>\n<p class=\"ai-optimize-76\">0.6 milh\u00f5es<\/p>\n<\/td>\n<\/tr>\n<tr>\n<td>\n<p class=\"ai-optimize-77\"><b>Uruguai<\/b><\/p>\n<\/td>\n<td>\n<p class=\"ai-optimize-78\">Montevid\u00e9u<\/p>\n<\/td>\n<td>\n<p class=\"ai-optimize-79\">3.5 milh\u00f5es<\/p>\n<\/td>\n<\/tr>\n<tr>\n<td>\n<p class=\"ai-optimize-80\"><b>Venezuela<\/b><\/p>\n<\/td>\n<td>\n<p class=\"ai-optimize-81\">Caracas<\/p>\n<\/td>\n<td>\n<p class=\"ai-optimize-82\">29.5 milh\u00f5es<\/p>\n<\/td>\n<\/tr>\n<tr>\n<td>\n<p class=\"ai-optimize-83\"><b>Guiana Francesa<\/b><\/p>\n<\/td>\n<td>\n<p class=\"ai-optimize-84\">Caiena<\/p>\n<\/td>\n<td>\n<p class=\"ai-optimize-85\">0.3 milh\u00f5es<\/p>\n<\/td>\n<\/tr>\n<\/tbody>\n<\/table>\n<\/div>\n<div class=\"table-footer hide-from-message-actions ng-star-inserted\"><button class=\"mdc-button mat-mdc-button-base mat-mdc-button mat-unthemed\"><span class=\"mdc-button__label\"><span class=\"export-sheets-button\">Exportar para as Planilhas<\/span><\/span><\/button><\/div>\n<\/div>\n<\/div>\n<table>\n<tbody>\n<tr>\n<th>Pa\u00eds<\/th>\n<th>Capital<\/th>\n<th>Popula\u00e7\u00e3o (2023)<\/th>\n<\/tr>\n<tr>\n<td>Argentina<\/td>\n<td>Buenos Aires<\/td>\n<td>45,8 milh\u00f5es<\/td>\n<\/tr>\n<tr>\n<td>Bol\u00edvia<\/td>\n<td>Sucre<\/td>\n<td>12,1 milh\u00f5es<\/td>\n<\/tr>\n<tr>\n<td>Brasil<\/td>\n<td>Bras\u00edlia<\/td>\n<td>216 milh\u00f5es<\/td>\n<\/tr>\n<tr>\n<td>Chile<\/td>\n<td>Santiago<\/td>\n<td>19,6 milh\u00f5es<\/td>\n<\/tr>\n<tr>\n<td>Col\u00f4mbia<\/td>\n<td>Bogot\u00e1<\/td>\n<td>52,1 milh\u00f5es<\/td>\n<\/tr>\n<tr>\n<td>Equador<\/td>\n<td>Quito<\/td>\n<td>18,2 milh\u00f5es<\/td>\n<\/tr>\n<tr>\n<td>Guiana<\/td>\n<td>Georgetown<\/td>\n<td>804 mil<\/td>\n<\/tr>\n<tr>\n<td>Guiana Francesa<\/td>\n<td>Cayenne<\/td>\n<td>301 mil<\/td>\n<\/tr>\n<tr>\n<td>Paraguai<\/td>\n<td>Assun\u00e7\u00e3o<\/td>\n<td>7,4 milh\u00f5es<\/td>\n<\/tr>\n<tr>\n<td>Peru<\/td>\n<td>Lima<\/td>\n<td>34 milh\u00f5es<\/td>\n<\/tr>\n<tr>\n<td>Suriname<\/td>\n<td>Paramaribo<\/td>\n<td>623 mil<\/td>\n<\/tr>\n<tr>\n<td>Uruguai<\/td>\n<td>Montevid\u00e9u<\/td>\n<td>3,5 milh\u00f5es<\/td>\n<\/tr>\n<tr>\n<td>Venezuela<\/td>\n<td>Caracas<\/td>\n<td>28,3 milh\u00f5es<\/td>\n<\/tr>\n<\/tbody>\n<\/table>\n<h2 class=\"ai-optimize-86\">Guiana Francesa: Um Pedacinho da Fran\u00e7a na Am\u00e9rica do Sul<\/h2>\n<p>&nbsp;<\/p>\n<p class=\"ai-optimize-87\">A <b>Guiana Francesa<\/b> merece um destaque especial nessa fita, meu camarada! Ela \u00e9 tipo um territ\u00f3rio ultramarino da Fran\u00e7a, o que significa que a cultura l\u00e1 \u00e9 uma mistura irada de <b>influ\u00eancias europeias e caribenhas<\/b>. Pensa numa galera que tem um p\u00e9 na Fran\u00e7a e outro no Caribe, com uma batucada diferente e umas tradi\u00e7\u00f5es \u00fanicas! A capital, <b>Caiena<\/b>, \u00e9 um verdadeiro centro cultural vibrante, com uma energia que te puxa pra dan\u00e7a.<\/p>\n<p class=\"ai-optimize-88\">Al\u00e9m disso, os sistemas de governo aqui na Am\u00e9rica do Sul variam pra caramba, viu? Tem pa\u00eds que \u00e9 <b>rep\u00fablica presidencial<\/b>, com um presidente mandando no peda\u00e7o, e outros que s\u00e3o <b>parlamentares<\/b>, onde o parlamento tem mais voz. Essa diversidade pol\u00edtica reflete bem a riqueza da nossa regi\u00e3o. E se for ver os dados atualizados de <b>IDH (\u00cdndice de Desenvolvimento Humano)<\/b> e <b>popula\u00e7\u00e3o<\/b>, a gente percebe como esses pa\u00edses evolu\u00edram ao longo do tempo, cada um no seu corre.<\/p>\n<hr \/>\n<h2 class=\"ai-optimize-89\">Mapa da Am\u00e9rica do Sul: Um Tesouro de Geografia<\/h2>\n<p class=\"ai-optimize-90\">Quando a gente joga no google o <b>mapa da Am\u00e9rica do Sul<\/b>, a gente se depara com uma geografia que \u00e9 de cair o queixo, meu truta! \u00c9 um territ\u00f3rio rico e complexo, que vai de um extremo ao outro: l\u00e1 no sul, o <b>Cabo Horn<\/b>, e l\u00e1 no norte, a <b>Punta Gallinas<\/b>. \u00c9 uma extens\u00e3o gigante que abriga acidentes geogr\u00e1ficos que s\u00e3o verdadeiros cart\u00f5es-postais.<\/p>\n<p class=\"ai-optimize-91\">Pensa na impon\u00eancia da <b>Cordilheira dos Andes<\/b>, que rasga o continente e influencia tudo, do clima \u00e0 vida da galera. E claro, a majestosa <b>Floresta Amaz\u00f4nica<\/b>, que \u00e9 um pulm\u00e3o pro mundo e um tesouro de biodiversidade, bem aqui, pertinho da gente em Bel\u00e9m. O mapa revela toda essa riqueza de relevo, rios e florestas que fazem da Am\u00e9rica do Sul um lugar \u00fanico no planeta.<\/p>\n<p><img loading=\"lazy\" decoding=\"async\" class=\"aligncenter size-large wp-image-3019\" title=\"mapa da am\u00e9rica sul\" src=\"https:\/\/ver-o-peso.com\/pt\/wp-content\/uploads\/2025\/06\/mapa-da-america-sul-1024x1024.jpeg\" alt=\"mapa da am\u00e9rica sul\" width=\"660\" height=\"660\" \/><\/p>\n<h2 class=\"ai-optimize-92\">Am\u00e9rica do Sul: Um Mosaico de Paisagens e Estrat\u00e9gia no Mapa<\/h2>\n<p>&nbsp;<\/p>\n<p class=\"ai-optimize-93\">A divis\u00e3o do nosso continente \u00e9 marcada por um contraste natural brabo, meu camarada! Pensa num lugar onde <b>montanhas gigantes<\/b>, <b>plan\u00edcies imensas<\/b> e <b>desertos secos<\/b> convivem lado a lado, criando um verdadeiro mosaico de paisagens. \u00c9 tipo uma colcha de retalhos natural, cada peda\u00e7o com sua vibe.<\/p>\n<p class=\"ai-optimize-94\">E n\u00e3o \u00e9 s\u00f3 beleza, n\u00e3o! As <b>rotas comerciais<\/b> e os <b>corredores bioce\u00e2nicos<\/b> que cortam a Am\u00e9rica do Sul s\u00e3o cruciais demais pra economia, tanto a daqui quanto a global. \u00c9 por essas vias que a mercadoria se move e o dinheiro gira, t\u00e1 ligado?<\/p>\n<hr \/>\n<p>&nbsp;<\/p>\n<h3 class=\"ai-optimize-95\">Mapeando a Riqueza e o Futuro<\/h3>\n<p>&nbsp;<\/p>\n<p class=\"ai-optimize-96\">Uma <b>an\u00e1lise detalhada dos mapas<\/b> \u00e9 o ouro pra entender essa regi\u00e3o. A gente consegue sobrepor os <b>recursos naturais<\/b> que temos com as <b>atividades econ\u00f4micas<\/b> que rolam. Isso facilita pra caramba o planejamento de infraestrutura, tipo onde construir uma estrada ou uma ponte, e tamb\u00e9m ajuda demais na conserva\u00e7\u00e3o do meio ambiente.<\/p>\n<p class=\"ai-optimize-97\">Hoje em dia, os <b>mapas interativos<\/b>, aqueles com v\u00e1rias camadas de informa\u00e7\u00e3o, s\u00e3o ferramentas valios\u00edssimas. Tanto pra quem pesquisa a geografia quanto pra quem decide os rumos do nosso continente, esses mapas d\u00e3o uma vis\u00e3o completa do que t\u00e1 acontecendo.<\/p>\n<hr \/>\n<h3 class=\"ai-optimize-98\">A Import\u00e2ncia da Representa\u00e7\u00e3o Certa<\/h3>\n<p class=\"ai-optimize-99\">Pra representar a Am\u00e9rica do Sul com precis\u00e3o, as <b>proje\u00e7\u00f5es cartogr\u00e1ficas adequadas<\/b> s\u00e3o fundamentais. Os <b>sistemas de coordenadas regionais<\/b>, tipo o UTM (Universal Transversal de Mercator), garantem que os dados no mapa sejam exatos, sem erro. Esses elementos s\u00e3o cruciais pra qualquer estudo geogr\u00e1fico s\u00e9rio e pra fazer um planejamento estrat\u00e9gico que realmente funcione, meu truta.<\/p>\n<p class=\"ai-optimize-100\">\u00c9 assim que a gente entende melhor o nosso territ\u00f3rio e se prepara pro futuro!<\/p>\n<table>\n<tbody>\n<tr>\n<th>Elemento Geogr\u00e1fico<\/th>\n<th>Caracter\u00edsticas<\/th>\n<th>Import\u00e2ncia<\/th>\n<\/tr>\n<tr>\n<td>Cabo Horn<\/td>\n<td>Ponto mais ao sul<\/td>\n<td>Navega\u00e7\u00e3o e turismo<\/td>\n<\/tr>\n<tr>\n<td>Punta Gallinas<\/td>\n<td>Ponto mais ao norte<\/td>\n<td>Geografia e pesquisa<\/td>\n<\/tr>\n<tr>\n<td>Cordilheira dos Andes<\/td>\n<td>Maior cadeia montanhosa<\/td>\n<td>Clima e biodiversidade<\/td>\n<\/tr>\n<tr>\n<td>Floresta Amaz\u00f4nica<\/td>\n<td>Maior floresta tropical<\/td>\n<td>Ecossistema global<\/td>\n<\/tr>\n<\/tbody>\n<\/table>\n<h2 class=\"ai-optimize-37\">Divis\u00e3o Regional da Am\u00e9rica do Sul<\/h2>\n<h2 class=\"ai-optimize-101\">Am\u00e9rica do Sul: Cada Regi\u00e3o, Uma Vibe Diferente<\/h2>\n<p>&nbsp;<\/p>\n<p class=\"ai-optimize-102\">A forma como a gente divide a Am\u00e9rica do Sul no mapa mostra bem a <b>diversidade geogr\u00e1fica e cultural<\/b> daqui. Essa separa\u00e7\u00e3o n\u00e3o \u00e9 \u00e0 toa, ela leva em conta tanto as paradas f\u00edsicas, tipo relevo e clima, quanto as coisas humanas, como a hist\u00f3ria e a economia de cada lugar. Entender essas regi\u00f5es \u00e9 essencial pra sacar as caracter\u00edsticas \u00fanicas de cada uma e a import\u00e2ncia delas no cen\u00e1rio global.<\/p>\n<hr \/>\n<p>&nbsp;<\/p>\n<h3 class=\"ai-optimize-103\">Am\u00e9rica Platina: Pampa, Gado e Mercosul<\/h3>\n<p>&nbsp;<\/p>\n<p class=\"ai-optimize-104\">A <b>Am\u00e9rica Platina<\/b> \u00e9 onde a Argentina, o Paraguai e o Uruguai mandam a brasa. Essa regi\u00e3o \u00e9 marcada por umas <b>plan\u00edcies f\u00e9rteis<\/b>, tipo a famosa Pampa, que \u00e9 o ouro pra agricultura e pra cria\u00e7\u00e3o de gado. A economia aqui gira em torno disso, t\u00e1 ligado? E o mais legal \u00e9 que a integra\u00e7\u00e3o comercial entre esses pa\u00edses \u00e9 forte, com acordos como o <b>Mercosul<\/b>, que d\u00e1 um g\u00e1s no desenvolvimento de toda a regi\u00e3o. \u00c9 a galera do Cone Sul se unindo pra crescer!<\/p>\n<hr \/>\n<p>&nbsp;<\/p>\n<h3 class=\"ai-optimize-105\">Am\u00e9rica Andina: Montanha, Mina e Cultura Ancestral<\/h3>\n<p>&nbsp;<\/p>\n<p class=\"ai-optimize-106\">J\u00e1 a <b>Am\u00e9rica Andina<\/b> \u00e9 a parte onde a <b>Cordilheira dos Andes<\/b> domina a paisagem. Seis pa\u00edses fazem parte dessa fita: Venezuela, Col\u00f4mbia, Equador, Peru, Bol\u00edvia e Chile. Essa regi\u00e3o \u00e9 conhecida por ter uma <b>biodiversidade rica<\/b> pra caramba e um monte de <b>recursos minerais<\/b> escondidos nas montanhas. A hist\u00f3ria aqui \u00e9 pesada, com uma <b>influ\u00eancia ind\u00edgena e pr\u00e9-colombiana<\/b> que marca a cultura e as tradi\u00e7\u00f5es. Mas, como nem tudo \u00e9 perfeito, essa \u00e1rea tamb\u00e9m enfrenta uns desafios, tipo a desigualdade social.<\/p>\n<hr \/>\n<h3 class=\"ai-optimize-107\">Guianas: Floresta, Min\u00e9rio e Mistura de Culturas<\/h3>\n<p class=\"ai-optimize-108\">As <b>Guianas<\/b> formam um trio: Guiana, Suriname e Guiana Francesa. Essa regi\u00e3o tem um <b>planalto \u00fanico<\/b> e umas <b>florestas tropicais densas<\/b> que s\u00e3o de tirar o f\u00f4lego. A economia por aqui \u00e9 diversificada, com destaque pra <b>minera\u00e7\u00e3o<\/b> e pro <b>turismo<\/b>. E a <b>Guiana Francesa<\/b> merece um salve especial, porque, como a gente j\u00e1 falou, ela \u00e9 um territ\u00f3rio da Fran\u00e7a e tem uma cultura singular, misturando as influ\u00eancias europeias com a vibe caribenha. \u00c9 um caldeir\u00e3o cultural!<\/p>\n<hr \/>\n<p class=\"ai-optimize-109\">No fim das contas, a divis\u00e3o regional sul-americana \u00e9 um reflexo de toda a <b>complexidade geogr\u00e1fica e hist\u00f3rica<\/b> que a gente tem, e d\u00e1 uma vis\u00e3o valiosa sobre como nosso continente evoluiu. \u00c9 tipo um livro aberto pra quem quer entender a Am\u00e9rica do Sul!<\/p>\n<p class=\"ai-optimize-45\">Para entender melhor as diferen\u00e7as entre essas <strong>regi\u00f5es<\/strong>, confira o comparativo abaixo:<\/p>\n<table>\n<tbody>\n<tr>\n<th>Regi\u00e3o<\/th>\n<th>Pa\u00edses<\/th>\n<th>Caracter\u00edsticas Principais<\/th>\n<\/tr>\n<tr>\n<td>Am\u00e9rica Platina<\/td>\n<td>Argentina, Paraguai, Uruguai<\/td>\n<td>Plan\u00edcies f\u00e9rteis, agricultura, integra\u00e7\u00e3o comercial<\/td>\n<\/tr>\n<tr>\n<td>Am\u00e9rica Andina<\/td>\n<td>Venezuela, Col\u00f4mbia, Equador, Peru, Bol\u00edvia, Chile<\/td>\n<td>Cordilheira dos Andes, biodiversidade, recursos minerais<\/td>\n<\/tr>\n<tr>\n<td>Guianas<\/td>\n<td>Guiana, Suriname, Guiana Francesa<\/td>\n<td>Planalto, florestas tropicais, minera\u00e7\u00e3o e turismo<\/td>\n<\/tr>\n<\/tbody>\n<\/table>\n<p class=\"ai-optimize-46\">Essa <strong>divis\u00e3o regional<\/strong> n\u00e3o apenas facilita o estudo geogr\u00e1fico, mas tamb\u00e9m destaca a import\u00e2ncia de cada \u00e1rea para o desenvolvimento econ\u00f4mico e cultural do continente. A an\u00e1lise hist\u00f3rica e a integra\u00e7\u00e3o comercial s\u00e3o fatores cruciais para compreender o papel dessas <strong>regi\u00f5es<\/strong> no cen\u00e1rio global.<\/p>\n<h2 class=\"ai-optimize-47\">Demografia da Am\u00e9rica do Sul<\/h2>\n<p class=\"ai-optimize-48\">A demografia sul-americana \u00e9 um reflexo de sua diversidade e transforma\u00e7\u00f5es recentes. Com uma <strong>popula\u00e7\u00e3o<\/strong> de mais de 434 milh\u00f5es de habitantes, o <strong>continente<\/strong> apresenta uma distribui\u00e7\u00e3o desigual, concentrada principalmente em \u00e1reas urbanas. Essa tend\u00eancia reflete mudan\u00e7as sociais e econ\u00f4micas que moldam o cen\u00e1rio atual.<\/p>\n<p><img loading=\"lazy\" decoding=\"async\" class=\"aligncenter size-large wp-image-3020\" title=\"demografia am\u00e9rica sul\" src=\"https:\/\/ver-o-peso.com\/pt\/wp-content\/uploads\/2025\/06\/demografia-america-sul-1024x1024.jpeg\" alt=\"demografia am\u00e9rica sul\" width=\"660\" height=\"660\" \/><\/p>\n<p class=\"ai-optimize-49\">Hoje, cerca de 80% da <strong>popula\u00e7\u00e3o<\/strong> vive em cidades, destacando-se S\u00e3o Paulo como a maior metr\u00f3pole, com mais de 20 milh\u00f5es de habitantes. Esse fen\u00f4meno de <strong>urbaniza\u00e7\u00e3o<\/strong> acelerada traz desafios e oportunidades para os <strong>pa\u00edses<\/strong> da regi\u00e3o.<\/p>\n<h3 class=\"ai-optimize-50\">Popula\u00e7\u00e3o e Distribui\u00e7\u00e3o Demogr\u00e1fica<\/h3>\n<p class=\"ai-optimize-51\">A distribui\u00e7\u00e3o da <strong>popula\u00e7\u00e3o<\/strong> no <strong>continente<\/strong> \u00e9 marcada por contrastes. Enquanto \u00e1reas como a costa leste e os grandes centros urbanos s\u00e3o densamente povoadas, regi\u00f5es como a Amaz\u00f4nia e o deserto do Atacama apresentam baixa ocupa\u00e7\u00e3o. Essa desigualdade reflete fatores hist\u00f3ricos, econ\u00f4micos e geogr\u00e1ficos.<\/p>\n<p class=\"ai-optimize-52\">Al\u00e9m disso, as migra\u00e7\u00f5es internas t\u00eam influenciado a din\u00e2mica demogr\u00e1fica. Muitas pessoas se deslocam de \u00e1reas rurais para cidades em busca de melhores oportunidades, contribuindo para o crescimento das metr\u00f3poles.<\/p>\n<h3 class=\"ai-optimize-53\">Densidade Demogr\u00e1fica e Urbaniza\u00e7\u00e3o<\/h3>\n<p class=\"ai-optimize-54\">A <strong>densidade<\/strong> m\u00e9dia da regi\u00e3o \u00e9 de 24,9 habitantes por km\u00b2, mas esse n\u00famero varia significativamente entre os <strong>pa\u00edses<\/strong>. Enquanto o Uruguai e a Argentina apresentam taxas mais altas, o Suriname e a Guiana t\u00eam densidades bem menores.<\/p>\n<p class=\"ai-optimize-55\">A <strong>urbaniza\u00e7\u00e3o<\/strong> acelerada trouxe benef\u00edcios, como o acesso a servi\u00e7os e infraestrutura, mas tamb\u00e9m desafios, como a falta de moradia adequada e a press\u00e3o sobre os recursos naturais. Pol\u00edticas habitacionais e planejamento urbano s\u00e3o essenciais para enfrentar esses problemas.<\/p>\n<table>\n<tbody>\n<tr>\n<th>Pa\u00eds<\/th>\n<th>Taxa de Urbaniza\u00e7\u00e3o (%)<\/th>\n<th>Popula\u00e7\u00e3o Urbana (milh\u00f5es)<\/th>\n<\/tr>\n<tr>\n<td>Brasil<\/td>\n<td>87<\/td>\n<td>188<\/td>\n<\/tr>\n<tr>\n<td>Argentina<\/td>\n<td>92<\/td>\n<td>42<\/td>\n<\/tr>\n<tr>\n<td>Chile<\/td>\n<td>88<\/td>\n<td>17<\/td>\n<\/tr>\n<tr>\n<td>Col\u00f4mbia<\/td>\n<td>81<\/td>\n<td>42<\/td>\n<\/tr>\n<tr>\n<td>Peru<\/td>\n<td>79<\/td>\n<td>27<\/td>\n<\/tr>\n<\/tbody>\n<\/table>\n<p class=\"ai-optimize-56\">Proje\u00e7\u00f5es indicam que, at\u00e9 2050, a <strong>popula\u00e7\u00e3o<\/strong> urbana continuar\u00e1 crescendo, exigindo a\u00e7\u00f5es estrat\u00e9gicas para garantir qualidade de vida e sustentabilidade. A an\u00e1lise dessas tend\u00eancias \u00e9 crucial para o desenvolvimento futuro do <strong>continente<\/strong>.<\/p>\n<h2 class=\"ai-optimize-57\">Economia da Am\u00e9rica do Sul<\/h2>\n<p class=\"ai-optimize-58\">Com um PIB total de US$ 3,5 trilh\u00f5es, a regi\u00e3o se destaca no cen\u00e1rio global. A <strong>economia<\/strong> sul-americana \u00e9 impulsionada por tr\u00eas setores principais: prim\u00e1rio, secund\u00e1rio e terci\u00e1rio. Cada um deles desempenha um papel crucial no desenvolvimento regional e na gera\u00e7\u00e3o de riqueza.<\/p>\n<h3 class=\"ai-optimize-59\">Setor Prim\u00e1rio: Agricultura e Minera\u00e7\u00e3o<\/h3>\n<p class=\"ai-optimize-60\">O <strong>setor prim\u00e1rio<\/strong> \u00e9 a base da economia, com destaque para a <strong>agropecu\u00e1ria<\/strong> e a minera\u00e7\u00e3o. A regi\u00e3o \u00e9 uma das maiores exportadoras de <strong>commodities<\/strong>, como soja, caf\u00e9, carne bovina e min\u00e9rios. O Brasil lidera esse segmento, sendo respons\u00e1vel por 51% do PIB regional.<\/p>\n<p class=\"ai-optimize-61\">Al\u00e9m disso, a <strong>exporta\u00e7\u00e3o<\/strong> de produtos agr\u00edcolas e minerais \u00e9 essencial para o equil\u00edbrio comercial. No entanto, as flutua\u00e7\u00f5es nos pre\u00e7os das <strong>commodities<\/strong> representam um desafio constante para a estabilidade econ\u00f4mica.<\/p>\n<h3 class=\"ai-optimize-62\">Setor Secund\u00e1rio: Ind\u00fastria e Manufatura<\/h3>\n<p class=\"ai-optimize-63\">O setor secund\u00e1rio, embora menos desenvolvido que o prim\u00e1rio, \u00e9 vital para a diversifica\u00e7\u00e3o da <strong>economia<\/strong>. A ind\u00fastria de transforma\u00e7\u00e3o e a manufatura est\u00e3o concentradas principalmente no Brasil e na Argentina. Esses pa\u00edses investem em cadeias produtivas estrat\u00e9gicas, como automotiva, t\u00eaxtil e petroqu\u00edmica.<\/p>\n<p class=\"ai-optimize-64\">A industrializa\u00e7\u00e3o enfrenta desafios, como a falta de infraestrutura e a depend\u00eancia de tecnologias importadas. A supera\u00e7\u00e3o desses obst\u00e1culos \u00e9 crucial para o crescimento sustent\u00e1vel.<\/p>\n<h3 class=\"ai-optimize-65\">Setor Terci\u00e1rio: Servi\u00e7os e Com\u00e9rcio<\/h3>\n<p class=\"ai-optimize-66\">O setor terci\u00e1rio \u00e9 o que mais cresce na regi\u00e3o, impulsionado pelo com\u00e9rcio e pelos servi\u00e7os. Turismo, finan\u00e7as e tecnologia s\u00e3o \u00e1reas em expans\u00e3o, especialmente em pa\u00edses como Chile e Uruguai. O Chile, por exemplo, lidera em PIB per capita, com US$ 16.265.<\/p>\n<p class=\"ai-optimize-67\">O com\u00e9rcio intra-regional tamb\u00e9m ganha for\u00e7a, com acordos como o Mercosul facilitando a integra\u00e7\u00e3o econ\u00f4mica. Essa colabora\u00e7\u00e3o \u00e9 essencial para fortalecer a <strong>economia<\/strong> local e global.<\/p>\n<table>\n<tbody>\n<tr>\n<th>Setor<\/th>\n<th>Atividades Principais<\/th>\n<th>Impacto Econ\u00f4mico<\/th>\n<\/tr>\n<tr>\n<td>Prim\u00e1rio<\/td>\n<td>Agropecu\u00e1ria, minera\u00e7\u00e3o<\/td>\n<td>Exporta\u00e7\u00e3o de commodities<\/td>\n<\/tr>\n<tr>\n<td>Secund\u00e1rio<\/td>\n<td>Ind\u00fastria, manufatura<\/td>\n<td>Diversifica\u00e7\u00e3o econ\u00f4mica<\/td>\n<\/tr>\n<tr>\n<td>Terci\u00e1rio<\/td>\n<td>Servi\u00e7os, com\u00e9rcio<\/td>\n<td>Crescimento sustent\u00e1vel<\/td>\n<\/tr>\n<\/tbody>\n<\/table>\n<h2 class=\"ai-optimize-68\">Cultura da Am\u00e9rica do Sul<\/h2>\n<p class=\"ai-optimize-69\">A riqueza cultural dessa regi\u00e3o \u00e9 um reflexo de sua hist\u00f3ria e diversidade. Influenciada pela <strong>coloniza\u00e7\u00e3o<\/strong>, pela <strong>miscigena\u00e7\u00e3o<\/strong> e pelas tradi\u00e7\u00f5es ind\u00edgenas, a <strong>cultura<\/strong> local \u00e9 uma mistura \u00fanica de elementos antigos e modernos.<\/p>\n<p><img loading=\"lazy\" decoding=\"async\" class=\"aligncenter size-large wp-image-3021\" title=\"cultura am\u00e9rica sul\" src=\"https:\/\/ver-o-peso.com\/pt\/wp-content\/uploads\/2025\/06\/cultura-america-sul-1024x1024.jpeg\" alt=\"cultura am\u00e9rica sul\" width=\"660\" height=\"660\" \/><\/p>\n<h3 class=\"ai-optimize-70\">L\u00ednguas e Dialetos<\/h3>\n<p class=\"ai-optimize-71\">Com mais de 210 <strong>l\u00ednguas<\/strong> ind\u00edgenas ativas, a diversidade lingu\u00edstica \u00e9 impressionante. Al\u00e9m do espanhol e do portugu\u00eas, idiomas como o guarani e o qu\u00edchua s\u00e3o amplamente falados. Essa variedade \u00e9 um testemunho da rica heran\u00e7a pr\u00e9-colombiana.<\/p>\n<p class=\"ai-optimize-72\">O mapeamento lingu\u00edstico detalhado revela como essas <strong>l\u00ednguas<\/strong> se mant\u00eam vivas, especialmente em comunidades rurais. Essa preserva\u00e7\u00e3o \u00e9 crucial para a identidade cultural da regi\u00e3o.<\/p>\n<h3 class=\"ai-optimize-73\">Religi\u00f5es e Cren\u00e7as<\/h3>\n<p class=\"ai-optimize-74\">A <strong>coloniza\u00e7\u00e3o<\/strong> europeia trouxe o catolicismo, que hoje representa 63% da popula\u00e7\u00e3o. No entanto, o sincretismo religioso \u00e9 marcante, com pr\u00e1ticas que misturam cren\u00e7as ind\u00edgenas, africanas e crist\u00e3s.<\/p>\n<p class=\"ai-optimize-75\">Estudos de caso mostram como essa fus\u00e3o cria rituais \u00fanicos, como as festas de Iemanj\u00e1 no Brasil. Essa diversidade religiosa \u00e9 um pilar da <strong>cultura<\/strong> local.<\/p>\n<h3 class=\"ai-optimize-76\">Festivais e Tradi\u00e7\u00f5es<\/h3>\n<p class=\"ai-optimize-77\">Os <strong>festivais<\/strong> s\u00e3o express\u00f5es vibrantes da <strong>cultura<\/strong> sul-americana. O Carnaval, por exemplo, atrai mais de 5 milh\u00f5es de turistas anualmente, sendo um dos eventos mais emblem\u00e1ticos do mundo.<\/p>\n<p class=\"ai-optimize-78\">Outras celebra\u00e7\u00f5es, como o Inti Raymi no Peru e o Dia dos Mortos no M\u00e9xico, destacam a riqueza do patrim\u00f4nio imaterial. Esses eventos s\u00e3o fundamentais para o turismo cultural e a preserva\u00e7\u00e3o das tradi\u00e7\u00f5es.<\/p>\n<ul>\n<li class=\"ai-optimize-79\">Mapeamento lingu\u00edstico detalhado.<\/li>\n<li class=\"ai-optimize-80\">Sincretismo religioso em estudo de caso.<\/li>\n<li class=\"ai-optimize-81\">Calend\u00e1rio de eventos culturais relevantes.<\/li>\n<li class=\"ai-optimize-82\">An\u00e1lise do patrim\u00f4nio imaterial da UNESCO.<\/li>\n<li class=\"ai-optimize-83\">Impacto do turismo cultural.<\/li>\n<\/ul>\n<h2 class=\"ai-optimize-84\">Hist\u00f3ria da Am\u00e9rica do Sul<\/h2>\n<p class=\"ai-optimize-85\">Desde os primeiros povos at\u00e9 os dias atuais, a trajet\u00f3ria dessa regi\u00e3o \u00e9 fascinante. A <strong>hist\u00f3ria<\/strong> sul-americana \u00e9 marcada por eventos que moldaram sua identidade cultural, pol\u00edtica e social. Vamos explorar tr\u00eas momentos cruciais: o per\u00edodo pr\u00e9-colombiano, a coloniza\u00e7\u00e3o europeia e a independ\u00eancia.<\/p>\n<h3 class=\"ai-optimize-86\">Per\u00edodo Pr\u00e9-Colombiano<\/h3>\n<p class=\"ai-optimize-87\">As <strong>civiliza\u00e7\u00f5es pr\u00e9-colombianas<\/strong> deixaram um legado impressionante. A Civiliza\u00e7\u00e3o de Caral, com mais de 5.000 anos, \u00e9 considerada uma das mais antigas do mundo. Outros povos, como os incas e os maias, desenvolveram sistemas avan\u00e7ados de agricultura, arquitetura e astronomia.<\/p>\n<p class=\"ai-optimize-88\">A queda do Imp\u00e9rio Inca em 1532 marcou o fim desse per\u00edodo. Ainda hoje, s\u00edtios arqueol\u00f3gicos como Machu Picchu s\u00e3o testemunhos da grandiosidade dessas culturas.<\/p>\n<h3 class=\"ai-optimize-89\">Coloniza\u00e7\u00e3o Europeia<\/h3>\n<p class=\"ai-optimize-90\">A <strong>coloniza\u00e7\u00e3o<\/strong> europeia come\u00e7ou no s\u00e9culo XVI, com a chegada dos espanh\u00f3is e portugueses. Esse processo trouxe mudan\u00e7as profundas, como a introdu\u00e7\u00e3o do cristianismo e a explora\u00e7\u00e3o de recursos naturais.<\/p>\n<p class=\"ai-optimize-91\">O legado arquitet\u00f4nico desse per\u00edodo \u00e9 vis\u00edvel em cidades como Quito e Salvador, com suas igrejas e fortalezas. No entanto, a coloniza\u00e7\u00e3o tamb\u00e9m gerou conflitos e a marginaliza\u00e7\u00e3o das popula\u00e7\u00f5es ind\u00edgenas.<\/p>\n<h3 class=\"ai-optimize-92\">Independ\u00eancia e Forma\u00e7\u00e3o dos Estados<\/h3>\n<p class=\"ai-optimize-93\">No s\u00e9culo XIX, movimentos de <strong>independ\u00eancia<\/strong> surgiram em toda a regi\u00e3o. L\u00edderes como Sim\u00f3n Bol\u00edvar e Jos\u00e9 de San Mart\u00edn lutaram pela liberta\u00e7\u00e3o do dom\u00ednio europeu. A Bol\u00edvia foi o \u00faltimo pa\u00eds a conquistar sua independ\u00eancia, em 1825.<\/p>\n<p class=\"ai-optimize-94\">Esse per\u00edodo tamb\u00e9m foi marcado pela forma\u00e7\u00e3o de Estados nacionais e pela busca de identidade pol\u00edtica. No entanto, o s\u00e9culo XX trouxe desafios, como as ditaduras militares que afetaram v\u00e1rios pa\u00edses.<\/p>\n<table>\n<tbody>\n<tr>\n<th>Per\u00edodo<\/th>\n<th>Evento Principal<\/th>\n<th>Impacto<\/th>\n<\/tr>\n<tr>\n<td>Pr\u00e9-Colombiano<\/td>\n<td>Civiliza\u00e7\u00e3o de Caral<\/td>\n<td>Desenvolvimento cultural e arquitet\u00f4nico<\/td>\n<\/tr>\n<tr>\n<td>Coloniza\u00e7\u00e3o<\/td>\n<td>Queda do Imp\u00e9rio Inca<\/td>\n<td>Mudan\u00e7as sociais e econ\u00f4micas<\/td>\n<\/tr>\n<tr>\n<td>Independ\u00eancia<\/td>\n<td>Liberta\u00e7\u00e3o da Bol\u00edvia<\/td>\n<td>Forma\u00e7\u00e3o de Estados nacionais<\/td>\n<\/tr>\n<\/tbody>\n<\/table>\n<h2 class=\"ai-optimize-95\">Infraestrutura da Am\u00e9rica do Sul<\/h2>\n<p class=\"ai-optimize-96\">A <strong>infraestrutura<\/strong> da regi\u00e3o sul-americana \u00e9 um dos pilares fundamentais para o desenvolvimento econ\u00f4mico e social. Com desafios e oportunidades, a \u00e1rea de <strong>transportes<\/strong> e comunica\u00e7\u00f5es, al\u00e9m da gera\u00e7\u00e3o de <strong>energia<\/strong>, desempenha um papel crucial no crescimento regional.<\/p>\n<p><img loading=\"lazy\" decoding=\"async\" class=\"aligncenter size-large wp-image-3022\" title=\"infraestrutura am\u00e9rica sul\" src=\"https:\/\/ver-o-peso.com\/pt\/wp-content\/uploads\/2025\/06\/infraestrutura-america-sul-1024x1024.jpeg\" alt=\"infraestrutura am\u00e9rica sul\" width=\"660\" height=\"660\" \/><\/p>\n<h3 class=\"ai-optimize-97\">Transportes e Comunica\u00e7\u00f5es<\/h3>\n<p class=\"ai-optimize-98\">Os sistemas de <strong>transportes<\/strong> na regi\u00e3o enfrentam um d\u00e9ficit log\u00edstico de US$ 120 bilh\u00f5es por ano. Apesar disso, investimentos em corredores bioce\u00e2nicos e ferrovias est\u00e3o sendo realizados para melhorar a integra\u00e7\u00e3o f\u00edsica entre os pa\u00edses.<\/p>\n<p class=\"ai-optimize-99\">A conectividade digital tamb\u00e9m avan\u00e7a, com projetos para expandir o acesso \u00e0 internet em \u00e1reas rurais e urbanas. Essas iniciativas s\u00e3o essenciais para reduzir as desigualdades e impulsionar a economia.<\/p>\n<h3 class=\"ai-optimize-100\">Energia e Recursos Naturais<\/h3>\n<p class=\"ai-optimize-101\">A matriz energ\u00e9tica regional \u00e9 dominada por <strong>hidrel\u00e9tricas<\/strong>, respons\u00e1veis por 65% da produ\u00e7\u00e3o de <strong>energia<\/strong>. A usina de Itaipu, a segunda maior do mundo, \u00e9 um exemplo de sucesso nesse setor, gerando energia limpa e sustent\u00e1vel.<\/p>\n<p class=\"ai-optimize-102\">Investimentos em fontes renov\u00e1veis, como solar e e\u00f3lica, est\u00e3o crescendo, contribuindo para a diversifica\u00e7\u00e3o da matriz energ\u00e9tica. Esses esfor\u00e7os s\u00e3o fundamentais para garantir a seguran\u00e7a energ\u00e9tica e reduzir o impacto ambiental.<\/p>\n<ul>\n<li class=\"ai-optimize-103\">An\u00e1lise da matriz energ\u00e9tica regional.<\/li>\n<li class=\"ai-optimize-104\">Estudo de corredores bioce\u00e2nicos.<\/li>\n<li class=\"ai-optimize-105\">Desafios da integra\u00e7\u00e3o f\u00edsica.<\/li>\n<li class=\"ai-optimize-106\">Investimentos em energia renov\u00e1vel.<\/li>\n<li class=\"ai-optimize-107\">Dados sobre conectividade digital.<\/li>\n<\/ul>\n<h2 class=\"ai-optimize-108\">Curiosidades sobre a Am\u00e9rica do Sul<\/h2>\n<p class=\"ai-optimize-109\">Descubra fatos incr\u00edveis que tornam esta regi\u00e3o \u00fanica no mundo. Com uma diversidade impressionante, ela abriga alguns dos <strong>recordes mundiais<\/strong> mais fascinantes e <strong>patrim\u00f4nios naturais<\/strong> que encantam visitantes e pesquisadores.<\/p>\n<p class=\"ai-optimize-110\">O Monte Aconc\u00e1gua, por exemplo, \u00e9 o pico mais alto fora da \u00c1sia, com 6.962 metros de altitude. J\u00e1 o Lago Titicaca, localizado a 3.812 metros acima do n\u00edvel do mar, \u00e9 o lago naveg\u00e1vel mais alto do mundo. Esses s\u00e3o apenas alguns dos <strong>dados surpreendentes<\/strong> que destacam a singularidade desta \u00e1rea.<\/p>\n<p class=\"ai-optimize-111\">O Deserto do Atacama, no Chile, \u00e9 outro fen\u00f4meno natural impressionante. Ele \u00e9 50 vezes mais seco que o Vale da Morte, nos Estados Unidos, sendo considerado o deserto n\u00e3o polar mais \u00e1rido do planeta. Essas caracter\u00edsticas \u00fanicas fazem desta regi\u00e3o um verdadeiro tesouro geogr\u00e1fico.<\/p>\n<ul>\n<li class=\"ai-optimize-112\">Monte Aconc\u00e1gua: maior pico fora da \u00c1sia.<\/li>\n<li class=\"ai-optimize-113\">Lago Titicaca: lago naveg\u00e1vel mais alto do mundo.<\/li>\n<li class=\"ai-optimize-114\">Deserto do Atacama: deserto n\u00e3o polar mais \u00e1rido.<\/li>\n<\/ul>\n<p class=\"ai-optimize-115\">Al\u00e9m disso, a fauna e flora end\u00eamicas s\u00e3o outro destaque. Esp\u00e9cies como a arara-azul e a on\u00e7a-pintada s\u00e3o s\u00edmbolos da biodiversidade local. Esses <strong>patrim\u00f4nios naturais<\/strong> s\u00e3o essenciais para o equil\u00edbrio ambiental global.<\/p>\n<p class=\"ai-optimize-116\">Por fim, os registros hist\u00f3ricos pouco conhecidos tamb\u00e9m chamam a aten\u00e7\u00e3o. Desde civiliza\u00e7\u00f5es antigas at\u00e9 eventos marcantes, a hist\u00f3ria desta regi\u00e3o \u00e9 repleta de <strong>curiosidades<\/strong> que continuam a fascinar estudiosos e turistas.<\/p>\n<h2 class=\"ai-optimize-117\">Conclus\u00e3o<\/h2>\n<p class=\"ai-optimize-118\">Ao explorarmos a riqueza desta regi\u00e3o, percebemos sua import\u00e2ncia global e potencial transformador. A <strong>Am\u00e9rica Sul<\/strong> se destaca n\u00e3o apenas por sua biodiversidade, mas tamb\u00e9m por sua capacidade de integrar culturas e economias.<\/p>\n<p class=\"ai-optimize-119\">No entanto, os <strong>desafios<\/strong> s\u00e3o significativos. A preserva\u00e7\u00e3o ambiental e o desenvolvimento sustent\u00e1vel s\u00e3o prioridades urgentes. Ao mesmo tempo, as <strong>oportunidades<\/strong> de crescimento econ\u00f4mico e social s\u00e3o vastas, especialmente com uma maior <strong>integra\u00e7\u00e3o<\/strong> regional.<\/p>\n<p class=\"ai-optimize-120\">Para o <strong>futuro<\/strong>, \u00e9 essencial investir em pesquisas que promovam a conserva\u00e7\u00e3o e o uso respons\u00e1vel dos recursos naturais. Al\u00e9m disso, fortalecer a identidade cultural e hist\u00f3rica da regi\u00e3o \u00e9 fundamental para seu desenvolvimento cont\u00ednuo.<\/p>\n<p class=\"ai-optimize-121\">Conclu\u00edmos com um chamado \u00e0 a\u00e7\u00e3o: a <strong>Am\u00e9rica Sul<\/strong> precisa de esfor\u00e7os coletivos para superar seus <strong>desafios<\/strong> e aproveitar suas <strong>oportunidades<\/strong>. Somente assim poderemos garantir um <strong>futuro<\/strong> pr\u00f3spero e sustent\u00e1vel para todos.<\/p>\n<section class=\"schema-section\">\n<h2 class=\"ai-optimize-122\">FAQ<\/h2>\n<div>\n<h3 class=\"ai-optimize-123\">Quais s\u00e3o as principais forma\u00e7\u00f5es geogr\u00e1ficas da Am\u00e9rica do Sul?<\/h3>\n<div>\n<div>\n<p class=\"ai-optimize-124\">As principais forma\u00e7\u00f5es incluem a Cordilheira dos Andes, a Floresta Amaz\u00f4nica, o Deserto do Atacama e o Pantanal.<\/p>\n<\/div>\n<\/div>\n<\/div>\n<div>\n<h3 class=\"ai-optimize-125\">Quantos pa\u00edses comp\u00f5em a Am\u00e9rica do Sul?<\/h3>\n<div>\n<div>\n<p class=\"ai-optimize-126\">A regi\u00e3o \u00e9 formada por 12 pa\u00edses, al\u00e9m da Guiana Francesa, um territ\u00f3rio ultramarino da Fran\u00e7a.<\/p>\n<\/div>\n<\/div>\n<\/div>\n<div>\n<h3 class=\"ai-optimize-127\">Qual \u00e9 o clima predominante na Am\u00e9rica do Sul?<\/h3>\n<div>\n<div>\n<p class=\"ai-optimize-128\">O clima varia bastante, mas predomina o tropical \u00famido na maior parte da regi\u00e3o, com \u00e1reas de clima equatorial, des\u00e9rtico e temperado.<\/p>\n<\/div>\n<\/div>\n<\/div>\n<div>\n<h3 class=\"ai-optimize-129\">Quais s\u00e3o as principais bacias hidrogr\u00e1ficas da Am\u00e9rica do Sul?<\/h3>\n<div>\n<div>\n<p class=\"ai-optimize-130\">As principais s\u00e3o a Bacia Amaz\u00f4nica, a Bacia do Prata e a Bacia do Orinoco.<\/p>\n<\/div>\n<\/div>\n<\/div>\n<div>\n<h3 class=\"ai-optimize-131\">Qual \u00e9 a densidade demogr\u00e1fica da Am\u00e9rica do Sul?<\/h3>\n<div>\n<div>\n<p class=\"ai-optimize-132\">A densidade \u00e9 de aproximadamente 25 habitantes por quil\u00f4metro quadrado, com concentra\u00e7\u00e3o maior nas \u00e1reas urbanas.<\/p>\n<\/div>\n<\/div>\n<\/div>\n<div>\n<h3 class=\"ai-optimize-133\">Quais s\u00e3o os setores econ\u00f4micos mais importantes da Am\u00e9rica do Sul?<\/h3>\n<div>\n<div>\n<p class=\"ai-optimize-134\">O setor prim\u00e1rio, com agricultura e minera\u00e7\u00e3o, o secund\u00e1rio, com ind\u00fastria, e o terci\u00e1rio, com servi\u00e7os, s\u00e3o os mais relevantes.<\/p>\n<\/div>\n<\/div>\n<\/div>\n<div>\n<h3 class=\"ai-optimize-135\">Quais l\u00ednguas s\u00e3o faladas na Am\u00e9rica do Sul?<\/h3>\n<div>\n<div>\n<p class=\"ai-optimize-136\">O portugu\u00eas e o espanhol s\u00e3o as mais faladas, al\u00e9m de idiomas ind\u00edgenas e o holand\u00eas no Suriname.<\/p>\n<\/div>\n<\/div>\n<\/div>\n<div>\n<h3 class=\"ai-optimize-137\">Quais foram os principais eventos hist\u00f3ricos da Am\u00e9rica do Sul?<\/h3>\n<div>\n<div>\n<p class=\"ai-optimize-138\">Destacam-se o per\u00edodo pr\u00e9-colombiano, a coloniza\u00e7\u00e3o europeia e as lutas pela independ\u00eancia no s\u00e9culo XIX.<\/p>\n<\/div>\n<\/div>\n<\/div>\n<div>\n<h3 class=\"ai-optimize-139\">Como \u00e9 a infraestrutura de transportes na Am\u00e9rica do Sul?<\/h3>\n<div>\n<div>\n<p class=\"ai-optimize-140\">A infraestrutura varia entre os pa\u00edses, com redes rodovi\u00e1rias extensas, mas ainda h\u00e1 desafios em \u00e1reas remotas.<\/p>\n<\/div>\n<\/div>\n<\/div>\n<div>\n<h3 class=\"ai-optimize-141\">Quais s\u00e3o algumas curiosidades sobre a Am\u00e9rica do Sul?<\/h3>\n<div>\n<div>\n<p class=\"ai-optimize-142\">A regi\u00e3o abriga o maior rio do mundo, o Amazonas, e o deserto mais seco, o Atacama, al\u00e9m de uma biodiversidade impressionante.<\/p>\n<\/div>\n<\/div>\n<\/div>\n<\/section>\n","protected":false},"excerpt":{"rendered":"<p>Am\u00e9rica do Sul: O Continente Que \u00c9 Zica! Pensa num lugar cabuloso, meu camarada! A Am\u00e9rica do Sul \u00e9 um dos continentes mais irados do planeta, sem ca\u00f4. Com um territ\u00f3rio gigantesco de 17,8 milh\u00f5es de km\u00b2 e uma galera que chega junto, mais de 434 milh\u00f5es de habitantes, \u00e9 a casa de 12 pa\u00edses &hellip; <a href=\"https:\/\/ver-o-peso.com\/pt\/2025\/06\/24\/descubra-os-segredos-da-america-do-sul\/\" class=\"more-link\">Continuar lendo <span class=\"screen-reader-text\">Descubra os segredos da Am\u00e9rica do Sul<\/span><\/a><\/p>\n","protected":false},"author":1,"featured_media":3017,"comment_status":"open","ping_status":"open","sticky":false,"template":"","format":"standard","meta":{"footnotes":""},"categories":[20,1],"tags":[214,218,216,217,215,219],"class_list":["post-3016","post","type-post","status-publish","format-standard","has-post-thumbnail","hentry","category-amazonia","category-sem-categoria","tag-america-do-sul","tag-aventuras-na-america-do-sul","tag-cenarios-naturais-da-america-do-sul","tag-cultura-sul-americana","tag-destinos-na-america-do-sul","tag-riquezas-naturais-da-america-do-sul"],"yoast_head":"<!-- This site is optimized with the Yoast SEO Premium plugin v25.3 (Yoast SEO v25.9) - https:\/\/yoast.com\/wordpress\/plugins\/seo\/ -->\n<title>Uncover the Secrets of South America<\/title>\n<meta name=\"description\" content=\"Conhe\u00e7a a Am\u00e9rica do Sul em profundidade com nosso guia atualizado e abrangente.\" \/>\n<meta name=\"robots\" content=\"index, follow, max-snippet:-1, max-image-preview:large, max-video-preview:-1\" \/>\n<link rel=\"canonical\" href=\"https:\/\/ver-o-peso.com\/pt\/2025\/06\/24\/descubra-os-segredos-da-america-do-sul\/\" \/>\n<meta property=\"og:locale\" content=\"pt_BR\" \/>\n<meta property=\"og:type\" content=\"article\" \/>\n<meta property=\"og:title\" content=\"Descubra os segredos da Am\u00e9rica do Sul\" \/>\n<meta property=\"og:description\" content=\"Conhe\u00e7a a Am\u00e9rica do Sul em profundidade com nosso guia atualizado e abrangente.\" \/>\n<meta property=\"og:url\" content=\"https:\/\/ver-o-peso.com\/pt\/2025\/06\/24\/descubra-os-segredos-da-america-do-sul\/\" \/>\n<meta property=\"og:site_name\" content=\"Ver-o-peso\" \/>\n<meta property=\"article:publisher\" content=\"https:\/\/fecebook.com\/jose.oliveira.913296\" \/>\n<meta property=\"article:published_time\" content=\"2025-06-24T16:29:02+00:00\" \/>\n<meta property=\"article:modified_time\" content=\"2025-07-02T00:38:54+00:00\" \/>\n<meta property=\"og:image\" content=\"https:\/\/ver-o-peso.com\/pt\/wp-content\/uploads\/2025\/06\/America-do-Sul.jpeg\" \/>\n\t<meta property=\"og:image:width\" content=\"1344\" \/>\n\t<meta property=\"og:image:height\" content=\"768\" \/>\n\t<meta property=\"og:image:type\" content=\"image\/jpeg\" \/>\n<meta name=\"author\" content=\"veropeso2025\" \/>\n<meta name=\"twitter:card\" content=\"summary_large_image\" \/>\n<meta name=\"twitter:label1\" content=\"Escrito por\" \/>\n\t<meta name=\"twitter:data1\" content=\"veropeso2025\" \/>\n\t<meta name=\"twitter:label2\" content=\"Est. tempo de leitura\" \/>\n\t<meta name=\"twitter:data2\" content=\"24 minutos\" \/>\n<script type=\"application\/ld+json\" class=\"yoast-schema-graph\">{\"@context\":\"https:\/\/schema.org\",\"@graph\":[{\"@type\":\"Article\",\"@id\":\"https:\/\/ver-o-peso.com\/pt\/2025\/06\/24\/descubra-os-segredos-da-america-do-sul\/#article\",\"isPartOf\":{\"@id\":\"https:\/\/ver-o-peso.com\/pt\/2025\/06\/24\/descubra-os-segredos-da-america-do-sul\/\"},\"author\":{\"name\":\"veropeso2025\",\"@id\":\"https:\/\/ver-o-peso.com\/pt\/#\/schema\/person\/9e9ad551726c390092238296ec769a06\"},\"headline\":\"Descubra os segredos da Am\u00e9rica do Sul\",\"datePublished\":\"2025-06-24T16:29:02+00:00\",\"dateModified\":\"2025-07-02T00:38:54+00:00\",\"mainEntityOfPage\":{\"@id\":\"https:\/\/ver-o-peso.com\/pt\/2025\/06\/24\/descubra-os-segredos-da-america-do-sul\/\"},\"wordCount\":5077,\"commentCount\":0,\"publisher\":{\"@id\":\"https:\/\/ver-o-peso.com\/pt\/#organization\"},\"image\":{\"@id\":\"https:\/\/ver-o-peso.com\/pt\/2025\/06\/24\/descubra-os-segredos-da-america-do-sul\/#primaryimage\"},\"thumbnailUrl\":\"https:\/\/ver-o-peso.com\/pt\/wp-content\/uploads\/2025\/06\/America-do-Sul.jpeg\",\"keywords\":[\"Am\u00e9rica do Sul\",\"Aventuras na Am\u00e9rica do Sul\",\"Cen\u00e1rios naturais da Am\u00e9rica do Sul\",\"Cultura sul-americana\",\"Destinos na Am\u00e9rica do Sul\",\"Riquezas naturais da Am\u00e9rica do Sul\"],\"articleSection\":[\"Amaz\u00f4nia\"],\"inLanguage\":\"pt-BR\",\"potentialAction\":[{\"@type\":\"CommentAction\",\"name\":\"Comment\",\"target\":[\"https:\/\/ver-o-peso.com\/pt\/2025\/06\/24\/descubra-os-segredos-da-america-do-sul\/#respond\"]}]},{\"@type\":\"WebPage\",\"@id\":\"https:\/\/ver-o-peso.com\/pt\/2025\/06\/24\/descubra-os-segredos-da-america-do-sul\/\",\"url\":\"https:\/\/ver-o-peso.com\/pt\/2025\/06\/24\/descubra-os-segredos-da-america-do-sul\/\",\"name\":\"Uncover the Secrets of South America\",\"isPartOf\":{\"@id\":\"https:\/\/ver-o-peso.com\/pt\/#website\"},\"primaryImageOfPage\":{\"@id\":\"https:\/\/ver-o-peso.com\/pt\/2025\/06\/24\/descubra-os-segredos-da-america-do-sul\/#primaryimage\"},\"image\":{\"@id\":\"https:\/\/ver-o-peso.com\/pt\/2025\/06\/24\/descubra-os-segredos-da-america-do-sul\/#primaryimage\"},\"thumbnailUrl\":\"https:\/\/ver-o-peso.com\/pt\/wp-content\/uploads\/2025\/06\/America-do-Sul.jpeg\",\"datePublished\":\"2025-06-24T16:29:02+00:00\",\"dateModified\":\"2025-07-02T00:38:54+00:00\",\"description\":\"Conhe\u00e7a a Am\u00e9rica do Sul em profundidade com nosso guia atualizado e abrangente.\",\"breadcrumb\":{\"@id\":\"https:\/\/ver-o-peso.com\/pt\/2025\/06\/24\/descubra-os-segredos-da-america-do-sul\/#breadcrumb\"},\"inLanguage\":\"pt-BR\",\"potentialAction\":[{\"@type\":\"ReadAction\",\"target\":[\"https:\/\/ver-o-peso.com\/pt\/2025\/06\/24\/descubra-os-segredos-da-america-do-sul\/\"]}]},{\"@type\":\"ImageObject\",\"inLanguage\":\"pt-BR\",\"@id\":\"https:\/\/ver-o-peso.com\/pt\/2025\/06\/24\/descubra-os-segredos-da-america-do-sul\/#primaryimage\",\"url\":\"https:\/\/ver-o-peso.com\/pt\/wp-content\/uploads\/2025\/06\/America-do-Sul.jpeg\",\"contentUrl\":\"https:\/\/ver-o-peso.com\/pt\/wp-content\/uploads\/2025\/06\/America-do-Sul.jpeg\",\"width\":1344,\"height\":768,\"caption\":\"Am\u00e9rica do Sul\"},{\"@type\":\"BreadcrumbList\",\"@id\":\"https:\/\/ver-o-peso.com\/pt\/2025\/06\/24\/descubra-os-segredos-da-america-do-sul\/#breadcrumb\",\"itemListElement\":[{\"@type\":\"ListItem\",\"position\":1,\"name\":\"In\u00edcio\",\"item\":\"https:\/\/ver-o-peso.com\/pt\/\"},{\"@type\":\"ListItem\",\"position\":2,\"name\":\"Descubra os segredos da Am\u00e9rica do Sul\"}]},{\"@type\":\"WebSite\",\"@id\":\"https:\/\/ver-o-peso.com\/pt\/#website\",\"url\":\"https:\/\/ver-o-peso.com\/pt\/\",\"name\":\"Ver-o-peso\",\"description\":\"Aqui tem de tudo da Amaz\u00f4nia\",\"publisher\":{\"@id\":\"https:\/\/ver-o-peso.com\/pt\/#organization\"},\"potentialAction\":[{\"@type\":\"SearchAction\",\"target\":{\"@type\":\"EntryPoint\",\"urlTemplate\":\"https:\/\/ver-o-peso.com\/pt\/?s={search_term_string}\"},\"query-input\":{\"@type\":\"PropertyValueSpecification\",\"valueRequired\":true,\"valueName\":\"search_term_string\"}}],\"inLanguage\":\"pt-BR\"},{\"@type\":\"Organization\",\"@id\":\"https:\/\/ver-o-peso.com\/pt\/#organization\",\"name\":\"Ver-o-peso\",\"url\":\"https:\/\/ver-o-peso.com\/pt\/\",\"logo\":{\"@type\":\"ImageObject\",\"inLanguage\":\"pt-BR\",\"@id\":\"https:\/\/ver-o-peso.com\/pt\/#\/schema\/logo\/image\/\",\"url\":\"https:\/\/ver-o-peso.com\/pt\/wp-content\/uploads\/2025\/05\/Logo-3.png\",\"contentUrl\":\"https:\/\/ver-o-peso.com\/pt\/wp-content\/uploads\/2025\/05\/Logo-3.png\",\"width\":210,\"height\":118,\"caption\":\"Ver-o-peso\"},\"image\":{\"@id\":\"https:\/\/ver-o-peso.com\/pt\/#\/schema\/logo\/image\/\"},\"sameAs\":[\"https:\/\/fecebook.com\/jose.oliveira.913296\",\"https:\/\/instagram.com\/riba.lages\",\"https:\/\/tiktok.com\/veropeso2025\"]},{\"@type\":\"Person\",\"@id\":\"https:\/\/ver-o-peso.com\/pt\/#\/schema\/person\/9e9ad551726c390092238296ec769a06\",\"name\":\"veropeso2025\",\"image\":{\"@type\":\"ImageObject\",\"inLanguage\":\"pt-BR\",\"@id\":\"https:\/\/ver-o-peso.com\/pt\/#\/schema\/person\/image\/\",\"url\":\"https:\/\/secure.gravatar.com\/avatar\/abbae2eadd0ca3e3064b32972a9f07e1ec00361a8e4784de939c3d52c9381ec6?s=96&d=mm&r=g\",\"contentUrl\":\"https:\/\/secure.gravatar.com\/avatar\/abbae2eadd0ca3e3064b32972a9f07e1ec00361a8e4784de939c3d52c9381ec6?s=96&d=mm&r=g\",\"caption\":\"veropeso2025\"},\"sameAs\":[\"https:\/\/ver-o-peso.com\/pt\"],\"url\":\"https:\/\/ver-o-peso.com\/pt\/author\/veropeso2025\/\"}]}<\/script>\n<!-- \/ Yoast SEO Premium plugin. -->","yoast_head_json":{"title":"Uncover the Secrets of South America","description":"Conhe\u00e7a a Am\u00e9rica do Sul em profundidade com nosso guia atualizado e abrangente.","robots":{"index":"index","follow":"follow","max-snippet":"max-snippet:-1","max-image-preview":"max-image-preview:large","max-video-preview":"max-video-preview:-1"},"canonical":"https:\/\/ver-o-peso.com\/pt\/2025\/06\/24\/descubra-os-segredos-da-america-do-sul\/","og_locale":"pt_BR","og_type":"article","og_title":"Descubra os segredos da Am\u00e9rica do Sul","og_description":"Conhe\u00e7a a Am\u00e9rica do Sul em profundidade com nosso guia atualizado e abrangente.","og_url":"https:\/\/ver-o-peso.com\/pt\/2025\/06\/24\/descubra-os-segredos-da-america-do-sul\/","og_site_name":"Ver-o-peso","article_publisher":"https:\/\/fecebook.com\/jose.oliveira.913296","article_published_time":"2025-06-24T16:29:02+00:00","article_modified_time":"2025-07-02T00:38:54+00:00","og_image":[{"width":1344,"height":768,"url":"https:\/\/ver-o-peso.com\/pt\/wp-content\/uploads\/2025\/06\/America-do-Sul.jpeg","type":"image\/jpeg"}],"author":"veropeso2025","twitter_card":"summary_large_image","twitter_misc":{"Escrito por":"veropeso2025","Est. tempo de leitura":"24 minutos"},"schema":{"@context":"https:\/\/schema.org","@graph":[{"@type":"Article","@id":"https:\/\/ver-o-peso.com\/pt\/2025\/06\/24\/descubra-os-segredos-da-america-do-sul\/#article","isPartOf":{"@id":"https:\/\/ver-o-peso.com\/pt\/2025\/06\/24\/descubra-os-segredos-da-america-do-sul\/"},"author":{"name":"veropeso2025","@id":"https:\/\/ver-o-peso.com\/pt\/#\/schema\/person\/9e9ad551726c390092238296ec769a06"},"headline":"Descubra os segredos da Am\u00e9rica do Sul","datePublished":"2025-06-24T16:29:02+00:00","dateModified":"2025-07-02T00:38:54+00:00","mainEntityOfPage":{"@id":"https:\/\/ver-o-peso.com\/pt\/2025\/06\/24\/descubra-os-segredos-da-america-do-sul\/"},"wordCount":5077,"commentCount":0,"publisher":{"@id":"https:\/\/ver-o-peso.com\/pt\/#organization"},"image":{"@id":"https:\/\/ver-o-peso.com\/pt\/2025\/06\/24\/descubra-os-segredos-da-america-do-sul\/#primaryimage"},"thumbnailUrl":"https:\/\/ver-o-peso.com\/pt\/wp-content\/uploads\/2025\/06\/America-do-Sul.jpeg","keywords":["Am\u00e9rica do Sul","Aventuras na Am\u00e9rica do Sul","Cen\u00e1rios naturais da Am\u00e9rica do Sul","Cultura sul-americana","Destinos na Am\u00e9rica do Sul","Riquezas naturais da Am\u00e9rica do Sul"],"articleSection":["Amaz\u00f4nia"],"inLanguage":"pt-BR","potentialAction":[{"@type":"CommentAction","name":"Comment","target":["https:\/\/ver-o-peso.com\/pt\/2025\/06\/24\/descubra-os-segredos-da-america-do-sul\/#respond"]}]},{"@type":"WebPage","@id":"https:\/\/ver-o-peso.com\/pt\/2025\/06\/24\/descubra-os-segredos-da-america-do-sul\/","url":"https:\/\/ver-o-peso.com\/pt\/2025\/06\/24\/descubra-os-segredos-da-america-do-sul\/","name":"Uncover the Secrets of South America","isPartOf":{"@id":"https:\/\/ver-o-peso.com\/pt\/#website"},"primaryImageOfPage":{"@id":"https:\/\/ver-o-peso.com\/pt\/2025\/06\/24\/descubra-os-segredos-da-america-do-sul\/#primaryimage"},"image":{"@id":"https:\/\/ver-o-peso.com\/pt\/2025\/06\/24\/descubra-os-segredos-da-america-do-sul\/#primaryimage"},"thumbnailUrl":"https:\/\/ver-o-peso.com\/pt\/wp-content\/uploads\/2025\/06\/America-do-Sul.jpeg","datePublished":"2025-06-24T16:29:02+00:00","dateModified":"2025-07-02T00:38:54+00:00","description":"Conhe\u00e7a a Am\u00e9rica do Sul em profundidade com nosso guia atualizado e abrangente.","breadcrumb":{"@id":"https:\/\/ver-o-peso.com\/pt\/2025\/06\/24\/descubra-os-segredos-da-america-do-sul\/#breadcrumb"},"inLanguage":"pt-BR","potentialAction":[{"@type":"ReadAction","target":["https:\/\/ver-o-peso.com\/pt\/2025\/06\/24\/descubra-os-segredos-da-america-do-sul\/"]}]},{"@type":"ImageObject","inLanguage":"pt-BR","@id":"https:\/\/ver-o-peso.com\/pt\/2025\/06\/24\/descubra-os-segredos-da-america-do-sul\/#primaryimage","url":"https:\/\/ver-o-peso.com\/pt\/wp-content\/uploads\/2025\/06\/America-do-Sul.jpeg","contentUrl":"https:\/\/ver-o-peso.com\/pt\/wp-content\/uploads\/2025\/06\/America-do-Sul.jpeg","width":1344,"height":768,"caption":"Am\u00e9rica do Sul"},{"@type":"BreadcrumbList","@id":"https:\/\/ver-o-peso.com\/pt\/2025\/06\/24\/descubra-os-segredos-da-america-do-sul\/#breadcrumb","itemListElement":[{"@type":"ListItem","position":1,"name":"In\u00edcio","item":"https:\/\/ver-o-peso.com\/pt\/"},{"@type":"ListItem","position":2,"name":"Descubra os segredos da Am\u00e9rica do Sul"}]},{"@type":"WebSite","@id":"https:\/\/ver-o-peso.com\/pt\/#website","url":"https:\/\/ver-o-peso.com\/pt\/","name":"Ver-o-peso","description":"Aqui tem de tudo da Amaz\u00f4nia","publisher":{"@id":"https:\/\/ver-o-peso.com\/pt\/#organization"},"potentialAction":[{"@type":"SearchAction","target":{"@type":"EntryPoint","urlTemplate":"https:\/\/ver-o-peso.com\/pt\/?s={search_term_string}"},"query-input":{"@type":"PropertyValueSpecification","valueRequired":true,"valueName":"search_term_string"}}],"inLanguage":"pt-BR"},{"@type":"Organization","@id":"https:\/\/ver-o-peso.com\/pt\/#organization","name":"Ver-o-peso","url":"https:\/\/ver-o-peso.com\/pt\/","logo":{"@type":"ImageObject","inLanguage":"pt-BR","@id":"https:\/\/ver-o-peso.com\/pt\/#\/schema\/logo\/image\/","url":"https:\/\/ver-o-peso.com\/pt\/wp-content\/uploads\/2025\/05\/Logo-3.png","contentUrl":"https:\/\/ver-o-peso.com\/pt\/wp-content\/uploads\/2025\/05\/Logo-3.png","width":210,"height":118,"caption":"Ver-o-peso"},"image":{"@id":"https:\/\/ver-o-peso.com\/pt\/#\/schema\/logo\/image\/"},"sameAs":["https:\/\/fecebook.com\/jose.oliveira.913296","https:\/\/instagram.com\/riba.lages","https:\/\/tiktok.com\/veropeso2025"]},{"@type":"Person","@id":"https:\/\/ver-o-peso.com\/pt\/#\/schema\/person\/9e9ad551726c390092238296ec769a06","name":"veropeso2025","image":{"@type":"ImageObject","inLanguage":"pt-BR","@id":"https:\/\/ver-o-peso.com\/pt\/#\/schema\/person\/image\/","url":"https:\/\/secure.gravatar.com\/avatar\/abbae2eadd0ca3e3064b32972a9f07e1ec00361a8e4784de939c3d52c9381ec6?s=96&d=mm&r=g","contentUrl":"https:\/\/secure.gravatar.com\/avatar\/abbae2eadd0ca3e3064b32972a9f07e1ec00361a8e4784de939c3d52c9381ec6?s=96&d=mm&r=g","caption":"veropeso2025"},"sameAs":["https:\/\/ver-o-peso.com\/pt"],"url":"https:\/\/ver-o-peso.com\/pt\/author\/veropeso2025\/"}]}},"_links":{"self":[{"href":"https:\/\/ver-o-peso.com\/pt\/wp-json\/wp\/v2\/posts\/3016","targetHints":{"allow":["GET"]}}],"collection":[{"href":"https:\/\/ver-o-peso.com\/pt\/wp-json\/wp\/v2\/posts"}],"about":[{"href":"https:\/\/ver-o-peso.com\/pt\/wp-json\/wp\/v2\/types\/post"}],"author":[{"embeddable":true,"href":"https:\/\/ver-o-peso.com\/pt\/wp-json\/wp\/v2\/users\/1"}],"replies":[{"embeddable":true,"href":"https:\/\/ver-o-peso.com\/pt\/wp-json\/wp\/v2\/comments?post=3016"}],"version-history":[{"count":5,"href":"https:\/\/ver-o-peso.com\/pt\/wp-json\/wp\/v2\/posts\/3016\/revisions"}],"predecessor-version":[{"id":3056,"href":"https:\/\/ver-o-peso.com\/pt\/wp-json\/wp\/v2\/posts\/3016\/revisions\/3056"}],"wp:featuredmedia":[{"embeddable":true,"href":"https:\/\/ver-o-peso.com\/pt\/wp-json\/wp\/v2\/media\/3017"}],"wp:attachment":[{"href":"https:\/\/ver-o-peso.com\/pt\/wp-json\/wp\/v2\/media?parent=3016"}],"wp:term":[{"taxonomy":"category","embeddable":true,"href":"https:\/\/ver-o-peso.com\/pt\/wp-json\/wp\/v2\/categories?post=3016"},{"taxonomy":"post_tag","embeddable":true,"href":"https:\/\/ver-o-peso.com\/pt\/wp-json\/wp\/v2\/tags?post=3016"}],"curies":[{"name":"wp","href":"https:\/\/api.w.org\/{rel}","templated":true}]}}