{"id":3163,"date":"2025-07-11T19:35:55","date_gmt":"2025-07-11T22:35:55","guid":{"rendered":"https:\/\/ver-o-peso.com\/pt\/?p=3163"},"modified":"2025-07-13T14:14:35","modified_gmt":"2025-07-13T17:14:35","slug":"o-problema-climatico-global-e-a-cop30-na-amazonia","status":"publish","type":"post","link":"https:\/\/ver-o-peso.com\/pt\/2025\/07\/11\/o-problema-climatico-global-e-a-cop30-na-amazonia\/","title":{"rendered":"O Problema Clim\u00e1tico Global e a COP30 na Amaz\u00f4nia"},"content":{"rendered":"<p class=\"ai-optimize-6 ai-optimize-introduction\" data-plugininputid=\"10\"><b data-plugininputid=\"11\">O Problema Clim\u00e1tico Global\u00a0<\/b><\/p>\n<p class=\"ai-optimize-7 ai-optimize-introduction\" data-plugininputid=\"12\"><span style=\"font-weight: 400;\" data-plugininputid=\"13\">O problema clim\u00e1tico global refere-se \u00e0s altera\u00e7\u00f5es significativas e duradouras nos padr\u00f5es clim\u00e1ticos da Terra, impulsionadas principalmente pelas atividades humanas. O aquecimento global, um componente central dessa quest\u00e3o, \u00e9 caracterizado pelo aumento das temperaturas m\u00e9dias da superf\u00edcie terrestre e dos oceanos. As principais causas incluem a queima de combust\u00edveis f\u00f3sseis (carv\u00e3o, petr\u00f3leo e g\u00e1s), o desmatamento e a agricultura intensiva, que liberam grandes quantidades de gases de efeito estufa (GEE) na atmosfera.\u00a0<\/span><\/p>\n<p class=\"ai-optimize-8\" data-plugininputid=\"16\"><b data-plugininputid=\"17\"><img loading=\"lazy\" decoding=\"async\" class=\"aligncenter wp-image-3167 size-large\" src=\"https:\/\/ver-o-peso.com\/pt\/wp-content\/uploads\/2025\/07\/cop30aa-1024x578.png\" alt=\"\" width=\"1024\" height=\"578\" \/>Efeitos e Consequ\u00eancias:\u00a0<\/b><\/p>\n<p class=\"ai-optimize-9\" data-plugininputid=\"18\"><span style=\"font-weight: 400;\" data-plugininputid=\"19\">Os efeitos do problema clim\u00e1tico s\u00e3o vastos e interconectados, impactando ecossistemas e sociedades em todo o mundo. Incluem:\u00a0<\/span><\/p>\n<p class=\"ai-optimize-10\" data-plugininputid=\"20\"><b data-plugininputid=\"21\">Eleva\u00e7\u00e3o das temperaturas: <\/b><span style=\"font-weight: 400;\" data-plugininputid=\"22\">Ondas de calor mais frequentes e intensas.\u00a0<\/span><\/p>\n<p class=\"ai-optimize-11\" data-plugininputid=\"23\"><b data-plugininputid=\"24\">Eventos clim\u00e1ticos extremos: <\/b><span style=\"font-weight: 400;\" data-plugininputid=\"25\">Tempestades mais potentes, secas prolongadas, inunda\u00e7\u00f5es e inc\u00eandios florestais.\u00a0<\/span><\/p>\n<p class=\"ai-optimize-12\" data-plugininputid=\"26\"><b data-plugininputid=\"27\">Derretimento de geleiras e calotas polares: <\/b><span style=\"font-weight: 400;\" data-plugininputid=\"28\">Contribuindo para o aumento do n\u00edvel do mar.\u00a0<\/span><\/p>\n<p class=\"ai-optimize-13\" data-plugininputid=\"29\"><b data-plugininputid=\"30\">Aumento do n\u00edvel do mar: <\/b><span style=\"font-weight: 400;\" data-plugininputid=\"31\">Amea\u00e7ando comunidades costeiras e ecossistemas marinhos.\u00a0<\/span><\/p>\n<p class=\"ai-optimize-14\" data-plugininputid=\"32\"><b data-plugininputid=\"33\">Impactos na biodiversidade: <\/b><span style=\"font-weight: 400;\" data-plugininputid=\"34\">Perda de habitats e extin\u00e7\u00e3o de esp\u00e9cies.\u00a0<\/span><\/p>\n<p class=\"ai-optimize-15\" data-plugininputid=\"35\"><b data-plugininputid=\"36\">Seguran\u00e7a alimentar e h\u00eddrica: <\/b><span style=\"font-weight: 400;\" data-plugininputid=\"37\">Redu\u00e7\u00e3o da produtividade agr\u00edcola e escassez de \u00e1gua.\u00a0<\/span><\/p>\n<p class=\"ai-optimize-16\" data-plugininputid=\"38\"><b data-plugininputid=\"39\">Sa\u00fade humana: <\/b><span style=\"font-weight: 400;\" data-plugininputid=\"40\">Propaga\u00e7\u00e3o de doen\u00e7as e problemas respirat\u00f3rios.<\/span><b data-plugininputid=\"41\">A COP30: Um Marco na Amaz\u00f4nia\u00a0<\/b><\/p>\n<p class=\"ai-optimize-18\" data-plugininputid=\"42\"><span style=\"font-weight: 400;\" data-plugininputid=\"43\">A 30\u00aa Confer\u00eancia das Partes (COP30) da Conven\u00e7\u00e3o-Quadro das Na\u00e7\u00f5es Unidas sobre Mudan\u00e7a do Clima (UNFCCC) ser\u00e1 realizada em Bel\u00e9m, Par\u00e1, Brasil, de 10 a 21 de novembro de 2025.\u00a0<\/span><\/p>\n<p class=\"ai-optimize-19\" data-plugininputid=\"44\"><b data-plugininputid=\"45\"><img loading=\"lazy\" decoding=\"async\" class=\"aligncenter wp-image-3169 size-large\" src=\"https:\/\/ver-o-peso.com\/pt\/wp-content\/uploads\/2025\/07\/cop30333-1024x578.png\" alt=\"\" width=\"1024\" height=\"578\" \/>Pa\u00edses Participantes:\u00a0<\/b><\/p>\n<p class=\"ai-optimize-20\" data-plugininputid=\"46\"><span style=\"font-weight: 400;\" data-plugininputid=\"47\">A COP \u00e9 composta por todos os pa\u00edses que assinaram e ratificaram a Conven\u00e7\u00e3o Quadro das Na\u00e7\u00f5es Unidas sobre Mudan\u00e7a do Clima (UNFCCC). Atualmente, <\/span><b data-plugininputid=\"48\">198 pa\u00edses <\/b><span style=\"font-weight: 400;\" data-plugininputid=\"49\">participam da UNFCCC, o que faz dela um dos maiores f\u00f3runs internacionais para discuss\u00f5es e negocia\u00e7\u00f5es clim\u00e1ticas.\u00a0<\/span><\/p>\n<p class=\"ai-optimize-21\" data-plugininputid=\"50\"><b data-plugininputid=\"51\">A Import\u00e2ncia da Amaz\u00f4nia como Sede:\u00a0<\/b><\/p>\n<p class=\"ai-optimize-22\" data-plugininputid=\"52\"><span style=\"font-weight: 400;\" data-plugininputid=\"53\">A escolha de Bel\u00e9m, no cora\u00e7\u00e3o da Amaz\u00f4nia, como sede da COP30 \u00e9 de import\u00e2ncia hist\u00f3rica e estrat\u00e9gica. Pela primeira vez, a confer\u00eancia clim\u00e1tica mais importante do mundo ser\u00e1 realizada dentro da maior floresta tropical do planeta, um bioma crucial para o equil\u00edbrio clim\u00e1tico global. Esta localiza\u00e7\u00e3o oferece uma oportunidade \u00fanica para:\u00a0<\/span><\/p>\n<p class=\"ai-optimize-23\" data-plugininputid=\"54\"><b data-plugininputid=\"55\">Focar na Amaz\u00f4nia: <\/b><span style=\"font-weight: 400;\" data-plugininputid=\"56\">Discutir a import\u00e2ncia da Amaz\u00f4nia e seus desafios diretamente de dentro da regi\u00e3o, trazendo uma perspectiva mais aut\u00eantica e urgente para as negocia\u00e7\u00f5es.\u00a0<\/span><\/p>\n<p class=\"ai-optimize-24\" data-plugininputid=\"57\"><b data-plugininputid=\"58\">Visibilidade para Povos Tradicionais: <\/b><span style=\"font-weight: 400;\" data-plugininputid=\"59\">Dar voz e visibilidade aos povos ind\u00edgenas, quilombolas e comunidades tradicionais, que s\u00e3o guardi\u00f5es da floresta e possuem conhecimentos ancestrais sobre a preserva\u00e7\u00e3o da natureza.\u00a0<\/span><\/p>\n<p class=\"ai-optimize-25\" data-plugininputid=\"60\"><b data-plugininputid=\"61\">Debate sobre Solu\u00e7\u00f5es Baseadas na Natureza: <\/b><span style=\"font-weight: 400;\" data-plugininputid=\"62\">Promover discuss\u00f5es sobre o papel da Amaz\u00f4nia na regula\u00e7\u00e3o do clima, sequestro de carbono, conserva\u00e7\u00e3o da biodiversidade e a forma\u00e7\u00e3o dos\u00a0<\/span><\/p>\n<p class=\"ai-optimize-26\" data-plugininputid=\"63\"><span style=\"font-weight: 400;\" data-plugininputid=\"64\">rios voadores, destacando a import\u00e2ncia das Solu\u00e7\u00f5es Baseadas na Natureza (SbN). * <\/span><b data-plugininputid=\"65\">Financiamento Clim\u00e1tico: <\/b><span style=\"font-weight: 400;\" data-plugininputid=\"66\">Oportunidade para o Brasil exigir financiamento clim\u00e1tico dos pa\u00edses desenvolvidos para a prote\u00e7\u00e3o da Amaz\u00f4nia e o desenvolvimento sustent\u00e1vel da regi\u00e3o. * <\/span><b data-plugininputid=\"67\">Choque de Realidade: <\/b><span style=\"font-weight: 400;\" data-plugininputid=\"68\">A COP30 em Bel\u00e9m pode ser um &#8220;choque de realidade&#8221; para os participantes, mostrando de perto a riqueza e a fragilidade da Amaz\u00f4nia.<\/span><\/p>\n<p class=\"ai-optimize-27\" data-plugininputid=\"69\"><b data-plugininputid=\"70\"><img loading=\"lazy\" decoding=\"async\" class=\"aligncenter wp-image-3171 size-large\" src=\"https:\/\/ver-o-peso.com\/pt\/wp-content\/uploads\/2025\/07\/cop3333-1024x772.png\" alt=\"\" width=\"1024\" height=\"772\" \/>Planejamento do Evento e Zonas:\u00a0<\/b><\/p>\n<p class=\"ai-optimize-28\" data-plugininputid=\"71\"><span style=\"font-weight: 400;\" data-plugininputid=\"72\">O planejamento da COP30 em Bel\u00e9m envolve uma s\u00e9rie de obras de infraestrutura e organiza\u00e7\u00e3o para receber as delega\u00e7\u00f5es de 198 pa\u00edses, chefes de Estado, ministros, diplomatas, representantes da ONU, cientistas, l\u00edderes empresariais, ONGs e sociedade civil. As obras est\u00e3o dentro do cronograma e incluem melhorias na infraestrutura urbana, como saneamento b\u00e1sico e mobilidade.\u00a0<\/span><\/p>\n<p class=\"ai-optimize-29\" data-plugininputid=\"73\"><span style=\"font-weight: 400;\" data-plugininputid=\"74\">O evento ser\u00e1 dividido em diferentes zonas para acomodar as diversas atividades e negocia\u00e7\u00f5es:\u00a0<\/span><\/p>\n<p class=\"ai-optimize-30\" data-plugininputid=\"75\"><b data-plugininputid=\"76\">Zona Azul: <\/b><span style=\"font-weight: 400;\" data-plugininputid=\"77\">Esta \u00e9 a \u00e1rea oficial da ONU, onde ocorrem as negocia\u00e7\u00f5es formais entre os pa\u00edses, reuni\u00f5es de alto n\u00edvel e eventos oficiais. \u00c9 um espa\u00e7o restrito e controlado, focado nas discuss\u00f5es diplom\u00e1ticas e na tomada de decis\u00f5es.\u00a0<\/span><\/p>\n<p class=\"ai-optimize-31\" data-plugininputid=\"78\"><b data-plugininputid=\"79\">Zona Verde: <\/b><span style=\"font-weight: 400;\" data-plugininputid=\"80\">Aberta ao p\u00fablico, a Zona Verde \u00e9 um espa\u00e7o para a sociedade civil, empresas, academia e o p\u00fablico em geral participarem de debates, exposi\u00e7\u00f5es, apresenta\u00e7\u00f5es culturais e atividades educativas. \u00c9 um ambiente mais din\u00e2mico e interativo, que busca engajar a popula\u00e7\u00e3o nas discuss\u00f5es clim\u00e1ticas.\u00a0<\/span><\/p>\n<p class=\"ai-optimize-32\" data-plugininputid=\"81\"><b data-plugininputid=\"82\">Outras Zonas e Atividades: <\/b><span style=\"font-weight: 400;\" data-plugininputid=\"83\">Al\u00e9m das zonas principais, haver\u00e1 espa\u00e7os para eventos paralelos, exposi\u00e7\u00f5es de tecnologias sustent\u00e1veis, feiras de produtos da sociobiodiversidade amaz\u00f4nica, e atividades culturais que celebrem a riqueza da regi\u00e3o. O planejamento inclui a reforma da Base A\u00e9rea de Bel\u00e9m, a cria\u00e7\u00e3o de um museu da avia\u00e7\u00e3o, um centro de economia criativa, boulevard gastron\u00f4mico, ciclotrilha e ecotrilha, e amplas \u00e1reas verdes.\u00a0<\/span><\/p>\n<p class=\"ai-optimize-33\" data-plugininputid=\"84\"><b data-plugininputid=\"85\"><img loading=\"lazy\" decoding=\"async\" class=\"aligncenter wp-image-3173 size-large\" src=\"https:\/\/ver-o-peso.com\/pt\/wp-content\/uploads\/2025\/07\/cop33333-1024x683.png\" alt=\"\" width=\"1024\" height=\"683\" \/>Rela\u00e7\u00e3o com a Natureza:\u00a0<\/b><\/p>\n<p class=\"ai-optimize-34\" data-plugininputid=\"86\"><span style=\"font-weight: 400;\" data-plugininputid=\"87\">A realiza\u00e7\u00e3o da COP30 na Amaz\u00f4nia refor\u00e7a a intr\u00ednseca rela\u00e7\u00e3o do evento com a natureza. A confer\u00eancia ser\u00e1 um palco para discutir n\u00e3o apenas a prote\u00e7\u00e3o da floresta, mas tamb\u00e9m a import\u00e2ncia de seus povos e seus modos de vida sustent\u00e1veis. A Amaz\u00f4nia e suas popula\u00e7\u00f5es s\u00e3o exemplos de como combater a crise clim\u00e1tica, e a COP30 buscar\u00e1 promover uma mudan\u00e7a radical na forma como vemos e cuidamos do bioma. O debate sobre novos modelos de agricultura, produ\u00e7\u00e3o de defensivos agr\u00edcolas e a transi\u00e7\u00e3o da terra ser\u00e3o centrais, buscando solu\u00e7\u00f5es baseadas na natureza para mitiga\u00e7\u00e3o e adapta\u00e7\u00e3o \u00e0s mudan\u00e7as clim\u00e1ticas. A expectativa \u00e9 que a COP30 reforce o papel essencial da Amaz\u00f4nia no equil\u00edbrio clim\u00e1tico global e d\u00ea maior visibilidade \u00e0s solu\u00e7\u00f5es locais para os desafios globais.<\/span><\/p>\n<h3 class=\"ai-optimize-41\" data-plugininputid=\"88\"><b data-plugininputid=\"89\"><img loading=\"lazy\" decoding=\"async\" class=\"aligncenter wp-image-3175 size-large\" src=\"https:\/\/ver-o-peso.com\/pt\/wp-content\/uploads\/2025\/07\/cop3333333-1024x578.png\" alt=\"\" width=\"1024\" height=\"578\" \/>Conclus\u00e3o\u00a0<\/b><\/h3>\n<p class=\"ai-optimize-42\" data-plugininputid=\"90\"><span style=\"font-weight: 400;\" data-plugininputid=\"91\">A COP30 em Bel\u00e9m representa um momento crucial na luta contra as mudan\u00e7as clim\u00e1ticas. A escolha da Amaz\u00f4nia como sede n\u00e3o \u00e9 apenas simb\u00f3lica, mas estrat\u00e9gica, colocando o bioma e seus povos no centro das discuss\u00f5es globais. A confer\u00eancia oferece uma oportunidade \u00edmpar para o Brasil reafirmar sua lideran\u00e7a ambiental, promover solu\u00e7\u00f5es baseadas na natureza e mobilizar o financiamento necess\u00e1rio para a prote\u00e7\u00e3o da floresta e o desenvolvimento sustent\u00e1vel da regi\u00e3o. O sucesso da COP30 depender\u00e1 da capacidade dos 198 pa\u00edses participantes de transcenderem interesses individuais e trabalharem em conjunto para um futuro mais sustent\u00e1vel e resiliente para o planeta.<\/span><\/p>\n","protected":false},"excerpt":{"rendered":"<p>O Problema Clim\u00e1tico Global\u00a0 O problema clim\u00e1tico global refere-se \u00e0s altera\u00e7\u00f5es significativas e duradouras nos padr\u00f5es clim\u00e1ticos da Terra, impulsionadas principalmente pelas atividades humanas. O aquecimento global, um componente central dessa quest\u00e3o, \u00e9 caracterizado pelo aumento das temperaturas m\u00e9dias da superf\u00edcie terrestre e dos oceanos. As principais causas incluem a queima de combust\u00edveis f\u00f3sseis (carv\u00e3o, &hellip; <a href=\"https:\/\/ver-o-peso.com\/pt\/2025\/07\/11\/o-problema-climatico-global-e-a-cop30-na-amazonia\/\" class=\"more-link\">Continuar lendo <span class=\"screen-reader-text\">O Problema Clim\u00e1tico Global e a COP30 na Amaz\u00f4nia<\/span><\/a><\/p>\n","protected":false},"author":1,"featured_media":3206,"comment_status":"open","ping_status":"open","sticky":false,"template":"","format":"standard","meta":{"footnotes":""},"categories":[20],"tags":[97,76,153,79,77],"class_list":["post-3163","post","type-post","status-publish","format-standard","has-post-thumbnail","hentry","category-amazonia","tag-belem","tag-belem-do-para","tag-conservacao-ambiental","tag-cop30-summit","tag-culinaria-amazonica"],"yoast_head":"<!-- This site is optimized with the Yoast SEO Premium plugin v25.3 (Yoast SEO v25.9) - https:\/\/yoast.com\/wordpress\/plugins\/seo\/ -->\n<title>O Problema Clim\u00e1tico Global e a COP30 na Amaz\u00f4nia - Ver-o-peso<\/title>\n<meta name=\"robots\" content=\"index, follow, max-snippet:-1, max-image-preview:large, max-video-preview:-1\" \/>\n<link rel=\"canonical\" href=\"https:\/\/ver-o-peso.com\/pt\/2025\/07\/11\/o-problema-climatico-global-e-a-cop30-na-amazonia\/\" \/>\n<meta property=\"og:locale\" content=\"pt_BR\" \/>\n<meta property=\"og:type\" content=\"article\" \/>\n<meta property=\"og:title\" content=\"O Problema Clim\u00e1tico Global e a COP30 na Amaz\u00f4nia\" \/>\n<meta property=\"og:description\" content=\"O Problema Clim\u00e1tico Global\u00a0 O problema clim\u00e1tico global refere-se \u00e0s altera\u00e7\u00f5es significativas e duradouras nos padr\u00f5es clim\u00e1ticos da Terra, impulsionadas principalmente pelas atividades humanas. O aquecimento global, um componente central dessa quest\u00e3o, \u00e9 caracterizado pelo aumento das temperaturas m\u00e9dias da superf\u00edcie terrestre e dos oceanos. As principais causas incluem a queima de combust\u00edveis f\u00f3sseis (carv\u00e3o, &hellip; Continuar lendo O Problema Clim\u00e1tico Global e a COP30 na Amaz\u00f4nia\" \/>\n<meta property=\"og:url\" content=\"https:\/\/ver-o-peso.com\/pt\/2025\/07\/11\/o-problema-climatico-global-e-a-cop30-na-amazonia\/\" \/>\n<meta property=\"og:site_name\" content=\"Ver-o-peso\" \/>\n<meta property=\"article:publisher\" content=\"https:\/\/fecebook.com\/jose.oliveira.913296\" \/>\n<meta property=\"article:published_time\" content=\"2025-07-11T22:35:55+00:00\" \/>\n<meta property=\"article:modified_time\" content=\"2025-07-13T17:14:35+00:00\" \/>\n<meta property=\"og:image\" content=\"https:\/\/ver-o-peso.com\/pt\/wp-content\/uploads\/2025\/07\/b05d32e5-3147-4314-a2ff-7a2f2013b5e4-1024x578.png\" \/>\n\t<meta property=\"og:image:width\" content=\"1024\" \/>\n\t<meta property=\"og:image:height\" content=\"578\" \/>\n\t<meta property=\"og:image:type\" content=\"image\/png\" \/>\n<meta name=\"author\" content=\"veropeso2025\" \/>\n<meta name=\"twitter:card\" content=\"summary_large_image\" \/>\n<meta name=\"twitter:label1\" content=\"Escrito por\" \/>\n\t<meta name=\"twitter:data1\" content=\"veropeso2025\" \/>\n\t<meta name=\"twitter:label2\" content=\"Est. tempo de leitura\" \/>\n\t<meta name=\"twitter:data2\" content=\"7 minutos\" \/>\n<script type=\"application\/ld+json\" class=\"yoast-schema-graph\">{\"@context\":\"https:\/\/schema.org\",\"@graph\":[{\"@type\":\"Article\",\"@id\":\"https:\/\/ver-o-peso.com\/pt\/2025\/07\/11\/o-problema-climatico-global-e-a-cop30-na-amazonia\/#article\",\"isPartOf\":{\"@id\":\"https:\/\/ver-o-peso.com\/pt\/2025\/07\/11\/o-problema-climatico-global-e-a-cop30-na-amazonia\/\"},\"author\":{\"name\":\"veropeso2025\",\"@id\":\"https:\/\/ver-o-peso.com\/pt\/#\/schema\/person\/9e9ad551726c390092238296ec769a06\"},\"headline\":\"O Problema Clim\u00e1tico Global e a COP30 na Amaz\u00f4nia\",\"datePublished\":\"2025-07-11T22:35:55+00:00\",\"dateModified\":\"2025-07-13T17:14:35+00:00\",\"mainEntityOfPage\":{\"@id\":\"https:\/\/ver-o-peso.com\/pt\/2025\/07\/11\/o-problema-climatico-global-e-a-cop30-na-amazonia\/\"},\"wordCount\":1077,\"commentCount\":0,\"publisher\":{\"@id\":\"https:\/\/ver-o-peso.com\/pt\/#organization\"},\"image\":{\"@id\":\"https:\/\/ver-o-peso.com\/pt\/2025\/07\/11\/o-problema-climatico-global-e-a-cop30-na-amazonia\/#primaryimage\"},\"thumbnailUrl\":\"https:\/\/ver-o-peso.com\/pt\/wp-content\/uploads\/2025\/07\/b05d32e5-3147-4314-a2ff-7a2f2013b5e4.png\",\"keywords\":[\"bel\u00e9m\",\"Bel\u00e9m do Par\u00e1\",\"Conserva\u00e7\u00e3o Ambiental\",\"COP30 summit\",\"Culin\u00e1ria amaz\u00f4nica\"],\"articleSection\":[\"Amaz\u00f4nia\"],\"inLanguage\":\"pt-BR\",\"potentialAction\":[{\"@type\":\"CommentAction\",\"name\":\"Comment\",\"target\":[\"https:\/\/ver-o-peso.com\/pt\/2025\/07\/11\/o-problema-climatico-global-e-a-cop30-na-amazonia\/#respond\"]}]},{\"@type\":\"WebPage\",\"@id\":\"https:\/\/ver-o-peso.com\/pt\/2025\/07\/11\/o-problema-climatico-global-e-a-cop30-na-amazonia\/\",\"url\":\"https:\/\/ver-o-peso.com\/pt\/2025\/07\/11\/o-problema-climatico-global-e-a-cop30-na-amazonia\/\",\"name\":\"O Problema Clim\u00e1tico Global e a COP30 na Amaz\u00f4nia - Ver-o-peso\",\"isPartOf\":{\"@id\":\"https:\/\/ver-o-peso.com\/pt\/#website\"},\"primaryImageOfPage\":{\"@id\":\"https:\/\/ver-o-peso.com\/pt\/2025\/07\/11\/o-problema-climatico-global-e-a-cop30-na-amazonia\/#primaryimage\"},\"image\":{\"@id\":\"https:\/\/ver-o-peso.com\/pt\/2025\/07\/11\/o-problema-climatico-global-e-a-cop30-na-amazonia\/#primaryimage\"},\"thumbnailUrl\":\"https:\/\/ver-o-peso.com\/pt\/wp-content\/uploads\/2025\/07\/b05d32e5-3147-4314-a2ff-7a2f2013b5e4.png\",\"datePublished\":\"2025-07-11T22:35:55+00:00\",\"dateModified\":\"2025-07-13T17:14:35+00:00\",\"breadcrumb\":{\"@id\":\"https:\/\/ver-o-peso.com\/pt\/2025\/07\/11\/o-problema-climatico-global-e-a-cop30-na-amazonia\/#breadcrumb\"},\"inLanguage\":\"pt-BR\",\"potentialAction\":[{\"@type\":\"ReadAction\",\"target\":[\"https:\/\/ver-o-peso.com\/pt\/2025\/07\/11\/o-problema-climatico-global-e-a-cop30-na-amazonia\/\"]}]},{\"@type\":\"ImageObject\",\"inLanguage\":\"pt-BR\",\"@id\":\"https:\/\/ver-o-peso.com\/pt\/2025\/07\/11\/o-problema-climatico-global-e-a-cop30-na-amazonia\/#primaryimage\",\"url\":\"https:\/\/ver-o-peso.com\/pt\/wp-content\/uploads\/2025\/07\/b05d32e5-3147-4314-a2ff-7a2f2013b5e4.png\",\"contentUrl\":\"https:\/\/ver-o-peso.com\/pt\/wp-content\/uploads\/2025\/07\/b05d32e5-3147-4314-a2ff-7a2f2013b5e4.png\",\"width\":1360,\"height\":768},{\"@type\":\"BreadcrumbList\",\"@id\":\"https:\/\/ver-o-peso.com\/pt\/2025\/07\/11\/o-problema-climatico-global-e-a-cop30-na-amazonia\/#breadcrumb\",\"itemListElement\":[{\"@type\":\"ListItem\",\"position\":1,\"name\":\"In\u00edcio\",\"item\":\"https:\/\/ver-o-peso.com\/pt\/\"},{\"@type\":\"ListItem\",\"position\":2,\"name\":\"O Problema Clim\u00e1tico Global e a COP30 na Amaz\u00f4nia\"}]},{\"@type\":\"WebSite\",\"@id\":\"https:\/\/ver-o-peso.com\/pt\/#website\",\"url\":\"https:\/\/ver-o-peso.com\/pt\/\",\"name\":\"Ver-o-peso\",\"description\":\"Aqui tem de tudo da Amaz\u00f4nia\",\"publisher\":{\"@id\":\"https:\/\/ver-o-peso.com\/pt\/#organization\"},\"potentialAction\":[{\"@type\":\"SearchAction\",\"target\":{\"@type\":\"EntryPoint\",\"urlTemplate\":\"https:\/\/ver-o-peso.com\/pt\/?s={search_term_string}\"},\"query-input\":{\"@type\":\"PropertyValueSpecification\",\"valueRequired\":true,\"valueName\":\"search_term_string\"}}],\"inLanguage\":\"pt-BR\"},{\"@type\":\"Organization\",\"@id\":\"https:\/\/ver-o-peso.com\/pt\/#organization\",\"name\":\"Ver-o-peso\",\"url\":\"https:\/\/ver-o-peso.com\/pt\/\",\"logo\":{\"@type\":\"ImageObject\",\"inLanguage\":\"pt-BR\",\"@id\":\"https:\/\/ver-o-peso.com\/pt\/#\/schema\/logo\/image\/\",\"url\":\"https:\/\/ver-o-peso.com\/pt\/wp-content\/uploads\/2025\/05\/Logo-3.png\",\"contentUrl\":\"https:\/\/ver-o-peso.com\/pt\/wp-content\/uploads\/2025\/05\/Logo-3.png\",\"width\":210,\"height\":118,\"caption\":\"Ver-o-peso\"},\"image\":{\"@id\":\"https:\/\/ver-o-peso.com\/pt\/#\/schema\/logo\/image\/\"},\"sameAs\":[\"https:\/\/fecebook.com\/jose.oliveira.913296\",\"https:\/\/instagram.com\/riba.lages\",\"https:\/\/tiktok.com\/veropeso2025\"]},{\"@type\":\"Person\",\"@id\":\"https:\/\/ver-o-peso.com\/pt\/#\/schema\/person\/9e9ad551726c390092238296ec769a06\",\"name\":\"veropeso2025\",\"image\":{\"@type\":\"ImageObject\",\"inLanguage\":\"pt-BR\",\"@id\":\"https:\/\/ver-o-peso.com\/pt\/#\/schema\/person\/image\/\",\"url\":\"https:\/\/secure.gravatar.com\/avatar\/abbae2eadd0ca3e3064b32972a9f07e1ec00361a8e4784de939c3d52c9381ec6?s=96&d=mm&r=g\",\"contentUrl\":\"https:\/\/secure.gravatar.com\/avatar\/abbae2eadd0ca3e3064b32972a9f07e1ec00361a8e4784de939c3d52c9381ec6?s=96&d=mm&r=g\",\"caption\":\"veropeso2025\"},\"sameAs\":[\"https:\/\/ver-o-peso.com\/pt\"],\"url\":\"https:\/\/ver-o-peso.com\/pt\/author\/veropeso2025\/\"}]}<\/script>\n<!-- \/ Yoast SEO Premium plugin. -->","yoast_head_json":{"title":"O Problema Clim\u00e1tico Global e a COP30 na Amaz\u00f4nia - Ver-o-peso","robots":{"index":"index","follow":"follow","max-snippet":"max-snippet:-1","max-image-preview":"max-image-preview:large","max-video-preview":"max-video-preview:-1"},"canonical":"https:\/\/ver-o-peso.com\/pt\/2025\/07\/11\/o-problema-climatico-global-e-a-cop30-na-amazonia\/","og_locale":"pt_BR","og_type":"article","og_title":"O Problema Clim\u00e1tico Global e a COP30 na Amaz\u00f4nia","og_description":"O Problema Clim\u00e1tico Global\u00a0 O problema clim\u00e1tico global refere-se \u00e0s altera\u00e7\u00f5es significativas e duradouras nos padr\u00f5es clim\u00e1ticos da Terra, impulsionadas principalmente pelas atividades humanas. O aquecimento global, um componente central dessa quest\u00e3o, \u00e9 caracterizado pelo aumento das temperaturas m\u00e9dias da superf\u00edcie terrestre e dos oceanos. As principais causas incluem a queima de combust\u00edveis f\u00f3sseis (carv\u00e3o, &hellip; Continuar lendo O Problema Clim\u00e1tico Global e a COP30 na Amaz\u00f4nia","og_url":"https:\/\/ver-o-peso.com\/pt\/2025\/07\/11\/o-problema-climatico-global-e-a-cop30-na-amazonia\/","og_site_name":"Ver-o-peso","article_publisher":"https:\/\/fecebook.com\/jose.oliveira.913296","article_published_time":"2025-07-11T22:35:55+00:00","article_modified_time":"2025-07-13T17:14:35+00:00","og_image":[{"width":1024,"height":578,"url":"https:\/\/ver-o-peso.com\/pt\/wp-content\/uploads\/2025\/07\/b05d32e5-3147-4314-a2ff-7a2f2013b5e4-1024x578.png","type":"image\/png"}],"author":"veropeso2025","twitter_card":"summary_large_image","twitter_misc":{"Escrito por":"veropeso2025","Est. tempo de leitura":"7 minutos"},"schema":{"@context":"https:\/\/schema.org","@graph":[{"@type":"Article","@id":"https:\/\/ver-o-peso.com\/pt\/2025\/07\/11\/o-problema-climatico-global-e-a-cop30-na-amazonia\/#article","isPartOf":{"@id":"https:\/\/ver-o-peso.com\/pt\/2025\/07\/11\/o-problema-climatico-global-e-a-cop30-na-amazonia\/"},"author":{"name":"veropeso2025","@id":"https:\/\/ver-o-peso.com\/pt\/#\/schema\/person\/9e9ad551726c390092238296ec769a06"},"headline":"O Problema Clim\u00e1tico Global e a COP30 na Amaz\u00f4nia","datePublished":"2025-07-11T22:35:55+00:00","dateModified":"2025-07-13T17:14:35+00:00","mainEntityOfPage":{"@id":"https:\/\/ver-o-peso.com\/pt\/2025\/07\/11\/o-problema-climatico-global-e-a-cop30-na-amazonia\/"},"wordCount":1077,"commentCount":0,"publisher":{"@id":"https:\/\/ver-o-peso.com\/pt\/#organization"},"image":{"@id":"https:\/\/ver-o-peso.com\/pt\/2025\/07\/11\/o-problema-climatico-global-e-a-cop30-na-amazonia\/#primaryimage"},"thumbnailUrl":"https:\/\/ver-o-peso.com\/pt\/wp-content\/uploads\/2025\/07\/b05d32e5-3147-4314-a2ff-7a2f2013b5e4.png","keywords":["bel\u00e9m","Bel\u00e9m do Par\u00e1","Conserva\u00e7\u00e3o Ambiental","COP30 summit","Culin\u00e1ria amaz\u00f4nica"],"articleSection":["Amaz\u00f4nia"],"inLanguage":"pt-BR","potentialAction":[{"@type":"CommentAction","name":"Comment","target":["https:\/\/ver-o-peso.com\/pt\/2025\/07\/11\/o-problema-climatico-global-e-a-cop30-na-amazonia\/#respond"]}]},{"@type":"WebPage","@id":"https:\/\/ver-o-peso.com\/pt\/2025\/07\/11\/o-problema-climatico-global-e-a-cop30-na-amazonia\/","url":"https:\/\/ver-o-peso.com\/pt\/2025\/07\/11\/o-problema-climatico-global-e-a-cop30-na-amazonia\/","name":"O Problema Clim\u00e1tico Global e a COP30 na Amaz\u00f4nia - Ver-o-peso","isPartOf":{"@id":"https:\/\/ver-o-peso.com\/pt\/#website"},"primaryImageOfPage":{"@id":"https:\/\/ver-o-peso.com\/pt\/2025\/07\/11\/o-problema-climatico-global-e-a-cop30-na-amazonia\/#primaryimage"},"image":{"@id":"https:\/\/ver-o-peso.com\/pt\/2025\/07\/11\/o-problema-climatico-global-e-a-cop30-na-amazonia\/#primaryimage"},"thumbnailUrl":"https:\/\/ver-o-peso.com\/pt\/wp-content\/uploads\/2025\/07\/b05d32e5-3147-4314-a2ff-7a2f2013b5e4.png","datePublished":"2025-07-11T22:35:55+00:00","dateModified":"2025-07-13T17:14:35+00:00","breadcrumb":{"@id":"https:\/\/ver-o-peso.com\/pt\/2025\/07\/11\/o-problema-climatico-global-e-a-cop30-na-amazonia\/#breadcrumb"},"inLanguage":"pt-BR","potentialAction":[{"@type":"ReadAction","target":["https:\/\/ver-o-peso.com\/pt\/2025\/07\/11\/o-problema-climatico-global-e-a-cop30-na-amazonia\/"]}]},{"@type":"ImageObject","inLanguage":"pt-BR","@id":"https:\/\/ver-o-peso.com\/pt\/2025\/07\/11\/o-problema-climatico-global-e-a-cop30-na-amazonia\/#primaryimage","url":"https:\/\/ver-o-peso.com\/pt\/wp-content\/uploads\/2025\/07\/b05d32e5-3147-4314-a2ff-7a2f2013b5e4.png","contentUrl":"https:\/\/ver-o-peso.com\/pt\/wp-content\/uploads\/2025\/07\/b05d32e5-3147-4314-a2ff-7a2f2013b5e4.png","width":1360,"height":768},{"@type":"BreadcrumbList","@id":"https:\/\/ver-o-peso.com\/pt\/2025\/07\/11\/o-problema-climatico-global-e-a-cop30-na-amazonia\/#breadcrumb","itemListElement":[{"@type":"ListItem","position":1,"name":"In\u00edcio","item":"https:\/\/ver-o-peso.com\/pt\/"},{"@type":"ListItem","position":2,"name":"O Problema Clim\u00e1tico Global e a COP30 na Amaz\u00f4nia"}]},{"@type":"WebSite","@id":"https:\/\/ver-o-peso.com\/pt\/#website","url":"https:\/\/ver-o-peso.com\/pt\/","name":"Ver-o-peso","description":"Aqui tem de tudo da Amaz\u00f4nia","publisher":{"@id":"https:\/\/ver-o-peso.com\/pt\/#organization"},"potentialAction":[{"@type":"SearchAction","target":{"@type":"EntryPoint","urlTemplate":"https:\/\/ver-o-peso.com\/pt\/?s={search_term_string}"},"query-input":{"@type":"PropertyValueSpecification","valueRequired":true,"valueName":"search_term_string"}}],"inLanguage":"pt-BR"},{"@type":"Organization","@id":"https:\/\/ver-o-peso.com\/pt\/#organization","name":"Ver-o-peso","url":"https:\/\/ver-o-peso.com\/pt\/","logo":{"@type":"ImageObject","inLanguage":"pt-BR","@id":"https:\/\/ver-o-peso.com\/pt\/#\/schema\/logo\/image\/","url":"https:\/\/ver-o-peso.com\/pt\/wp-content\/uploads\/2025\/05\/Logo-3.png","contentUrl":"https:\/\/ver-o-peso.com\/pt\/wp-content\/uploads\/2025\/05\/Logo-3.png","width":210,"height":118,"caption":"Ver-o-peso"},"image":{"@id":"https:\/\/ver-o-peso.com\/pt\/#\/schema\/logo\/image\/"},"sameAs":["https:\/\/fecebook.com\/jose.oliveira.913296","https:\/\/instagram.com\/riba.lages","https:\/\/tiktok.com\/veropeso2025"]},{"@type":"Person","@id":"https:\/\/ver-o-peso.com\/pt\/#\/schema\/person\/9e9ad551726c390092238296ec769a06","name":"veropeso2025","image":{"@type":"ImageObject","inLanguage":"pt-BR","@id":"https:\/\/ver-o-peso.com\/pt\/#\/schema\/person\/image\/","url":"https:\/\/secure.gravatar.com\/avatar\/abbae2eadd0ca3e3064b32972a9f07e1ec00361a8e4784de939c3d52c9381ec6?s=96&d=mm&r=g","contentUrl":"https:\/\/secure.gravatar.com\/avatar\/abbae2eadd0ca3e3064b32972a9f07e1ec00361a8e4784de939c3d52c9381ec6?s=96&d=mm&r=g","caption":"veropeso2025"},"sameAs":["https:\/\/ver-o-peso.com\/pt"],"url":"https:\/\/ver-o-peso.com\/pt\/author\/veropeso2025\/"}]}},"_links":{"self":[{"href":"https:\/\/ver-o-peso.com\/pt\/wp-json\/wp\/v2\/posts\/3163","targetHints":{"allow":["GET"]}}],"collection":[{"href":"https:\/\/ver-o-peso.com\/pt\/wp-json\/wp\/v2\/posts"}],"about":[{"href":"https:\/\/ver-o-peso.com\/pt\/wp-json\/wp\/v2\/types\/post"}],"author":[{"embeddable":true,"href":"https:\/\/ver-o-peso.com\/pt\/wp-json\/wp\/v2\/users\/1"}],"replies":[{"embeddable":true,"href":"https:\/\/ver-o-peso.com\/pt\/wp-json\/wp\/v2\/comments?post=3163"}],"version-history":[{"count":7,"href":"https:\/\/ver-o-peso.com\/pt\/wp-json\/wp\/v2\/posts\/3163\/revisions"}],"predecessor-version":[{"id":3176,"href":"https:\/\/ver-o-peso.com\/pt\/wp-json\/wp\/v2\/posts\/3163\/revisions\/3176"}],"wp:featuredmedia":[{"embeddable":true,"href":"https:\/\/ver-o-peso.com\/pt\/wp-json\/wp\/v2\/media\/3206"}],"wp:attachment":[{"href":"https:\/\/ver-o-peso.com\/pt\/wp-json\/wp\/v2\/media?parent=3163"}],"wp:term":[{"taxonomy":"category","embeddable":true,"href":"https:\/\/ver-o-peso.com\/pt\/wp-json\/wp\/v2\/categories?post=3163"},{"taxonomy":"post_tag","embeddable":true,"href":"https:\/\/ver-o-peso.com\/pt\/wp-json\/wp\/v2\/tags?post=3163"}],"curies":[{"name":"wp","href":"https:\/\/api.w.org\/{rel}","templated":true}]}}