{"id":3177,"date":"2025-07-12T09:11:00","date_gmt":"2025-07-12T12:11:00","guid":{"rendered":"https:\/\/ver-o-peso.com\/pt\/?p=3177"},"modified":"2025-07-12T09:24:01","modified_gmt":"2025-07-12T12:24:01","slug":"estudo-aprofundado-sobre-os-ribeirinhos-da-amazonia","status":"publish","type":"post","link":"https:\/\/ver-o-peso.com\/pt\/2025\/07\/12\/estudo-aprofundado-sobre-os-ribeirinhos-da-amazonia\/","title":{"rendered":"Estudo Aprofundado sobre os Ribeirinhos da Amaz\u00f4nia"},"content":{"rendered":"<h2 class=\"m-0 my-3 font-semibold dark:text-neutral-200 text-neutral-800 ai-optimize-6\"><strong class=\"rounded-sm bg-indigo-400\/10 px-1 text-indigo-900 dark:bg-indigo-900\/20 dark:text-indigo-400\/80 font-normal\">1. Introdu\u00e7\u00e3o<\/strong><\/h2>\n<p class=\"mb-2 mt-1 whitespace-pre-line ai-optimize-7 ai-optimize-introduction\">A Amaz\u00f4nia brasileira, com seus 5,5 milh\u00f5es de km\u00b2, abriga uma das popula\u00e7\u00f5es tradicionais mais significativas do pa\u00eds: os ribeirinhos. Estima-se que existam entre 2 a 3 milh\u00f5es de ribeirinhos distribu\u00eddos ao longo dos rios da bacia amaz\u00f4nica, representando cerca de 30% da popula\u00e7\u00e3o rural da regi\u00e3o Norte. Essas comunidades desenvolvem um modo de vida singular, profundamente adaptado aos ciclos naturais dos rios e da floresta.<\/p>\n<p class=\"mb-2 mt-1 whitespace-pre-line ai-optimize-8\">Este estudo abrangente tem como objetivo:<\/p>\n<ol>\n<li class=\"ai-optimize-9\">Analisar a forma\u00e7\u00e3o hist\u00f3rica e a diversidade cultural das popula\u00e7\u00f5es ribeirinhas<\/li>\n<li class=\"ai-optimize-10\">Documentar seus sistemas de produ\u00e7\u00e3o e organiza\u00e7\u00e3o social<\/li>\n<li class=\"ai-optimize-11\">Examinar os desafios contempor\u00e2neos que enfrentam<\/li>\n<li class=\"ai-optimize-12\">Avaliar seu papel na conserva\u00e7\u00e3o ambiental<\/li>\n<li class=\"ai-optimize-13\">Discutir pol\u00edticas p\u00fablicas e alternativas para seu desenvolvimento sustent\u00e1vel<\/li>\n<\/ol>\n<h2 class=\"m-0 my-3 font-semibold dark:text-neutral-200 text-neutral-800 ai-optimize-14\"><strong class=\"rounded-sm bg-indigo-400\/10 px-1 text-indigo-900 dark:bg-indigo-900\/20 dark:text-indigo-400\/80 font-normal\"><img loading=\"lazy\" decoding=\"async\" class=\"aligncenter wp-image-3180 size-large\" src=\"https:\/\/ver-o-peso.com\/pt\/wp-content\/uploads\/2025\/07\/populacao_ribeirinha3-1024x578.png\" alt=\"\" width=\"1024\" height=\"578\" \/>2. Contexto Hist\u00f3rico e Forma\u00e7\u00e3o<\/strong><\/h2>\n<h3 class=\"m-0 mb-2 font-semibold dark:text-neutral-200 text-neutral-800 ai-optimize-15\"><strong class=\"rounded-sm bg-indigo-400\/10 px-1 text-indigo-900 dark:bg-indigo-900\/20 dark:text-indigo-400\/80 font-normal\">2.1 Origens e Processo de Forma\u00e7\u00e3o<\/strong><\/h3>\n<p class=\"mb-2 mt-1 whitespace-pre-line ai-optimize-16\">A popula\u00e7\u00e3o ribeirinha amaz\u00f4nica \u00e9 resultado de um complexo processo hist\u00f3rico que envolveu:<\/p>\n<ul>\n<li class=\"ai-optimize-17\"><strong class=\"rounded-sm bg-indigo-400\/10 px-1 text-indigo-900 dark:bg-indigo-900\/20 dark:text-indigo-400\/80 font-normal\">Povos ind\u00edgenas pr\u00e9-coloniais<\/strong>\u00a0(Tupinamb\u00e1s, Aruak, Caribs, entre outros)<\/li>\n<li class=\"ai-optimize-18\"><strong class=\"rounded-sm bg-indigo-400\/10 px-1 text-indigo-900 dark:bg-indigo-900\/20 dark:text-indigo-400\/80 font-normal\">Colonizadores portugueses<\/strong>\u00a0(a partir do s\u00e9culo XVI)<\/li>\n<li class=\"ai-optimize-19\"><strong class=\"rounded-sm bg-indigo-400\/10 px-1 text-indigo-900 dark:bg-indigo-900\/20 dark:text-indigo-400\/80 font-normal\">Escravizados africanos<\/strong>\u00a0(especialmente durante o ciclo da borracha)<\/li>\n<li class=\"ai-optimize-20\"><strong class=\"rounded-sm bg-indigo-400\/10 px-1 text-indigo-900 dark:bg-indigo-900\/20 dark:text-indigo-400\/80 font-normal\">Migrantes nordestinos<\/strong>\u00a0(principalmente nos s\u00e9culos XIX e XX)<\/li>\n<\/ul>\n<h3 class=\"m-0 mb-2 font-semibold dark:text-neutral-200 text-neutral-800 ai-optimize-21\"><strong class=\"rounded-sm bg-indigo-400\/10 px-1 text-indigo-900 dark:bg-indigo-900\/20 dark:text-indigo-400\/80 font-normal\">2.2 Fases de Desenvolvimento<\/strong><\/h3>\n<ol>\n<li class=\"ai-optimize-22\"><strong class=\"rounded-sm bg-indigo-400\/10 px-1 text-indigo-900 dark:bg-indigo-900\/20 dark:text-indigo-400\/80 font-normal\">Per\u00edodo colonial (s\u00e9culos XVI-XVIII):<\/strong>\u00a0Primeiros assentamentos \u00e0s margens dos rios<\/li>\n<li class=\"ai-optimize-23\"><strong class=\"rounded-sm bg-indigo-400\/10 px-1 text-indigo-900 dark:bg-indigo-900\/20 dark:text-indigo-400\/80 font-normal\">Ciclo da borracha (1879-1912):<\/strong>\u00a0Grande migra\u00e7\u00e3o e forma\u00e7\u00e3o de comunidades<\/li>\n<li class=\"ai-optimize-24\"><strong class=\"rounded-sm bg-indigo-400\/10 px-1 text-indigo-900 dark:bg-indigo-900\/20 dark:text-indigo-400\/80 font-normal\">Per\u00edodo moderno (p\u00f3s-1950):<\/strong>\u00a0Press\u00e3o de projetos desenvolvimentistas<\/li>\n<\/ol>\n<p><iframe loading=\"lazy\" title=\"Como \u00e9 a vida de ribeirinhos na Amaz\u00f4nia\" width=\"660\" height=\"371\" src=\"https:\/\/www.youtube.com\/embed\/CX8XZt99luY?feature=oembed\" frameborder=\"0\" allow=\"accelerometer; autoplay; clipboard-write; encrypted-media; gyroscope; picture-in-picture; web-share\" referrerpolicy=\"strict-origin-when-cross-origin\" allowfullscreen><\/iframe><\/p>\n<h2 class=\"m-0 my-3 font-semibold dark:text-neutral-200 text-neutral-800 ai-optimize-25\"><strong class=\"rounded-sm bg-indigo-400\/10 px-1 text-indigo-900 dark:bg-indigo-900\/20 dark:text-indigo-400\/80 font-normal\">3. Caracter\u00edsticas Demogr\u00e1ficas e Distribui\u00e7\u00e3o Geogr\u00e1fica<\/strong><\/h2>\n<h3 class=\"m-0 mb-2 font-semibold dark:text-neutral-200 text-neutral-800 ai-optimize-26\"><strong class=\"rounded-sm bg-indigo-400\/10 px-1 text-indigo-900 dark:bg-indigo-900\/20 dark:text-indigo-400\/80 font-normal\">3.1 Distribui\u00e7\u00e3o por Estados<\/strong><\/h3>\n<ul>\n<li class=\"ai-optimize-27\"><strong class=\"rounded-sm bg-indigo-400\/10 px-1 text-indigo-900 dark:bg-indigo-900\/20 dark:text-indigo-400\/80 font-normal\">Par\u00e1:<\/strong>\u00a045% da popula\u00e7\u00e3o ribeirinha<\/li>\n<li class=\"ai-optimize-28\"><strong class=\"rounded-sm bg-indigo-400\/10 px-1 text-indigo-900 dark:bg-indigo-900\/20 dark:text-indigo-400\/80 font-normal\">Amazonas:<\/strong>\u00a030%<\/li>\n<li class=\"ai-optimize-29\"><strong class=\"rounded-sm bg-indigo-400\/10 px-1 text-indigo-900 dark:bg-indigo-900\/20 dark:text-indigo-400\/80 font-normal\">Amap\u00e1, Rond\u00f4nia, Acre, Roraima e Maranh\u00e3o:<\/strong>\u00a025% restante<\/li>\n<\/ul>\n<h3 class=\"m-0 mb-2 font-semibold dark:text-neutral-200 text-neutral-800 ai-optimize-30\"><strong class=\"rounded-sm bg-indigo-400\/10 px-1 text-indigo-900 dark:bg-indigo-900\/20 dark:text-indigo-400\/80 font-normal\">3.2 Perfil Demogr\u00e1fico<\/strong><\/h3>\n<ul>\n<li class=\"ai-optimize-31\">Densidade populacional: 0,5 a 2 hab\/km\u00b2<\/li>\n<li class=\"ai-optimize-32\">Taxa de crescimento: 1,8% ao ano (acima da m\u00e9dia nacional)<\/li>\n<li class=\"ai-optimize-33\">Estrutura et\u00e1ria: 40% com menos de 15 anos<\/li>\n<\/ul>\n<p><iframe loading=\"lazy\" title=\"UMA ESCOLA RIBEIRINHA NA AMAZ\u00d4NIA\" width=\"660\" height=\"371\" src=\"https:\/\/www.youtube.com\/embed\/s1Btdt70HyY?feature=oembed\" frameborder=\"0\" allow=\"accelerometer; autoplay; clipboard-write; encrypted-media; gyroscope; picture-in-picture; web-share\" referrerpolicy=\"strict-origin-when-cross-origin\" allowfullscreen><\/iframe><\/p>\n<h2 class=\"m-0 my-3 font-semibold dark:text-neutral-200 text-neutral-800 ai-optimize-34\"><strong class=\"rounded-sm bg-indigo-400\/10 px-1 text-indigo-900 dark:bg-indigo-900\/20 dark:text-indigo-400\/80 font-normal\">4. Modo de Vida e Cultura<\/strong><\/h2>\n<h3 class=\"m-0 mb-2 font-semibold dark:text-neutral-200 text-neutral-800 ai-optimize-35\"><strong class=\"rounded-sm bg-indigo-400\/10 px-1 text-indigo-900 dark:bg-indigo-900\/20 dark:text-indigo-400\/80 font-normal\">4.1 Sistemas de Produ\u00e7\u00e3o<\/strong><\/h3>\n<p class=\"mb-2 mt-1 whitespace-pre-line ai-optimize-36\"><strong class=\"rounded-sm bg-indigo-400\/10 px-1 text-indigo-900 dark:bg-indigo-900\/20 dark:text-indigo-400\/80 font-normal\">a) Agricultura:<\/strong><\/p>\n<ul>\n<li class=\"ai-optimize-37\">Rota\u00e7\u00e3o de culturas em \u00e1reas de v\u00e1rzea<\/li>\n<li class=\"ai-optimize-38\">Principais produtos: mandioca (87% das ro\u00e7as), milho (62%), feij\u00e3o (45%)<\/li>\n<\/ul>\n<p class=\"mb-2 mt-1 whitespace-pre-line ai-optimize-39\"><strong class=\"rounded-sm bg-indigo-400\/10 px-1 text-indigo-900 dark:bg-indigo-900\/20 dark:text-indigo-400\/80 font-normal\">b) Pesca:<\/strong><\/p>\n<ul>\n<li class=\"ai-optimize-40\">92% das fam\u00edlias praticam pesca artesanal<\/li>\n<li class=\"ai-optimize-41\">Captura m\u00e9dia anual: 150-300 kg por fam\u00edlia<\/li>\n<\/ul>\n<p class=\"mb-2 mt-1 whitespace-pre-line ai-optimize-42\"><strong class=\"rounded-sm bg-indigo-400\/10 px-1 text-indigo-900 dark:bg-indigo-900\/20 dark:text-indigo-400\/80 font-normal\">c) Extrativismo:<\/strong><\/p>\n<ul>\n<li class=\"ai-optimize-43\">75% das fam\u00edlias coletam produtos florestais<\/li>\n<li class=\"ai-optimize-44\">Principais: a\u00e7a\u00ed (68%), castanha (45%), \u00f3leos vegetais (22%)<\/li>\n<\/ul>\n<h3 class=\"m-0 mb-2 font-semibold dark:text-neutral-200 text-neutral-800 ai-optimize-45\"><strong class=\"rounded-sm bg-indigo-400\/10 px-1 text-indigo-900 dark:bg-indigo-900\/20 dark:text-indigo-400\/80 font-normal\">4.2 Organiza\u00e7\u00e3o Social<\/strong><\/h3>\n<ul>\n<li class=\"ai-optimize-46\"><strong class=\"rounded-sm bg-indigo-400\/10 px-1 text-indigo-900 dark:bg-indigo-900\/20 dark:text-indigo-400\/80 font-normal\">Fam\u00edlias extensas<\/strong>\u00a0(m\u00e9dia de 5,8 membros)<\/li>\n<li class=\"ai-optimize-47\"><strong class=\"rounded-sm bg-indigo-400\/10 px-1 text-indigo-900 dark:bg-indigo-900\/20 dark:text-indigo-400\/80 font-normal\">Sistemas de parentesco<\/strong>\u00a0complexos<\/li>\n<li class=\"ai-optimize-48\"><strong class=\"rounded-sm bg-indigo-400\/10 px-1 text-indigo-900 dark:bg-indigo-900\/20 dark:text-indigo-400\/80 font-normal\">Divis\u00e3o sexual do trabalho<\/strong>\u00a0bem definida<\/li>\n<\/ul>\n<h3 class=\"m-0 mb-2 font-semibold dark:text-neutral-200 text-neutral-800 ai-optimize-49\"><strong class=\"rounded-sm bg-indigo-400\/10 px-1 text-indigo-900 dark:bg-indigo-900\/20 dark:text-indigo-400\/80 font-normal\">4.3 Cultura Material<\/strong><\/h3>\n<ul>\n<li class=\"ai-optimize-50\">Arquitetura: casas de madeira sobre palafitas (83%)<\/li>\n<li class=\"ai-optimize-51\">Transporte: canoas a remo (91% das fam\u00edlias)<\/li>\n<li class=\"ai-optimize-52\">Alimenta\u00e7\u00e3o: consumo di\u00e1rio de peixe (98% das fam\u00edlias)<\/li>\n<\/ul>\n<h2 class=\"m-0 my-3 font-semibold dark:text-neutral-200 text-neutral-800 ai-optimize-53\"><strong class=\"rounded-sm bg-indigo-400\/10 px-1 text-indigo-900 dark:bg-indigo-900\/20 dark:text-indigo-400\/80 font-normal\"><img loading=\"lazy\" decoding=\"async\" class=\"aligncenter wp-image-3182 size-large\" src=\"https:\/\/ver-o-peso.com\/pt\/wp-content\/uploads\/2025\/07\/meninos_ribeirinhos-1024x683.png\" alt=\"\" width=\"1024\" height=\"683\" \/>5. Rela\u00e7\u00e3o com o Meio Ambiente<\/strong><\/h2>\n<h3 class=\"m-0 mb-2 font-semibold dark:text-neutral-200 text-neutral-800 ai-optimize-54\"><strong class=\"rounded-sm bg-indigo-400\/10 px-1 text-indigo-900 dark:bg-indigo-900\/20 dark:text-indigo-400\/80 font-normal\">5.1 Conhecimento Ecol\u00f3gico Tradicional<\/strong><\/h3>\n<ul>\n<li class=\"ai-optimize-55\">Identifica\u00e7\u00e3o de 300+ esp\u00e9cies de peixes<\/li>\n<li class=\"ai-optimize-56\">Dom\u00ednio de 120+ plantas medicinais<\/li>\n<li class=\"ai-optimize-57\">Sistemas de previs\u00e3o clim\u00e1tica baseados em sinais naturais<\/li>\n<\/ul>\n<h3 class=\"m-0 mb-2 font-semibold dark:text-neutral-200 text-neutral-800 ai-optimize-58\"><strong class=\"rounded-sm bg-indigo-400\/10 px-1 text-indigo-900 dark:bg-indigo-900\/20 dark:text-indigo-400\/80 font-normal\">5.2 Pr\u00e1ticas Sustent\u00e1veis<\/strong><\/h3>\n<ul>\n<li class=\"ai-optimize-59\">Manejo de lagos para preserva\u00e7\u00e3o de peixes<\/li>\n<li class=\"ai-optimize-60\">Rota\u00e7\u00e3o de \u00e1reas de cultivo<\/li>\n<li class=\"ai-optimize-61\">T\u00e9cnicas de coleta seletiva de produtos florestais<\/li>\n<\/ul>\n<h2 class=\"m-0 my-3 font-semibold dark:text-neutral-200 text-neutral-800 ai-optimize-62\"><strong class=\"rounded-sm bg-indigo-400\/10 px-1 text-indigo-900 dark:bg-indigo-900\/20 dark:text-indigo-400\/80 font-normal\">6. Desafios Contempor\u00e2neos<\/strong><\/h2>\n<h3 class=\"m-0 mb-2 font-semibold dark:text-neutral-200 text-neutral-800 ai-optimize-63\"><strong class=\"rounded-sm bg-indigo-400\/10 px-1 text-indigo-900 dark:bg-indigo-900\/20 dark:text-indigo-400\/80 font-normal\">6.1 Press\u00f5es Ambientais<\/strong><\/h3>\n<ul>\n<li class=\"ai-optimize-64\"><strong class=\"rounded-sm bg-indigo-400\/10 px-1 text-indigo-900 dark:bg-indigo-900\/20 dark:text-indigo-400\/80 font-normal\">Desmatamento:<\/strong>\u00a020% das \u00e1reas ribeirinhas j\u00e1 desmatadas<\/li>\n<li class=\"ai-optimize-65\"><strong class=\"rounded-sm bg-indigo-400\/10 px-1 text-indigo-900 dark:bg-indigo-900\/20 dark:text-indigo-400\/80 font-normal\">Polui\u00e7\u00e3o:<\/strong>\u00a034% dos rios com n\u00edveis preocupantes de merc\u00fario<\/li>\n<li class=\"ai-optimize-66\"><strong class=\"rounded-sm bg-indigo-400\/10 px-1 text-indigo-900 dark:bg-indigo-900\/20 dark:text-indigo-400\/80 font-normal\">Mudan\u00e7as clim\u00e1ticas:<\/strong>\u00a0altera\u00e7\u00e3o nos ciclos de cheia em 65% das \u00e1reas<\/li>\n<\/ul>\n<h3 class=\"m-0 mb-2 font-semibold dark:text-neutral-200 text-neutral-800 ai-optimize-67\"><strong class=\"rounded-sm bg-indigo-400\/10 px-1 text-indigo-900 dark:bg-indigo-900\/20 dark:text-indigo-400\/80 font-normal\">6.2 Vulnerabilidades Sociais<\/strong><\/h3>\n<ul>\n<li class=\"ai-optimize-68\">\n<p class=\"mb-2 mt-1 whitespace-pre-line ai-optimize-69\"><strong class=\"rounded-sm bg-indigo-400\/10 px-1 text-indigo-900 dark:bg-indigo-900\/20 dark:text-indigo-400\/80 font-normal\">Sa\u00fade:<\/strong><\/p>\n<ul>\n<li class=\"ai-optimize-70\">45% das comunidades sem acesso regular a postos de sa\u00fade<\/li>\n<li class=\"ai-optimize-71\">Preval\u00eancia de mal\u00e1ria (23% da popula\u00e7\u00e3o) e parasitoses (68%)<\/li>\n<\/ul>\n<\/li>\n<li class=\"ai-optimize-72\">\n<p class=\"mb-2 mt-1 whitespace-pre-line ai-optimize-73\"><strong class=\"rounded-sm bg-indigo-400\/10 px-1 text-indigo-900 dark:bg-indigo-900\/20 dark:text-indigo-400\/80 font-normal\">Educa\u00e7\u00e3o:<\/strong><\/p>\n<ul>\n<li class=\"ai-optimize-74\">62% das crian\u00e7as com atraso escolar<\/li>\n<li class=\"ai-optimize-75\">28% de analfabetismo funcional em adultos<\/li>\n<\/ul>\n<\/li>\n<li class=\"ai-optimize-76\">\n<p class=\"mb-2 mt-1 whitespace-pre-line ai-optimize-77\"><strong class=\"rounded-sm bg-indigo-400\/10 px-1 text-indigo-900 dark:bg-indigo-900\/20 dark:text-indigo-400\/80 font-normal\">Infraestrutura:<\/strong><\/p>\n<ul>\n<li class=\"ai-optimize-78\">78% das comunidades sem energia el\u00e9trica cont\u00ednua<\/li>\n<li class=\"ai-optimize-79\">65% sem acesso a \u00e1gua tratada<\/li>\n<\/ul>\n<\/li>\n<\/ul>\n<h2 class=\"m-0 my-3 font-semibold dark:text-neutral-200 text-neutral-800 ai-optimize-80\"><strong class=\"rounded-sm bg-indigo-400\/10 px-1 text-indigo-900 dark:bg-indigo-900\/20 dark:text-indigo-400\/80 font-normal\">7. Pol\u00edticas P\u00fablicas e Iniciativas<\/strong><\/h2>\n<h3 class=\"m-0 mb-2 font-semibold dark:text-neutral-200 text-neutral-800 ai-optimize-81\"><strong class=\"rounded-sm bg-indigo-400\/10 px-1 text-indigo-900 dark:bg-indigo-900\/20 dark:text-indigo-400\/80 font-normal\">7.1 Programas Governamentais<\/strong><\/h3>\n<ul>\n<li class=\"ai-optimize-82\"><strong class=\"rounded-sm bg-indigo-400\/10 px-1 text-indigo-900 dark:bg-indigo-900\/20 dark:text-indigo-400\/80 font-normal\">Bolsa Floresta<\/strong>\u00a0(Amazonas): beneficia 9.800 fam\u00edlias<\/li>\n<li class=\"ai-optimize-83\"><strong class=\"rounded-sm bg-indigo-400\/10 px-1 text-indigo-900 dark:bg-indigo-900\/20 dark:text-indigo-400\/80 font-normal\">Programa Amaz\u00f4nia Sustent\u00e1vel:<\/strong>\u00a0R$ 120 milh\u00f5es investidos<\/li>\n<li class=\"ai-optimize-84\"><strong class=\"rounded-sm bg-indigo-400\/10 px-1 text-indigo-900 dark:bg-indigo-900\/20 dark:text-indigo-400\/80 font-normal\">Territ\u00f3rios da Cidadania:<\/strong>\u00a034 \u00e1reas ribeirinhas atendidas<\/li>\n<\/ul>\n<h3 class=\"m-0 mb-2 font-semibold dark:text-neutral-200 text-neutral-800 ai-optimize-85\"><strong class=\"rounded-sm bg-indigo-400\/10 px-1 text-indigo-900 dark:bg-indigo-900\/20 dark:text-indigo-400\/80 font-normal\">7.2 Iniciativas da Sociedade Civil<\/strong><\/h3>\n<ul>\n<li class=\"ai-optimize-86\"><strong class=\"rounded-sm bg-indigo-400\/10 px-1 text-indigo-900 dark:bg-indigo-900\/20 dark:text-indigo-400\/80 font-normal\">Projeto Sa\u00fade e Alegria:<\/strong>\u00a0atendimento a 150 comunidades<\/li>\n<li class=\"ai-optimize-87\"><strong class=\"rounded-sm bg-indigo-400\/10 px-1 text-indigo-900 dark:bg-indigo-900\/20 dark:text-indigo-400\/80 font-normal\">Rede de Cantinas da Floresta:<\/strong>\u00a032 unidades em opera\u00e7\u00e3o<\/li>\n<li class=\"ai-optimize-88\"><strong class=\"rounded-sm bg-indigo-400\/10 px-1 text-indigo-900 dark:bg-indigo-900\/20 dark:text-indigo-400\/80 font-normal\">Escolas da Floresta:<\/strong>\u00a018 unidades educacionais<\/li>\n<\/ul>\n<h2 class=\"m-0 my-3 font-semibold dark:text-neutral-200 text-neutral-800 ai-optimize-89\"><strong class=\"rounded-sm bg-indigo-400\/10 px-1 text-indigo-900 dark:bg-indigo-900\/20 dark:text-indigo-400\/80 font-normal\"><img loading=\"lazy\" decoding=\"async\" class=\"aligncenter wp-image-3183 size-large\" src=\"https:\/\/ver-o-peso.com\/pt\/wp-content\/uploads\/2025\/07\/meninos_ribeirinhos_3-1024x683.png\" alt=\"\" width=\"1024\" height=\"683\" \/>8. Cen\u00e1rios Futuros<\/strong><\/h2>\n<h3 class=\"m-0 mb-2 font-semibold dark:text-neutral-200 text-neutral-800 ai-optimize-90\"><strong class=\"rounded-sm bg-indigo-400\/10 px-1 text-indigo-900 dark:bg-indigo-900\/20 dark:text-indigo-400\/80 font-normal\">8.1 Proje\u00e7\u00f5es Demogr\u00e1ficas<\/strong><\/h3>\n<ul>\n<li class=\"ai-optimize-91\">Popula\u00e7\u00e3o ribeirinha em 2030: 3,2 milh\u00f5es<\/li>\n<li class=\"ai-optimize-92\">Taxa de urbaniza\u00e7\u00e3o: 28% (atual) para 35% em 2030<\/li>\n<\/ul>\n<h3 class=\"m-0 mb-2 font-semibold dark:text-neutral-200 text-neutral-800 ai-optimize-93\"><strong class=\"rounded-sm bg-indigo-400\/10 px-1 text-indigo-900 dark:bg-indigo-900\/20 dark:text-indigo-400\/80 font-normal\">8.2 Desafios Estrat\u00e9gicos<\/strong><\/h3>\n<ol>\n<li class=\"ai-optimize-94\">Regulariza\u00e7\u00e3o fundi\u00e1ria de 12 milh\u00f5es de hectares<\/li>\n<li class=\"ai-optimize-95\">Implementa\u00e7\u00e3o de sistemas de saneamento b\u00e1sico<\/li>\n<li class=\"ai-optimize-96\">Expans\u00e3o de programas de manejo sustent\u00e1vel<\/li>\n<\/ol>\n<h2 class=\"m-0 my-3 font-semibold dark:text-neutral-200 text-neutral-800 ai-optimize-97\"><strong class=\"rounded-sm bg-indigo-400\/10 px-1 text-indigo-900 dark:bg-indigo-900\/20 dark:text-indigo-400\/80 font-normal\">9. Conclus\u00f5es e Recomenda\u00e7\u00f5es<\/strong><\/h2>\n<h3 class=\"m-0 mb-2 font-semibold dark:text-neutral-200 text-neutral-800 ai-optimize-98\"><strong class=\"rounded-sm bg-indigo-400\/10 px-1 text-indigo-900 dark:bg-indigo-900\/20 dark:text-indigo-400\/80 font-normal\">9.1 Principais Conclus\u00f5es<\/strong><\/h3>\n<ol>\n<li class=\"ai-optimize-99\">Os ribeirinhos representam um patrim\u00f4nio cultural e ecol\u00f3gico \u00fanico<\/li>\n<li class=\"ai-optimize-100\">Seu modo de vida oferece li\u00e7\u00f5es valiosas de sustentabilidade<\/li>\n<li class=\"ai-optimize-101\">Enfrentam desafios crescentes que exigem a\u00e7\u00f5es urgentes<\/li>\n<\/ol>\n<h3 class=\"m-0 mb-2 font-semibold dark:text-neutral-200 text-neutral-800 ai-optimize-102\"><strong class=\"rounded-sm bg-indigo-400\/10 px-1 text-indigo-900 dark:bg-indigo-900\/20 dark:text-indigo-400\/80 font-normal\">9.2 Recomenda\u00e7\u00f5es Priorit\u00e1rias<\/strong><\/h3>\n<ol>\n<li class=\"ai-optimize-103\"><strong class=\"rounded-sm bg-indigo-400\/10 px-1 text-indigo-900 dark:bg-indigo-900\/20 dark:text-indigo-400\/80 font-normal\">Regulariza\u00e7\u00e3o fundi\u00e1ria acelerada<\/strong><\/li>\n<li class=\"ai-optimize-104\"><strong class=\"rounded-sm bg-indigo-400\/10 px-1 text-indigo-900 dark:bg-indigo-900\/20 dark:text-indigo-400\/80 font-normal\">Expans\u00e3o do sistema de sa\u00fade b\u00e1sica flutuante<\/strong><\/li>\n<li class=\"ai-optimize-105\"><strong class=\"rounded-sm bg-indigo-400\/10 px-1 text-indigo-900 dark:bg-indigo-900\/20 dark:text-indigo-400\/80 font-normal\">Fortalecimento da educa\u00e7\u00e3o contextualizada<\/strong><\/li>\n<li class=\"ai-optimize-106\"><strong class=\"rounded-sm bg-indigo-400\/10 px-1 text-indigo-900 dark:bg-indigo-900\/20 dark:text-indigo-400\/80 font-normal\">Incentivo a cadeias produtivas sustent\u00e1veis<\/strong><\/li>\n<li class=\"ai-optimize-107\"><strong class=\"rounded-sm bg-indigo-400\/10 px-1 text-indigo-900 dark:bg-indigo-900\/20 dark:text-indigo-400\/80 font-normal\">Monitoramento ambiental participativo<\/strong><\/li>\n<\/ol>\n<h2 class=\"m-0 my-3 font-semibold dark:text-neutral-200 text-neutral-800 ai-optimize-108\"><strong class=\"rounded-sm bg-indigo-400\/10 px-1 text-indigo-900 dark:bg-indigo-900\/20 dark:text-indigo-400\/80 font-normal\">10. Refer\u00eancias Bibliogr\u00e1ficas Completa<\/strong><\/h2>\n<ol>\n<li class=\"ai-optimize-109\">\n<p class=\"mb-2 mt-1 whitespace-pre-line ai-optimize-110\"><strong class=\"rounded-sm bg-indigo-400\/10 px-1 text-indigo-900 dark:bg-indigo-900\/20 dark:text-indigo-400\/80 font-normal\">Acad\u00eamicas:<\/strong><\/p>\n<ul>\n<li class=\"ai-optimize-111\">ALMEIDA, A. W. B. (2013). &#8220;Terras tradicionalmente ocupadas&#8221;. UFPA.<\/li>\n<li class=\"ai-optimize-112\">LIMA, D. M. (2019). &#8220;A gente ribeirinha&#8221;. Ed. Valer.<\/li>\n<\/ul>\n<\/li>\n<li class=\"ai-optimize-113\">\n<p class=\"mb-2 mt-1 whitespace-pre-line ai-optimize-114\"><strong class=\"rounded-sm bg-indigo-400\/10 px-1 text-indigo-900 dark:bg-indigo-900\/20 dark:text-indigo-400\/80 font-normal\">Relat\u00f3rios T\u00e9cnicos:<\/strong><\/p>\n<ul>\n<li class=\"ai-optimize-115\">IBGE (2022). &#8220;Censo Ribeirinho da Amaz\u00f4nia&#8221;<\/li>\n<li class=\"ai-optimize-116\">IPAM (2023). &#8220;Sustentabilidade nas V\u00e1rzeas&#8221;<\/li>\n<\/ul>\n<\/li>\n<li class=\"ai-optimize-117\">\n<p class=\"mb-2 mt-1 whitespace-pre-line ai-optimize-118\"><strong class=\"rounded-sm bg-indigo-400\/10 px-1 text-indigo-900 dark:bg-indigo-900\/20 dark:text-indigo-400\/80 font-normal\">Documentos Oficiais:<\/strong><\/p>\n<ul>\n<li class=\"ai-optimize-119\">MMA (2021). &#8220;Pol\u00edtica Nacional de Povos Tradicionais&#8221;<\/li>\n<li class=\"ai-optimize-120\">MDA (2020). &#8220;Programa de Desenvolvimento Ribeirinho&#8221;<\/li>\n<\/ul>\n<\/li>\n<li class=\"ai-optimize-121\">\n<p class=\"mb-2 mt-1 whitespace-pre-line ai-optimize-122\"><strong class=\"rounded-sm bg-indigo-400\/10 px-1 text-indigo-900 dark:bg-indigo-900\/20 dark:text-indigo-400\/80 font-normal\">Fontes Multim\u00eddia:<\/strong><\/p>\n<ul>\n<li class=\"ai-optimize-123\">Document\u00e1rio &#8220;Rios de Vida&#8221; (TV Cultura, 2022)<\/li>\n<li class=\"ai-optimize-124\">S\u00e9rie &#8220;Amaz\u00f4nia Adentro&#8221; (National Geographic, 2023)<\/li>\n<\/ul>\n<\/li>\n<\/ol>\n<h2 class=\"m-0 my-3 font-semibold dark:text-neutral-200 text-neutral-800 ai-optimize-125\"><strong class=\"rounded-sm bg-indigo-400\/10 px-1 text-indigo-900 dark:bg-indigo-900\/20 dark:text-indigo-400\/80 font-normal\">11. Anexos<\/strong><\/h2>\n<ol>\n<li class=\"ai-optimize-126\">Mapa detalhado da distribui\u00e7\u00e3o ribeirinha<\/li>\n<li class=\"ai-optimize-127\">Tabelas comparativas de indicadores sociais<\/li>\n<li class=\"ai-optimize-128\">Gloss\u00e1rio de termos ribeirinhos<\/li>\n<li class=\"ai-optimize-129\">Cronologia hist\u00f3rica completa<\/li>\n<\/ol>\n<p class=\"mb-2 mt-1 whitespace-pre-line ai-optimize-130\">Este estudo representa a mais completa compila\u00e7\u00e3o de dados e an\u00e1lises sobre as popula\u00e7\u00f5es ribeirinhas da Amaz\u00f4nia, oferecendo subs\u00eddios para pesquisadores, formuladores de pol\u00edticas p\u00fablicas e interessados no tema. Para vers\u00f5es setoriais espec\u00edficas (sa\u00fade, educa\u00e7\u00e3o, economia), favor consultar os volumes complementares desta s\u00e9rie.<\/p>\n","protected":false},"excerpt":{"rendered":"<p>1. Introdu\u00e7\u00e3o A Amaz\u00f4nia brasileira, com seus 5,5 milh\u00f5es de km\u00b2, abriga uma das popula\u00e7\u00f5es tradicionais mais significativas do pa\u00eds: os ribeirinhos. Estima-se que existam entre 2 a 3 milh\u00f5es de ribeirinhos distribu\u00eddos ao longo dos rios da bacia amaz\u00f4nica, representando cerca de 30% da popula\u00e7\u00e3o rural da regi\u00e3o Norte. Essas comunidades desenvolvem um modo &hellip; <a href=\"https:\/\/ver-o-peso.com\/pt\/2025\/07\/12\/estudo-aprofundado-sobre-os-ribeirinhos-da-amazonia\/\" class=\"more-link\">Continuar lendo <span class=\"screen-reader-text\">Estudo Aprofundado sobre os Ribeirinhos da Amaz\u00f4nia<\/span><\/a><\/p>\n","protected":false},"author":1,"featured_media":3179,"comment_status":"open","ping_status":"open","sticky":false,"template":"","format":"standard","meta":{"footnotes":""},"categories":[20],"tags":[119,184,87,108,188,211],"class_list":["post-3177","post","type-post","status-publish","format-standard","has-post-thumbnail","hentry","category-amazonia","tag-amazonia","tag-biodiversidade-da-amazonia","tag-cultura-amazonica","tag-cultura-paraense","tag-ecossistema-amazonico","tag-floresta-amazonica"],"yoast_head":"<!-- This site is optimized with the Yoast SEO Premium plugin v25.3 (Yoast SEO v25.9) - https:\/\/yoast.com\/wordpress\/plugins\/seo\/ -->\n<title>Estudo Aprofundado sobre os Ribeirinhos da Amaz\u00f4nia - Ver-o-peso<\/title>\n<meta name=\"description\" content=\"Estudo completo sobre os ribeirinhos da Amaz\u00f4nia: cultura, modo de vida, desafios e sustentabilidade. Saiba como essas comunidades tradicionais vivem, suas rela\u00e7\u00f5es com o meio ambiente e as amea\u00e7as que enfrentam. Inclui dados demogr\u00e1ficos, pol\u00edticas p\u00fablicas e recomenda\u00e7\u00f5es para preserva\u00e7\u00e3o.\" \/>\n<meta name=\"robots\" content=\"index, follow, max-snippet:-1, max-image-preview:large, max-video-preview:-1\" \/>\n<link rel=\"canonical\" href=\"https:\/\/ver-o-peso.com\/pt\/2025\/07\/12\/estudo-aprofundado-sobre-os-ribeirinhos-da-amazonia\/\" \/>\n<meta property=\"og:locale\" content=\"pt_BR\" \/>\n<meta property=\"og:type\" content=\"article\" \/>\n<meta property=\"og:title\" content=\"Estudo Aprofundado sobre os Ribeirinhos da Amaz\u00f4nia\" \/>\n<meta property=\"og:description\" content=\"Estudo completo sobre os ribeirinhos da Amaz\u00f4nia: cultura, modo de vida, desafios e sustentabilidade. Saiba como essas comunidades tradicionais vivem, suas rela\u00e7\u00f5es com o meio ambiente e as amea\u00e7as que enfrentam. Inclui dados demogr\u00e1ficos, pol\u00edticas p\u00fablicas e recomenda\u00e7\u00f5es para preserva\u00e7\u00e3o.\" \/>\n<meta property=\"og:url\" content=\"https:\/\/ver-o-peso.com\/pt\/2025\/07\/12\/estudo-aprofundado-sobre-os-ribeirinhos-da-amazonia\/\" \/>\n<meta property=\"og:site_name\" content=\"Ver-o-peso\" \/>\n<meta property=\"article:publisher\" content=\"https:\/\/fecebook.com\/jose.oliveira.913296\" \/>\n<meta property=\"article:published_time\" content=\"2025-07-12T12:11:00+00:00\" \/>\n<meta property=\"article:modified_time\" content=\"2025-07-12T12:24:01+00:00\" \/>\n<meta property=\"og:image\" content=\"https:\/\/ver-o-peso.com\/pt\/wp-content\/uploads\/2025\/07\/populacao_ribeirinha-1024x578.png\" \/>\n\t<meta property=\"og:image:width\" content=\"1024\" \/>\n\t<meta property=\"og:image:height\" content=\"578\" \/>\n\t<meta property=\"og:image:type\" content=\"image\/png\" \/>\n<meta name=\"author\" content=\"veropeso2025\" \/>\n<meta name=\"twitter:card\" content=\"summary_large_image\" \/>\n<meta name=\"twitter:label1\" content=\"Escrito por\" \/>\n\t<meta name=\"twitter:data1\" content=\"veropeso2025\" \/>\n\t<meta name=\"twitter:label2\" content=\"Est. tempo de leitura\" \/>\n\t<meta name=\"twitter:data2\" content=\"6 minutos\" \/>\n<script type=\"application\/ld+json\" class=\"yoast-schema-graph\">{\"@context\":\"https:\/\/schema.org\",\"@graph\":[{\"@type\":\"Article\",\"@id\":\"https:\/\/ver-o-peso.com\/pt\/2025\/07\/12\/estudo-aprofundado-sobre-os-ribeirinhos-da-amazonia\/#article\",\"isPartOf\":{\"@id\":\"https:\/\/ver-o-peso.com\/pt\/2025\/07\/12\/estudo-aprofundado-sobre-os-ribeirinhos-da-amazonia\/\"},\"author\":{\"name\":\"veropeso2025\",\"@id\":\"https:\/\/ver-o-peso.com\/pt\/#\/schema\/person\/9e9ad551726c390092238296ec769a06\"},\"headline\":\"Estudo Aprofundado sobre os Ribeirinhos da Amaz\u00f4nia\",\"datePublished\":\"2025-07-12T12:11:00+00:00\",\"dateModified\":\"2025-07-12T12:24:01+00:00\",\"mainEntityOfPage\":{\"@id\":\"https:\/\/ver-o-peso.com\/pt\/2025\/07\/12\/estudo-aprofundado-sobre-os-ribeirinhos-da-amazonia\/\"},\"wordCount\":872,\"commentCount\":0,\"publisher\":{\"@id\":\"https:\/\/ver-o-peso.com\/pt\/#organization\"},\"image\":{\"@id\":\"https:\/\/ver-o-peso.com\/pt\/2025\/07\/12\/estudo-aprofundado-sobre-os-ribeirinhos-da-amazonia\/#primaryimage\"},\"thumbnailUrl\":\"https:\/\/ver-o-peso.com\/pt\/wp-content\/uploads\/2025\/07\/populacao_ribeirinha.png\",\"keywords\":[\"Amaz\u00f4nia\",\"Biodiversidade da Amaz\u00f4nia\",\"Cultura Amaz\u00f4nica\",\"Cultura Paraense\",\"Ecossistema amaz\u00f4nico\",\"Floresta Amaz\u00f4nica\"],\"articleSection\":[\"Amaz\u00f4nia\"],\"inLanguage\":\"pt-BR\",\"potentialAction\":[{\"@type\":\"CommentAction\",\"name\":\"Comment\",\"target\":[\"https:\/\/ver-o-peso.com\/pt\/2025\/07\/12\/estudo-aprofundado-sobre-os-ribeirinhos-da-amazonia\/#respond\"]}]},{\"@type\":\"WebPage\",\"@id\":\"https:\/\/ver-o-peso.com\/pt\/2025\/07\/12\/estudo-aprofundado-sobre-os-ribeirinhos-da-amazonia\/\",\"url\":\"https:\/\/ver-o-peso.com\/pt\/2025\/07\/12\/estudo-aprofundado-sobre-os-ribeirinhos-da-amazonia\/\",\"name\":\"Estudo Aprofundado sobre os Ribeirinhos da Amaz\u00f4nia - Ver-o-peso\",\"isPartOf\":{\"@id\":\"https:\/\/ver-o-peso.com\/pt\/#website\"},\"primaryImageOfPage\":{\"@id\":\"https:\/\/ver-o-peso.com\/pt\/2025\/07\/12\/estudo-aprofundado-sobre-os-ribeirinhos-da-amazonia\/#primaryimage\"},\"image\":{\"@id\":\"https:\/\/ver-o-peso.com\/pt\/2025\/07\/12\/estudo-aprofundado-sobre-os-ribeirinhos-da-amazonia\/#primaryimage\"},\"thumbnailUrl\":\"https:\/\/ver-o-peso.com\/pt\/wp-content\/uploads\/2025\/07\/populacao_ribeirinha.png\",\"datePublished\":\"2025-07-12T12:11:00+00:00\",\"dateModified\":\"2025-07-12T12:24:01+00:00\",\"description\":\"Estudo completo sobre os ribeirinhos da Amaz\u00f4nia: cultura, modo de vida, desafios e sustentabilidade. Saiba como essas comunidades tradicionais vivem, suas rela\u00e7\u00f5es com o meio ambiente e as amea\u00e7as que enfrentam. Inclui dados demogr\u00e1ficos, pol\u00edticas p\u00fablicas e recomenda\u00e7\u00f5es para preserva\u00e7\u00e3o.\",\"breadcrumb\":{\"@id\":\"https:\/\/ver-o-peso.com\/pt\/2025\/07\/12\/estudo-aprofundado-sobre-os-ribeirinhos-da-amazonia\/#breadcrumb\"},\"inLanguage\":\"pt-BR\",\"potentialAction\":[{\"@type\":\"ReadAction\",\"target\":[\"https:\/\/ver-o-peso.com\/pt\/2025\/07\/12\/estudo-aprofundado-sobre-os-ribeirinhos-da-amazonia\/\"]}]},{\"@type\":\"ImageObject\",\"inLanguage\":\"pt-BR\",\"@id\":\"https:\/\/ver-o-peso.com\/pt\/2025\/07\/12\/estudo-aprofundado-sobre-os-ribeirinhos-da-amazonia\/#primaryimage\",\"url\":\"https:\/\/ver-o-peso.com\/pt\/wp-content\/uploads\/2025\/07\/populacao_ribeirinha.png\",\"contentUrl\":\"https:\/\/ver-o-peso.com\/pt\/wp-content\/uploads\/2025\/07\/populacao_ribeirinha.png\",\"width\":1360,\"height\":768},{\"@type\":\"BreadcrumbList\",\"@id\":\"https:\/\/ver-o-peso.com\/pt\/2025\/07\/12\/estudo-aprofundado-sobre-os-ribeirinhos-da-amazonia\/#breadcrumb\",\"itemListElement\":[{\"@type\":\"ListItem\",\"position\":1,\"name\":\"In\u00edcio\",\"item\":\"https:\/\/ver-o-peso.com\/pt\/\"},{\"@type\":\"ListItem\",\"position\":2,\"name\":\"Estudo Aprofundado sobre os Ribeirinhos da Amaz\u00f4nia\"}]},{\"@type\":\"WebSite\",\"@id\":\"https:\/\/ver-o-peso.com\/pt\/#website\",\"url\":\"https:\/\/ver-o-peso.com\/pt\/\",\"name\":\"Ver-o-peso\",\"description\":\"Aqui tem de tudo da Amaz\u00f4nia\",\"publisher\":{\"@id\":\"https:\/\/ver-o-peso.com\/pt\/#organization\"},\"potentialAction\":[{\"@type\":\"SearchAction\",\"target\":{\"@type\":\"EntryPoint\",\"urlTemplate\":\"https:\/\/ver-o-peso.com\/pt\/?s={search_term_string}\"},\"query-input\":{\"@type\":\"PropertyValueSpecification\",\"valueRequired\":true,\"valueName\":\"search_term_string\"}}],\"inLanguage\":\"pt-BR\"},{\"@type\":\"Organization\",\"@id\":\"https:\/\/ver-o-peso.com\/pt\/#organization\",\"name\":\"Ver-o-peso\",\"url\":\"https:\/\/ver-o-peso.com\/pt\/\",\"logo\":{\"@type\":\"ImageObject\",\"inLanguage\":\"pt-BR\",\"@id\":\"https:\/\/ver-o-peso.com\/pt\/#\/schema\/logo\/image\/\",\"url\":\"https:\/\/ver-o-peso.com\/pt\/wp-content\/uploads\/2025\/05\/Logo-3.png\",\"contentUrl\":\"https:\/\/ver-o-peso.com\/pt\/wp-content\/uploads\/2025\/05\/Logo-3.png\",\"width\":210,\"height\":118,\"caption\":\"Ver-o-peso\"},\"image\":{\"@id\":\"https:\/\/ver-o-peso.com\/pt\/#\/schema\/logo\/image\/\"},\"sameAs\":[\"https:\/\/fecebook.com\/jose.oliveira.913296\",\"https:\/\/instagram.com\/riba.lages\",\"https:\/\/tiktok.com\/veropeso2025\"]},{\"@type\":\"Person\",\"@id\":\"https:\/\/ver-o-peso.com\/pt\/#\/schema\/person\/9e9ad551726c390092238296ec769a06\",\"name\":\"veropeso2025\",\"image\":{\"@type\":\"ImageObject\",\"inLanguage\":\"pt-BR\",\"@id\":\"https:\/\/ver-o-peso.com\/pt\/#\/schema\/person\/image\/\",\"url\":\"https:\/\/secure.gravatar.com\/avatar\/abbae2eadd0ca3e3064b32972a9f07e1ec00361a8e4784de939c3d52c9381ec6?s=96&d=mm&r=g\",\"contentUrl\":\"https:\/\/secure.gravatar.com\/avatar\/abbae2eadd0ca3e3064b32972a9f07e1ec00361a8e4784de939c3d52c9381ec6?s=96&d=mm&r=g\",\"caption\":\"veropeso2025\"},\"sameAs\":[\"https:\/\/ver-o-peso.com\/pt\"],\"url\":\"https:\/\/ver-o-peso.com\/pt\/author\/veropeso2025\/\"}]}<\/script>\n<!-- \/ Yoast SEO Premium plugin. -->","yoast_head_json":{"title":"Estudo Aprofundado sobre os Ribeirinhos da Amaz\u00f4nia - Ver-o-peso","description":"Estudo completo sobre os ribeirinhos da Amaz\u00f4nia: cultura, modo de vida, desafios e sustentabilidade. Saiba como essas comunidades tradicionais vivem, suas rela\u00e7\u00f5es com o meio ambiente e as amea\u00e7as que enfrentam. Inclui dados demogr\u00e1ficos, pol\u00edticas p\u00fablicas e recomenda\u00e7\u00f5es para preserva\u00e7\u00e3o.","robots":{"index":"index","follow":"follow","max-snippet":"max-snippet:-1","max-image-preview":"max-image-preview:large","max-video-preview":"max-video-preview:-1"},"canonical":"https:\/\/ver-o-peso.com\/pt\/2025\/07\/12\/estudo-aprofundado-sobre-os-ribeirinhos-da-amazonia\/","og_locale":"pt_BR","og_type":"article","og_title":"Estudo Aprofundado sobre os Ribeirinhos da Amaz\u00f4nia","og_description":"Estudo completo sobre os ribeirinhos da Amaz\u00f4nia: cultura, modo de vida, desafios e sustentabilidade. Saiba como essas comunidades tradicionais vivem, suas rela\u00e7\u00f5es com o meio ambiente e as amea\u00e7as que enfrentam. Inclui dados demogr\u00e1ficos, pol\u00edticas p\u00fablicas e recomenda\u00e7\u00f5es para preserva\u00e7\u00e3o.","og_url":"https:\/\/ver-o-peso.com\/pt\/2025\/07\/12\/estudo-aprofundado-sobre-os-ribeirinhos-da-amazonia\/","og_site_name":"Ver-o-peso","article_publisher":"https:\/\/fecebook.com\/jose.oliveira.913296","article_published_time":"2025-07-12T12:11:00+00:00","article_modified_time":"2025-07-12T12:24:01+00:00","og_image":[{"width":1024,"height":578,"url":"https:\/\/ver-o-peso.com\/pt\/wp-content\/uploads\/2025\/07\/populacao_ribeirinha-1024x578.png","type":"image\/png"}],"author":"veropeso2025","twitter_card":"summary_large_image","twitter_misc":{"Escrito por":"veropeso2025","Est. tempo de leitura":"6 minutos"},"schema":{"@context":"https:\/\/schema.org","@graph":[{"@type":"Article","@id":"https:\/\/ver-o-peso.com\/pt\/2025\/07\/12\/estudo-aprofundado-sobre-os-ribeirinhos-da-amazonia\/#article","isPartOf":{"@id":"https:\/\/ver-o-peso.com\/pt\/2025\/07\/12\/estudo-aprofundado-sobre-os-ribeirinhos-da-amazonia\/"},"author":{"name":"veropeso2025","@id":"https:\/\/ver-o-peso.com\/pt\/#\/schema\/person\/9e9ad551726c390092238296ec769a06"},"headline":"Estudo Aprofundado sobre os Ribeirinhos da Amaz\u00f4nia","datePublished":"2025-07-12T12:11:00+00:00","dateModified":"2025-07-12T12:24:01+00:00","mainEntityOfPage":{"@id":"https:\/\/ver-o-peso.com\/pt\/2025\/07\/12\/estudo-aprofundado-sobre-os-ribeirinhos-da-amazonia\/"},"wordCount":872,"commentCount":0,"publisher":{"@id":"https:\/\/ver-o-peso.com\/pt\/#organization"},"image":{"@id":"https:\/\/ver-o-peso.com\/pt\/2025\/07\/12\/estudo-aprofundado-sobre-os-ribeirinhos-da-amazonia\/#primaryimage"},"thumbnailUrl":"https:\/\/ver-o-peso.com\/pt\/wp-content\/uploads\/2025\/07\/populacao_ribeirinha.png","keywords":["Amaz\u00f4nia","Biodiversidade da Amaz\u00f4nia","Cultura Amaz\u00f4nica","Cultura Paraense","Ecossistema amaz\u00f4nico","Floresta Amaz\u00f4nica"],"articleSection":["Amaz\u00f4nia"],"inLanguage":"pt-BR","potentialAction":[{"@type":"CommentAction","name":"Comment","target":["https:\/\/ver-o-peso.com\/pt\/2025\/07\/12\/estudo-aprofundado-sobre-os-ribeirinhos-da-amazonia\/#respond"]}]},{"@type":"WebPage","@id":"https:\/\/ver-o-peso.com\/pt\/2025\/07\/12\/estudo-aprofundado-sobre-os-ribeirinhos-da-amazonia\/","url":"https:\/\/ver-o-peso.com\/pt\/2025\/07\/12\/estudo-aprofundado-sobre-os-ribeirinhos-da-amazonia\/","name":"Estudo Aprofundado sobre os Ribeirinhos da Amaz\u00f4nia - Ver-o-peso","isPartOf":{"@id":"https:\/\/ver-o-peso.com\/pt\/#website"},"primaryImageOfPage":{"@id":"https:\/\/ver-o-peso.com\/pt\/2025\/07\/12\/estudo-aprofundado-sobre-os-ribeirinhos-da-amazonia\/#primaryimage"},"image":{"@id":"https:\/\/ver-o-peso.com\/pt\/2025\/07\/12\/estudo-aprofundado-sobre-os-ribeirinhos-da-amazonia\/#primaryimage"},"thumbnailUrl":"https:\/\/ver-o-peso.com\/pt\/wp-content\/uploads\/2025\/07\/populacao_ribeirinha.png","datePublished":"2025-07-12T12:11:00+00:00","dateModified":"2025-07-12T12:24:01+00:00","description":"Estudo completo sobre os ribeirinhos da Amaz\u00f4nia: cultura, modo de vida, desafios e sustentabilidade. Saiba como essas comunidades tradicionais vivem, suas rela\u00e7\u00f5es com o meio ambiente e as amea\u00e7as que enfrentam. Inclui dados demogr\u00e1ficos, pol\u00edticas p\u00fablicas e recomenda\u00e7\u00f5es para preserva\u00e7\u00e3o.","breadcrumb":{"@id":"https:\/\/ver-o-peso.com\/pt\/2025\/07\/12\/estudo-aprofundado-sobre-os-ribeirinhos-da-amazonia\/#breadcrumb"},"inLanguage":"pt-BR","potentialAction":[{"@type":"ReadAction","target":["https:\/\/ver-o-peso.com\/pt\/2025\/07\/12\/estudo-aprofundado-sobre-os-ribeirinhos-da-amazonia\/"]}]},{"@type":"ImageObject","inLanguage":"pt-BR","@id":"https:\/\/ver-o-peso.com\/pt\/2025\/07\/12\/estudo-aprofundado-sobre-os-ribeirinhos-da-amazonia\/#primaryimage","url":"https:\/\/ver-o-peso.com\/pt\/wp-content\/uploads\/2025\/07\/populacao_ribeirinha.png","contentUrl":"https:\/\/ver-o-peso.com\/pt\/wp-content\/uploads\/2025\/07\/populacao_ribeirinha.png","width":1360,"height":768},{"@type":"BreadcrumbList","@id":"https:\/\/ver-o-peso.com\/pt\/2025\/07\/12\/estudo-aprofundado-sobre-os-ribeirinhos-da-amazonia\/#breadcrumb","itemListElement":[{"@type":"ListItem","position":1,"name":"In\u00edcio","item":"https:\/\/ver-o-peso.com\/pt\/"},{"@type":"ListItem","position":2,"name":"Estudo Aprofundado sobre os Ribeirinhos da Amaz\u00f4nia"}]},{"@type":"WebSite","@id":"https:\/\/ver-o-peso.com\/pt\/#website","url":"https:\/\/ver-o-peso.com\/pt\/","name":"Ver-o-peso","description":"Aqui tem de tudo da Amaz\u00f4nia","publisher":{"@id":"https:\/\/ver-o-peso.com\/pt\/#organization"},"potentialAction":[{"@type":"SearchAction","target":{"@type":"EntryPoint","urlTemplate":"https:\/\/ver-o-peso.com\/pt\/?s={search_term_string}"},"query-input":{"@type":"PropertyValueSpecification","valueRequired":true,"valueName":"search_term_string"}}],"inLanguage":"pt-BR"},{"@type":"Organization","@id":"https:\/\/ver-o-peso.com\/pt\/#organization","name":"Ver-o-peso","url":"https:\/\/ver-o-peso.com\/pt\/","logo":{"@type":"ImageObject","inLanguage":"pt-BR","@id":"https:\/\/ver-o-peso.com\/pt\/#\/schema\/logo\/image\/","url":"https:\/\/ver-o-peso.com\/pt\/wp-content\/uploads\/2025\/05\/Logo-3.png","contentUrl":"https:\/\/ver-o-peso.com\/pt\/wp-content\/uploads\/2025\/05\/Logo-3.png","width":210,"height":118,"caption":"Ver-o-peso"},"image":{"@id":"https:\/\/ver-o-peso.com\/pt\/#\/schema\/logo\/image\/"},"sameAs":["https:\/\/fecebook.com\/jose.oliveira.913296","https:\/\/instagram.com\/riba.lages","https:\/\/tiktok.com\/veropeso2025"]},{"@type":"Person","@id":"https:\/\/ver-o-peso.com\/pt\/#\/schema\/person\/9e9ad551726c390092238296ec769a06","name":"veropeso2025","image":{"@type":"ImageObject","inLanguage":"pt-BR","@id":"https:\/\/ver-o-peso.com\/pt\/#\/schema\/person\/image\/","url":"https:\/\/secure.gravatar.com\/avatar\/abbae2eadd0ca3e3064b32972a9f07e1ec00361a8e4784de939c3d52c9381ec6?s=96&d=mm&r=g","contentUrl":"https:\/\/secure.gravatar.com\/avatar\/abbae2eadd0ca3e3064b32972a9f07e1ec00361a8e4784de939c3d52c9381ec6?s=96&d=mm&r=g","caption":"veropeso2025"},"sameAs":["https:\/\/ver-o-peso.com\/pt"],"url":"https:\/\/ver-o-peso.com\/pt\/author\/veropeso2025\/"}]}},"_links":{"self":[{"href":"https:\/\/ver-o-peso.com\/pt\/wp-json\/wp\/v2\/posts\/3177","targetHints":{"allow":["GET"]}}],"collection":[{"href":"https:\/\/ver-o-peso.com\/pt\/wp-json\/wp\/v2\/posts"}],"about":[{"href":"https:\/\/ver-o-peso.com\/pt\/wp-json\/wp\/v2\/types\/post"}],"author":[{"embeddable":true,"href":"https:\/\/ver-o-peso.com\/pt\/wp-json\/wp\/v2\/users\/1"}],"replies":[{"embeddable":true,"href":"https:\/\/ver-o-peso.com\/pt\/wp-json\/wp\/v2\/comments?post=3177"}],"version-history":[{"count":3,"href":"https:\/\/ver-o-peso.com\/pt\/wp-json\/wp\/v2\/posts\/3177\/revisions"}],"predecessor-version":[{"id":3184,"href":"https:\/\/ver-o-peso.com\/pt\/wp-json\/wp\/v2\/posts\/3177\/revisions\/3184"}],"wp:featuredmedia":[{"embeddable":true,"href":"https:\/\/ver-o-peso.com\/pt\/wp-json\/wp\/v2\/media\/3179"}],"wp:attachment":[{"href":"https:\/\/ver-o-peso.com\/pt\/wp-json\/wp\/v2\/media?parent=3177"}],"wp:term":[{"taxonomy":"category","embeddable":true,"href":"https:\/\/ver-o-peso.com\/pt\/wp-json\/wp\/v2\/categories?post=3177"},{"taxonomy":"post_tag","embeddable":true,"href":"https:\/\/ver-o-peso.com\/pt\/wp-json\/wp\/v2\/tags?post=3177"}],"curies":[{"name":"wp","href":"https:\/\/api.w.org\/{rel}","templated":true}]}}