{"id":3190,"date":"2025-07-13T12:26:04","date_gmt":"2025-07-13T15:26:04","guid":{"rendered":"https:\/\/ver-o-peso.com\/pt\/?p=3190"},"modified":"2025-07-14T19:49:55","modified_gmt":"2025-07-14T22:49:55","slug":"estudo-sobre-a-revolucao-ou-guerra-dos-cabanos-em-belem-do-para","status":"publish","type":"post","link":"https:\/\/ver-o-peso.com\/pt\/2025\/07\/13\/estudo-sobre-a-revolucao-ou-guerra-dos-cabanos-em-belem-do-para\/","title":{"rendered":"Estudo sobre a Revolu\u00e7\u00e3o ou Guerra dos Cabanos em Bel\u00e9m do Par\u00e1"},"content":{"rendered":"<div class=\"wpb-content-wrapper\"><p>[vc_row][vc_column width=&#8221;2\/3&#8243;][vc_column_text css=&#8221;&#8221;]<\/p>\n<h1 class=\"ai-optimize-6 ai-optimize-introduction\">1. Contexto Hist\u00f3rico<\/h1>\n<p class=\"ai-optimize-6 ai-optimize-introduction\">A Cabanagem, tamb\u00e9m conhecida como Guerra dos Cabanos, foi uma das mais<br \/>\nsignificativas revoltas populares e sociais ocorridas no Brasil durante o Per\u00edodo<br \/>\nRegencial (1831-1840). Este per\u00edodo foi marcado por uma s\u00e9rie de instabilidades pol\u00edticas e sociais ap\u00f3s a abdica\u00e7\u00e3o de Dom Pedro I, enquanto o herdeiro, Dom Pedro II, ainda era menor de idade. O governo regencial, centralizador e muitas vezes autorit\u00e1rio, enfrentava diversas revoltas provinciais por todo o pa\u00eds, reflexo das tens\u00f5es entre as elites locais e o poder central, bem como das profundas desigualdades sociais.<br \/>\nNa Prov\u00edncia do Gr\u00e3o-Par\u00e1, que \u00e0 \u00e9poca abrangia uma vasta \u00e1rea que hoje<br \/>\ncorresponde aos estados do Par\u00e1, Amazonas, Amap\u00e1 e Roraima, a situa\u00e7\u00e3o era<br \/>\nparticularmente complexa. A regi\u00e3o, rica em recursos naturais, vivia um cen\u00e1rio de extrema pobreza, fome e doen\u00e7as que afetavam a maior parte da popula\u00e7\u00e3o. O, isolamento pol\u00edtico e a forte influ\u00eancia portuguesa, mesmo ap\u00f3s a Independ\u00eancia do Brasil em 1822 (o Par\u00e1 aderiu \u00e0 independ\u00eancia apenas em 1823), contribu\u00edam para um clima de insatisfa\u00e7\u00e3o generalizada. A elite local, composta por fazendeiros e comerciantes, tamb\u00e9m estava descontente com a falta de participa\u00e7\u00e3o pol\u00edtica nas decis\u00f5es do governo central e com a pol\u00edtica econ\u00f4mica que beneficiava o Rio de Janeiro em detrimento da prov\u00edncia.<br \/>\nEste cen\u00e1rio de efervesc\u00eancia social e pol\u00edtica, somado \u00e0 influ\u00eancia de ideais liberais e republicanos que circulavam na \u00e9poca (como os da Revolu\u00e7\u00e3o Francesa), criou o ambiente prop\u00edcio para a eclos\u00e3o da Cabanagem. A popula\u00e7\u00e3o mais humilde, composta por ind\u00edgenas, mesti\u00e7os (caboclos), negros libertos e escravos, vivia em condi\u00e7\u00f5es de semiescravid\u00e3o, amontoada em moradias prec\u00e1rias, as chamadas &#8216;cabanas&#8217; (da\u00ed o nome &#8216;Cabanagem&#8217;), \u00e0 beira dos rios. Essa popula\u00e7\u00e3o, marginalizada e explorada, ansiava por mudan\u00e7as e melhores condi\u00e7\u00f5es de vida.<\/p>\n<p class=\"ai-optimize-15\">[\/vc_column_text][\/vc_column][vc_column width=&#8221;1\/3&#8243;][vc_single_image image=&#8221;3193&#8243; img_size=&#8221;full&#8221; css=&#8221;&#8221;][\/vc_column][\/vc_row][vc_row][vc_column width=&#8221;1\/4&#8243;][vc_column_text]<\/p>\n<p class=\"ai-optimize-16\">[\/vc_column_text][vc_single_image image=&#8221;3200&#8243; img_size=&#8221;full&#8221; css=&#8221;&#8221;][\/vc_column][vc_column width=&#8221;3\/4&#8243;][vc_column_text css=&#8221;&#8221;]<\/p>\n<h1 class=\"ai-optimize-12\">2. Causas da Cabanagem<\/h1>\n<p class=\"ai-optimize-12\">As causas da Cabanagem s\u00e3o multifacetadas e podem ser divididas em aspectos<br \/>\nsociais, econ\u00f4micos e pol\u00edticos:<\/p>\n<h3 class=\"ai-optimize-12\">2.1. Desigualdade Social e Econ\u00f4mica<\/h3>\n<p class=\"ai-optimize-12\">A principal causa da revolta foi a profunda desigualdade social e a explora\u00e7\u00e3o a que estava submetida a popula\u00e7\u00e3o do Gr\u00e3o-Par\u00e1. A maioria dos habitantes vivia em extrema pobreza, sem acesso a terras, educa\u00e7\u00e3o ou sa\u00fade. A economia da prov\u00edncia, baseada na extra\u00e7\u00e3o de produtos da floresta (como borracha, cacau e castanha-dopar\u00e1) e na agricultura de subsist\u00eancia, gerava riqueza para uma pequena elite, enquanto a grande massa da popula\u00e7\u00e3o vivia em condi\u00e7\u00f5es de semiescravid\u00e3o. A fome e as doen\u00e7as eram end\u00eamicas, e a falta de assist\u00eancia governamental agravava ainda mais a situa\u00e7\u00e3o.<\/p>\n<h3 class=\"ai-optimize-12\">2.2. Abandono Pol\u00edtico e Autoritarismo<\/h3>\n<p class=\"ai-optimize-12\">O governo central, sediado no Rio de Janeiro, demonstrava pouco interesse pelas necessidades da Prov\u00edncia do Gr\u00e3o-Par\u00e1. A nomea\u00e7\u00e3o de presidentes de prov\u00edncia e outros funcion\u00e1rios p\u00fablicos era feita sem considerar os interesses locais, gerando um sentimento de abandono e descontentamento. O autoritarismo dos governantes nomeados pela Reg\u00eancia, que frequentemente agiam de forma arbitr\u00e1ria e repressiva, aumentava a insatisfa\u00e7\u00e3o da popula\u00e7\u00e3o e das elites locais que se sentiam alijadas do poder.<\/p>\n<h3 class=\"ai-optimize-12\">2.3. Disputas Pol\u00edticas Locais<\/h3>\n<p class=\"ai-optimize-12\">Al\u00e9m do descontentamento popular, havia uma intensa disputa pelo poder entre as fac\u00e7\u00f5es da elite paraense. De um lado, estavam os &#8216;legalistas&#8217; ou &#8216;caramurus&#8217;, que apoiavam o governo regencial e a manuten\u00e7\u00e3o do status quo. Do outro, os &#8216;exaltados&#8217; ou &#8216;liberais radicais&#8217;, que defendiam maior autonomia para a prov\u00edncia e, em alguns casos, a proclama\u00e7\u00e3o de uma rep\u00fablica. Essa divis\u00e3o na elite, somada \u00e0 insatisfa\u00e7\u00e3o com a influ\u00eancia portuguesa na regi\u00e3o, criou um ambiente de instabilidade pol\u00edtica que foi explorado pelos l\u00edderes da Cabanagem.<\/p>\n<h3 class=\"ai-optimize-12\">2.4. Influ\u00eancia de Ideais Liberais e Republicanos<\/h3>\n<p class=\"ai-optimize-12\">Apesar do isolamento geogr\u00e1fico, as ideias liberais e republicanas que varriam a<br \/>\nEuropa e outras partes da Am\u00e9rica Latina no s\u00e9culo XIX tamb\u00e9m chegaram ao Gr\u00e3oPar\u00e1. A Revolu\u00e7\u00e3o Francesa, com seus ideais de liberdade, igualdade e fraternidade, serviu de inspira\u00e7\u00e3o para muitos que ansiavam por uma sociedade mais justa e igualit\u00e1ria. Esses ideais encontraram eco na popula\u00e7\u00e3o oprimida e nas camadas m\u00e9dias descontentes, impulsionando o desejo por mudan\u00e7as radicais.<br \/>\nEm resumo, a Cabanagem foi o resultado de uma combina\u00e7\u00e3o explosiva de mis\u00e9ria social, explora\u00e7\u00e3o econ\u00f4mica, abandono pol\u00edtico, autoritarismo governamental e disputas internas na elite, tudo isso temperado pela influ\u00eancia de ideaisrevolucion\u00e1rios. A revolta representou o grito de uma popula\u00e7\u00e3o marginalizada que buscava, por meio da luta armada, melhores condi\u00e7\u00f5es de vida e maior participa\u00e7\u00e3opol\u00edtica.<\/p>\n<p class=\"ai-optimize-17\">[\/vc_column_text][\/vc_column][\/vc_row][vc_row][vc_column width=&#8221;2\/3&#8243;][vc_column_text]<\/p>\n<p class=\"ai-optimize-13\">[\/vc_column_text][vc_column_text css=&#8221;&#8221;]<\/p>\n<h3 class=\"ai-optimize-10\">3. Desenvolvimento da Revolta<\/h3>\n<p class=\"ai-optimize-10\">A Cabanagem teve seu in\u00edcio formal em 6 de janeiro de 1835, quando os cabanos, liderados por Francisco Pedro Vinagre e Eduardo Angelim, tomaram a cidade de Bel\u00e9m, capital da prov\u00edncia do Gr\u00e3o-Par\u00e1. Este evento marcou o \u00e1pice de um per\u00edodo de crescente tens\u00e3o e conflito. A tomada de Bel\u00e9m foi um ato audacioso, no qual os revoltosos, em sua maioria pessoas humildes, enfrentaram e derrotaram as for\u00e7as governamentais. O presidente da prov\u00edncia, Bernardo Lobo de Sousa, foi deposto e morto, e os cabanos assumiram o controle da capital.<\/p>\n<h3 class=\"ai-optimize-10\">3.1. A Primeira Fase: O Governo Cabano<\/h3>\n<p class=\"ai-optimize-10\">Ap\u00f3s a tomada de Bel\u00e9m, os cabanos instalaram um governo provis\u00f3rio. F\u00e9lix<br \/>\nClemente Malcher, um militar e fazendeiro que havia se aliado aos revoltosos, foi nomeado presidente da prov\u00edncia. No entanto, a alian\u00e7a entre as diferentes fac\u00e7\u00f5es que compunham o movimento cabano era fr\u00e1gil. Malcher, mais alinhado com os interesses da elite, logo demonstrou tend\u00eancias conciliat\u00f3rias com o governo central, o que gerou desconfian\u00e7a e insatisfa\u00e7\u00e3o entre os l\u00edderes populares. Essa diverg\u00eancia interna levou a um novo conflito, no qual Malcher foi deposto e morto pelos pr\u00f3prios<br \/>\ncabanos.<br \/>\nEduardo Angelim, uma figura carism\u00e1tica e popular, assumiu ent\u00e3o a presid\u00eancia da prov\u00edncia. Sob sua lideran\u00e7a, o governo cabano buscou implementar algumas das reivindica\u00e7\u00f5es populares, mas enfrentou a resist\u00eancia das for\u00e7as imperiais e a falta de apoio de parte da elite. O controle cabano sobre Bel\u00e9m e a prov\u00edncia foi inst\u00e1vel e durou cerca de dez meses. A Reg\u00eancia, alarmada com a extens\u00e3o e o car\u00e1ter popular da revolta, enviou tropas para sufocar o movimento.<\/p>\n<h3 class=\"ai-optimize-10\">3.2. A Repress\u00e3o Imperial e a Resist\u00eancia Cabana<\/h3>\n<p class=\"ai-optimize-10\">A partir de 1836, a repress\u00e3o imperial se intensificou. O governo central nomeou o Bar\u00e3o de Ca\u00e7apava como novo presidente da prov\u00edncia, com a miss\u00e3o de restaurar a ordem. As for\u00e7as imperiais, mais bem equipadas e treinadas, bombardearam Bel\u00e9m e retomaram o controle da capital. A partir da\u00ed, a Cabanagem entrou em uma fase de guerrilha, com os cabanos resistindo nas matas e rios da prov\u00edncia. A luta se tornou cada vez mais violenta e sangrenta, com massacres e atrocidades cometidas por ambos os lados.<br \/>\nOs cabanos, apesar das dificuldades, demonstraram grande resili\u00eancia e<br \/>\nconhecimento do terreno. A floresta amaz\u00f4nica e os rios serviram de ref\u00fagio e base para suas opera\u00e7\u00f5es. No entanto, a falta de uma lideran\u00e7a unificada e a superioridade militar das for\u00e7as imperiais foram minando a resist\u00eancia. Muitos l\u00edderes cabanos foram capturados, mortos ou se renderam. A repress\u00e3o foi brutal, e estima-se que entre 30% e 40% da popula\u00e7\u00e3o do Gr\u00e3o-Par\u00e1, que era de aproximadamente 100 mil habitantes,\u00a0 tenha morrido em decorr\u00eancia dos combates, doen\u00e7as e massacres.<\/p>\n<h3 class=\"ai-optimize-10\">3.3. Principais Personagens<\/h3>\n<p class=\"ai-optimize-10\">F\u00e9lix Clemente Malcher: Militar e fazendeiro, foi o primeiro presidente cabano.<br \/>\nSua tentativa de concilia\u00e7\u00e3o com o governo central levou \u00e0 sua deposi\u00e7\u00e3o e<br \/>\nmorte pelos pr\u00f3prios revoltosos.<br \/>\nFrancisco Pedro Vinagre: Um dos l\u00edderes iniciais da tomada de Bel\u00e9m. Teve<br \/>\npapel importante na organiza\u00e7\u00e3o do movimento.<br \/>\nAntonio Vinagre: Irm\u00e3o de Francisco Pedro, tamb\u00e9m foi um dos l\u00edderes<br \/>\nproeminentes da fase inicial da revolta.<br \/>\nEduardo Angelim: Considerado o principal l\u00edder popular da Cabanagem.<br \/>\nAssumiu a presid\u00eancia da prov\u00edncia ap\u00f3s a deposi\u00e7\u00e3o de Malcher e liderou a<br \/>\nresist\u00eancia cabana por um per\u00edodo significativo. Sua figura se tornou um s\u00edmbolo<br \/>\nda luta dos oprimidos.<br \/>\nVicente Ferreira de Paula: Outro l\u00edder importante que atuou ao lado de Angelim<br \/>\nna fase de resist\u00eancia.<br \/>\nBernardo Lobo de Sousa: Presidente da prov\u00edncia deposto e morto pelos<br \/>\ncabanos na tomada de Bel\u00e9m.<br \/>\nBar\u00e3o de Ca\u00e7apava: Comandante das for\u00e7as imperiais respons\u00e1vel pela<br \/>\nrepress\u00e3o e pacifica\u00e7\u00e3o da prov\u00edncia.<\/p>\n<p class=\"ai-optimize-7\">[\/vc_column_text][\/vc_column][vc_column width=&#8221;1\/3&#8243;][vc_single_image image=&#8221;3204&#8243; img_size=&#8221;full&#8221; css=&#8221;&#8221;][\/vc_column][\/vc_row][vc_row][vc_column width=&#8221;1\/4&#8243;][vc_column_text]<\/p>\n<p class=\"ai-optimize-8\">[\/vc_column_text][vc_single_image image=&#8221;3208&#8243; img_size=&#8221;full&#8221; css=&#8221;&#8221;][\/vc_column][vc_column width=&#8221;3\/4&#8243;][vc_column_text css=&#8221;&#8221;]<\/p>\n<h1 class=\"ai-optimize-10\">Conclus\u00e3o<\/h1>\n<p class=\"ai-optimize-10\">A Revolu\u00e7\u00e3o ou Guerra dos Cabanos, ocorrida na Prov\u00edncia do Gr\u00e3o-Par\u00e1 entre 1835 e 1840, representa um dos cap\u00edtulos mais sangrentos e significativos da hist\u00f3ria do Brasil. Longe de ser um mero levante isolado, a Cabanagem foi o resultado de um caldeir\u00e3o de insatisfa\u00e7\u00f5es sociais, econ\u00f4micas e pol\u00edticas que fervilhavam na regi\u00e3o amaz\u00f4nica. A extrema pobreza, a explora\u00e7\u00e3o da popula\u00e7\u00e3o cabocla, ind\u00edgena e negra, o abandono pol\u00edtico por parte do governo central e as disputas internas entre as elites locais criaram um cen\u00e1rio prop\u00edcio para a eclos\u00e3o de uma revolta de propor\u00e7\u00f5es \u00e9picas.<br \/>\nO movimento, liderado por figuras como Eduardo Angelim, Francisco Pedro Vinagre e Ant\u00f4nio Vinagre, demonstrou a capacidade de mobiliza\u00e7\u00e3o das camadas populares, que, pela primeira vez na hist\u00f3ria do Brasil, conseguiram assumir o poder em uma prov\u00edncia. No entanto, a falta de uma lideran\u00e7a unificada, as diverg\u00eancias internas e a brutalidade da repress\u00e3o imperial levaram \u00e0 derrota dos cabanos. As consequ\u00eancias foram devastadoras, com a perda de dezenas de milhares de vidas, a desestrutura\u00e7\u00e3o social e econ\u00f4mica da prov\u00edncia e um legado de dor e injusti\u00e7a.<br \/>\nApesar da derrota militar, a Cabanagem deixou um legado indel\u00e9vel. Ela exp\u00f4s as profundas contradi\u00e7\u00f5es do Imp\u00e9rio Brasileiro e a necessidade urgente de reformas sociais e pol\u00edticas. A mem\u00f3ria da Cabanagem, por muito tempo marginalizada ou distorcida, tem sido resgatada por estudos historiogr\u00e1ficos mais recentes, que a reconhecem como um movimento leg\u00edtimo de resist\u00eancia e luta por direitos. A Cabanagem \u00e9 um lembrete poderoso de que a hist\u00f3ria do Brasil \u00e9 constru\u00edda tamb\u00e9m pelas vozes e a\u00e7\u00f5es dos oprimidos, e que a busca por justi\u00e7a social \u00e9 uma constante em nossa trajet\u00f3ria. Compreender a Cabanagem \u00e9, portanto, essencial para uma an\u00e1lise cr\u00edtica do passado e para a constru\u00e7\u00e3o de um futuro mais equitativo.<br \/>\nRefer\u00eancias<br \/>\nCabanagem \u2013 <a href=\"https:\/\/pt.wikipedia.org\/wiki\/Cabanagem\">Wikip\u00e9dia, a enciclop\u00e9dia livre<\/a><br \/>\nCabanagem: <a href=\"https:\/\/brasilescola.uol.com.br\/historiab\/cabanagem.htm\">antecedentes, causas, l\u00edderes &#8211; Brasil Escola<\/a><\/p>\n<p class=\"ai-optimize-9\">[\/vc_column_text][\/vc_column][\/vc_row][vc_row][vc_column][vc_column_text]<\/p>\n<p>[\/vc_column_text][\/vc_column][\/vc_row]<\/p>\n<\/div>","protected":false},"excerpt":{"rendered":"<p>[vc_row][vc_column width=&#8221;2\/3&#8243;][vc_column_text css=&#8221;&#8221;] 1. Contexto Hist\u00f3rico A Cabanagem, tamb\u00e9m conhecida como Guerra dos Cabanos, foi uma das mais significativas revoltas populares e sociais ocorridas no Brasil durante o Per\u00edodo Regencial (1831-1840). Este per\u00edodo foi marcado por uma s\u00e9rie de instabilidades pol\u00edticas e sociais ap\u00f3s a abdica\u00e7\u00e3o de Dom Pedro I, enquanto o herdeiro, Dom Pedro &hellip; <a href=\"https:\/\/ver-o-peso.com\/pt\/2025\/07\/13\/estudo-sobre-a-revolucao-ou-guerra-dos-cabanos-em-belem-do-para\/\" class=\"more-link\">Continuar lendo <span class=\"screen-reader-text\">Estudo sobre a Revolu\u00e7\u00e3o ou Guerra dos Cabanos em Bel\u00e9m do Par\u00e1<\/span><\/a><\/p>\n","protected":false},"author":1,"featured_media":3210,"comment_status":"open","ping_status":"open","sticky":false,"template":"","format":"standard","meta":{"footnotes":""},"categories":[20],"tags":[119,76,108],"class_list":["post-3190","post","type-post","status-publish","format-standard","has-post-thumbnail","hentry","category-amazonia","tag-amazonia","tag-belem-do-para","tag-cultura-paraense"],"yoast_head":"<!-- This site is optimized with the Yoast SEO Premium plugin v25.3 (Yoast SEO v25.9) - https:\/\/yoast.com\/wordpress\/plugins\/seo\/ -->\n<title>Estudo sobre a Revolu\u00e7\u00e3o ou Guerra dos Cabanos em Bel\u00e9m do Par\u00e1 - Ver-o-peso<\/title>\n<meta name=\"robots\" content=\"index, follow, max-snippet:-1, max-image-preview:large, max-video-preview:-1\" \/>\n<link rel=\"canonical\" href=\"https:\/\/ver-o-peso.com\/pt\/2025\/07\/13\/estudo-sobre-a-revolucao-ou-guerra-dos-cabanos-em-belem-do-para\/\" \/>\n<meta property=\"og:locale\" content=\"pt_BR\" \/>\n<meta property=\"og:type\" content=\"article\" \/>\n<meta property=\"og:title\" content=\"Estudo sobre a Revolu\u00e7\u00e3o ou Guerra dos Cabanos em Bel\u00e9m do Par\u00e1\" \/>\n<meta property=\"og:description\" content=\"[vc_row][vc_column width=&#8221;2\/3&#8243;][vc_column_text css=&#8221;&#8221;] 1. Contexto Hist\u00f3rico A Cabanagem, tamb\u00e9m conhecida como Guerra dos Cabanos, foi uma das mais significativas revoltas populares e sociais ocorridas no Brasil durante o Per\u00edodo Regencial (1831-1840). Este per\u00edodo foi marcado por uma s\u00e9rie de instabilidades pol\u00edticas e sociais ap\u00f3s a abdica\u00e7\u00e3o de Dom Pedro I, enquanto o herdeiro, Dom Pedro &hellip; Continuar lendo Estudo sobre a Revolu\u00e7\u00e3o ou Guerra dos Cabanos em Bel\u00e9m do Par\u00e1\" \/>\n<meta property=\"og:url\" content=\"https:\/\/ver-o-peso.com\/pt\/2025\/07\/13\/estudo-sobre-a-revolucao-ou-guerra-dos-cabanos-em-belem-do-para\/\" \/>\n<meta property=\"og:site_name\" content=\"Ver-o-peso\" \/>\n<meta property=\"article:publisher\" content=\"https:\/\/fecebook.com\/jose.oliveira.913296\" \/>\n<meta property=\"article:published_time\" content=\"2025-07-13T15:26:04+00:00\" \/>\n<meta property=\"article:modified_time\" content=\"2025-07-14T22:49:55+00:00\" \/>\n<meta property=\"og:image\" content=\"https:\/\/ver-o-peso.com\/pt\/wp-content\/uploads\/2025\/07\/guerras-dos-cabanos321-1024x578.png\" \/>\n\t<meta property=\"og:image:width\" content=\"1024\" \/>\n\t<meta property=\"og:image:height\" content=\"578\" \/>\n\t<meta property=\"og:image:type\" content=\"image\/png\" \/>\n<meta name=\"author\" content=\"veropeso2025\" \/>\n<meta name=\"twitter:card\" content=\"summary_large_image\" \/>\n<meta name=\"twitter:label1\" content=\"Escrito por\" \/>\n\t<meta name=\"twitter:data1\" content=\"veropeso2025\" \/>\n\t<meta name=\"twitter:label2\" content=\"Est. tempo de leitura\" \/>\n\t<meta name=\"twitter:data2\" content=\"10 minutos\" \/>\n<script type=\"application\/ld+json\" class=\"yoast-schema-graph\">{\"@context\":\"https:\/\/schema.org\",\"@graph\":[{\"@type\":\"Article\",\"@id\":\"https:\/\/ver-o-peso.com\/pt\/2025\/07\/13\/estudo-sobre-a-revolucao-ou-guerra-dos-cabanos-em-belem-do-para\/#article\",\"isPartOf\":{\"@id\":\"https:\/\/ver-o-peso.com\/pt\/2025\/07\/13\/estudo-sobre-a-revolucao-ou-guerra-dos-cabanos-em-belem-do-para\/\"},\"author\":{\"name\":\"veropeso2025\",\"@id\":\"https:\/\/ver-o-peso.com\/pt\/#\/schema\/person\/9e9ad551726c390092238296ec769a06\"},\"headline\":\"Estudo sobre a Revolu\u00e7\u00e3o ou Guerra dos Cabanos em Bel\u00e9m do Par\u00e1\",\"datePublished\":\"2025-07-13T15:26:04+00:00\",\"dateModified\":\"2025-07-14T22:49:55+00:00\",\"mainEntityOfPage\":{\"@id\":\"https:\/\/ver-o-peso.com\/pt\/2025\/07\/13\/estudo-sobre-a-revolucao-ou-guerra-dos-cabanos-em-belem-do-para\/\"},\"wordCount\":1986,\"commentCount\":0,\"publisher\":{\"@id\":\"https:\/\/ver-o-peso.com\/pt\/#organization\"},\"image\":{\"@id\":\"https:\/\/ver-o-peso.com\/pt\/2025\/07\/13\/estudo-sobre-a-revolucao-ou-guerra-dos-cabanos-em-belem-do-para\/#primaryimage\"},\"thumbnailUrl\":\"https:\/\/ver-o-peso.com\/pt\/wp-content\/uploads\/2025\/07\/guerras-dos-cabanos321.png\",\"keywords\":[\"Amaz\u00f4nia\",\"Bel\u00e9m do Par\u00e1\",\"Cultura Paraense\"],\"articleSection\":[\"Amaz\u00f4nia\"],\"inLanguage\":\"pt-BR\",\"potentialAction\":[{\"@type\":\"CommentAction\",\"name\":\"Comment\",\"target\":[\"https:\/\/ver-o-peso.com\/pt\/2025\/07\/13\/estudo-sobre-a-revolucao-ou-guerra-dos-cabanos-em-belem-do-para\/#respond\"]}]},{\"@type\":\"WebPage\",\"@id\":\"https:\/\/ver-o-peso.com\/pt\/2025\/07\/13\/estudo-sobre-a-revolucao-ou-guerra-dos-cabanos-em-belem-do-para\/\",\"url\":\"https:\/\/ver-o-peso.com\/pt\/2025\/07\/13\/estudo-sobre-a-revolucao-ou-guerra-dos-cabanos-em-belem-do-para\/\",\"name\":\"Estudo sobre a Revolu\u00e7\u00e3o ou Guerra dos Cabanos em Bel\u00e9m do Par\u00e1 - Ver-o-peso\",\"isPartOf\":{\"@id\":\"https:\/\/ver-o-peso.com\/pt\/#website\"},\"primaryImageOfPage\":{\"@id\":\"https:\/\/ver-o-peso.com\/pt\/2025\/07\/13\/estudo-sobre-a-revolucao-ou-guerra-dos-cabanos-em-belem-do-para\/#primaryimage\"},\"image\":{\"@id\":\"https:\/\/ver-o-peso.com\/pt\/2025\/07\/13\/estudo-sobre-a-revolucao-ou-guerra-dos-cabanos-em-belem-do-para\/#primaryimage\"},\"thumbnailUrl\":\"https:\/\/ver-o-peso.com\/pt\/wp-content\/uploads\/2025\/07\/guerras-dos-cabanos321.png\",\"datePublished\":\"2025-07-13T15:26:04+00:00\",\"dateModified\":\"2025-07-14T22:49:55+00:00\",\"breadcrumb\":{\"@id\":\"https:\/\/ver-o-peso.com\/pt\/2025\/07\/13\/estudo-sobre-a-revolucao-ou-guerra-dos-cabanos-em-belem-do-para\/#breadcrumb\"},\"inLanguage\":\"pt-BR\",\"potentialAction\":[{\"@type\":\"ReadAction\",\"target\":[\"https:\/\/ver-o-peso.com\/pt\/2025\/07\/13\/estudo-sobre-a-revolucao-ou-guerra-dos-cabanos-em-belem-do-para\/\"]}]},{\"@type\":\"ImageObject\",\"inLanguage\":\"pt-BR\",\"@id\":\"https:\/\/ver-o-peso.com\/pt\/2025\/07\/13\/estudo-sobre-a-revolucao-ou-guerra-dos-cabanos-em-belem-do-para\/#primaryimage\",\"url\":\"https:\/\/ver-o-peso.com\/pt\/wp-content\/uploads\/2025\/07\/guerras-dos-cabanos321.png\",\"contentUrl\":\"https:\/\/ver-o-peso.com\/pt\/wp-content\/uploads\/2025\/07\/guerras-dos-cabanos321.png\",\"width\":1360,\"height\":768},{\"@type\":\"BreadcrumbList\",\"@id\":\"https:\/\/ver-o-peso.com\/pt\/2025\/07\/13\/estudo-sobre-a-revolucao-ou-guerra-dos-cabanos-em-belem-do-para\/#breadcrumb\",\"itemListElement\":[{\"@type\":\"ListItem\",\"position\":1,\"name\":\"In\u00edcio\",\"item\":\"https:\/\/ver-o-peso.com\/pt\/\"},{\"@type\":\"ListItem\",\"position\":2,\"name\":\"Estudo sobre a Revolu\u00e7\u00e3o ou Guerra dos Cabanos em Bel\u00e9m do Par\u00e1\"}]},{\"@type\":\"WebSite\",\"@id\":\"https:\/\/ver-o-peso.com\/pt\/#website\",\"url\":\"https:\/\/ver-o-peso.com\/pt\/\",\"name\":\"Ver-o-peso\",\"description\":\"Aqui tem de tudo da Amaz\u00f4nia\",\"publisher\":{\"@id\":\"https:\/\/ver-o-peso.com\/pt\/#organization\"},\"potentialAction\":[{\"@type\":\"SearchAction\",\"target\":{\"@type\":\"EntryPoint\",\"urlTemplate\":\"https:\/\/ver-o-peso.com\/pt\/?s={search_term_string}\"},\"query-input\":{\"@type\":\"PropertyValueSpecification\",\"valueRequired\":true,\"valueName\":\"search_term_string\"}}],\"inLanguage\":\"pt-BR\"},{\"@type\":\"Organization\",\"@id\":\"https:\/\/ver-o-peso.com\/pt\/#organization\",\"name\":\"Ver-o-peso\",\"url\":\"https:\/\/ver-o-peso.com\/pt\/\",\"logo\":{\"@type\":\"ImageObject\",\"inLanguage\":\"pt-BR\",\"@id\":\"https:\/\/ver-o-peso.com\/pt\/#\/schema\/logo\/image\/\",\"url\":\"https:\/\/ver-o-peso.com\/pt\/wp-content\/uploads\/2025\/05\/Logo-3.png\",\"contentUrl\":\"https:\/\/ver-o-peso.com\/pt\/wp-content\/uploads\/2025\/05\/Logo-3.png\",\"width\":210,\"height\":118,\"caption\":\"Ver-o-peso\"},\"image\":{\"@id\":\"https:\/\/ver-o-peso.com\/pt\/#\/schema\/logo\/image\/\"},\"sameAs\":[\"https:\/\/fecebook.com\/jose.oliveira.913296\",\"https:\/\/instagram.com\/riba.lages\",\"https:\/\/tiktok.com\/veropeso2025\"]},{\"@type\":\"Person\",\"@id\":\"https:\/\/ver-o-peso.com\/pt\/#\/schema\/person\/9e9ad551726c390092238296ec769a06\",\"name\":\"veropeso2025\",\"image\":{\"@type\":\"ImageObject\",\"inLanguage\":\"pt-BR\",\"@id\":\"https:\/\/ver-o-peso.com\/pt\/#\/schema\/person\/image\/\",\"url\":\"https:\/\/secure.gravatar.com\/avatar\/abbae2eadd0ca3e3064b32972a9f07e1ec00361a8e4784de939c3d52c9381ec6?s=96&d=mm&r=g\",\"contentUrl\":\"https:\/\/secure.gravatar.com\/avatar\/abbae2eadd0ca3e3064b32972a9f07e1ec00361a8e4784de939c3d52c9381ec6?s=96&d=mm&r=g\",\"caption\":\"veropeso2025\"},\"sameAs\":[\"https:\/\/ver-o-peso.com\/pt\"],\"url\":\"https:\/\/ver-o-peso.com\/pt\/author\/veropeso2025\/\"}]}<\/script>\n<!-- \/ Yoast SEO Premium plugin. -->","yoast_head_json":{"title":"Estudo sobre a Revolu\u00e7\u00e3o ou Guerra dos Cabanos em Bel\u00e9m do Par\u00e1 - Ver-o-peso","robots":{"index":"index","follow":"follow","max-snippet":"max-snippet:-1","max-image-preview":"max-image-preview:large","max-video-preview":"max-video-preview:-1"},"canonical":"https:\/\/ver-o-peso.com\/pt\/2025\/07\/13\/estudo-sobre-a-revolucao-ou-guerra-dos-cabanos-em-belem-do-para\/","og_locale":"pt_BR","og_type":"article","og_title":"Estudo sobre a Revolu\u00e7\u00e3o ou Guerra dos Cabanos em Bel\u00e9m do Par\u00e1","og_description":"[vc_row][vc_column width=&#8221;2\/3&#8243;][vc_column_text css=&#8221;&#8221;] 1. Contexto Hist\u00f3rico A Cabanagem, tamb\u00e9m conhecida como Guerra dos Cabanos, foi uma das mais significativas revoltas populares e sociais ocorridas no Brasil durante o Per\u00edodo Regencial (1831-1840). Este per\u00edodo foi marcado por uma s\u00e9rie de instabilidades pol\u00edticas e sociais ap\u00f3s a abdica\u00e7\u00e3o de Dom Pedro I, enquanto o herdeiro, Dom Pedro &hellip; Continuar lendo Estudo sobre a Revolu\u00e7\u00e3o ou Guerra dos Cabanos em Bel\u00e9m do Par\u00e1","og_url":"https:\/\/ver-o-peso.com\/pt\/2025\/07\/13\/estudo-sobre-a-revolucao-ou-guerra-dos-cabanos-em-belem-do-para\/","og_site_name":"Ver-o-peso","article_publisher":"https:\/\/fecebook.com\/jose.oliveira.913296","article_published_time":"2025-07-13T15:26:04+00:00","article_modified_time":"2025-07-14T22:49:55+00:00","og_image":[{"width":1024,"height":578,"url":"https:\/\/ver-o-peso.com\/pt\/wp-content\/uploads\/2025\/07\/guerras-dos-cabanos321-1024x578.png","type":"image\/png"}],"author":"veropeso2025","twitter_card":"summary_large_image","twitter_misc":{"Escrito por":"veropeso2025","Est. tempo de leitura":"10 minutos"},"schema":{"@context":"https:\/\/schema.org","@graph":[{"@type":"Article","@id":"https:\/\/ver-o-peso.com\/pt\/2025\/07\/13\/estudo-sobre-a-revolucao-ou-guerra-dos-cabanos-em-belem-do-para\/#article","isPartOf":{"@id":"https:\/\/ver-o-peso.com\/pt\/2025\/07\/13\/estudo-sobre-a-revolucao-ou-guerra-dos-cabanos-em-belem-do-para\/"},"author":{"name":"veropeso2025","@id":"https:\/\/ver-o-peso.com\/pt\/#\/schema\/person\/9e9ad551726c390092238296ec769a06"},"headline":"Estudo sobre a Revolu\u00e7\u00e3o ou Guerra dos Cabanos em Bel\u00e9m do Par\u00e1","datePublished":"2025-07-13T15:26:04+00:00","dateModified":"2025-07-14T22:49:55+00:00","mainEntityOfPage":{"@id":"https:\/\/ver-o-peso.com\/pt\/2025\/07\/13\/estudo-sobre-a-revolucao-ou-guerra-dos-cabanos-em-belem-do-para\/"},"wordCount":1986,"commentCount":0,"publisher":{"@id":"https:\/\/ver-o-peso.com\/pt\/#organization"},"image":{"@id":"https:\/\/ver-o-peso.com\/pt\/2025\/07\/13\/estudo-sobre-a-revolucao-ou-guerra-dos-cabanos-em-belem-do-para\/#primaryimage"},"thumbnailUrl":"https:\/\/ver-o-peso.com\/pt\/wp-content\/uploads\/2025\/07\/guerras-dos-cabanos321.png","keywords":["Amaz\u00f4nia","Bel\u00e9m do Par\u00e1","Cultura Paraense"],"articleSection":["Amaz\u00f4nia"],"inLanguage":"pt-BR","potentialAction":[{"@type":"CommentAction","name":"Comment","target":["https:\/\/ver-o-peso.com\/pt\/2025\/07\/13\/estudo-sobre-a-revolucao-ou-guerra-dos-cabanos-em-belem-do-para\/#respond"]}]},{"@type":"WebPage","@id":"https:\/\/ver-o-peso.com\/pt\/2025\/07\/13\/estudo-sobre-a-revolucao-ou-guerra-dos-cabanos-em-belem-do-para\/","url":"https:\/\/ver-o-peso.com\/pt\/2025\/07\/13\/estudo-sobre-a-revolucao-ou-guerra-dos-cabanos-em-belem-do-para\/","name":"Estudo sobre a Revolu\u00e7\u00e3o ou Guerra dos Cabanos em Bel\u00e9m do Par\u00e1 - Ver-o-peso","isPartOf":{"@id":"https:\/\/ver-o-peso.com\/pt\/#website"},"primaryImageOfPage":{"@id":"https:\/\/ver-o-peso.com\/pt\/2025\/07\/13\/estudo-sobre-a-revolucao-ou-guerra-dos-cabanos-em-belem-do-para\/#primaryimage"},"image":{"@id":"https:\/\/ver-o-peso.com\/pt\/2025\/07\/13\/estudo-sobre-a-revolucao-ou-guerra-dos-cabanos-em-belem-do-para\/#primaryimage"},"thumbnailUrl":"https:\/\/ver-o-peso.com\/pt\/wp-content\/uploads\/2025\/07\/guerras-dos-cabanos321.png","datePublished":"2025-07-13T15:26:04+00:00","dateModified":"2025-07-14T22:49:55+00:00","breadcrumb":{"@id":"https:\/\/ver-o-peso.com\/pt\/2025\/07\/13\/estudo-sobre-a-revolucao-ou-guerra-dos-cabanos-em-belem-do-para\/#breadcrumb"},"inLanguage":"pt-BR","potentialAction":[{"@type":"ReadAction","target":["https:\/\/ver-o-peso.com\/pt\/2025\/07\/13\/estudo-sobre-a-revolucao-ou-guerra-dos-cabanos-em-belem-do-para\/"]}]},{"@type":"ImageObject","inLanguage":"pt-BR","@id":"https:\/\/ver-o-peso.com\/pt\/2025\/07\/13\/estudo-sobre-a-revolucao-ou-guerra-dos-cabanos-em-belem-do-para\/#primaryimage","url":"https:\/\/ver-o-peso.com\/pt\/wp-content\/uploads\/2025\/07\/guerras-dos-cabanos321.png","contentUrl":"https:\/\/ver-o-peso.com\/pt\/wp-content\/uploads\/2025\/07\/guerras-dos-cabanos321.png","width":1360,"height":768},{"@type":"BreadcrumbList","@id":"https:\/\/ver-o-peso.com\/pt\/2025\/07\/13\/estudo-sobre-a-revolucao-ou-guerra-dos-cabanos-em-belem-do-para\/#breadcrumb","itemListElement":[{"@type":"ListItem","position":1,"name":"In\u00edcio","item":"https:\/\/ver-o-peso.com\/pt\/"},{"@type":"ListItem","position":2,"name":"Estudo sobre a Revolu\u00e7\u00e3o ou Guerra dos Cabanos em Bel\u00e9m do Par\u00e1"}]},{"@type":"WebSite","@id":"https:\/\/ver-o-peso.com\/pt\/#website","url":"https:\/\/ver-o-peso.com\/pt\/","name":"Ver-o-peso","description":"Aqui tem de tudo da Amaz\u00f4nia","publisher":{"@id":"https:\/\/ver-o-peso.com\/pt\/#organization"},"potentialAction":[{"@type":"SearchAction","target":{"@type":"EntryPoint","urlTemplate":"https:\/\/ver-o-peso.com\/pt\/?s={search_term_string}"},"query-input":{"@type":"PropertyValueSpecification","valueRequired":true,"valueName":"search_term_string"}}],"inLanguage":"pt-BR"},{"@type":"Organization","@id":"https:\/\/ver-o-peso.com\/pt\/#organization","name":"Ver-o-peso","url":"https:\/\/ver-o-peso.com\/pt\/","logo":{"@type":"ImageObject","inLanguage":"pt-BR","@id":"https:\/\/ver-o-peso.com\/pt\/#\/schema\/logo\/image\/","url":"https:\/\/ver-o-peso.com\/pt\/wp-content\/uploads\/2025\/05\/Logo-3.png","contentUrl":"https:\/\/ver-o-peso.com\/pt\/wp-content\/uploads\/2025\/05\/Logo-3.png","width":210,"height":118,"caption":"Ver-o-peso"},"image":{"@id":"https:\/\/ver-o-peso.com\/pt\/#\/schema\/logo\/image\/"},"sameAs":["https:\/\/fecebook.com\/jose.oliveira.913296","https:\/\/instagram.com\/riba.lages","https:\/\/tiktok.com\/veropeso2025"]},{"@type":"Person","@id":"https:\/\/ver-o-peso.com\/pt\/#\/schema\/person\/9e9ad551726c390092238296ec769a06","name":"veropeso2025","image":{"@type":"ImageObject","inLanguage":"pt-BR","@id":"https:\/\/ver-o-peso.com\/pt\/#\/schema\/person\/image\/","url":"https:\/\/secure.gravatar.com\/avatar\/abbae2eadd0ca3e3064b32972a9f07e1ec00361a8e4784de939c3d52c9381ec6?s=96&d=mm&r=g","contentUrl":"https:\/\/secure.gravatar.com\/avatar\/abbae2eadd0ca3e3064b32972a9f07e1ec00361a8e4784de939c3d52c9381ec6?s=96&d=mm&r=g","caption":"veropeso2025"},"sameAs":["https:\/\/ver-o-peso.com\/pt"],"url":"https:\/\/ver-o-peso.com\/pt\/author\/veropeso2025\/"}]}},"_links":{"self":[{"href":"https:\/\/ver-o-peso.com\/pt\/wp-json\/wp\/v2\/posts\/3190","targetHints":{"allow":["GET"]}}],"collection":[{"href":"https:\/\/ver-o-peso.com\/pt\/wp-json\/wp\/v2\/posts"}],"about":[{"href":"https:\/\/ver-o-peso.com\/pt\/wp-json\/wp\/v2\/types\/post"}],"author":[{"embeddable":true,"href":"https:\/\/ver-o-peso.com\/pt\/wp-json\/wp\/v2\/users\/1"}],"replies":[{"embeddable":true,"href":"https:\/\/ver-o-peso.com\/pt\/wp-json\/wp\/v2\/comments?post=3190"}],"version-history":[{"count":20,"href":"https:\/\/ver-o-peso.com\/pt\/wp-json\/wp\/v2\/posts\/3190\/revisions"}],"predecessor-version":[{"id":3223,"href":"https:\/\/ver-o-peso.com\/pt\/wp-json\/wp\/v2\/posts\/3190\/revisions\/3223"}],"wp:featuredmedia":[{"embeddable":true,"href":"https:\/\/ver-o-peso.com\/pt\/wp-json\/wp\/v2\/media\/3210"}],"wp:attachment":[{"href":"https:\/\/ver-o-peso.com\/pt\/wp-json\/wp\/v2\/media?parent=3190"}],"wp:term":[{"taxonomy":"category","embeddable":true,"href":"https:\/\/ver-o-peso.com\/pt\/wp-json\/wp\/v2\/categories?post=3190"},{"taxonomy":"post_tag","embeddable":true,"href":"https:\/\/ver-o-peso.com\/pt\/wp-json\/wp\/v2\/tags?post=3190"}],"curies":[{"name":"wp","href":"https:\/\/api.w.org\/{rel}","templated":true}]}}